{"id":239096,"date":"2025-05-08T18:30:16","date_gmt":"2025-05-08T15:30:16","guid":{"rendered":"https:\/\/eumedbridge.eu\/?post_type=news&#038;p=239096"},"modified":"2025-05-08T18:30:16","modified_gmt":"2025-05-08T15:30:16","slug":"la-bei-signe-un-accord-avec-la-berd-pour-renforcer-limpact-de-ses-projets-a-travers-le-monde","status":"publish","type":"news","link":"https:\/\/www.eumedbridge.eu\/fr\/news\/la-bei-signe-un-accord-avec-la-berd-pour-renforcer-limpact-de-ses-projets-a-travers-le-monde\/","title":{"rendered":"La BEI signe un accord avec la BERD pour renforcer l&rsquo;impact de ses projets \u00e0 travers le monde"},"content":{"rendered":"<p>La Banque europ\u00e9enne d&rsquo;investissement (BEI) et la Banque europ\u00e9enne pour la reconstruction et le d\u00e9veloppement (BERD) ont renforc\u00e9 leur partenariat de longue date en signant un accord de confiance mutuelle sur les aspects environnementaux et sociaux. Cet accord facilitera le financement conjoint de projets et leur d\u00e9marrage plus rapide dans les pays d&rsquo;intervention communs. Il all\u00e9gera \u00e9galement les formalit\u00e9s administratives pour nos clients. Sign\u00e9 en avril \u00e0 Washington en marge des r\u00e9unions de printemps du Groupe de la Banque mondiale et du Fonds mon\u00e9taire international, cet accord marque une avanc\u00e9e majeure dans le partenariat BEI-BERD et envoie un signal fort quant \u00e0 la volont\u00e9 d&rsquo;am\u00e9liorer la coop\u00e9ration entre les banques multilat\u00e9rales de d\u00e9veloppement afin d&rsquo;accro\u00eetre leur impact, comme le souligne la note d&rsquo;orientation adopt\u00e9e conjointement en 2024\u00a0: \u00ab\u00a0Banques multilat\u00e9rales de d\u00e9veloppement\u00a0: Travailler ensemble pour un impact et une \u00e9chelle accrus\u00a0\u00bb. L\u2019accord s\u2019aligne \u00e9galement sur les recommandations de la Feuille de route du G20 pour des banques multilat\u00e9rales de d\u00e9veloppement (BMD) meilleures, plus grandes et plus efficaces, qui appelle les BMD \u00e0 renforcer la coordination et le cofinancement au niveau des pays, notamment par le biais d\u2019accords de confiance mutuelle pour une plus grande efficacit\u00e9 du financement du d\u00e9veloppement.<\/p>\n","protected":false},"featured_media":238912,"parent":0,"template":"","news_category":[],"country":[1956],"special_action":[],"custom_tag":[2924],"class_list":["post-239096","news","type-news","status-publish","has-post-thumbnail","hentry","country-region-sud","custom_tag-economy-fr"],"acf":[],"yoast_head":"<!-- This site is optimized with the Yoast SEO plugin v26.5 - https:\/\/yoast.com\/wordpress\/plugins\/seo\/ -->\n<title>La BEI signe un accord avec la BERD pour renforcer l&#039;impact de ses projets \u00e0 travers le monde - Voisins de l&#039;UE<\/title>\n<meta name=\"robots\" content=\"index, follow, max-snippet:-1, max-image-preview:large, max-video-preview:-1\" \/>\n<link rel=\"canonical\" href=\"https:\/\/www.eumedbridge.eu\/fr\/news\/la-bei-signe-un-accord-avec-la-berd-pour-renforcer-limpact-de-ses-projets-a-travers-le-monde\/\" \/>\n<meta property=\"og:locale\" content=\"fr_FR\" \/>\n<meta property=\"og:type\" content=\"article\" \/>\n<meta property=\"og:title\" content=\"La BEI signe un accord avec la BERD pour renforcer l&#039;impact de ses projets \u00e0 travers le monde - Voisins de l&#039;UE\" \/>\n<meta property=\"og:description\" content=\"La Banque europ\u00e9enne d&rsquo;investissement (BEI) et la Banque europ\u00e9enne pour la reconstruction et le d\u00e9veloppement (BERD) ont renforc\u00e9 leur partenariat de longue date en signant un accord de confiance mutuelle sur les aspects environnementaux et sociaux. Cet accord facilitera le financement conjoint de projets et leur d\u00e9marrage plus rapide dans les pays d&rsquo;intervention communs. Il [&hellip;]\" \/>\n<meta property=\"og:url\" content=\"https:\/\/www.eumedbridge.eu\/fr\/news\/la-bei-signe-un-accord-avec-la-berd-pour-renforcer-limpact-de-ses-projets-a-travers-le-monde\/\" \/>\n<meta property=\"og:site_name\" content=\"Voisins de l&#039;UE\" \/>\n<meta property=\"article:publisher\" content=\"https:\/\/www.facebook.com\/eumedbridge\/\" \/>\n<meta property=\"og:image\" content=\"https:\/\/www.eumedbridge.eu\/wp-content\/uploads\/2025\/05\/maxresdefault.jpg\" \/>\n\t<meta property=\"og:image:width\" content=\"1280\" \/>\n\t<meta property=\"og:image:height\" content=\"720\" \/>\n\t<meta property=\"og:image:type\" content=\"image\/jpeg\" \/>\n<meta name=\"twitter:card\" content=\"summary_large_image\" \/>\n<meta name=\"twitter:site\" content=\"@eumedbridge\" \/>\n<meta name=\"twitter:label1\" content=\"Dur\u00e9e de lecture estim\u00e9e\" \/>\n\t<meta name=\"twitter:data1\" content=\"1 minute\" \/>\n<script type=\"application\/ld+json\" class=\"yoast-schema-graph\">{\"@context\":\"https:\/\/schema.org\",\"@graph\":[{\"@type\":\"WebPage\",\"@id\":\"https:\/\/www.eumedbridge.eu\/fr\/news\/la-bei-signe-un-accord-avec-la-berd-pour-renforcer-limpact-de-ses-projets-a-travers-le-monde\/\",\"url\":\"https:\/\/www.eumedbridge.eu\/fr\/news\/la-bei-signe-un-accord-avec-la-berd-pour-renforcer-limpact-de-ses-projets-a-travers-le-monde\/\",\"name\":\"La BEI signe un accord avec la BERD pour renforcer l'impact de ses projets \u00e0 travers le monde - Voisins de l'UE\",\"isPartOf\":{\"@id\":\"https:\/\/www.eumedbridge.eu\/#website\"},\"primaryImageOfPage\":{\"@id\":\"https:\/\/www.eumedbridge.eu\/fr\/news\/la-bei-signe-un-accord-avec-la-berd-pour-renforcer-limpact-de-ses-projets-a-travers-le-monde\/#primaryimage\"},\"image\":{\"@id\":\"https:\/\/www.eumedbridge.eu\/fr\/news\/la-bei-signe-un-accord-avec-la-berd-pour-renforcer-limpact-de-ses-projets-a-travers-le-monde\/#primaryimage\"},\"thumbnailUrl\":\"https:\/\/www.eumedbridge.eu\/wp-content\/uploads\/2025\/05\/maxresdefault.jpg\",\"datePublished\":\"2025-05-08T15:30:16+00:00\",\"breadcrumb\":{\"@id\":\"https:\/\/www.eumedbridge.eu\/fr\/news\/la-bei-signe-un-accord-avec-la-berd-pour-renforcer-limpact-de-ses-projets-a-travers-le-monde\/#breadcrumb\"},\"inLanguage\":\"fr-FR\",\"potentialAction\":[{\"@type\":\"ReadAction\",\"target\":[\"https:\/\/www.eumedbridge.eu\/fr\/news\/la-bei-signe-un-accord-avec-la-berd-pour-renforcer-limpact-de-ses-projets-a-travers-le-monde\/\"]}]},{\"@type\":\"ImageObject\",\"inLanguage\":\"fr-FR\",\"@id\":\"https:\/\/www.eumedbridge.eu\/fr\/news\/la-bei-signe-un-accord-avec-la-berd-pour-renforcer-limpact-de-ses-projets-a-travers-le-monde\/#primaryimage\",\"url\":\"https:\/\/www.eumedbridge.eu\/wp-content\/uploads\/2025\/05\/maxresdefault.jpg\",\"contentUrl\":\"https:\/\/www.eumedbridge.eu\/wp-content\/uploads\/2025\/05\/maxresdefault.jpg\",\"width\":1280,\"height\":720},{\"@type\":\"BreadcrumbList\",\"@id\":\"https:\/\/www.eumedbridge.eu\/fr\/news\/la-bei-signe-un-accord-avec-la-berd-pour-renforcer-limpact-de-ses-projets-a-travers-le-monde\/#breadcrumb\",\"itemListElement\":[{\"@type\":\"ListItem\",\"position\":1,\"name\":\"Home\",\"item\":\"https:\/\/www.eumedbridge.eu\/fr\/home-page\/\"},{\"@type\":\"ListItem\",\"position\":2,\"name\":\"Actualit\u00e9s\",\"item\":\"https:\/\/www.eumedbridge.eu\/fr\/news\/\"},{\"@type\":\"ListItem\",\"position\":3,\"name\":\"La BEI signe un accord avec la BERD pour renforcer l&rsquo;impact de ses projets \u00e0 travers le monde\"}]},{\"@type\":\"WebSite\",\"@id\":\"https:\/\/www.eumedbridge.eu\/#website\",\"url\":\"https:\/\/www.eumedbridge.eu\/\",\"name\":\"EU Medbridge\",\"description\":\"\",\"publisher\":{\"@id\":\"https:\/\/www.eumedbridge.eu\/#organization\"},\"potentialAction\":[{\"@type\":\"SearchAction\",\"target\":{\"@type\":\"EntryPoint\",\"urlTemplate\":\"https:\/\/www.eumedbridge.eu\/?s={search_term_string}\"},\"query-input\":{\"@type\":\"PropertyValueSpecification\",\"valueRequired\":true,\"valueName\":\"search_term_string\"}}],\"inLanguage\":\"fr-FR\"},{\"@type\":\"Organization\",\"@id\":\"https:\/\/www.eumedbridge.eu\/#organization\",\"name\":\"EU Medbridge\",\"url\":\"https:\/\/www.eumedbridge.eu\/\",\"logo\":{\"@type\":\"ImageObject\",\"inLanguage\":\"fr-FR\",\"@id\":\"https:\/\/www.eumedbridge.eu\/#\/schema\/logo\/image\/\",\"url\":\"https:\/\/www.eumedbridge.eu\/wp-content\/uploads\/2021\/12\/Logo.png\",\"contentUrl\":\"https:\/\/www.eumedbridge.eu\/wp-content\/uploads\/2021\/12\/Logo.png\",\"width\":325,\"height\":114,\"caption\":\"EU Medbridge\"},\"image\":{\"@id\":\"https:\/\/www.eumedbridge.eu\/#\/schema\/logo\/image\/\"},\"sameAs\":[\"https:\/\/www.facebook.com\/eumedbridge\/\",\"https:\/\/x.com\/eumedbridge\",\"https:\/\/www.linkedin.com\/company\/eumedbridge\",\"https:\/\/www.youtube.com\/@eumedbridge\",\"https:\/\/www.instagram.com\/eumedbridge\",\"https:\/\/www.flickr.com\/photos\/euneighbours-south\/\"]}]}<\/script>\n<!-- \/ Yoast SEO plugin. -->","yoast_head_json":{"title":"La BEI signe un accord avec la BERD pour renforcer l'impact de ses projets \u00e0 travers le monde - Voisins de l'UE","robots":{"index":"index","follow":"follow","max-snippet":"max-snippet:-1","max-image-preview":"max-image-preview:large","max-video-preview":"max-video-preview:-1"},"canonical":"https:\/\/www.eumedbridge.eu\/fr\/news\/la-bei-signe-un-accord-avec-la-berd-pour-renforcer-limpact-de-ses-projets-a-travers-le-monde\/","og_locale":"fr_FR","og_type":"article","og_title":"La BEI signe un accord avec la BERD pour renforcer l'impact de ses projets \u00e0 travers le monde - Voisins de l'UE","og_description":"La Banque europ\u00e9enne d&rsquo;investissement (BEI) et la Banque europ\u00e9enne pour la reconstruction et le d\u00e9veloppement (BERD) ont renforc\u00e9 leur partenariat de longue date en signant un accord de confiance mutuelle sur les aspects environnementaux et sociaux. Cet accord facilitera le financement conjoint de projets et leur d\u00e9marrage plus rapide dans les pays d&rsquo;intervention communs. Il [&hellip;]","og_url":"https:\/\/www.eumedbridge.eu\/fr\/news\/la-bei-signe-un-accord-avec-la-berd-pour-renforcer-limpact-de-ses-projets-a-travers-le-monde\/","og_site_name":"Voisins de l'UE","article_publisher":"https:\/\/www.facebook.com\/eumedbridge\/","og_image":[{"width":1280,"height":720,"url":"https:\/\/www.eumedbridge.eu\/wp-content\/uploads\/2025\/05\/maxresdefault.jpg","type":"image\/jpeg"}],"twitter_card":"summary_large_image","twitter_site":"@eumedbridge","twitter_misc":{"Dur\u00e9e de lecture estim\u00e9e":"1 minute"},"schema":{"@context":"https:\/\/schema.org","@graph":[{"@type":"WebPage","@id":"https:\/\/www.eumedbridge.eu\/fr\/news\/la-bei-signe-un-accord-avec-la-berd-pour-renforcer-limpact-de-ses-projets-a-travers-le-monde\/","url":"https:\/\/www.eumedbridge.eu\/fr\/news\/la-bei-signe-un-accord-avec-la-berd-pour-renforcer-limpact-de-ses-projets-a-travers-le-monde\/","name":"La BEI signe un accord avec la BERD pour renforcer l'impact de ses projets \u00e0 travers le monde - Voisins de l'UE","isPartOf":{"@id":"https:\/\/www.eumedbridge.eu\/#website"},"primaryImageOfPage":{"@id":"https:\/\/www.eumedbridge.eu\/fr\/news\/la-bei-signe-un-accord-avec-la-berd-pour-renforcer-limpact-de-ses-projets-a-travers-le-monde\/#primaryimage"},"image":{"@id":"https:\/\/www.eumedbridge.eu\/fr\/news\/la-bei-signe-un-accord-avec-la-berd-pour-renforcer-limpact-de-ses-projets-a-travers-le-monde\/#primaryimage"},"thumbnailUrl":"https:\/\/www.eumedbridge.eu\/wp-content\/uploads\/2025\/05\/maxresdefault.jpg","datePublished":"2025-05-08T15:30:16+00:00","breadcrumb":{"@id":"https:\/\/www.eumedbridge.eu\/fr\/news\/la-bei-signe-un-accord-avec-la-berd-pour-renforcer-limpact-de-ses-projets-a-travers-le-monde\/#breadcrumb"},"inLanguage":"fr-FR","potentialAction":[{"@type":"ReadAction","target":["https:\/\/www.eumedbridge.eu\/fr\/news\/la-bei-signe-un-accord-avec-la-berd-pour-renforcer-limpact-de-ses-projets-a-travers-le-monde\/"]}]},{"@type":"ImageObject","inLanguage":"fr-FR","@id":"https:\/\/www.eumedbridge.eu\/fr\/news\/la-bei-signe-un-accord-avec-la-berd-pour-renforcer-limpact-de-ses-projets-a-travers-le-monde\/#primaryimage","url":"https:\/\/www.eumedbridge.eu\/wp-content\/uploads\/2025\/05\/maxresdefault.jpg","contentUrl":"https:\/\/www.eumedbridge.eu\/wp-content\/uploads\/2025\/05\/maxresdefault.jpg","width":1280,"height":720},{"@type":"BreadcrumbList","@id":"https:\/\/www.eumedbridge.eu\/fr\/news\/la-bei-signe-un-accord-avec-la-berd-pour-renforcer-limpact-de-ses-projets-a-travers-le-monde\/#breadcrumb","itemListElement":[{"@type":"ListItem","position":1,"name":"Home","item":"https:\/\/www.eumedbridge.eu\/fr\/home-page\/"},{"@type":"ListItem","position":2,"name":"Actualit\u00e9s","item":"https:\/\/www.eumedbridge.eu\/fr\/news\/"},{"@type":"ListItem","position":3,"name":"La BEI signe un accord avec la BERD pour renforcer l&rsquo;impact de ses projets \u00e0 travers le monde"}]},{"@type":"WebSite","@id":"https:\/\/www.eumedbridge.eu\/#website","url":"https:\/\/www.eumedbridge.eu\/","name":"EU Medbridge","description":"","publisher":{"@id":"https:\/\/www.eumedbridge.eu\/#organization"},"potentialAction":[{"@type":"SearchAction","target":{"@type":"EntryPoint","urlTemplate":"https:\/\/www.eumedbridge.eu\/?s={search_term_string}"},"query-input":{"@type":"PropertyValueSpecification","valueRequired":true,"valueName":"search_term_string"}}],"inLanguage":"fr-FR"},{"@type":"Organization","@id":"https:\/\/www.eumedbridge.eu\/#organization","name":"EU Medbridge","url":"https:\/\/www.eumedbridge.eu\/","logo":{"@type":"ImageObject","inLanguage":"fr-FR","@id":"https:\/\/www.eumedbridge.eu\/#\/schema\/logo\/image\/","url":"https:\/\/www.eumedbridge.eu\/wp-content\/uploads\/2021\/12\/Logo.png","contentUrl":"https:\/\/www.eumedbridge.eu\/wp-content\/uploads\/2021\/12\/Logo.png","width":325,"height":114,"caption":"EU Medbridge"},"image":{"@id":"https:\/\/www.eumedbridge.eu\/#\/schema\/logo\/image\/"},"sameAs":["https:\/\/www.facebook.com\/eumedbridge\/","https:\/\/x.com\/eumedbridge","https:\/\/www.linkedin.com\/company\/eumedbridge","https:\/\/www.youtube.com\/@eumedbridge","https:\/\/www.instagram.com\/eumedbridge","https:\/\/www.flickr.com\/photos\/euneighbours-south\/"]}]}},"_links":{"self":[{"href":"https:\/\/www.eumedbridge.eu\/fr\/wp-json\/wp\/v2\/news\/239096","targetHints":{"allow":["GET"]}}],"collection":[{"href":"https:\/\/www.eumedbridge.eu\/fr\/wp-json\/wp\/v2\/news"}],"about":[{"href":"https:\/\/www.eumedbridge.eu\/fr\/wp-json\/wp\/v2\/types\/news"}],"wp:featuredmedia":[{"embeddable":true,"href":"https:\/\/www.eumedbridge.eu\/fr\/wp-json\/wp\/v2\/media\/238912"}],"wp:attachment":[{"href":"https:\/\/www.eumedbridge.eu\/fr\/wp-json\/wp\/v2\/media?parent=239096"}],"wp:term":[{"taxonomy":"news_category","embeddable":true,"href":"https:\/\/www.eumedbridge.eu\/fr\/wp-json\/wp\/v2\/news_category?post=239096"},{"taxonomy":"country","embeddable":true,"href":"https:\/\/www.eumedbridge.eu\/fr\/wp-json\/wp\/v2\/country?post=239096"},{"taxonomy":"special_action","embeddable":true,"href":"https:\/\/www.eumedbridge.eu\/fr\/wp-json\/wp\/v2\/special_action?post=239096"},{"taxonomy":"custom_tag","embeddable":true,"href":"https:\/\/www.eumedbridge.eu\/fr\/wp-json\/wp\/v2\/custom_tag?post=239096"}],"curies":[{"name":"wp","href":"https:\/\/api.w.org\/{rel}","templated":true}]}}