{"id":239636,"date":"2025-05-23T19:26:15","date_gmt":"2025-05-23T16:26:15","guid":{"rendered":"https:\/\/eumedbridge.eu\/?post_type=news&#038;p=239636"},"modified":"2025-05-23T19:26:15","modified_gmt":"2025-05-23T16:26:15","slug":"participation-record-a-lappel-a-projets-pour-la-transition-verte-814-propositions-soumises","status":"publish","type":"news","link":"https:\/\/www.eumedbridge.eu\/fr\/news\/participation-record-a-lappel-a-projets-pour-la-transition-verte-814-propositions-soumises\/","title":{"rendered":"Participation record \u00e0 l&rsquo;appel \u00e0 projets pour la transition verte\u00a0: 814 propositions soumises"},"content":{"rendered":"<p>Le programme Interreg NEXT MED a conclu son deuxi\u00e8me appel \u00e0 projets, ax\u00e9 sur la transition verte, avec un niveau de participation sans pr\u00e9c\u00e9dent\u00a0: 814 propositions de projets ont \u00e9t\u00e9 soumises, impliquant 5\u00a0294 organisations des 15 pays m\u00e9diterran\u00e9ens participants. Les candidats ont sollicit\u00e9 un financement total de 1,9 milliard d&rsquo;euros de l&rsquo;Union europ\u00e9enne, soit plus de 22 fois le budget disponible de 83,7 millions d&rsquo;euros, t\u00e9moignant d&rsquo;une forte dynamique r\u00e9gionale en faveur de l&rsquo;action et de la coop\u00e9ration climatiques. Le montant total des propositions soumises s&rsquo;\u00e9l\u00e8ve \u00e0 un record de 2,2 milliards d&rsquo;euros.<\/p>\n<p>&nbsp;<\/p>\n<p>Cette participation massive t\u00e9moigne de l&rsquo;engagement des acteurs m\u00e9diterran\u00e9ens \u00e0 lutter contre le changement climatique non pas par des efforts isol\u00e9s, mais gr\u00e2ce \u00e0 des solutions collaboratives et transnationales. Dans une r\u00e9gion qui se r\u00e9chauffe 20\u00a0% plus vite que la moyenne mondiale, les propositions proposent un large \u00e9ventail d&rsquo;approches innovantes et transformatrices pour promouvoir un d\u00e9veloppement sobre en carbone et renforcer la r\u00e9silience climatique. Les propositions de projets ciblent des domaines strat\u00e9giques tels que l&rsquo;efficacit\u00e9 \u00e9nerg\u00e9tique, l&rsquo;\u00e9conomie circulaire, la gestion de l&rsquo;eau, la pr\u00e9paration aux catastrophes climatiques, la d\u00e9carbonation des PME, l&rsquo;adaptation des syst\u00e8mes de sant\u00e9 au stress climatique, l&rsquo;innovation climatique et le d\u00e9veloppement des comp\u00e9tences vertes.<\/p>\n<p>&nbsp;<\/p>\n<p>Plusieurs propositions mettent \u00e9galement l&rsquo;accent sur la participation active des jeunes, le groupe le plus expos\u00e9 aux cons\u00e9quences \u00e0 long terme du changement climatique. Cette probl\u00e9matique devient rapidement une pr\u00e9occupation majeure pour eux et fa\u00e7onne leur vision de l&rsquo;avenir. Avec le soutien du programme Interreg NEXT MED, des projets ax\u00e9s sur la jeunesse, et id\u00e9alement port\u00e9s par des jeunes, devraient servir de plateforme pour que les jeunes deviennent des acteurs de l&rsquo;action climatique en M\u00e9diterran\u00e9e. Ces projets visent \u00e0 doter les nouvelles g\u00e9n\u00e9rations des outils et des ressources n\u00e9cessaires pour apporter des solutions durables et contribuer \u00e0 fa\u00e7onner un avenir plus vert et sobre en carbone pour la r\u00e9gion m\u00e9diterran\u00e9enne. Cet appel a mobilis\u00e9 un large \u00e9ventail d&rsquo;acteurs \u2013 des pouvoirs publics nationaux et locaux, des instituts de recherche et des universit\u00e9s aux entreprises priv\u00e9es et \u00e0 la soci\u00e9t\u00e9 civile \u2013 engag\u00e9s \u00e0 \u0153uvrer ensemble pour une M\u00e9diterran\u00e9e plus durable et plus adaptative au climat.<\/p>\n","protected":false},"featured_media":239540,"parent":0,"template":"","news_category":[],"country":[1956],"special_action":[],"custom_tag":[2315,1884,1870],"class_list":["post-239636","news","type-news","status-publish","has-post-thumbnail","hentry","country-region-sud","custom_tag-emploi-et-entrpreuneuriat","custom_tag-environnement-et-changement-climatique","custom_tag-societe-civile"],"acf":[],"yoast_head":"<!-- This site is optimized with the Yoast SEO plugin v26.5 - https:\/\/yoast.com\/wordpress\/plugins\/seo\/ -->\n<title>Participation record \u00e0 l&#039;appel \u00e0 projets pour la transition verte\u00a0: 814 propositions soumises - Voisins de l&#039;UE<\/title>\n<meta name=\"robots\" content=\"index, follow, max-snippet:-1, max-image-preview:large, max-video-preview:-1\" \/>\n<link rel=\"canonical\" href=\"https:\/\/www.eumedbridge.eu\/fr\/news\/participation-record-a-lappel-a-projets-pour-la-transition-verte-814-propositions-soumises\/\" \/>\n<meta property=\"og:locale\" content=\"fr_FR\" \/>\n<meta property=\"og:type\" content=\"article\" \/>\n<meta property=\"og:title\" content=\"Participation record \u00e0 l&#039;appel \u00e0 projets pour la transition verte\u00a0: 814 propositions soumises - Voisins de l&#039;UE\" \/>\n<meta property=\"og:description\" content=\"Le programme Interreg NEXT MED a conclu son deuxi\u00e8me appel \u00e0 projets, ax\u00e9 sur la transition verte, avec un niveau de participation sans pr\u00e9c\u00e9dent\u00a0: 814 propositions de projets ont \u00e9t\u00e9 soumises, impliquant 5\u00a0294 organisations des 15 pays m\u00e9diterran\u00e9ens participants. Les candidats ont sollicit\u00e9 un financement total de 1,9 milliard d&rsquo;euros de l&rsquo;Union europ\u00e9enne, soit plus [&hellip;]\" \/>\n<meta property=\"og:url\" content=\"https:\/\/www.eumedbridge.eu\/fr\/news\/participation-record-a-lappel-a-projets-pour-la-transition-verte-814-propositions-soumises\/\" \/>\n<meta property=\"og:site_name\" content=\"Voisins de l&#039;UE\" \/>\n<meta property=\"article:publisher\" content=\"https:\/\/www.facebook.com\/eumedbridge\/\" \/>\n<meta property=\"og:image\" content=\"https:\/\/www.eumedbridge.eu\/wp-content\/uploads\/2025\/05\/Progetto-senza-titolo-55-1024x576.png\" \/>\n\t<meta property=\"og:image:width\" content=\"1024\" \/>\n\t<meta property=\"og:image:height\" content=\"576\" \/>\n\t<meta property=\"og:image:type\" content=\"image\/png\" \/>\n<meta name=\"twitter:card\" content=\"summary_large_image\" \/>\n<meta name=\"twitter:site\" content=\"@eumedbridge\" \/>\n<meta name=\"twitter:label1\" content=\"Dur\u00e9e de lecture estim\u00e9e\" \/>\n\t<meta name=\"twitter:data1\" content=\"2 minutes\" \/>\n<script type=\"application\/ld+json\" class=\"yoast-schema-graph\">{\"@context\":\"https:\/\/schema.org\",\"@graph\":[{\"@type\":\"WebPage\",\"@id\":\"https:\/\/www.eumedbridge.eu\/fr\/news\/participation-record-a-lappel-a-projets-pour-la-transition-verte-814-propositions-soumises\/\",\"url\":\"https:\/\/www.eumedbridge.eu\/fr\/news\/participation-record-a-lappel-a-projets-pour-la-transition-verte-814-propositions-soumises\/\",\"name\":\"Participation record \u00e0 l'appel \u00e0 projets pour la transition verte\u00a0: 814 propositions soumises - Voisins de l'UE\",\"isPartOf\":{\"@id\":\"https:\/\/www.eumedbridge.eu\/#website\"},\"primaryImageOfPage\":{\"@id\":\"https:\/\/www.eumedbridge.eu\/fr\/news\/participation-record-a-lappel-a-projets-pour-la-transition-verte-814-propositions-soumises\/#primaryimage\"},\"image\":{\"@id\":\"https:\/\/www.eumedbridge.eu\/fr\/news\/participation-record-a-lappel-a-projets-pour-la-transition-verte-814-propositions-soumises\/#primaryimage\"},\"thumbnailUrl\":\"https:\/\/www.eumedbridge.eu\/wp-content\/uploads\/2025\/05\/Progetto-senza-titolo-55.png\",\"datePublished\":\"2025-05-23T16:26:15+00:00\",\"breadcrumb\":{\"@id\":\"https:\/\/www.eumedbridge.eu\/fr\/news\/participation-record-a-lappel-a-projets-pour-la-transition-verte-814-propositions-soumises\/#breadcrumb\"},\"inLanguage\":\"fr-FR\",\"potentialAction\":[{\"@type\":\"ReadAction\",\"target\":[\"https:\/\/www.eumedbridge.eu\/fr\/news\/participation-record-a-lappel-a-projets-pour-la-transition-verte-814-propositions-soumises\/\"]}]},{\"@type\":\"ImageObject\",\"inLanguage\":\"fr-FR\",\"@id\":\"https:\/\/www.eumedbridge.eu\/fr\/news\/participation-record-a-lappel-a-projets-pour-la-transition-verte-814-propositions-soumises\/#primaryimage\",\"url\":\"https:\/\/www.eumedbridge.eu\/wp-content\/uploads\/2025\/05\/Progetto-senza-titolo-55.png\",\"contentUrl\":\"https:\/\/www.eumedbridge.eu\/wp-content\/uploads\/2025\/05\/Progetto-senza-titolo-55.png\",\"width\":1920,\"height\":1080},{\"@type\":\"BreadcrumbList\",\"@id\":\"https:\/\/www.eumedbridge.eu\/fr\/news\/participation-record-a-lappel-a-projets-pour-la-transition-verte-814-propositions-soumises\/#breadcrumb\",\"itemListElement\":[{\"@type\":\"ListItem\",\"position\":1,\"name\":\"Home\",\"item\":\"https:\/\/www.eumedbridge.eu\/fr\/home-page\/\"},{\"@type\":\"ListItem\",\"position\":2,\"name\":\"Actualit\u00e9s\",\"item\":\"https:\/\/www.eumedbridge.eu\/fr\/news\/\"},{\"@type\":\"ListItem\",\"position\":3,\"name\":\"Participation record \u00e0 l&rsquo;appel \u00e0 projets pour la transition verte\u00a0: 814 propositions soumises\"}]},{\"@type\":\"WebSite\",\"@id\":\"https:\/\/www.eumedbridge.eu\/#website\",\"url\":\"https:\/\/www.eumedbridge.eu\/\",\"name\":\"EU Medbridge\",\"description\":\"\",\"publisher\":{\"@id\":\"https:\/\/www.eumedbridge.eu\/#organization\"},\"potentialAction\":[{\"@type\":\"SearchAction\",\"target\":{\"@type\":\"EntryPoint\",\"urlTemplate\":\"https:\/\/www.eumedbridge.eu\/?s={search_term_string}\"},\"query-input\":{\"@type\":\"PropertyValueSpecification\",\"valueRequired\":true,\"valueName\":\"search_term_string\"}}],\"inLanguage\":\"fr-FR\"},{\"@type\":\"Organization\",\"@id\":\"https:\/\/www.eumedbridge.eu\/#organization\",\"name\":\"EU Medbridge\",\"url\":\"https:\/\/www.eumedbridge.eu\/\",\"logo\":{\"@type\":\"ImageObject\",\"inLanguage\":\"fr-FR\",\"@id\":\"https:\/\/www.eumedbridge.eu\/#\/schema\/logo\/image\/\",\"url\":\"https:\/\/www.eumedbridge.eu\/wp-content\/uploads\/2021\/12\/Logo.png\",\"contentUrl\":\"https:\/\/www.eumedbridge.eu\/wp-content\/uploads\/2021\/12\/Logo.png\",\"width\":325,\"height\":114,\"caption\":\"EU Medbridge\"},\"image\":{\"@id\":\"https:\/\/www.eumedbridge.eu\/#\/schema\/logo\/image\/\"},\"sameAs\":[\"https:\/\/www.facebook.com\/eumedbridge\/\",\"https:\/\/x.com\/eumedbridge\",\"https:\/\/www.linkedin.com\/company\/eumedbridge\",\"https:\/\/www.youtube.com\/@eumedbridge\",\"https:\/\/www.instagram.com\/eumedbridge\",\"https:\/\/www.flickr.com\/photos\/euneighbours-south\/\"]}]}<\/script>\n<!-- \/ Yoast SEO plugin. -->","yoast_head_json":{"title":"Participation record \u00e0 l'appel \u00e0 projets pour la transition verte\u00a0: 814 propositions soumises - Voisins de l'UE","robots":{"index":"index","follow":"follow","max-snippet":"max-snippet:-1","max-image-preview":"max-image-preview:large","max-video-preview":"max-video-preview:-1"},"canonical":"https:\/\/www.eumedbridge.eu\/fr\/news\/participation-record-a-lappel-a-projets-pour-la-transition-verte-814-propositions-soumises\/","og_locale":"fr_FR","og_type":"article","og_title":"Participation record \u00e0 l'appel \u00e0 projets pour la transition verte\u00a0: 814 propositions soumises - Voisins de l'UE","og_description":"Le programme Interreg NEXT MED a conclu son deuxi\u00e8me appel \u00e0 projets, ax\u00e9 sur la transition verte, avec un niveau de participation sans pr\u00e9c\u00e9dent\u00a0: 814 propositions de projets ont \u00e9t\u00e9 soumises, impliquant 5\u00a0294 organisations des 15 pays m\u00e9diterran\u00e9ens participants. Les candidats ont sollicit\u00e9 un financement total de 1,9 milliard d&rsquo;euros de l&rsquo;Union europ\u00e9enne, soit plus [&hellip;]","og_url":"https:\/\/www.eumedbridge.eu\/fr\/news\/participation-record-a-lappel-a-projets-pour-la-transition-verte-814-propositions-soumises\/","og_site_name":"Voisins de l'UE","article_publisher":"https:\/\/www.facebook.com\/eumedbridge\/","og_image":[{"width":1024,"height":576,"url":"https:\/\/www.eumedbridge.eu\/wp-content\/uploads\/2025\/05\/Progetto-senza-titolo-55-1024x576.png","type":"image\/png"}],"twitter_card":"summary_large_image","twitter_site":"@eumedbridge","twitter_misc":{"Dur\u00e9e de lecture estim\u00e9e":"2 minutes"},"schema":{"@context":"https:\/\/schema.org","@graph":[{"@type":"WebPage","@id":"https:\/\/www.eumedbridge.eu\/fr\/news\/participation-record-a-lappel-a-projets-pour-la-transition-verte-814-propositions-soumises\/","url":"https:\/\/www.eumedbridge.eu\/fr\/news\/participation-record-a-lappel-a-projets-pour-la-transition-verte-814-propositions-soumises\/","name":"Participation record \u00e0 l'appel \u00e0 projets pour la transition verte\u00a0: 814 propositions soumises - Voisins de l'UE","isPartOf":{"@id":"https:\/\/www.eumedbridge.eu\/#website"},"primaryImageOfPage":{"@id":"https:\/\/www.eumedbridge.eu\/fr\/news\/participation-record-a-lappel-a-projets-pour-la-transition-verte-814-propositions-soumises\/#primaryimage"},"image":{"@id":"https:\/\/www.eumedbridge.eu\/fr\/news\/participation-record-a-lappel-a-projets-pour-la-transition-verte-814-propositions-soumises\/#primaryimage"},"thumbnailUrl":"https:\/\/www.eumedbridge.eu\/wp-content\/uploads\/2025\/05\/Progetto-senza-titolo-55.png","datePublished":"2025-05-23T16:26:15+00:00","breadcrumb":{"@id":"https:\/\/www.eumedbridge.eu\/fr\/news\/participation-record-a-lappel-a-projets-pour-la-transition-verte-814-propositions-soumises\/#breadcrumb"},"inLanguage":"fr-FR","potentialAction":[{"@type":"ReadAction","target":["https:\/\/www.eumedbridge.eu\/fr\/news\/participation-record-a-lappel-a-projets-pour-la-transition-verte-814-propositions-soumises\/"]}]},{"@type":"ImageObject","inLanguage":"fr-FR","@id":"https:\/\/www.eumedbridge.eu\/fr\/news\/participation-record-a-lappel-a-projets-pour-la-transition-verte-814-propositions-soumises\/#primaryimage","url":"https:\/\/www.eumedbridge.eu\/wp-content\/uploads\/2025\/05\/Progetto-senza-titolo-55.png","contentUrl":"https:\/\/www.eumedbridge.eu\/wp-content\/uploads\/2025\/05\/Progetto-senza-titolo-55.png","width":1920,"height":1080},{"@type":"BreadcrumbList","@id":"https:\/\/www.eumedbridge.eu\/fr\/news\/participation-record-a-lappel-a-projets-pour-la-transition-verte-814-propositions-soumises\/#breadcrumb","itemListElement":[{"@type":"ListItem","position":1,"name":"Home","item":"https:\/\/www.eumedbridge.eu\/fr\/home-page\/"},{"@type":"ListItem","position":2,"name":"Actualit\u00e9s","item":"https:\/\/www.eumedbridge.eu\/fr\/news\/"},{"@type":"ListItem","position":3,"name":"Participation record \u00e0 l&rsquo;appel \u00e0 projets pour la transition verte\u00a0: 814 propositions soumises"}]},{"@type":"WebSite","@id":"https:\/\/www.eumedbridge.eu\/#website","url":"https:\/\/www.eumedbridge.eu\/","name":"EU Medbridge","description":"","publisher":{"@id":"https:\/\/www.eumedbridge.eu\/#organization"},"potentialAction":[{"@type":"SearchAction","target":{"@type":"EntryPoint","urlTemplate":"https:\/\/www.eumedbridge.eu\/?s={search_term_string}"},"query-input":{"@type":"PropertyValueSpecification","valueRequired":true,"valueName":"search_term_string"}}],"inLanguage":"fr-FR"},{"@type":"Organization","@id":"https:\/\/www.eumedbridge.eu\/#organization","name":"EU Medbridge","url":"https:\/\/www.eumedbridge.eu\/","logo":{"@type":"ImageObject","inLanguage":"fr-FR","@id":"https:\/\/www.eumedbridge.eu\/#\/schema\/logo\/image\/","url":"https:\/\/www.eumedbridge.eu\/wp-content\/uploads\/2021\/12\/Logo.png","contentUrl":"https:\/\/www.eumedbridge.eu\/wp-content\/uploads\/2021\/12\/Logo.png","width":325,"height":114,"caption":"EU Medbridge"},"image":{"@id":"https:\/\/www.eumedbridge.eu\/#\/schema\/logo\/image\/"},"sameAs":["https:\/\/www.facebook.com\/eumedbridge\/","https:\/\/x.com\/eumedbridge","https:\/\/www.linkedin.com\/company\/eumedbridge","https:\/\/www.youtube.com\/@eumedbridge","https:\/\/www.instagram.com\/eumedbridge","https:\/\/www.flickr.com\/photos\/euneighbours-south\/"]}]}},"_links":{"self":[{"href":"https:\/\/www.eumedbridge.eu\/fr\/wp-json\/wp\/v2\/news\/239636","targetHints":{"allow":["GET"]}}],"collection":[{"href":"https:\/\/www.eumedbridge.eu\/fr\/wp-json\/wp\/v2\/news"}],"about":[{"href":"https:\/\/www.eumedbridge.eu\/fr\/wp-json\/wp\/v2\/types\/news"}],"wp:featuredmedia":[{"embeddable":true,"href":"https:\/\/www.eumedbridge.eu\/fr\/wp-json\/wp\/v2\/media\/239540"}],"wp:attachment":[{"href":"https:\/\/www.eumedbridge.eu\/fr\/wp-json\/wp\/v2\/media?parent=239636"}],"wp:term":[{"taxonomy":"news_category","embeddable":true,"href":"https:\/\/www.eumedbridge.eu\/fr\/wp-json\/wp\/v2\/news_category?post=239636"},{"taxonomy":"country","embeddable":true,"href":"https:\/\/www.eumedbridge.eu\/fr\/wp-json\/wp\/v2\/country?post=239636"},{"taxonomy":"special_action","embeddable":true,"href":"https:\/\/www.eumedbridge.eu\/fr\/wp-json\/wp\/v2\/special_action?post=239636"},{"taxonomy":"custom_tag","embeddable":true,"href":"https:\/\/www.eumedbridge.eu\/fr\/wp-json\/wp\/v2\/custom_tag?post=239636"}],"curies":[{"name":"wp","href":"https:\/\/api.w.org\/{rel}","templated":true}]}}