{"id":240155,"date":"2025-06-16T12:45:42","date_gmt":"2025-06-16T09:45:42","guid":{"rendered":"https:\/\/eumedbridge.eu\/?post_type=news&#038;p=240155"},"modified":"2025-06-16T12:45:42","modified_gmt":"2025-06-16T09:45:42","slug":"interreg-next-med-au-forum-de-la-fondation-anna-lindh-le-plus-grand-evenement-mediterraneen-consacre-a-la-societe-civile-et-au-dialogue-interculturel","status":"publish","type":"news","link":"https:\/\/www.eumedbridge.eu\/fr\/news\/interreg-next-med-au-forum-de-la-fondation-anna-lindh-le-plus-grand-evenement-mediterraneen-consacre-a-la-societe-civile-et-au-dialogue-interculturel\/","title":{"rendered":"Interreg NEXT MED au Forum de la Fondation Anna Lindh, le plus grand \u00e9v\u00e9nement m\u00e9diterran\u00e9en consacr\u00e9 \u00e0 la soci\u00e9t\u00e9 civile et au dialogue interculturel"},"content":{"rendered":"<p>Du 18 au 20 juin 2025, le Forum de la Fondation Anna Lindh r\u00e9unira pr\u00e8s de 1\u00a0000 participants des 43 pays du Partenariat euro-m\u00e9diterran\u00e9en \u00e0 Tirana, en Albanie, offrant une plateforme dynamique de dialogue, d&rsquo;\u00e9change et d&rsquo;action commune. Organis\u00e9 par la Fondation Anna Lindh, organisation intergouvernementale engag\u00e9e dans la coop\u00e9ration interculturelle en M\u00e9diterran\u00e9e, le Forum r\u00e9unit des organisations de la soci\u00e9t\u00e9 civile, des responsables de jeunesse, des m\u00e9dias, des d\u00e9cideurs politiques et des acteurs institutionnels pour aborder les d\u00e9fis r\u00e9gionaux communs \u00e0 travers des discussions structur\u00e9es et des sessions th\u00e9matiques.<\/p>\n<p>Dans le cadre de ce grand rassemblement r\u00e9gional, le programme Interreg NEXT MED contribuera \u00e0 la session \u00ab\u00a0Comp\u00e9tences cr\u00e9atives pour l&rsquo;Euro-Med\u00a0\u00bb, qui se tiendra le 19 juin. Cette session explorera comment doter les prestataires d&rsquo;enseignement et de formation professionnels (EFP) des outils et des approches n\u00e9cessaires pour r\u00e9pondre \u00e0 l&rsquo;\u00e9volution des besoins des secteurs et industries culturels et cr\u00e9atifs (SCC), moteurs cl\u00e9s de l&rsquo;innovation, de l&#8217;emploi et des \u00e9changes culturels en M\u00e9diterran\u00e9e.<\/p>\n<p>Cette session compl\u00e8te le programme de travail de coop\u00e9ration industrielle et les d\u00e9clarations minist\u00e9rielles de l&rsquo;Union pour la M\u00e9diterran\u00e9e (UpM), qui mettent l&rsquo;accent sur l&rsquo;int\u00e9gration des SCC dans des strat\u00e9gies \u00e9conomiques plus larges et le soutien au d\u00e9veloppement des cha\u00eenes de valeur interr\u00e9gionales. Des intervenants venus d&rsquo;Italie, d&rsquo;\u00c9gypte et de Jordanie pr\u00e9senteront divers points de vue sur la mani\u00e8re dont des efforts cibl\u00e9s en mati\u00e8re d&rsquo;\u00e9ducation et de d\u00e9veloppement des comp\u00e9tences peuvent renforcer les \u00e9conomies cr\u00e9atives, notamment face \u00e0 des d\u00e9fis structurels tels que l&rsquo;\u00e9conomie informelle, des programmes scolaires obsol\u00e8tes, les disparit\u00e9s entre les sexes, la faiblesse des liens entre l&rsquo;\u00e9ducation et le march\u00e9 du travail, et la sous-utilisation des technologies num\u00e9riques et vertes.<\/p>\n<p>Inscrivez-vous via ce lien pour participer au Forum.<\/p>\n","protected":false},"featured_media":240069,"parent":0,"template":"","news_category":[],"country":[1956],"special_action":[],"custom_tag":[2312,2817,2315,1884,1970],"class_list":["post-240155","news","type-news","status-publish","has-post-thumbnail","hentry","country-region-sud","custom_tag-developpement-durable","custom_tag-education-fr","custom_tag-emploi-et-entrpreuneuriat","custom_tag-environnement-et-changement-climatique","custom_tag-jeunesse"],"acf":[],"yoast_head":"<!-- This site is optimized with the Yoast SEO plugin v26.5 - https:\/\/yoast.com\/wordpress\/plugins\/seo\/ -->\n<title>Interreg NEXT MED au Forum de la Fondation Anna Lindh, le plus grand \u00e9v\u00e9nement m\u00e9diterran\u00e9en consacr\u00e9 \u00e0 la soci\u00e9t\u00e9 civile et au dialogue interculturel - Voisins de l&#039;UE<\/title>\n<meta name=\"robots\" content=\"index, follow, max-snippet:-1, max-image-preview:large, max-video-preview:-1\" \/>\n<link rel=\"canonical\" href=\"https:\/\/www.eumedbridge.eu\/fr\/news\/interreg-next-med-au-forum-de-la-fondation-anna-lindh-le-plus-grand-evenement-mediterraneen-consacre-a-la-societe-civile-et-au-dialogue-interculturel\/\" \/>\n<meta property=\"og:locale\" content=\"fr_FR\" \/>\n<meta property=\"og:type\" content=\"article\" \/>\n<meta property=\"og:title\" content=\"Interreg NEXT MED au Forum de la Fondation Anna Lindh, le plus grand \u00e9v\u00e9nement m\u00e9diterran\u00e9en consacr\u00e9 \u00e0 la soci\u00e9t\u00e9 civile et au dialogue interculturel - Voisins de l&#039;UE\" \/>\n<meta property=\"og:description\" content=\"Du 18 au 20 juin 2025, le Forum de la Fondation Anna Lindh r\u00e9unira pr\u00e8s de 1\u00a0000 participants des 43 pays du Partenariat euro-m\u00e9diterran\u00e9en \u00e0 Tirana, en Albanie, offrant une plateforme dynamique de dialogue, d&rsquo;\u00e9change et d&rsquo;action commune. Organis\u00e9 par la Fondation Anna Lindh, organisation intergouvernementale engag\u00e9e dans la coop\u00e9ration interculturelle en M\u00e9diterran\u00e9e, le Forum [&hellip;]\" \/>\n<meta property=\"og:url\" content=\"https:\/\/www.eumedbridge.eu\/fr\/news\/interreg-next-med-au-forum-de-la-fondation-anna-lindh-le-plus-grand-evenement-mediterraneen-consacre-a-la-societe-civile-et-au-dialogue-interculturel\/\" \/>\n<meta property=\"og:site_name\" content=\"Voisins de l&#039;UE\" \/>\n<meta property=\"article:publisher\" content=\"https:\/\/www.facebook.com\/eumedbridge\/\" \/>\n<meta property=\"og:image\" content=\"https:\/\/www.eumedbridge.eu\/wp-content\/uploads\/2025\/06\/487153405_1075302324621991_7430016987666019296_n-1536x1022-1.jpg\" \/>\n\t<meta property=\"og:image:width\" content=\"1536\" \/>\n\t<meta property=\"og:image:height\" content=\"1022\" \/>\n\t<meta property=\"og:image:type\" content=\"image\/jpeg\" \/>\n<meta name=\"twitter:card\" content=\"summary_large_image\" \/>\n<meta name=\"twitter:site\" content=\"@eumedbridge\" \/>\n<meta name=\"twitter:label1\" content=\"Dur\u00e9e de lecture estim\u00e9e\" \/>\n\t<meta name=\"twitter:data1\" content=\"2 minutes\" \/>\n<script type=\"application\/ld+json\" class=\"yoast-schema-graph\">{\"@context\":\"https:\/\/schema.org\",\"@graph\":[{\"@type\":\"WebPage\",\"@id\":\"https:\/\/www.eumedbridge.eu\/fr\/news\/interreg-next-med-au-forum-de-la-fondation-anna-lindh-le-plus-grand-evenement-mediterraneen-consacre-a-la-societe-civile-et-au-dialogue-interculturel\/\",\"url\":\"https:\/\/www.eumedbridge.eu\/fr\/news\/interreg-next-med-au-forum-de-la-fondation-anna-lindh-le-plus-grand-evenement-mediterraneen-consacre-a-la-societe-civile-et-au-dialogue-interculturel\/\",\"name\":\"Interreg NEXT MED au Forum de la Fondation Anna Lindh, le plus grand \u00e9v\u00e9nement m\u00e9diterran\u00e9en consacr\u00e9 \u00e0 la soci\u00e9t\u00e9 civile et au dialogue interculturel - Voisins de l'UE\",\"isPartOf\":{\"@id\":\"https:\/\/www.eumedbridge.eu\/#website\"},\"primaryImageOfPage\":{\"@id\":\"https:\/\/www.eumedbridge.eu\/fr\/news\/interreg-next-med-au-forum-de-la-fondation-anna-lindh-le-plus-grand-evenement-mediterraneen-consacre-a-la-societe-civile-et-au-dialogue-interculturel\/#primaryimage\"},\"image\":{\"@id\":\"https:\/\/www.eumedbridge.eu\/fr\/news\/interreg-next-med-au-forum-de-la-fondation-anna-lindh-le-plus-grand-evenement-mediterraneen-consacre-a-la-societe-civile-et-au-dialogue-interculturel\/#primaryimage\"},\"thumbnailUrl\":\"https:\/\/www.eumedbridge.eu\/wp-content\/uploads\/2025\/06\/487153405_1075302324621991_7430016987666019296_n-1536x1022-1.jpg\",\"datePublished\":\"2025-06-16T09:45:42+00:00\",\"breadcrumb\":{\"@id\":\"https:\/\/www.eumedbridge.eu\/fr\/news\/interreg-next-med-au-forum-de-la-fondation-anna-lindh-le-plus-grand-evenement-mediterraneen-consacre-a-la-societe-civile-et-au-dialogue-interculturel\/#breadcrumb\"},\"inLanguage\":\"fr-FR\",\"potentialAction\":[{\"@type\":\"ReadAction\",\"target\":[\"https:\/\/www.eumedbridge.eu\/fr\/news\/interreg-next-med-au-forum-de-la-fondation-anna-lindh-le-plus-grand-evenement-mediterraneen-consacre-a-la-societe-civile-et-au-dialogue-interculturel\/\"]}]},{\"@type\":\"ImageObject\",\"inLanguage\":\"fr-FR\",\"@id\":\"https:\/\/www.eumedbridge.eu\/fr\/news\/interreg-next-med-au-forum-de-la-fondation-anna-lindh-le-plus-grand-evenement-mediterraneen-consacre-a-la-societe-civile-et-au-dialogue-interculturel\/#primaryimage\",\"url\":\"https:\/\/www.eumedbridge.eu\/wp-content\/uploads\/2025\/06\/487153405_1075302324621991_7430016987666019296_n-1536x1022-1.jpg\",\"contentUrl\":\"https:\/\/www.eumedbridge.eu\/wp-content\/uploads\/2025\/06\/487153405_1075302324621991_7430016987666019296_n-1536x1022-1.jpg\",\"width\":1536,\"height\":1022},{\"@type\":\"BreadcrumbList\",\"@id\":\"https:\/\/www.eumedbridge.eu\/fr\/news\/interreg-next-med-au-forum-de-la-fondation-anna-lindh-le-plus-grand-evenement-mediterraneen-consacre-a-la-societe-civile-et-au-dialogue-interculturel\/#breadcrumb\",\"itemListElement\":[{\"@type\":\"ListItem\",\"position\":1,\"name\":\"Home\",\"item\":\"https:\/\/www.eumedbridge.eu\/fr\/home-page\/\"},{\"@type\":\"ListItem\",\"position\":2,\"name\":\"Actualit\u00e9s\",\"item\":\"https:\/\/www.eumedbridge.eu\/fr\/news\/\"},{\"@type\":\"ListItem\",\"position\":3,\"name\":\"Interreg NEXT MED au Forum de la Fondation Anna Lindh, le plus grand \u00e9v\u00e9nement m\u00e9diterran\u00e9en consacr\u00e9 \u00e0 la soci\u00e9t\u00e9 civile et au dialogue interculturel\"}]},{\"@type\":\"WebSite\",\"@id\":\"https:\/\/www.eumedbridge.eu\/#website\",\"url\":\"https:\/\/www.eumedbridge.eu\/\",\"name\":\"EU Medbridge\",\"description\":\"\",\"publisher\":{\"@id\":\"https:\/\/www.eumedbridge.eu\/#organization\"},\"potentialAction\":[{\"@type\":\"SearchAction\",\"target\":{\"@type\":\"EntryPoint\",\"urlTemplate\":\"https:\/\/www.eumedbridge.eu\/?s={search_term_string}\"},\"query-input\":{\"@type\":\"PropertyValueSpecification\",\"valueRequired\":true,\"valueName\":\"search_term_string\"}}],\"inLanguage\":\"fr-FR\"},{\"@type\":\"Organization\",\"@id\":\"https:\/\/www.eumedbridge.eu\/#organization\",\"name\":\"EU Medbridge\",\"url\":\"https:\/\/www.eumedbridge.eu\/\",\"logo\":{\"@type\":\"ImageObject\",\"inLanguage\":\"fr-FR\",\"@id\":\"https:\/\/www.eumedbridge.eu\/#\/schema\/logo\/image\/\",\"url\":\"https:\/\/www.eumedbridge.eu\/wp-content\/uploads\/2021\/12\/Logo.png\",\"contentUrl\":\"https:\/\/www.eumedbridge.eu\/wp-content\/uploads\/2021\/12\/Logo.png\",\"width\":325,\"height\":114,\"caption\":\"EU Medbridge\"},\"image\":{\"@id\":\"https:\/\/www.eumedbridge.eu\/#\/schema\/logo\/image\/\"},\"sameAs\":[\"https:\/\/www.facebook.com\/eumedbridge\/\",\"https:\/\/x.com\/eumedbridge\",\"https:\/\/www.linkedin.com\/company\/eumedbridge\",\"https:\/\/www.youtube.com\/@eumedbridge\",\"https:\/\/www.instagram.com\/eumedbridge\",\"https:\/\/www.flickr.com\/photos\/euneighbours-south\/\"]}]}<\/script>\n<!-- \/ Yoast SEO plugin. -->","yoast_head_json":{"title":"Interreg NEXT MED au Forum de la Fondation Anna Lindh, le plus grand \u00e9v\u00e9nement m\u00e9diterran\u00e9en consacr\u00e9 \u00e0 la soci\u00e9t\u00e9 civile et au dialogue interculturel - Voisins de l'UE","robots":{"index":"index","follow":"follow","max-snippet":"max-snippet:-1","max-image-preview":"max-image-preview:large","max-video-preview":"max-video-preview:-1"},"canonical":"https:\/\/www.eumedbridge.eu\/fr\/news\/interreg-next-med-au-forum-de-la-fondation-anna-lindh-le-plus-grand-evenement-mediterraneen-consacre-a-la-societe-civile-et-au-dialogue-interculturel\/","og_locale":"fr_FR","og_type":"article","og_title":"Interreg NEXT MED au Forum de la Fondation Anna Lindh, le plus grand \u00e9v\u00e9nement m\u00e9diterran\u00e9en consacr\u00e9 \u00e0 la soci\u00e9t\u00e9 civile et au dialogue interculturel - Voisins de l'UE","og_description":"Du 18 au 20 juin 2025, le Forum de la Fondation Anna Lindh r\u00e9unira pr\u00e8s de 1\u00a0000 participants des 43 pays du Partenariat euro-m\u00e9diterran\u00e9en \u00e0 Tirana, en Albanie, offrant une plateforme dynamique de dialogue, d&rsquo;\u00e9change et d&rsquo;action commune. Organis\u00e9 par la Fondation Anna Lindh, organisation intergouvernementale engag\u00e9e dans la coop\u00e9ration interculturelle en M\u00e9diterran\u00e9e, le Forum [&hellip;]","og_url":"https:\/\/www.eumedbridge.eu\/fr\/news\/interreg-next-med-au-forum-de-la-fondation-anna-lindh-le-plus-grand-evenement-mediterraneen-consacre-a-la-societe-civile-et-au-dialogue-interculturel\/","og_site_name":"Voisins de l'UE","article_publisher":"https:\/\/www.facebook.com\/eumedbridge\/","og_image":[{"width":1536,"height":1022,"url":"https:\/\/www.eumedbridge.eu\/wp-content\/uploads\/2025\/06\/487153405_1075302324621991_7430016987666019296_n-1536x1022-1.jpg","type":"image\/jpeg"}],"twitter_card":"summary_large_image","twitter_site":"@eumedbridge","twitter_misc":{"Dur\u00e9e de lecture estim\u00e9e":"2 minutes"},"schema":{"@context":"https:\/\/schema.org","@graph":[{"@type":"WebPage","@id":"https:\/\/www.eumedbridge.eu\/fr\/news\/interreg-next-med-au-forum-de-la-fondation-anna-lindh-le-plus-grand-evenement-mediterraneen-consacre-a-la-societe-civile-et-au-dialogue-interculturel\/","url":"https:\/\/www.eumedbridge.eu\/fr\/news\/interreg-next-med-au-forum-de-la-fondation-anna-lindh-le-plus-grand-evenement-mediterraneen-consacre-a-la-societe-civile-et-au-dialogue-interculturel\/","name":"Interreg NEXT MED au Forum de la Fondation Anna Lindh, le plus grand \u00e9v\u00e9nement m\u00e9diterran\u00e9en consacr\u00e9 \u00e0 la soci\u00e9t\u00e9 civile et au dialogue interculturel - Voisins de l'UE","isPartOf":{"@id":"https:\/\/www.eumedbridge.eu\/#website"},"primaryImageOfPage":{"@id":"https:\/\/www.eumedbridge.eu\/fr\/news\/interreg-next-med-au-forum-de-la-fondation-anna-lindh-le-plus-grand-evenement-mediterraneen-consacre-a-la-societe-civile-et-au-dialogue-interculturel\/#primaryimage"},"image":{"@id":"https:\/\/www.eumedbridge.eu\/fr\/news\/interreg-next-med-au-forum-de-la-fondation-anna-lindh-le-plus-grand-evenement-mediterraneen-consacre-a-la-societe-civile-et-au-dialogue-interculturel\/#primaryimage"},"thumbnailUrl":"https:\/\/www.eumedbridge.eu\/wp-content\/uploads\/2025\/06\/487153405_1075302324621991_7430016987666019296_n-1536x1022-1.jpg","datePublished":"2025-06-16T09:45:42+00:00","breadcrumb":{"@id":"https:\/\/www.eumedbridge.eu\/fr\/news\/interreg-next-med-au-forum-de-la-fondation-anna-lindh-le-plus-grand-evenement-mediterraneen-consacre-a-la-societe-civile-et-au-dialogue-interculturel\/#breadcrumb"},"inLanguage":"fr-FR","potentialAction":[{"@type":"ReadAction","target":["https:\/\/www.eumedbridge.eu\/fr\/news\/interreg-next-med-au-forum-de-la-fondation-anna-lindh-le-plus-grand-evenement-mediterraneen-consacre-a-la-societe-civile-et-au-dialogue-interculturel\/"]}]},{"@type":"ImageObject","inLanguage":"fr-FR","@id":"https:\/\/www.eumedbridge.eu\/fr\/news\/interreg-next-med-au-forum-de-la-fondation-anna-lindh-le-plus-grand-evenement-mediterraneen-consacre-a-la-societe-civile-et-au-dialogue-interculturel\/#primaryimage","url":"https:\/\/www.eumedbridge.eu\/wp-content\/uploads\/2025\/06\/487153405_1075302324621991_7430016987666019296_n-1536x1022-1.jpg","contentUrl":"https:\/\/www.eumedbridge.eu\/wp-content\/uploads\/2025\/06\/487153405_1075302324621991_7430016987666019296_n-1536x1022-1.jpg","width":1536,"height":1022},{"@type":"BreadcrumbList","@id":"https:\/\/www.eumedbridge.eu\/fr\/news\/interreg-next-med-au-forum-de-la-fondation-anna-lindh-le-plus-grand-evenement-mediterraneen-consacre-a-la-societe-civile-et-au-dialogue-interculturel\/#breadcrumb","itemListElement":[{"@type":"ListItem","position":1,"name":"Home","item":"https:\/\/www.eumedbridge.eu\/fr\/home-page\/"},{"@type":"ListItem","position":2,"name":"Actualit\u00e9s","item":"https:\/\/www.eumedbridge.eu\/fr\/news\/"},{"@type":"ListItem","position":3,"name":"Interreg NEXT MED au Forum de la Fondation Anna Lindh, le plus grand \u00e9v\u00e9nement m\u00e9diterran\u00e9en consacr\u00e9 \u00e0 la soci\u00e9t\u00e9 civile et au dialogue interculturel"}]},{"@type":"WebSite","@id":"https:\/\/www.eumedbridge.eu\/#website","url":"https:\/\/www.eumedbridge.eu\/","name":"EU Medbridge","description":"","publisher":{"@id":"https:\/\/www.eumedbridge.eu\/#organization"},"potentialAction":[{"@type":"SearchAction","target":{"@type":"EntryPoint","urlTemplate":"https:\/\/www.eumedbridge.eu\/?s={search_term_string}"},"query-input":{"@type":"PropertyValueSpecification","valueRequired":true,"valueName":"search_term_string"}}],"inLanguage":"fr-FR"},{"@type":"Organization","@id":"https:\/\/www.eumedbridge.eu\/#organization","name":"EU Medbridge","url":"https:\/\/www.eumedbridge.eu\/","logo":{"@type":"ImageObject","inLanguage":"fr-FR","@id":"https:\/\/www.eumedbridge.eu\/#\/schema\/logo\/image\/","url":"https:\/\/www.eumedbridge.eu\/wp-content\/uploads\/2021\/12\/Logo.png","contentUrl":"https:\/\/www.eumedbridge.eu\/wp-content\/uploads\/2021\/12\/Logo.png","width":325,"height":114,"caption":"EU Medbridge"},"image":{"@id":"https:\/\/www.eumedbridge.eu\/#\/schema\/logo\/image\/"},"sameAs":["https:\/\/www.facebook.com\/eumedbridge\/","https:\/\/x.com\/eumedbridge","https:\/\/www.linkedin.com\/company\/eumedbridge","https:\/\/www.youtube.com\/@eumedbridge","https:\/\/www.instagram.com\/eumedbridge","https:\/\/www.flickr.com\/photos\/euneighbours-south\/"]}]}},"_links":{"self":[{"href":"https:\/\/www.eumedbridge.eu\/fr\/wp-json\/wp\/v2\/news\/240155","targetHints":{"allow":["GET"]}}],"collection":[{"href":"https:\/\/www.eumedbridge.eu\/fr\/wp-json\/wp\/v2\/news"}],"about":[{"href":"https:\/\/www.eumedbridge.eu\/fr\/wp-json\/wp\/v2\/types\/news"}],"wp:featuredmedia":[{"embeddable":true,"href":"https:\/\/www.eumedbridge.eu\/fr\/wp-json\/wp\/v2\/media\/240069"}],"wp:attachment":[{"href":"https:\/\/www.eumedbridge.eu\/fr\/wp-json\/wp\/v2\/media?parent=240155"}],"wp:term":[{"taxonomy":"news_category","embeddable":true,"href":"https:\/\/www.eumedbridge.eu\/fr\/wp-json\/wp\/v2\/news_category?post=240155"},{"taxonomy":"country","embeddable":true,"href":"https:\/\/www.eumedbridge.eu\/fr\/wp-json\/wp\/v2\/country?post=240155"},{"taxonomy":"special_action","embeddable":true,"href":"https:\/\/www.eumedbridge.eu\/fr\/wp-json\/wp\/v2\/special_action?post=240155"},{"taxonomy":"custom_tag","embeddable":true,"href":"https:\/\/www.eumedbridge.eu\/fr\/wp-json\/wp\/v2\/custom_tag?post=240155"}],"curies":[{"name":"wp","href":"https:\/\/api.w.org\/{rel}","templated":true}]}}