{"id":241205,"date":"2025-07-21T11:39:48","date_gmt":"2025-07-21T08:39:48","guid":{"rendered":"https:\/\/eumedbridge.eu\/?post_type=news&#038;p=241205"},"modified":"2025-07-21T11:39:48","modified_gmt":"2025-07-21T08:39:48","slug":"le-secretaire-general-de-lunion-pour-la-mediterranee-participe-au-forum-de-dubrovnik-2025-et-rencontre-le-secretaire-general-du-conseil-de-cooperation-du-golfe","status":"publish","type":"news","link":"https:\/\/www.eumedbridge.eu\/fr\/news\/le-secretaire-general-de-lunion-pour-la-mediterranee-participe-au-forum-de-dubrovnik-2025-et-rencontre-le-secretaire-general-du-conseil-de-cooperation-du-golfe\/","title":{"rendered":"Le Secr\u00e9taire g\u00e9n\u00e9ral de l&rsquo;Union pour la M\u00e9diterran\u00e9e participe au Forum de Dubrovnik 2025 et rencontre le Secr\u00e9taire g\u00e9n\u00e9ral du Conseil de coop\u00e9ration du Golfe"},"content":{"rendered":"<p>14 juillet 2025, Dubrovnik. Le Secr\u00e9taire g\u00e9n\u00e9ral de l&rsquo;Union pour la M\u00e9diterran\u00e9e, Nasser Kamel, a particip\u00e9 au Forum de Dubrovnik qui s&rsquo;est tenu le 11 juillet 2025 en Croatie. Il a particip\u00e9 \u00e0 la table ronde intitul\u00e9e \u00ab\u00a0Connecter les \u00e9conomies, autonomiser les citoyens\u00a0: le nouveau pacte pour la M\u00e9diterran\u00e9e\u00a0\u00bb, aux c\u00f4t\u00e9s de Dubravka \u0160uica, Commissaire europ\u00e9enne charg\u00e9e de la M\u00e9diterran\u00e9e\u00a0; Jasem Mohamed Albudaiwi, Secr\u00e9taire g\u00e9n\u00e9ral du Conseil de coop\u00e9ration du Golfe\u00a0; Ante \u0160u\u0161njar, Ministre croate de l&rsquo;\u00c9conomie\u00a0; Marko \u0160tucin, Secr\u00e9taire d&rsquo;\u00c9tat aux Affaires \u00e9trang\u00e8res de Slov\u00e9nie, et Maja Markov\u010di\u0107 Kostelac, Directrice ex\u00e9cutive de l&rsquo;Agence europ\u00e9enne pour la s\u00e9curit\u00e9 maritime. La session a port\u00e9 sur le renforcement de la coop\u00e9ration r\u00e9gionale, la promotion d&rsquo;une croissance inclusive et la promotion d&rsquo;une prosp\u00e9rit\u00e9 partag\u00e9e en M\u00e9diterran\u00e9e, dans le cadre du nouveau pacte europ\u00e9en pour la M\u00e9diterran\u00e9e. En marge du Forum, Nasser Kamel a \u00e9galement tenu une r\u00e9union bilat\u00e9rale avec Jasem Mohamed Albudaiwi, secr\u00e9taire g\u00e9n\u00e9ral du Conseil de coop\u00e9ration du Golfe. Cette rencontre a permis d&rsquo;\u00e9changer sur les priorit\u00e9s communes et les d\u00e9veloppements r\u00e9gionaux, en mettant l&rsquo;accent sur le renforcement des synergies entre l&rsquo;Union pour la M\u00e9diterran\u00e9e, le Conseil de coop\u00e9ration du Golfe et l&rsquo;Union europ\u00e9enne. Les deux parties ont r\u00e9affirm\u00e9 leur engagement \u00e0 renforcer la coop\u00e9ration entre les organisations r\u00e9gionales, en faveur de la paix, de la stabilit\u00e9 et du d\u00e9veloppement durable dans la r\u00e9gion. Nasser Kamel a \u00e9galement rencontr\u00e9 en marge du Forum Amer Kapetanovi\u0107, secr\u00e9taire g\u00e9n\u00e9ral du Conseil de coop\u00e9ration r\u00e9gionale. La r\u00e9union a examin\u00e9 les possibilit\u00e9s de coop\u00e9ration avec l&rsquo;Union pour la M\u00e9diterran\u00e9e au profit de relations \u00e9troites entre les pays et partenaires euro-m\u00e9diterran\u00e9ens.<\/p>\n","protected":false},"featured_media":241099,"parent":0,"template":"","news_category":[],"country":[1956],"special_action":[],"custom_tag":[2926],"class_list":["post-241205","news","type-news","status-publish","has-post-thumbnail","hentry","country-region-sud","custom_tag-diplomatie"],"acf":[],"yoast_head":"<!-- This site is optimized with the Yoast SEO plugin v26.5 - https:\/\/yoast.com\/wordpress\/plugins\/seo\/ -->\n<title>Le Secr\u00e9taire g\u00e9n\u00e9ral de l&#039;Union pour la M\u00e9diterran\u00e9e participe au Forum de Dubrovnik 2025 et rencontre le Secr\u00e9taire g\u00e9n\u00e9ral du Conseil de coop\u00e9ration du Golfe - Voisins de l&#039;UE<\/title>\n<meta name=\"robots\" content=\"index, follow, max-snippet:-1, max-image-preview:large, max-video-preview:-1\" \/>\n<link rel=\"canonical\" href=\"https:\/\/www.eumedbridge.eu\/fr\/news\/le-secretaire-general-de-lunion-pour-la-mediterranee-participe-au-forum-de-dubrovnik-2025-et-rencontre-le-secretaire-general-du-conseil-de-cooperation-du-golfe\/\" \/>\n<meta property=\"og:locale\" content=\"fr_FR\" \/>\n<meta property=\"og:type\" content=\"article\" \/>\n<meta property=\"og:title\" content=\"Le Secr\u00e9taire g\u00e9n\u00e9ral de l&#039;Union pour la M\u00e9diterran\u00e9e participe au Forum de Dubrovnik 2025 et rencontre le Secr\u00e9taire g\u00e9n\u00e9ral du Conseil de coop\u00e9ration du Golfe - Voisins de l&#039;UE\" \/>\n<meta property=\"og:description\" content=\"14 juillet 2025, Dubrovnik. Le Secr\u00e9taire g\u00e9n\u00e9ral de l&rsquo;Union pour la M\u00e9diterran\u00e9e, Nasser Kamel, a particip\u00e9 au Forum de Dubrovnik qui s&rsquo;est tenu le 11 juillet 2025 en Croatie. Il a particip\u00e9 \u00e0 la table ronde intitul\u00e9e \u00ab\u00a0Connecter les \u00e9conomies, autonomiser les citoyens\u00a0: le nouveau pacte pour la M\u00e9diterran\u00e9e\u00a0\u00bb, aux c\u00f4t\u00e9s de Dubravka \u0160uica, Commissaire [&hellip;]\" \/>\n<meta property=\"og:url\" content=\"https:\/\/www.eumedbridge.eu\/fr\/news\/le-secretaire-general-de-lunion-pour-la-mediterranee-participe-au-forum-de-dubrovnik-2025-et-rencontre-le-secretaire-general-du-conseil-de-cooperation-du-golfe\/\" \/>\n<meta property=\"og:site_name\" content=\"Voisins de l&#039;UE\" \/>\n<meta property=\"article:publisher\" content=\"https:\/\/www.facebook.com\/eumedbridge\/\" \/>\n<meta property=\"og:image\" content=\"https:\/\/www.eumedbridge.eu\/wp-content\/uploads\/2025\/07\/gulf-council-sg-1400x530-1.jpg\" \/>\n\t<meta property=\"og:image:width\" content=\"1400\" \/>\n\t<meta property=\"og:image:height\" content=\"530\" \/>\n\t<meta property=\"og:image:type\" content=\"image\/jpeg\" \/>\n<meta name=\"twitter:card\" content=\"summary_large_image\" \/>\n<meta name=\"twitter:site\" content=\"@eumedbridge\" \/>\n<meta name=\"twitter:label1\" content=\"Dur\u00e9e de lecture estim\u00e9e\" \/>\n\t<meta name=\"twitter:data1\" content=\"2 minutes\" \/>\n<script type=\"application\/ld+json\" class=\"yoast-schema-graph\">{\"@context\":\"https:\/\/schema.org\",\"@graph\":[{\"@type\":\"WebPage\",\"@id\":\"https:\/\/www.eumedbridge.eu\/fr\/news\/le-secretaire-general-de-lunion-pour-la-mediterranee-participe-au-forum-de-dubrovnik-2025-et-rencontre-le-secretaire-general-du-conseil-de-cooperation-du-golfe\/\",\"url\":\"https:\/\/www.eumedbridge.eu\/fr\/news\/le-secretaire-general-de-lunion-pour-la-mediterranee-participe-au-forum-de-dubrovnik-2025-et-rencontre-le-secretaire-general-du-conseil-de-cooperation-du-golfe\/\",\"name\":\"Le Secr\u00e9taire g\u00e9n\u00e9ral de l'Union pour la M\u00e9diterran\u00e9e participe au Forum de Dubrovnik 2025 et rencontre le Secr\u00e9taire g\u00e9n\u00e9ral du Conseil de coop\u00e9ration du Golfe - Voisins de l'UE\",\"isPartOf\":{\"@id\":\"https:\/\/www.eumedbridge.eu\/#website\"},\"primaryImageOfPage\":{\"@id\":\"https:\/\/www.eumedbridge.eu\/fr\/news\/le-secretaire-general-de-lunion-pour-la-mediterranee-participe-au-forum-de-dubrovnik-2025-et-rencontre-le-secretaire-general-du-conseil-de-cooperation-du-golfe\/#primaryimage\"},\"image\":{\"@id\":\"https:\/\/www.eumedbridge.eu\/fr\/news\/le-secretaire-general-de-lunion-pour-la-mediterranee-participe-au-forum-de-dubrovnik-2025-et-rencontre-le-secretaire-general-du-conseil-de-cooperation-du-golfe\/#primaryimage\"},\"thumbnailUrl\":\"https:\/\/www.eumedbridge.eu\/wp-content\/uploads\/2025\/07\/gulf-council-sg-1400x530-1.jpg\",\"datePublished\":\"2025-07-21T08:39:48+00:00\",\"breadcrumb\":{\"@id\":\"https:\/\/www.eumedbridge.eu\/fr\/news\/le-secretaire-general-de-lunion-pour-la-mediterranee-participe-au-forum-de-dubrovnik-2025-et-rencontre-le-secretaire-general-du-conseil-de-cooperation-du-golfe\/#breadcrumb\"},\"inLanguage\":\"fr-FR\",\"potentialAction\":[{\"@type\":\"ReadAction\",\"target\":[\"https:\/\/www.eumedbridge.eu\/fr\/news\/le-secretaire-general-de-lunion-pour-la-mediterranee-participe-au-forum-de-dubrovnik-2025-et-rencontre-le-secretaire-general-du-conseil-de-cooperation-du-golfe\/\"]}]},{\"@type\":\"ImageObject\",\"inLanguage\":\"fr-FR\",\"@id\":\"https:\/\/www.eumedbridge.eu\/fr\/news\/le-secretaire-general-de-lunion-pour-la-mediterranee-participe-au-forum-de-dubrovnik-2025-et-rencontre-le-secretaire-general-du-conseil-de-cooperation-du-golfe\/#primaryimage\",\"url\":\"https:\/\/www.eumedbridge.eu\/wp-content\/uploads\/2025\/07\/gulf-council-sg-1400x530-1.jpg\",\"contentUrl\":\"https:\/\/www.eumedbridge.eu\/wp-content\/uploads\/2025\/07\/gulf-council-sg-1400x530-1.jpg\",\"width\":1400,\"height\":530},{\"@type\":\"BreadcrumbList\",\"@id\":\"https:\/\/www.eumedbridge.eu\/fr\/news\/le-secretaire-general-de-lunion-pour-la-mediterranee-participe-au-forum-de-dubrovnik-2025-et-rencontre-le-secretaire-general-du-conseil-de-cooperation-du-golfe\/#breadcrumb\",\"itemListElement\":[{\"@type\":\"ListItem\",\"position\":1,\"name\":\"Home\",\"item\":\"https:\/\/www.eumedbridge.eu\/fr\/home-page\/\"},{\"@type\":\"ListItem\",\"position\":2,\"name\":\"Actualit\u00e9s\",\"item\":\"https:\/\/www.eumedbridge.eu\/fr\/news\/\"},{\"@type\":\"ListItem\",\"position\":3,\"name\":\"Le Secr\u00e9taire g\u00e9n\u00e9ral de l&rsquo;Union pour la M\u00e9diterran\u00e9e participe au Forum de Dubrovnik 2025 et rencontre le Secr\u00e9taire g\u00e9n\u00e9ral du Conseil de coop\u00e9ration du Golfe\"}]},{\"@type\":\"WebSite\",\"@id\":\"https:\/\/www.eumedbridge.eu\/#website\",\"url\":\"https:\/\/www.eumedbridge.eu\/\",\"name\":\"EU Medbridge\",\"description\":\"\",\"publisher\":{\"@id\":\"https:\/\/www.eumedbridge.eu\/#organization\"},\"potentialAction\":[{\"@type\":\"SearchAction\",\"target\":{\"@type\":\"EntryPoint\",\"urlTemplate\":\"https:\/\/www.eumedbridge.eu\/?s={search_term_string}\"},\"query-input\":{\"@type\":\"PropertyValueSpecification\",\"valueRequired\":true,\"valueName\":\"search_term_string\"}}],\"inLanguage\":\"fr-FR\"},{\"@type\":\"Organization\",\"@id\":\"https:\/\/www.eumedbridge.eu\/#organization\",\"name\":\"EU Medbridge\",\"url\":\"https:\/\/www.eumedbridge.eu\/\",\"logo\":{\"@type\":\"ImageObject\",\"inLanguage\":\"fr-FR\",\"@id\":\"https:\/\/www.eumedbridge.eu\/#\/schema\/logo\/image\/\",\"url\":\"https:\/\/www.eumedbridge.eu\/wp-content\/uploads\/2021\/12\/Logo.png\",\"contentUrl\":\"https:\/\/www.eumedbridge.eu\/wp-content\/uploads\/2021\/12\/Logo.png\",\"width\":325,\"height\":114,\"caption\":\"EU Medbridge\"},\"image\":{\"@id\":\"https:\/\/www.eumedbridge.eu\/#\/schema\/logo\/image\/\"},\"sameAs\":[\"https:\/\/www.facebook.com\/eumedbridge\/\",\"https:\/\/x.com\/eumedbridge\",\"https:\/\/www.linkedin.com\/company\/eumedbridge\",\"https:\/\/www.youtube.com\/@eumedbridge\",\"https:\/\/www.instagram.com\/eumedbridge\",\"https:\/\/www.flickr.com\/photos\/euneighbours-south\/\"]}]}<\/script>\n<!-- \/ Yoast SEO plugin. -->","yoast_head_json":{"title":"Le Secr\u00e9taire g\u00e9n\u00e9ral de l'Union pour la M\u00e9diterran\u00e9e participe au Forum de Dubrovnik 2025 et rencontre le Secr\u00e9taire g\u00e9n\u00e9ral du Conseil de coop\u00e9ration du Golfe - Voisins de l'UE","robots":{"index":"index","follow":"follow","max-snippet":"max-snippet:-1","max-image-preview":"max-image-preview:large","max-video-preview":"max-video-preview:-1"},"canonical":"https:\/\/www.eumedbridge.eu\/fr\/news\/le-secretaire-general-de-lunion-pour-la-mediterranee-participe-au-forum-de-dubrovnik-2025-et-rencontre-le-secretaire-general-du-conseil-de-cooperation-du-golfe\/","og_locale":"fr_FR","og_type":"article","og_title":"Le Secr\u00e9taire g\u00e9n\u00e9ral de l'Union pour la M\u00e9diterran\u00e9e participe au Forum de Dubrovnik 2025 et rencontre le Secr\u00e9taire g\u00e9n\u00e9ral du Conseil de coop\u00e9ration du Golfe - Voisins de l'UE","og_description":"14 juillet 2025, Dubrovnik. Le Secr\u00e9taire g\u00e9n\u00e9ral de l&rsquo;Union pour la M\u00e9diterran\u00e9e, Nasser Kamel, a particip\u00e9 au Forum de Dubrovnik qui s&rsquo;est tenu le 11 juillet 2025 en Croatie. Il a particip\u00e9 \u00e0 la table ronde intitul\u00e9e \u00ab\u00a0Connecter les \u00e9conomies, autonomiser les citoyens\u00a0: le nouveau pacte pour la M\u00e9diterran\u00e9e\u00a0\u00bb, aux c\u00f4t\u00e9s de Dubravka \u0160uica, Commissaire [&hellip;]","og_url":"https:\/\/www.eumedbridge.eu\/fr\/news\/le-secretaire-general-de-lunion-pour-la-mediterranee-participe-au-forum-de-dubrovnik-2025-et-rencontre-le-secretaire-general-du-conseil-de-cooperation-du-golfe\/","og_site_name":"Voisins de l'UE","article_publisher":"https:\/\/www.facebook.com\/eumedbridge\/","og_image":[{"width":1400,"height":530,"url":"https:\/\/www.eumedbridge.eu\/wp-content\/uploads\/2025\/07\/gulf-council-sg-1400x530-1.jpg","type":"image\/jpeg"}],"twitter_card":"summary_large_image","twitter_site":"@eumedbridge","twitter_misc":{"Dur\u00e9e de lecture estim\u00e9e":"2 minutes"},"schema":{"@context":"https:\/\/schema.org","@graph":[{"@type":"WebPage","@id":"https:\/\/www.eumedbridge.eu\/fr\/news\/le-secretaire-general-de-lunion-pour-la-mediterranee-participe-au-forum-de-dubrovnik-2025-et-rencontre-le-secretaire-general-du-conseil-de-cooperation-du-golfe\/","url":"https:\/\/www.eumedbridge.eu\/fr\/news\/le-secretaire-general-de-lunion-pour-la-mediterranee-participe-au-forum-de-dubrovnik-2025-et-rencontre-le-secretaire-general-du-conseil-de-cooperation-du-golfe\/","name":"Le Secr\u00e9taire g\u00e9n\u00e9ral de l'Union pour la M\u00e9diterran\u00e9e participe au Forum de Dubrovnik 2025 et rencontre le Secr\u00e9taire g\u00e9n\u00e9ral du Conseil de coop\u00e9ration du Golfe - Voisins de l'UE","isPartOf":{"@id":"https:\/\/www.eumedbridge.eu\/#website"},"primaryImageOfPage":{"@id":"https:\/\/www.eumedbridge.eu\/fr\/news\/le-secretaire-general-de-lunion-pour-la-mediterranee-participe-au-forum-de-dubrovnik-2025-et-rencontre-le-secretaire-general-du-conseil-de-cooperation-du-golfe\/#primaryimage"},"image":{"@id":"https:\/\/www.eumedbridge.eu\/fr\/news\/le-secretaire-general-de-lunion-pour-la-mediterranee-participe-au-forum-de-dubrovnik-2025-et-rencontre-le-secretaire-general-du-conseil-de-cooperation-du-golfe\/#primaryimage"},"thumbnailUrl":"https:\/\/www.eumedbridge.eu\/wp-content\/uploads\/2025\/07\/gulf-council-sg-1400x530-1.jpg","datePublished":"2025-07-21T08:39:48+00:00","breadcrumb":{"@id":"https:\/\/www.eumedbridge.eu\/fr\/news\/le-secretaire-general-de-lunion-pour-la-mediterranee-participe-au-forum-de-dubrovnik-2025-et-rencontre-le-secretaire-general-du-conseil-de-cooperation-du-golfe\/#breadcrumb"},"inLanguage":"fr-FR","potentialAction":[{"@type":"ReadAction","target":["https:\/\/www.eumedbridge.eu\/fr\/news\/le-secretaire-general-de-lunion-pour-la-mediterranee-participe-au-forum-de-dubrovnik-2025-et-rencontre-le-secretaire-general-du-conseil-de-cooperation-du-golfe\/"]}]},{"@type":"ImageObject","inLanguage":"fr-FR","@id":"https:\/\/www.eumedbridge.eu\/fr\/news\/le-secretaire-general-de-lunion-pour-la-mediterranee-participe-au-forum-de-dubrovnik-2025-et-rencontre-le-secretaire-general-du-conseil-de-cooperation-du-golfe\/#primaryimage","url":"https:\/\/www.eumedbridge.eu\/wp-content\/uploads\/2025\/07\/gulf-council-sg-1400x530-1.jpg","contentUrl":"https:\/\/www.eumedbridge.eu\/wp-content\/uploads\/2025\/07\/gulf-council-sg-1400x530-1.jpg","width":1400,"height":530},{"@type":"BreadcrumbList","@id":"https:\/\/www.eumedbridge.eu\/fr\/news\/le-secretaire-general-de-lunion-pour-la-mediterranee-participe-au-forum-de-dubrovnik-2025-et-rencontre-le-secretaire-general-du-conseil-de-cooperation-du-golfe\/#breadcrumb","itemListElement":[{"@type":"ListItem","position":1,"name":"Home","item":"https:\/\/www.eumedbridge.eu\/fr\/home-page\/"},{"@type":"ListItem","position":2,"name":"Actualit\u00e9s","item":"https:\/\/www.eumedbridge.eu\/fr\/news\/"},{"@type":"ListItem","position":3,"name":"Le Secr\u00e9taire g\u00e9n\u00e9ral de l&rsquo;Union pour la M\u00e9diterran\u00e9e participe au Forum de Dubrovnik 2025 et rencontre le Secr\u00e9taire g\u00e9n\u00e9ral du Conseil de coop\u00e9ration du Golfe"}]},{"@type":"WebSite","@id":"https:\/\/www.eumedbridge.eu\/#website","url":"https:\/\/www.eumedbridge.eu\/","name":"EU Medbridge","description":"","publisher":{"@id":"https:\/\/www.eumedbridge.eu\/#organization"},"potentialAction":[{"@type":"SearchAction","target":{"@type":"EntryPoint","urlTemplate":"https:\/\/www.eumedbridge.eu\/?s={search_term_string}"},"query-input":{"@type":"PropertyValueSpecification","valueRequired":true,"valueName":"search_term_string"}}],"inLanguage":"fr-FR"},{"@type":"Organization","@id":"https:\/\/www.eumedbridge.eu\/#organization","name":"EU Medbridge","url":"https:\/\/www.eumedbridge.eu\/","logo":{"@type":"ImageObject","inLanguage":"fr-FR","@id":"https:\/\/www.eumedbridge.eu\/#\/schema\/logo\/image\/","url":"https:\/\/www.eumedbridge.eu\/wp-content\/uploads\/2021\/12\/Logo.png","contentUrl":"https:\/\/www.eumedbridge.eu\/wp-content\/uploads\/2021\/12\/Logo.png","width":325,"height":114,"caption":"EU Medbridge"},"image":{"@id":"https:\/\/www.eumedbridge.eu\/#\/schema\/logo\/image\/"},"sameAs":["https:\/\/www.facebook.com\/eumedbridge\/","https:\/\/x.com\/eumedbridge","https:\/\/www.linkedin.com\/company\/eumedbridge","https:\/\/www.youtube.com\/@eumedbridge","https:\/\/www.instagram.com\/eumedbridge","https:\/\/www.flickr.com\/photos\/euneighbours-south\/"]}]}},"_links":{"self":[{"href":"https:\/\/www.eumedbridge.eu\/fr\/wp-json\/wp\/v2\/news\/241205","targetHints":{"allow":["GET"]}}],"collection":[{"href":"https:\/\/www.eumedbridge.eu\/fr\/wp-json\/wp\/v2\/news"}],"about":[{"href":"https:\/\/www.eumedbridge.eu\/fr\/wp-json\/wp\/v2\/types\/news"}],"wp:featuredmedia":[{"embeddable":true,"href":"https:\/\/www.eumedbridge.eu\/fr\/wp-json\/wp\/v2\/media\/241099"}],"wp:attachment":[{"href":"https:\/\/www.eumedbridge.eu\/fr\/wp-json\/wp\/v2\/media?parent=241205"}],"wp:term":[{"taxonomy":"news_category","embeddable":true,"href":"https:\/\/www.eumedbridge.eu\/fr\/wp-json\/wp\/v2\/news_category?post=241205"},{"taxonomy":"country","embeddable":true,"href":"https:\/\/www.eumedbridge.eu\/fr\/wp-json\/wp\/v2\/country?post=241205"},{"taxonomy":"special_action","embeddable":true,"href":"https:\/\/www.eumedbridge.eu\/fr\/wp-json\/wp\/v2\/special_action?post=241205"},{"taxonomy":"custom_tag","embeddable":true,"href":"https:\/\/www.eumedbridge.eu\/fr\/wp-json\/wp\/v2\/custom_tag?post=241205"}],"curies":[{"name":"wp","href":"https:\/\/api.w.org\/{rel}","templated":true}]}}