{"id":241746,"date":"2025-08-19T12:26:30","date_gmt":"2025-08-19T09:26:30","guid":{"rendered":"https:\/\/eumedbridge.eu\/?post_type=news&#038;p=241746"},"modified":"2025-08-19T12:26:30","modified_gmt":"2025-08-19T09:26:30","slug":"liban-la-conference-green-forward-2025-propulse-la-transition-vers-une-economie-verte-et-circulaire-au-liban","status":"publish","type":"news","link":"https:\/\/www.eumedbridge.eu\/fr\/news\/liban-la-conference-green-forward-2025-propulse-la-transition-vers-une-economie-verte-et-circulaire-au-liban\/","title":{"rendered":"Liban\u00a0: La conf\u00e9rence Green Forward 2025 propulse la transition vers une \u00e9conomie verte et circulaire au Liban"},"content":{"rendered":"<p>Le mercredi 30\u00a0juillet 2025, le Liban a franchi une \u00e9tape importante vers un avenir plus durable avec la Conf\u00e9rence Green Forward 2025. Organis\u00e9e par l\u2019Association des incubateurs d\u2019entreprises de Tripoli (BIAT), en partenariat avec SPARK, la conf\u00e9rence s\u2019inscrivait dans le cadre de l\u2019intervention de niveau interm\u00e9diaire du programme Green Forward, financ\u00e9e par l\u2019Union europ\u00e9enne, et s\u2019est tenue \u00e0 la Chambre de commerce, d\u2019industrie et d\u2019agriculture de Tripoli (CCIAT). Dans le cadre du programme Green Forward (niveau interm\u00e9diaire) au Liban, la conf\u00e9rence est devenue un espace essentiel pour fa\u00e7onner la transition vers une \u00e9conomie verte et renforcer la collaboration entre les acteurs cl\u00e9s. Une centaine de participants se sont r\u00e9unis, dont des organisations de soutien aux entreprises (OSE), des PME, des d\u00e9cideurs politiques, des experts du Liban et du voisinage sud, ainsi que de nombreuses parties prenantes engag\u00e9es dans le d\u00e9veloppement \u00e9conomique et environnemental du Liban. Cet \u00e9v\u00e9nement a servi de plateforme d&rsquo;\u00e9change de connaissances, de cr\u00e9ation de partenariats et de lancement d&rsquo;une feuille de route nationale pour guider la transition vers une \u00e9conomie verte et circulaire.<\/p>\n<p>&nbsp;<\/p>\n<p>Financ\u00e9e par l&rsquo;Union europ\u00e9enne, l&rsquo;initiative Green Forward vise \u00e0 promouvoir une \u00e9conomie verte et circulaire dans la r\u00e9gion du Voisinage Sud, couvrant huit pays du Moyen-Orient et d&rsquo;Afrique du Nord. Le programme s&rsquo;articule autour de trois niveaux\u00a0: macro, m\u00e9so et micro, mis en \u0153uvre respectivement par un consortium compos\u00e9 d&rsquo;Expertise France, SPARK et l&rsquo;ONUDI. SPARK dirige les activit\u00e9s de niveau m\u00e9so dans les sept pays suivants\u00a0: \u00c9gypte, Jordanie, Liban, Libye, Maroc, Palestine et Tunisie, en partenariat avec ses partenaires de mise en \u0153uvre\u00a0: GESR \u2013 Fondation Misr El Kheir (\u00c9gypte), la Chambre d&rsquo;industrie jordanienne \u2013 JCI \/ Centre pour l&rsquo;\u00e9nergie et la durabilit\u00e9 environnementale dans l&rsquo;industrie \u2013 CEESI (Jordanie) et le Centre international des technologies environnementales de Tunis \u2013 CITET (Tunisie) en tant que co-candidats\u00a0; et l&rsquo;Association d&rsquo;incubation d&rsquo;entreprises de Tripoli \u2013 BIAT (Liban), et TEAM for Training &amp; Development (Libye), Enactus (Maroc) et Flow Accelerator (Palestine) comme partenaires de mise en \u0153uvre.<\/p>\n<p>Au Liban et dans toute la r\u00e9gion sud de la M\u00e9diterran\u00e9e, l&rsquo;objectif du programme est de renforcer la capacit\u00e9 des OSE \u00e0 agir comme facilitateurs de l&rsquo;\u00e9cosyst\u00e8me, contribuant ainsi \u00e0 combler le foss\u00e9 entre les politiques et les pratiques. \u00c0 l&rsquo;\u00e9chelle m\u00e9so, Green Forward y parvient en r\u00e9pondant aux besoins concrets des petites et moyennes entreprises (PME) pour adopter des pratiques d&rsquo;\u00e9conomie durable et circulaire. Le programme s&rsquo;engage \u00e0 favoriser la cr\u00e9ation d&#8217;emplois, les opportunit\u00e9s \u00e9conomiques et l&rsquo;alignement sur les principes du Pacte vert pour l&rsquo;Europe au Liban et au-del\u00e0, en fournissant aux OSE des outils, des formations et des opportunit\u00e9s de collaboration r\u00e9gionale.<\/p>\n","protected":false},"featured_media":241610,"parent":0,"template":"","news_category":[],"country":[1949],"special_action":[],"custom_tag":[2312,2315,1884],"class_list":["post-241746","news","type-news","status-publish","has-post-thumbnail","hentry","country-liban","custom_tag-developpement-durable","custom_tag-emploi-et-entrpreuneuriat","custom_tag-environnement-et-changement-climatique"],"acf":[],"yoast_head":"<!-- This site is optimized with the Yoast SEO plugin v26.5 - https:\/\/yoast.com\/wordpress\/plugins\/seo\/ -->\n<title>Liban\u00a0: La conf\u00e9rence Green Forward 2025 propulse la transition vers une \u00e9conomie verte et circulaire au Liban - Voisins de l&#039;UE<\/title>\n<meta name=\"robots\" content=\"index, follow, max-snippet:-1, max-image-preview:large, max-video-preview:-1\" \/>\n<link rel=\"canonical\" href=\"https:\/\/www.eumedbridge.eu\/fr\/news\/liban-la-conference-green-forward-2025-propulse-la-transition-vers-une-economie-verte-et-circulaire-au-liban\/\" \/>\n<meta property=\"og:locale\" content=\"fr_FR\" \/>\n<meta property=\"og:type\" content=\"article\" \/>\n<meta property=\"og:title\" content=\"Liban\u00a0: La conf\u00e9rence Green Forward 2025 propulse la transition vers une \u00e9conomie verte et circulaire au Liban - Voisins de l&#039;UE\" \/>\n<meta property=\"og:description\" content=\"Le mercredi 30\u00a0juillet 2025, le Liban a franchi une \u00e9tape importante vers un avenir plus durable avec la Conf\u00e9rence Green Forward 2025. Organis\u00e9e par l\u2019Association des incubateurs d\u2019entreprises de Tripoli (BIAT), en partenariat avec SPARK, la conf\u00e9rence s\u2019inscrivait dans le cadre de l\u2019intervention de niveau interm\u00e9diaire du programme Green Forward, financ\u00e9e par l\u2019Union europ\u00e9enne, et [&hellip;]\" \/>\n<meta property=\"og:url\" content=\"https:\/\/www.eumedbridge.eu\/fr\/news\/liban-la-conference-green-forward-2025-propulse-la-transition-vers-une-economie-verte-et-circulaire-au-liban\/\" \/>\n<meta property=\"og:site_name\" content=\"Voisins de l&#039;UE\" \/>\n<meta property=\"article:publisher\" content=\"https:\/\/www.facebook.com\/eumedbridge\/\" \/>\n<meta property=\"og:image\" content=\"https:\/\/www.eumedbridge.eu\/wp-content\/uploads\/2025\/08\/A7306859-1024x576-1.jpg\" \/>\n\t<meta property=\"og:image:width\" content=\"1024\" \/>\n\t<meta property=\"og:image:height\" content=\"576\" \/>\n\t<meta property=\"og:image:type\" content=\"image\/jpeg\" \/>\n<meta name=\"twitter:card\" content=\"summary_large_image\" \/>\n<meta name=\"twitter:site\" content=\"@eumedbridge\" \/>\n<meta name=\"twitter:label1\" content=\"Dur\u00e9e de lecture estim\u00e9e\" \/>\n\t<meta name=\"twitter:data1\" content=\"2 minutes\" \/>\n<script type=\"application\/ld+json\" class=\"yoast-schema-graph\">{\"@context\":\"https:\/\/schema.org\",\"@graph\":[{\"@type\":\"WebPage\",\"@id\":\"https:\/\/www.eumedbridge.eu\/fr\/news\/liban-la-conference-green-forward-2025-propulse-la-transition-vers-une-economie-verte-et-circulaire-au-liban\/\",\"url\":\"https:\/\/www.eumedbridge.eu\/fr\/news\/liban-la-conference-green-forward-2025-propulse-la-transition-vers-une-economie-verte-et-circulaire-au-liban\/\",\"name\":\"Liban\u00a0: La conf\u00e9rence Green Forward 2025 propulse la transition vers une \u00e9conomie verte et circulaire au Liban - Voisins de l'UE\",\"isPartOf\":{\"@id\":\"https:\/\/www.eumedbridge.eu\/#website\"},\"primaryImageOfPage\":{\"@id\":\"https:\/\/www.eumedbridge.eu\/fr\/news\/liban-la-conference-green-forward-2025-propulse-la-transition-vers-une-economie-verte-et-circulaire-au-liban\/#primaryimage\"},\"image\":{\"@id\":\"https:\/\/www.eumedbridge.eu\/fr\/news\/liban-la-conference-green-forward-2025-propulse-la-transition-vers-une-economie-verte-et-circulaire-au-liban\/#primaryimage\"},\"thumbnailUrl\":\"https:\/\/www.eumedbridge.eu\/wp-content\/uploads\/2025\/08\/A7306859-1024x576-1.jpg\",\"datePublished\":\"2025-08-19T09:26:30+00:00\",\"breadcrumb\":{\"@id\":\"https:\/\/www.eumedbridge.eu\/fr\/news\/liban-la-conference-green-forward-2025-propulse-la-transition-vers-une-economie-verte-et-circulaire-au-liban\/#breadcrumb\"},\"inLanguage\":\"fr-FR\",\"potentialAction\":[{\"@type\":\"ReadAction\",\"target\":[\"https:\/\/www.eumedbridge.eu\/fr\/news\/liban-la-conference-green-forward-2025-propulse-la-transition-vers-une-economie-verte-et-circulaire-au-liban\/\"]}]},{\"@type\":\"ImageObject\",\"inLanguage\":\"fr-FR\",\"@id\":\"https:\/\/www.eumedbridge.eu\/fr\/news\/liban-la-conference-green-forward-2025-propulse-la-transition-vers-une-economie-verte-et-circulaire-au-liban\/#primaryimage\",\"url\":\"https:\/\/www.eumedbridge.eu\/wp-content\/uploads\/2025\/08\/A7306859-1024x576-1.jpg\",\"contentUrl\":\"https:\/\/www.eumedbridge.eu\/wp-content\/uploads\/2025\/08\/A7306859-1024x576-1.jpg\",\"width\":1024,\"height\":576},{\"@type\":\"BreadcrumbList\",\"@id\":\"https:\/\/www.eumedbridge.eu\/fr\/news\/liban-la-conference-green-forward-2025-propulse-la-transition-vers-une-economie-verte-et-circulaire-au-liban\/#breadcrumb\",\"itemListElement\":[{\"@type\":\"ListItem\",\"position\":1,\"name\":\"Home\",\"item\":\"https:\/\/www.eumedbridge.eu\/fr\/home-page\/\"},{\"@type\":\"ListItem\",\"position\":2,\"name\":\"Actualit\u00e9s\",\"item\":\"https:\/\/www.eumedbridge.eu\/fr\/news\/\"},{\"@type\":\"ListItem\",\"position\":3,\"name\":\"Liban\u00a0: La conf\u00e9rence Green Forward 2025 propulse la transition vers une \u00e9conomie verte et circulaire au Liban\"}]},{\"@type\":\"WebSite\",\"@id\":\"https:\/\/www.eumedbridge.eu\/#website\",\"url\":\"https:\/\/www.eumedbridge.eu\/\",\"name\":\"EU Medbridge\",\"description\":\"\",\"publisher\":{\"@id\":\"https:\/\/www.eumedbridge.eu\/#organization\"},\"potentialAction\":[{\"@type\":\"SearchAction\",\"target\":{\"@type\":\"EntryPoint\",\"urlTemplate\":\"https:\/\/www.eumedbridge.eu\/?s={search_term_string}\"},\"query-input\":{\"@type\":\"PropertyValueSpecification\",\"valueRequired\":true,\"valueName\":\"search_term_string\"}}],\"inLanguage\":\"fr-FR\"},{\"@type\":\"Organization\",\"@id\":\"https:\/\/www.eumedbridge.eu\/#organization\",\"name\":\"EU Medbridge\",\"url\":\"https:\/\/www.eumedbridge.eu\/\",\"logo\":{\"@type\":\"ImageObject\",\"inLanguage\":\"fr-FR\",\"@id\":\"https:\/\/www.eumedbridge.eu\/#\/schema\/logo\/image\/\",\"url\":\"https:\/\/www.eumedbridge.eu\/wp-content\/uploads\/2021\/12\/Logo.png\",\"contentUrl\":\"https:\/\/www.eumedbridge.eu\/wp-content\/uploads\/2021\/12\/Logo.png\",\"width\":325,\"height\":114,\"caption\":\"EU Medbridge\"},\"image\":{\"@id\":\"https:\/\/www.eumedbridge.eu\/#\/schema\/logo\/image\/\"},\"sameAs\":[\"https:\/\/www.facebook.com\/eumedbridge\/\",\"https:\/\/x.com\/eumedbridge\",\"https:\/\/www.linkedin.com\/company\/eumedbridge\",\"https:\/\/www.youtube.com\/@eumedbridge\",\"https:\/\/www.instagram.com\/eumedbridge\",\"https:\/\/www.flickr.com\/photos\/euneighbours-south\/\"]}]}<\/script>\n<!-- \/ Yoast SEO plugin. -->","yoast_head_json":{"title":"Liban\u00a0: La conf\u00e9rence Green Forward 2025 propulse la transition vers une \u00e9conomie verte et circulaire au Liban - Voisins de l'UE","robots":{"index":"index","follow":"follow","max-snippet":"max-snippet:-1","max-image-preview":"max-image-preview:large","max-video-preview":"max-video-preview:-1"},"canonical":"https:\/\/www.eumedbridge.eu\/fr\/news\/liban-la-conference-green-forward-2025-propulse-la-transition-vers-une-economie-verte-et-circulaire-au-liban\/","og_locale":"fr_FR","og_type":"article","og_title":"Liban\u00a0: La conf\u00e9rence Green Forward 2025 propulse la transition vers une \u00e9conomie verte et circulaire au Liban - Voisins de l'UE","og_description":"Le mercredi 30\u00a0juillet 2025, le Liban a franchi une \u00e9tape importante vers un avenir plus durable avec la Conf\u00e9rence Green Forward 2025. Organis\u00e9e par l\u2019Association des incubateurs d\u2019entreprises de Tripoli (BIAT), en partenariat avec SPARK, la conf\u00e9rence s\u2019inscrivait dans le cadre de l\u2019intervention de niveau interm\u00e9diaire du programme Green Forward, financ\u00e9e par l\u2019Union europ\u00e9enne, et [&hellip;]","og_url":"https:\/\/www.eumedbridge.eu\/fr\/news\/liban-la-conference-green-forward-2025-propulse-la-transition-vers-une-economie-verte-et-circulaire-au-liban\/","og_site_name":"Voisins de l'UE","article_publisher":"https:\/\/www.facebook.com\/eumedbridge\/","og_image":[{"width":1024,"height":576,"url":"https:\/\/www.eumedbridge.eu\/wp-content\/uploads\/2025\/08\/A7306859-1024x576-1.jpg","type":"image\/jpeg"}],"twitter_card":"summary_large_image","twitter_site":"@eumedbridge","twitter_misc":{"Dur\u00e9e de lecture estim\u00e9e":"2 minutes"},"schema":{"@context":"https:\/\/schema.org","@graph":[{"@type":"WebPage","@id":"https:\/\/www.eumedbridge.eu\/fr\/news\/liban-la-conference-green-forward-2025-propulse-la-transition-vers-une-economie-verte-et-circulaire-au-liban\/","url":"https:\/\/www.eumedbridge.eu\/fr\/news\/liban-la-conference-green-forward-2025-propulse-la-transition-vers-une-economie-verte-et-circulaire-au-liban\/","name":"Liban\u00a0: La conf\u00e9rence Green Forward 2025 propulse la transition vers une \u00e9conomie verte et circulaire au Liban - Voisins de l'UE","isPartOf":{"@id":"https:\/\/www.eumedbridge.eu\/#website"},"primaryImageOfPage":{"@id":"https:\/\/www.eumedbridge.eu\/fr\/news\/liban-la-conference-green-forward-2025-propulse-la-transition-vers-une-economie-verte-et-circulaire-au-liban\/#primaryimage"},"image":{"@id":"https:\/\/www.eumedbridge.eu\/fr\/news\/liban-la-conference-green-forward-2025-propulse-la-transition-vers-une-economie-verte-et-circulaire-au-liban\/#primaryimage"},"thumbnailUrl":"https:\/\/www.eumedbridge.eu\/wp-content\/uploads\/2025\/08\/A7306859-1024x576-1.jpg","datePublished":"2025-08-19T09:26:30+00:00","breadcrumb":{"@id":"https:\/\/www.eumedbridge.eu\/fr\/news\/liban-la-conference-green-forward-2025-propulse-la-transition-vers-une-economie-verte-et-circulaire-au-liban\/#breadcrumb"},"inLanguage":"fr-FR","potentialAction":[{"@type":"ReadAction","target":["https:\/\/www.eumedbridge.eu\/fr\/news\/liban-la-conference-green-forward-2025-propulse-la-transition-vers-une-economie-verte-et-circulaire-au-liban\/"]}]},{"@type":"ImageObject","inLanguage":"fr-FR","@id":"https:\/\/www.eumedbridge.eu\/fr\/news\/liban-la-conference-green-forward-2025-propulse-la-transition-vers-une-economie-verte-et-circulaire-au-liban\/#primaryimage","url":"https:\/\/www.eumedbridge.eu\/wp-content\/uploads\/2025\/08\/A7306859-1024x576-1.jpg","contentUrl":"https:\/\/www.eumedbridge.eu\/wp-content\/uploads\/2025\/08\/A7306859-1024x576-1.jpg","width":1024,"height":576},{"@type":"BreadcrumbList","@id":"https:\/\/www.eumedbridge.eu\/fr\/news\/liban-la-conference-green-forward-2025-propulse-la-transition-vers-une-economie-verte-et-circulaire-au-liban\/#breadcrumb","itemListElement":[{"@type":"ListItem","position":1,"name":"Home","item":"https:\/\/www.eumedbridge.eu\/fr\/home-page\/"},{"@type":"ListItem","position":2,"name":"Actualit\u00e9s","item":"https:\/\/www.eumedbridge.eu\/fr\/news\/"},{"@type":"ListItem","position":3,"name":"Liban\u00a0: La conf\u00e9rence Green Forward 2025 propulse la transition vers une \u00e9conomie verte et circulaire au Liban"}]},{"@type":"WebSite","@id":"https:\/\/www.eumedbridge.eu\/#website","url":"https:\/\/www.eumedbridge.eu\/","name":"EU Medbridge","description":"","publisher":{"@id":"https:\/\/www.eumedbridge.eu\/#organization"},"potentialAction":[{"@type":"SearchAction","target":{"@type":"EntryPoint","urlTemplate":"https:\/\/www.eumedbridge.eu\/?s={search_term_string}"},"query-input":{"@type":"PropertyValueSpecification","valueRequired":true,"valueName":"search_term_string"}}],"inLanguage":"fr-FR"},{"@type":"Organization","@id":"https:\/\/www.eumedbridge.eu\/#organization","name":"EU Medbridge","url":"https:\/\/www.eumedbridge.eu\/","logo":{"@type":"ImageObject","inLanguage":"fr-FR","@id":"https:\/\/www.eumedbridge.eu\/#\/schema\/logo\/image\/","url":"https:\/\/www.eumedbridge.eu\/wp-content\/uploads\/2021\/12\/Logo.png","contentUrl":"https:\/\/www.eumedbridge.eu\/wp-content\/uploads\/2021\/12\/Logo.png","width":325,"height":114,"caption":"EU Medbridge"},"image":{"@id":"https:\/\/www.eumedbridge.eu\/#\/schema\/logo\/image\/"},"sameAs":["https:\/\/www.facebook.com\/eumedbridge\/","https:\/\/x.com\/eumedbridge","https:\/\/www.linkedin.com\/company\/eumedbridge","https:\/\/www.youtube.com\/@eumedbridge","https:\/\/www.instagram.com\/eumedbridge","https:\/\/www.flickr.com\/photos\/euneighbours-south\/"]}]}},"_links":{"self":[{"href":"https:\/\/www.eumedbridge.eu\/fr\/wp-json\/wp\/v2\/news\/241746","targetHints":{"allow":["GET"]}}],"collection":[{"href":"https:\/\/www.eumedbridge.eu\/fr\/wp-json\/wp\/v2\/news"}],"about":[{"href":"https:\/\/www.eumedbridge.eu\/fr\/wp-json\/wp\/v2\/types\/news"}],"wp:featuredmedia":[{"embeddable":true,"href":"https:\/\/www.eumedbridge.eu\/fr\/wp-json\/wp\/v2\/media\/241610"}],"wp:attachment":[{"href":"https:\/\/www.eumedbridge.eu\/fr\/wp-json\/wp\/v2\/media?parent=241746"}],"wp:term":[{"taxonomy":"news_category","embeddable":true,"href":"https:\/\/www.eumedbridge.eu\/fr\/wp-json\/wp\/v2\/news_category?post=241746"},{"taxonomy":"country","embeddable":true,"href":"https:\/\/www.eumedbridge.eu\/fr\/wp-json\/wp\/v2\/country?post=241746"},{"taxonomy":"special_action","embeddable":true,"href":"https:\/\/www.eumedbridge.eu\/fr\/wp-json\/wp\/v2\/special_action?post=241746"},{"taxonomy":"custom_tag","embeddable":true,"href":"https:\/\/www.eumedbridge.eu\/fr\/wp-json\/wp\/v2\/custom_tag?post=241746"}],"curies":[{"name":"wp","href":"https:\/\/api.w.org\/{rel}","templated":true}]}}