{"id":242394,"date":"2025-09-10T14:29:54","date_gmt":"2025-09-10T11:29:54","guid":{"rendered":"https:\/\/eumedbridge.eu\/?post_type=news&#038;p=242394"},"modified":"2025-09-10T14:29:54","modified_gmt":"2025-09-10T11:29:54","slug":"interreg-next-med-participera-au-meda-city-forum-2025","status":"publish","type":"news","link":"https:\/\/www.eumedbridge.eu\/fr\/news\/interreg-next-med-participera-au-meda-city-forum-2025\/","title":{"rendered":"Interreg NEXT MED participera au MEDA City Forum 2025"},"content":{"rendered":"<p>Le programme Interreg NEXT MED participera au MEDA City Forum 2025 \u00ab Entreprises et villes de la M\u00e9diterran\u00e9e, moteurs d&rsquo;innovation, de coh\u00e9sion et de paix \u00bb. Cet \u00e9v\u00e9nement, qui se tiendra \u00e0 Cagliari (Italie) le 19 septembre, r\u00e9unira des entreprises, des institutions, des startups et des repr\u00e9sentants de villes m\u00e9diterran\u00e9ennes afin de d\u00e9finir de nouvelles trajectoires d&rsquo;innovation, de durabilit\u00e9 et de coop\u00e9ration. Organis\u00e9 par la Chambre de commerce de Cagliari-Oristano, avec le soutien de l&rsquo;ASCAME (Association des Chambres de commerce et d&rsquo;industrie de la M\u00e9diterran\u00e9e) et de l&rsquo;Unioncamere (Union italienne des Chambres de commerce), cet \u00e9v\u00e9nement a \u00e9t\u00e9 con\u00e7u comme un espace de dialogue, de collaboration et de partage de visions pour transformer les id\u00e9es en projets \u00e0 fort impact pour les communaut\u00e9s et les territoires locaux. En plus de sa participation \u00e0 la table ronde d&rsquo;ouverture du MEDA City Forum le 19 septembre, Interreg NEXT MED participera \u00e0 un s\u00e9minaire pr\u00e9-\u00e9v\u00e9nement le 18 septembre ax\u00e9 sur les r\u00e9sultats pr\u00e9liminaires des deux premi\u00e8res propositions du programme et pr\u00e9sentera les activit\u00e9s et opportunit\u00e9s \u00e0 venir.<\/p>\n","protected":false},"featured_media":242303,"parent":0,"template":"","news_category":[],"country":[1956],"special_action":[],"custom_tag":[2312,1884],"class_list":["post-242394","news","type-news","status-publish","has-post-thumbnail","hentry","country-region-sud","custom_tag-developpement-durable","custom_tag-environnement-et-changement-climatique"],"acf":[],"yoast_head":"<!-- This site is optimized with the Yoast SEO plugin v26.5 - https:\/\/yoast.com\/wordpress\/plugins\/seo\/ -->\n<title>Interreg NEXT MED participera au MEDA City Forum 2025 - Voisins de l&#039;UE<\/title>\n<meta name=\"robots\" content=\"index, follow, max-snippet:-1, max-image-preview:large, max-video-preview:-1\" \/>\n<link rel=\"canonical\" href=\"https:\/\/www.eumedbridge.eu\/fr\/news\/interreg-next-med-participera-au-meda-city-forum-2025\/\" \/>\n<meta property=\"og:locale\" content=\"fr_FR\" \/>\n<meta property=\"og:type\" content=\"article\" \/>\n<meta property=\"og:title\" content=\"Interreg NEXT MED participera au MEDA City Forum 2025 - Voisins de l&#039;UE\" \/>\n<meta property=\"og:description\" content=\"Le programme Interreg NEXT MED participera au MEDA City Forum 2025 \u00ab Entreprises et villes de la M\u00e9diterran\u00e9e, moteurs d&rsquo;innovation, de coh\u00e9sion et de paix \u00bb. Cet \u00e9v\u00e9nement, qui se tiendra \u00e0 Cagliari (Italie) le 19 septembre, r\u00e9unira des entreprises, des institutions, des startups et des repr\u00e9sentants de villes m\u00e9diterran\u00e9ennes afin de d\u00e9finir de nouvelles [&hellip;]\" \/>\n<meta property=\"og:url\" content=\"https:\/\/www.eumedbridge.eu\/fr\/news\/interreg-next-med-participera-au-meda-city-forum-2025\/\" \/>\n<meta property=\"og:site_name\" content=\"Voisins de l&#039;UE\" \/>\n<meta property=\"article:publisher\" content=\"https:\/\/www.facebook.com\/eumedbridge\/\" \/>\n<meta property=\"og:image\" content=\"https:\/\/www.eumedbridge.eu\/wp-content\/uploads\/2025\/09\/shutterstock_1071845537_resized.jpg\" \/>\n\t<meta property=\"og:image:width\" content=\"1280\" \/>\n\t<meta property=\"og:image:height\" content=\"853\" \/>\n\t<meta property=\"og:image:type\" content=\"image\/jpeg\" \/>\n<meta name=\"twitter:card\" content=\"summary_large_image\" \/>\n<meta name=\"twitter:site\" content=\"@eumedbridge\" \/>\n<meta name=\"twitter:label1\" content=\"Dur\u00e9e de lecture estim\u00e9e\" \/>\n\t<meta name=\"twitter:data1\" content=\"1 minute\" \/>\n<script type=\"application\/ld+json\" class=\"yoast-schema-graph\">{\"@context\":\"https:\/\/schema.org\",\"@graph\":[{\"@type\":\"WebPage\",\"@id\":\"https:\/\/www.eumedbridge.eu\/fr\/news\/interreg-next-med-participera-au-meda-city-forum-2025\/\",\"url\":\"https:\/\/www.eumedbridge.eu\/fr\/news\/interreg-next-med-participera-au-meda-city-forum-2025\/\",\"name\":\"Interreg NEXT MED participera au MEDA City Forum 2025 - Voisins de l'UE\",\"isPartOf\":{\"@id\":\"https:\/\/www.eumedbridge.eu\/#website\"},\"primaryImageOfPage\":{\"@id\":\"https:\/\/www.eumedbridge.eu\/fr\/news\/interreg-next-med-participera-au-meda-city-forum-2025\/#primaryimage\"},\"image\":{\"@id\":\"https:\/\/www.eumedbridge.eu\/fr\/news\/interreg-next-med-participera-au-meda-city-forum-2025\/#primaryimage\"},\"thumbnailUrl\":\"https:\/\/www.eumedbridge.eu\/wp-content\/uploads\/2025\/09\/shutterstock_1071845537_resized.jpg\",\"datePublished\":\"2025-09-10T11:29:54+00:00\",\"breadcrumb\":{\"@id\":\"https:\/\/www.eumedbridge.eu\/fr\/news\/interreg-next-med-participera-au-meda-city-forum-2025\/#breadcrumb\"},\"inLanguage\":\"fr-FR\",\"potentialAction\":[{\"@type\":\"ReadAction\",\"target\":[\"https:\/\/www.eumedbridge.eu\/fr\/news\/interreg-next-med-participera-au-meda-city-forum-2025\/\"]}]},{\"@type\":\"ImageObject\",\"inLanguage\":\"fr-FR\",\"@id\":\"https:\/\/www.eumedbridge.eu\/fr\/news\/interreg-next-med-participera-au-meda-city-forum-2025\/#primaryimage\",\"url\":\"https:\/\/www.eumedbridge.eu\/wp-content\/uploads\/2025\/09\/shutterstock_1071845537_resized.jpg\",\"contentUrl\":\"https:\/\/www.eumedbridge.eu\/wp-content\/uploads\/2025\/09\/shutterstock_1071845537_resized.jpg\",\"width\":1280,\"height\":853},{\"@type\":\"BreadcrumbList\",\"@id\":\"https:\/\/www.eumedbridge.eu\/fr\/news\/interreg-next-med-participera-au-meda-city-forum-2025\/#breadcrumb\",\"itemListElement\":[{\"@type\":\"ListItem\",\"position\":1,\"name\":\"Home\",\"item\":\"https:\/\/www.eumedbridge.eu\/fr\/home-page\/\"},{\"@type\":\"ListItem\",\"position\":2,\"name\":\"Actualit\u00e9s\",\"item\":\"https:\/\/www.eumedbridge.eu\/fr\/news\/\"},{\"@type\":\"ListItem\",\"position\":3,\"name\":\"Interreg NEXT MED participera au MEDA City Forum 2025\"}]},{\"@type\":\"WebSite\",\"@id\":\"https:\/\/www.eumedbridge.eu\/#website\",\"url\":\"https:\/\/www.eumedbridge.eu\/\",\"name\":\"EU Medbridge\",\"description\":\"\",\"publisher\":{\"@id\":\"https:\/\/www.eumedbridge.eu\/#organization\"},\"potentialAction\":[{\"@type\":\"SearchAction\",\"target\":{\"@type\":\"EntryPoint\",\"urlTemplate\":\"https:\/\/www.eumedbridge.eu\/?s={search_term_string}\"},\"query-input\":{\"@type\":\"PropertyValueSpecification\",\"valueRequired\":true,\"valueName\":\"search_term_string\"}}],\"inLanguage\":\"fr-FR\"},{\"@type\":\"Organization\",\"@id\":\"https:\/\/www.eumedbridge.eu\/#organization\",\"name\":\"EU Medbridge\",\"url\":\"https:\/\/www.eumedbridge.eu\/\",\"logo\":{\"@type\":\"ImageObject\",\"inLanguage\":\"fr-FR\",\"@id\":\"https:\/\/www.eumedbridge.eu\/#\/schema\/logo\/image\/\",\"url\":\"https:\/\/www.eumedbridge.eu\/wp-content\/uploads\/2021\/12\/Logo.png\",\"contentUrl\":\"https:\/\/www.eumedbridge.eu\/wp-content\/uploads\/2021\/12\/Logo.png\",\"width\":325,\"height\":114,\"caption\":\"EU Medbridge\"},\"image\":{\"@id\":\"https:\/\/www.eumedbridge.eu\/#\/schema\/logo\/image\/\"},\"sameAs\":[\"https:\/\/www.facebook.com\/eumedbridge\/\",\"https:\/\/x.com\/eumedbridge\",\"https:\/\/www.linkedin.com\/company\/eumedbridge\",\"https:\/\/www.youtube.com\/@eumedbridge\",\"https:\/\/www.instagram.com\/eumedbridge\",\"https:\/\/www.flickr.com\/photos\/euneighbours-south\/\"]}]}<\/script>\n<!-- \/ Yoast SEO plugin. -->","yoast_head_json":{"title":"Interreg NEXT MED participera au MEDA City Forum 2025 - Voisins de l'UE","robots":{"index":"index","follow":"follow","max-snippet":"max-snippet:-1","max-image-preview":"max-image-preview:large","max-video-preview":"max-video-preview:-1"},"canonical":"https:\/\/www.eumedbridge.eu\/fr\/news\/interreg-next-med-participera-au-meda-city-forum-2025\/","og_locale":"fr_FR","og_type":"article","og_title":"Interreg NEXT MED participera au MEDA City Forum 2025 - Voisins de l'UE","og_description":"Le programme Interreg NEXT MED participera au MEDA City Forum 2025 \u00ab Entreprises et villes de la M\u00e9diterran\u00e9e, moteurs d&rsquo;innovation, de coh\u00e9sion et de paix \u00bb. Cet \u00e9v\u00e9nement, qui se tiendra \u00e0 Cagliari (Italie) le 19 septembre, r\u00e9unira des entreprises, des institutions, des startups et des repr\u00e9sentants de villes m\u00e9diterran\u00e9ennes afin de d\u00e9finir de nouvelles [&hellip;]","og_url":"https:\/\/www.eumedbridge.eu\/fr\/news\/interreg-next-med-participera-au-meda-city-forum-2025\/","og_site_name":"Voisins de l'UE","article_publisher":"https:\/\/www.facebook.com\/eumedbridge\/","og_image":[{"width":1280,"height":853,"url":"https:\/\/www.eumedbridge.eu\/wp-content\/uploads\/2025\/09\/shutterstock_1071845537_resized.jpg","type":"image\/jpeg"}],"twitter_card":"summary_large_image","twitter_site":"@eumedbridge","twitter_misc":{"Dur\u00e9e de lecture estim\u00e9e":"1 minute"},"schema":{"@context":"https:\/\/schema.org","@graph":[{"@type":"WebPage","@id":"https:\/\/www.eumedbridge.eu\/fr\/news\/interreg-next-med-participera-au-meda-city-forum-2025\/","url":"https:\/\/www.eumedbridge.eu\/fr\/news\/interreg-next-med-participera-au-meda-city-forum-2025\/","name":"Interreg NEXT MED participera au MEDA City Forum 2025 - Voisins de l'UE","isPartOf":{"@id":"https:\/\/www.eumedbridge.eu\/#website"},"primaryImageOfPage":{"@id":"https:\/\/www.eumedbridge.eu\/fr\/news\/interreg-next-med-participera-au-meda-city-forum-2025\/#primaryimage"},"image":{"@id":"https:\/\/www.eumedbridge.eu\/fr\/news\/interreg-next-med-participera-au-meda-city-forum-2025\/#primaryimage"},"thumbnailUrl":"https:\/\/www.eumedbridge.eu\/wp-content\/uploads\/2025\/09\/shutterstock_1071845537_resized.jpg","datePublished":"2025-09-10T11:29:54+00:00","breadcrumb":{"@id":"https:\/\/www.eumedbridge.eu\/fr\/news\/interreg-next-med-participera-au-meda-city-forum-2025\/#breadcrumb"},"inLanguage":"fr-FR","potentialAction":[{"@type":"ReadAction","target":["https:\/\/www.eumedbridge.eu\/fr\/news\/interreg-next-med-participera-au-meda-city-forum-2025\/"]}]},{"@type":"ImageObject","inLanguage":"fr-FR","@id":"https:\/\/www.eumedbridge.eu\/fr\/news\/interreg-next-med-participera-au-meda-city-forum-2025\/#primaryimage","url":"https:\/\/www.eumedbridge.eu\/wp-content\/uploads\/2025\/09\/shutterstock_1071845537_resized.jpg","contentUrl":"https:\/\/www.eumedbridge.eu\/wp-content\/uploads\/2025\/09\/shutterstock_1071845537_resized.jpg","width":1280,"height":853},{"@type":"BreadcrumbList","@id":"https:\/\/www.eumedbridge.eu\/fr\/news\/interreg-next-med-participera-au-meda-city-forum-2025\/#breadcrumb","itemListElement":[{"@type":"ListItem","position":1,"name":"Home","item":"https:\/\/www.eumedbridge.eu\/fr\/home-page\/"},{"@type":"ListItem","position":2,"name":"Actualit\u00e9s","item":"https:\/\/www.eumedbridge.eu\/fr\/news\/"},{"@type":"ListItem","position":3,"name":"Interreg NEXT MED participera au MEDA City Forum 2025"}]},{"@type":"WebSite","@id":"https:\/\/www.eumedbridge.eu\/#website","url":"https:\/\/www.eumedbridge.eu\/","name":"EU Medbridge","description":"","publisher":{"@id":"https:\/\/www.eumedbridge.eu\/#organization"},"potentialAction":[{"@type":"SearchAction","target":{"@type":"EntryPoint","urlTemplate":"https:\/\/www.eumedbridge.eu\/?s={search_term_string}"},"query-input":{"@type":"PropertyValueSpecification","valueRequired":true,"valueName":"search_term_string"}}],"inLanguage":"fr-FR"},{"@type":"Organization","@id":"https:\/\/www.eumedbridge.eu\/#organization","name":"EU Medbridge","url":"https:\/\/www.eumedbridge.eu\/","logo":{"@type":"ImageObject","inLanguage":"fr-FR","@id":"https:\/\/www.eumedbridge.eu\/#\/schema\/logo\/image\/","url":"https:\/\/www.eumedbridge.eu\/wp-content\/uploads\/2021\/12\/Logo.png","contentUrl":"https:\/\/www.eumedbridge.eu\/wp-content\/uploads\/2021\/12\/Logo.png","width":325,"height":114,"caption":"EU Medbridge"},"image":{"@id":"https:\/\/www.eumedbridge.eu\/#\/schema\/logo\/image\/"},"sameAs":["https:\/\/www.facebook.com\/eumedbridge\/","https:\/\/x.com\/eumedbridge","https:\/\/www.linkedin.com\/company\/eumedbridge","https:\/\/www.youtube.com\/@eumedbridge","https:\/\/www.instagram.com\/eumedbridge","https:\/\/www.flickr.com\/photos\/euneighbours-south\/"]}]}},"_links":{"self":[{"href":"https:\/\/www.eumedbridge.eu\/fr\/wp-json\/wp\/v2\/news\/242394","targetHints":{"allow":["GET"]}}],"collection":[{"href":"https:\/\/www.eumedbridge.eu\/fr\/wp-json\/wp\/v2\/news"}],"about":[{"href":"https:\/\/www.eumedbridge.eu\/fr\/wp-json\/wp\/v2\/types\/news"}],"wp:featuredmedia":[{"embeddable":true,"href":"https:\/\/www.eumedbridge.eu\/fr\/wp-json\/wp\/v2\/media\/242303"}],"wp:attachment":[{"href":"https:\/\/www.eumedbridge.eu\/fr\/wp-json\/wp\/v2\/media?parent=242394"}],"wp:term":[{"taxonomy":"news_category","embeddable":true,"href":"https:\/\/www.eumedbridge.eu\/fr\/wp-json\/wp\/v2\/news_category?post=242394"},{"taxonomy":"country","embeddable":true,"href":"https:\/\/www.eumedbridge.eu\/fr\/wp-json\/wp\/v2\/country?post=242394"},{"taxonomy":"special_action","embeddable":true,"href":"https:\/\/www.eumedbridge.eu\/fr\/wp-json\/wp\/v2\/special_action?post=242394"},{"taxonomy":"custom_tag","embeddable":true,"href":"https:\/\/www.eumedbridge.eu\/fr\/wp-json\/wp\/v2\/custom_tag?post=242394"}],"curies":[{"name":"wp","href":"https:\/\/api.w.org\/{rel}","templated":true}]}}