{"id":244047,"date":"2025-10-27T09:52:13","date_gmt":"2025-10-27T07:52:13","guid":{"rendered":"https:\/\/eumedbridge.eu\/?post_type=news&#038;p=244047"},"modified":"2025-10-27T09:52:13","modified_gmt":"2025-10-27T07:52:13","slug":"journee-du-projet-prima-2025-100-participants-et-57-projets-representes","status":"publish","type":"news","link":"https:\/\/www.eumedbridge.eu\/fr\/news\/journee-du-projet-prima-2025-100-participants-et-57-projets-representes\/","title":{"rendered":"Journ\u00e9e du projet PRIMA 2025\u00a0: 100 participants et 57 projets repr\u00e9sent\u00e9s"},"content":{"rendered":"<p>Les repr\u00e9sentants des projets passent d\u2019une affiche \u00e0 l\u2019autre, s\u2019arr\u00eatant pour discuter et \u00e9changer leurs points de vue et leurs exp\u00e9riences. Les regards se portent sur les badges, les noms sont not\u00e9s, les e-mails \u00e9chang\u00e9s. Autour d\u2019un caf\u00e9, les conversations fusent\u00a0: lancement de projets, partenaires, collaborations partag\u00e9es, d\u00e9fis initiaux, doutes et questions. Et puis, la magie op\u00e8re. Deux jours apr\u00e8s le d\u00e9but de la Journ\u00e9e du projet PRIMA, les participants se connectent d\u00e9j\u00e0, cr\u00e9ent des synergies et apprennent des projets des autres.<\/p>\n<p>Pendant deux jours \u00e0 Barcelone, la Journ\u00e9e du projet PRIMA 2025 a enflamm\u00e9 la ville avec 100 participants, repr\u00e9sentant 57 projets au total, qui ont \u00e9chang\u00e9, partag\u00e9 des id\u00e9es et tiss\u00e9 des liens au sein de la communaut\u00e9 PRIMA. Plus qu\u2019un simple \u00e9v\u00e9nement de r\u00e9seautage, la Journ\u00e9e du projet incarne l\u2019engagement de PRIMA \u00e0 cr\u00e9er des liens au sein de son portefeuille de recherche. Aux c\u00f4t\u00e9s des participants au projet, des repr\u00e9sentants des agences nationales de financement, le pr\u00e9sident de PRIMA, des fonctionnaires de la Commission europ\u00e9enne, le comit\u00e9 scientifique consultatif et l&rsquo;\u00e9quipe de PRIMA ont particip\u00e9 \u00e0 la pr\u00e9sentation, pr\u00e9sentant l&rsquo;\u00e9cosyst\u00e8me complet qui soutient les projets sur la voie de la r\u00e9ussite.<\/p>\n<p>Pour les projets de recherche financ\u00e9s par l&rsquo;UE, la capacit\u00e9 \u00e0 communiquer des travaux scientifiques complexes en des r\u00e9cits clairs et convaincants est essentielle. Qu&rsquo;ils s&rsquo;adressent aux d\u00e9cideurs politiques, aux partenaires potentiels ou au grand public, les chercheurs doivent adapter leur discours pour \u00eatre compris par des publics divers. La pr\u00e9sentation est un exercice indispensable, qui aide les \u00e9quipes projet \u00e0 affiner leurs messages de communication et \u00e0 exprimer la singularit\u00e9 de leur projet. Cette ann\u00e9e, la s\u00e9ance de pr\u00e9sentation comprenait 28 pr\u00e9sentations, chaque projet disposant d&rsquo;exactement deux minutes pour les pr\u00e9senter. La s\u00e9ance \u00e9tait anim\u00e9e par des membres du comit\u00e9 scientifique consultatif, qui ont imm\u00e9diatement fourni un retour d&rsquo;information et \u00e9chang\u00e9 directement avec les \u00e9quipes.<\/p>\n","protected":false},"featured_media":243910,"parent":0,"template":"","news_category":[],"country":[1956],"special_action":[],"custom_tag":[2312,1870],"class_list":["post-244047","news","type-news","status-publish","has-post-thumbnail","hentry","country-region-sud","custom_tag-developpement-durable","custom_tag-societe-civile"],"acf":[],"yoast_head":"<!-- This site is optimized with the Yoast SEO plugin v26.5 - https:\/\/yoast.com\/wordpress\/plugins\/seo\/ -->\n<title>Journ\u00e9e du projet PRIMA 2025\u00a0: 100 participants et 57 projets repr\u00e9sent\u00e9s - Voisins de l&#039;UE<\/title>\n<meta name=\"robots\" content=\"index, follow, max-snippet:-1, max-image-preview:large, max-video-preview:-1\" \/>\n<link rel=\"canonical\" href=\"https:\/\/www.eumedbridge.eu\/fr\/news\/journee-du-projet-prima-2025-100-participants-et-57-projets-representes\/\" \/>\n<meta property=\"og:locale\" content=\"fr_FR\" \/>\n<meta property=\"og:type\" content=\"article\" \/>\n<meta property=\"og:title\" content=\"Journ\u00e9e du projet PRIMA 2025\u00a0: 100 participants et 57 projets repr\u00e9sent\u00e9s - Voisins de l&#039;UE\" \/>\n<meta property=\"og:description\" content=\"Les repr\u00e9sentants des projets passent d\u2019une affiche \u00e0 l\u2019autre, s\u2019arr\u00eatant pour discuter et \u00e9changer leurs points de vue et leurs exp\u00e9riences. Les regards se portent sur les badges, les noms sont not\u00e9s, les e-mails \u00e9chang\u00e9s. Autour d\u2019un caf\u00e9, les conversations fusent\u00a0: lancement de projets, partenaires, collaborations partag\u00e9es, d\u00e9fis initiaux, doutes et questions. Et puis, la [&hellip;]\" \/>\n<meta property=\"og:url\" content=\"https:\/\/www.eumedbridge.eu\/fr\/news\/journee-du-projet-prima-2025-100-participants-et-57-projets-representes\/\" \/>\n<meta property=\"og:site_name\" content=\"Voisins de l&#039;UE\" \/>\n<meta property=\"article:publisher\" content=\"https:\/\/www.facebook.com\/eumedbridge\/\" \/>\n<meta property=\"og:image\" content=\"https:\/\/www.eumedbridge.eu\/wp-content\/uploads\/2025\/10\/MG_4784-1-1536x859-1.jpg\" \/>\n\t<meta property=\"og:image:width\" content=\"1536\" \/>\n\t<meta property=\"og:image:height\" content=\"859\" \/>\n\t<meta property=\"og:image:type\" content=\"image\/jpeg\" \/>\n<meta name=\"twitter:card\" content=\"summary_large_image\" \/>\n<meta name=\"twitter:site\" content=\"@eumedbridge\" \/>\n<meta name=\"twitter:label1\" content=\"Dur\u00e9e de lecture estim\u00e9e\" \/>\n\t<meta name=\"twitter:data1\" content=\"2 minutes\" \/>\n<script type=\"application\/ld+json\" class=\"yoast-schema-graph\">{\"@context\":\"https:\/\/schema.org\",\"@graph\":[{\"@type\":\"WebPage\",\"@id\":\"https:\/\/www.eumedbridge.eu\/fr\/news\/journee-du-projet-prima-2025-100-participants-et-57-projets-representes\/\",\"url\":\"https:\/\/www.eumedbridge.eu\/fr\/news\/journee-du-projet-prima-2025-100-participants-et-57-projets-representes\/\",\"name\":\"Journ\u00e9e du projet PRIMA 2025\u00a0: 100 participants et 57 projets repr\u00e9sent\u00e9s - Voisins de l'UE\",\"isPartOf\":{\"@id\":\"https:\/\/www.eumedbridge.eu\/#website\"},\"primaryImageOfPage\":{\"@id\":\"https:\/\/www.eumedbridge.eu\/fr\/news\/journee-du-projet-prima-2025-100-participants-et-57-projets-representes\/#primaryimage\"},\"image\":{\"@id\":\"https:\/\/www.eumedbridge.eu\/fr\/news\/journee-du-projet-prima-2025-100-participants-et-57-projets-representes\/#primaryimage\"},\"thumbnailUrl\":\"https:\/\/www.eumedbridge.eu\/wp-content\/uploads\/2025\/10\/MG_4784-1-1536x859-1.jpg\",\"datePublished\":\"2025-10-27T07:52:13+00:00\",\"breadcrumb\":{\"@id\":\"https:\/\/www.eumedbridge.eu\/fr\/news\/journee-du-projet-prima-2025-100-participants-et-57-projets-representes\/#breadcrumb\"},\"inLanguage\":\"fr-FR\",\"potentialAction\":[{\"@type\":\"ReadAction\",\"target\":[\"https:\/\/www.eumedbridge.eu\/fr\/news\/journee-du-projet-prima-2025-100-participants-et-57-projets-representes\/\"]}]},{\"@type\":\"ImageObject\",\"inLanguage\":\"fr-FR\",\"@id\":\"https:\/\/www.eumedbridge.eu\/fr\/news\/journee-du-projet-prima-2025-100-participants-et-57-projets-representes\/#primaryimage\",\"url\":\"https:\/\/www.eumedbridge.eu\/wp-content\/uploads\/2025\/10\/MG_4784-1-1536x859-1.jpg\",\"contentUrl\":\"https:\/\/www.eumedbridge.eu\/wp-content\/uploads\/2025\/10\/MG_4784-1-1536x859-1.jpg\",\"width\":1536,\"height\":859},{\"@type\":\"BreadcrumbList\",\"@id\":\"https:\/\/www.eumedbridge.eu\/fr\/news\/journee-du-projet-prima-2025-100-participants-et-57-projets-representes\/#breadcrumb\",\"itemListElement\":[{\"@type\":\"ListItem\",\"position\":1,\"name\":\"Home\",\"item\":\"https:\/\/www.eumedbridge.eu\/fr\/home-page\/\"},{\"@type\":\"ListItem\",\"position\":2,\"name\":\"Actualit\u00e9s\",\"item\":\"https:\/\/www.eumedbridge.eu\/fr\/news\/\"},{\"@type\":\"ListItem\",\"position\":3,\"name\":\"Journ\u00e9e du projet PRIMA 2025\u00a0: 100 participants et 57 projets repr\u00e9sent\u00e9s\"}]},{\"@type\":\"WebSite\",\"@id\":\"https:\/\/www.eumedbridge.eu\/#website\",\"url\":\"https:\/\/www.eumedbridge.eu\/\",\"name\":\"EU Medbridge\",\"description\":\"\",\"publisher\":{\"@id\":\"https:\/\/www.eumedbridge.eu\/#organization\"},\"potentialAction\":[{\"@type\":\"SearchAction\",\"target\":{\"@type\":\"EntryPoint\",\"urlTemplate\":\"https:\/\/www.eumedbridge.eu\/?s={search_term_string}\"},\"query-input\":{\"@type\":\"PropertyValueSpecification\",\"valueRequired\":true,\"valueName\":\"search_term_string\"}}],\"inLanguage\":\"fr-FR\"},{\"@type\":\"Organization\",\"@id\":\"https:\/\/www.eumedbridge.eu\/#organization\",\"name\":\"EU Medbridge\",\"url\":\"https:\/\/www.eumedbridge.eu\/\",\"logo\":{\"@type\":\"ImageObject\",\"inLanguage\":\"fr-FR\",\"@id\":\"https:\/\/www.eumedbridge.eu\/#\/schema\/logo\/image\/\",\"url\":\"https:\/\/www.eumedbridge.eu\/wp-content\/uploads\/2021\/12\/Logo.png\",\"contentUrl\":\"https:\/\/www.eumedbridge.eu\/wp-content\/uploads\/2021\/12\/Logo.png\",\"width\":325,\"height\":114,\"caption\":\"EU Medbridge\"},\"image\":{\"@id\":\"https:\/\/www.eumedbridge.eu\/#\/schema\/logo\/image\/\"},\"sameAs\":[\"https:\/\/www.facebook.com\/eumedbridge\/\",\"https:\/\/x.com\/eumedbridge\",\"https:\/\/www.linkedin.com\/company\/eumedbridge\",\"https:\/\/www.youtube.com\/@eumedbridge\",\"https:\/\/www.instagram.com\/eumedbridge\",\"https:\/\/www.flickr.com\/photos\/euneighbours-south\/\"]}]}<\/script>\n<!-- \/ Yoast SEO plugin. -->","yoast_head_json":{"title":"Journ\u00e9e du projet PRIMA 2025\u00a0: 100 participants et 57 projets repr\u00e9sent\u00e9s - Voisins de l'UE","robots":{"index":"index","follow":"follow","max-snippet":"max-snippet:-1","max-image-preview":"max-image-preview:large","max-video-preview":"max-video-preview:-1"},"canonical":"https:\/\/www.eumedbridge.eu\/fr\/news\/journee-du-projet-prima-2025-100-participants-et-57-projets-representes\/","og_locale":"fr_FR","og_type":"article","og_title":"Journ\u00e9e du projet PRIMA 2025\u00a0: 100 participants et 57 projets repr\u00e9sent\u00e9s - Voisins de l'UE","og_description":"Les repr\u00e9sentants des projets passent d\u2019une affiche \u00e0 l\u2019autre, s\u2019arr\u00eatant pour discuter et \u00e9changer leurs points de vue et leurs exp\u00e9riences. Les regards se portent sur les badges, les noms sont not\u00e9s, les e-mails \u00e9chang\u00e9s. Autour d\u2019un caf\u00e9, les conversations fusent\u00a0: lancement de projets, partenaires, collaborations partag\u00e9es, d\u00e9fis initiaux, doutes et questions. Et puis, la [&hellip;]","og_url":"https:\/\/www.eumedbridge.eu\/fr\/news\/journee-du-projet-prima-2025-100-participants-et-57-projets-representes\/","og_site_name":"Voisins de l'UE","article_publisher":"https:\/\/www.facebook.com\/eumedbridge\/","og_image":[{"width":1536,"height":859,"url":"https:\/\/www.eumedbridge.eu\/wp-content\/uploads\/2025\/10\/MG_4784-1-1536x859-1.jpg","type":"image\/jpeg"}],"twitter_card":"summary_large_image","twitter_site":"@eumedbridge","twitter_misc":{"Dur\u00e9e de lecture estim\u00e9e":"2 minutes"},"schema":{"@context":"https:\/\/schema.org","@graph":[{"@type":"WebPage","@id":"https:\/\/www.eumedbridge.eu\/fr\/news\/journee-du-projet-prima-2025-100-participants-et-57-projets-representes\/","url":"https:\/\/www.eumedbridge.eu\/fr\/news\/journee-du-projet-prima-2025-100-participants-et-57-projets-representes\/","name":"Journ\u00e9e du projet PRIMA 2025\u00a0: 100 participants et 57 projets repr\u00e9sent\u00e9s - Voisins de l'UE","isPartOf":{"@id":"https:\/\/www.eumedbridge.eu\/#website"},"primaryImageOfPage":{"@id":"https:\/\/www.eumedbridge.eu\/fr\/news\/journee-du-projet-prima-2025-100-participants-et-57-projets-representes\/#primaryimage"},"image":{"@id":"https:\/\/www.eumedbridge.eu\/fr\/news\/journee-du-projet-prima-2025-100-participants-et-57-projets-representes\/#primaryimage"},"thumbnailUrl":"https:\/\/www.eumedbridge.eu\/wp-content\/uploads\/2025\/10\/MG_4784-1-1536x859-1.jpg","datePublished":"2025-10-27T07:52:13+00:00","breadcrumb":{"@id":"https:\/\/www.eumedbridge.eu\/fr\/news\/journee-du-projet-prima-2025-100-participants-et-57-projets-representes\/#breadcrumb"},"inLanguage":"fr-FR","potentialAction":[{"@type":"ReadAction","target":["https:\/\/www.eumedbridge.eu\/fr\/news\/journee-du-projet-prima-2025-100-participants-et-57-projets-representes\/"]}]},{"@type":"ImageObject","inLanguage":"fr-FR","@id":"https:\/\/www.eumedbridge.eu\/fr\/news\/journee-du-projet-prima-2025-100-participants-et-57-projets-representes\/#primaryimage","url":"https:\/\/www.eumedbridge.eu\/wp-content\/uploads\/2025\/10\/MG_4784-1-1536x859-1.jpg","contentUrl":"https:\/\/www.eumedbridge.eu\/wp-content\/uploads\/2025\/10\/MG_4784-1-1536x859-1.jpg","width":1536,"height":859},{"@type":"BreadcrumbList","@id":"https:\/\/www.eumedbridge.eu\/fr\/news\/journee-du-projet-prima-2025-100-participants-et-57-projets-representes\/#breadcrumb","itemListElement":[{"@type":"ListItem","position":1,"name":"Home","item":"https:\/\/www.eumedbridge.eu\/fr\/home-page\/"},{"@type":"ListItem","position":2,"name":"Actualit\u00e9s","item":"https:\/\/www.eumedbridge.eu\/fr\/news\/"},{"@type":"ListItem","position":3,"name":"Journ\u00e9e du projet PRIMA 2025\u00a0: 100 participants et 57 projets repr\u00e9sent\u00e9s"}]},{"@type":"WebSite","@id":"https:\/\/www.eumedbridge.eu\/#website","url":"https:\/\/www.eumedbridge.eu\/","name":"EU Medbridge","description":"","publisher":{"@id":"https:\/\/www.eumedbridge.eu\/#organization"},"potentialAction":[{"@type":"SearchAction","target":{"@type":"EntryPoint","urlTemplate":"https:\/\/www.eumedbridge.eu\/?s={search_term_string}"},"query-input":{"@type":"PropertyValueSpecification","valueRequired":true,"valueName":"search_term_string"}}],"inLanguage":"fr-FR"},{"@type":"Organization","@id":"https:\/\/www.eumedbridge.eu\/#organization","name":"EU Medbridge","url":"https:\/\/www.eumedbridge.eu\/","logo":{"@type":"ImageObject","inLanguage":"fr-FR","@id":"https:\/\/www.eumedbridge.eu\/#\/schema\/logo\/image\/","url":"https:\/\/www.eumedbridge.eu\/wp-content\/uploads\/2021\/12\/Logo.png","contentUrl":"https:\/\/www.eumedbridge.eu\/wp-content\/uploads\/2021\/12\/Logo.png","width":325,"height":114,"caption":"EU Medbridge"},"image":{"@id":"https:\/\/www.eumedbridge.eu\/#\/schema\/logo\/image\/"},"sameAs":["https:\/\/www.facebook.com\/eumedbridge\/","https:\/\/x.com\/eumedbridge","https:\/\/www.linkedin.com\/company\/eumedbridge","https:\/\/www.youtube.com\/@eumedbridge","https:\/\/www.instagram.com\/eumedbridge","https:\/\/www.flickr.com\/photos\/euneighbours-south\/"]}]}},"_links":{"self":[{"href":"https:\/\/www.eumedbridge.eu\/fr\/wp-json\/wp\/v2\/news\/244047","targetHints":{"allow":["GET"]}}],"collection":[{"href":"https:\/\/www.eumedbridge.eu\/fr\/wp-json\/wp\/v2\/news"}],"about":[{"href":"https:\/\/www.eumedbridge.eu\/fr\/wp-json\/wp\/v2\/types\/news"}],"wp:featuredmedia":[{"embeddable":true,"href":"https:\/\/www.eumedbridge.eu\/fr\/wp-json\/wp\/v2\/media\/243910"}],"wp:attachment":[{"href":"https:\/\/www.eumedbridge.eu\/fr\/wp-json\/wp\/v2\/media?parent=244047"}],"wp:term":[{"taxonomy":"news_category","embeddable":true,"href":"https:\/\/www.eumedbridge.eu\/fr\/wp-json\/wp\/v2\/news_category?post=244047"},{"taxonomy":"country","embeddable":true,"href":"https:\/\/www.eumedbridge.eu\/fr\/wp-json\/wp\/v2\/country?post=244047"},{"taxonomy":"special_action","embeddable":true,"href":"https:\/\/www.eumedbridge.eu\/fr\/wp-json\/wp\/v2\/special_action?post=244047"},{"taxonomy":"custom_tag","embeddable":true,"href":"https:\/\/www.eumedbridge.eu\/fr\/wp-json\/wp\/v2\/custom_tag?post=244047"}],"curies":[{"name":"wp","href":"https:\/\/api.w.org\/{rel}","templated":true}]}}