{"id":244184,"date":"2025-10-31T09:48:12","date_gmt":"2025-10-31T07:48:12","guid":{"rendered":"https:\/\/eumedbridge.eu\/?post_type=news&#038;p=244184"},"modified":"2025-10-31T09:48:12","modified_gmt":"2025-10-31T07:48:12","slug":"lupm-se-rend-a-la-cop30-au-bresil-appel-a-manifestation-dinteret-pour-des-evenements-paralleles-au-pavillon-mediterraneen","status":"publish","type":"news","link":"https:\/\/www.eumedbridge.eu\/fr\/news\/lupm-se-rend-a-la-cop30-au-bresil-appel-a-manifestation-dinteret-pour-des-evenements-paralleles-au-pavillon-mediterraneen\/","title":{"rendered":"L\u2019UpM se rend \u00e0 la COP30 au Br\u00e9sil\u00a0: Appel \u00e0 manifestation d\u2019int\u00e9r\u00eat pour des \u00e9v\u00e9nements parall\u00e8les au Pavillon m\u00e9diterran\u00e9en"},"content":{"rendered":"<p>L\u2019UpM et son Pavillon m\u00e9diterran\u00e9en seront pr\u00e9sents \u00e0 la COP30 \u00e0 Bel\u00e9m, au Br\u00e9sil (du 10 au 21\u00a0novembre\u00a02025). Ils collaboreront avec leurs partenaires pour faire entendre la voix de la M\u00e9diterran\u00e9e lors des n\u00e9gociations climatiques mondiales et pr\u00e9senter des solutions concr\u00e8tes et adaptables \u00e0 l\u2019\u00e9chelle r\u00e9gionale. L\u2019UpM lance un appel \u00e0 manifestation d\u2019int\u00e9r\u00eat pour l\u2019organisation d\u2019\u00e9v\u00e9nements parall\u00e8les, de r\u00e9ceptions ou d\u2019expositions au Pavillon m\u00e9diterran\u00e9en pendant la COP30.<\/p>\n<p>Fort du succ\u00e8s des \u00e9ditions pr\u00e9c\u00e9dentes (COP27, COP28 et COP29), le Pavillon m\u00e9diterran\u00e9en se veut une plateforme pour la collaboration r\u00e9gionale et l\u2019ambition dans la lutte contre le changement climatique. Il s\u2019inscrit pleinement dans la vision mondiale de la COP30, tout en apportant la voix unique de la M\u00e9diterran\u00e9e \u00e0 Bel\u00e9m.<\/p>\n<p>Le Pavillon est con\u00e7u pour \u00eatre un p\u00f4le r\u00e9gional dynamique, pr\u00e9sentant les actions men\u00e9es par les institutions publiques, les acteurs cl\u00e9s de la lutte contre le changement climatique, les entreprises, les organisations de la soci\u00e9t\u00e9 civile et les repr\u00e9sentants de la jeunesse pour une transition durable et inclusive. Par cet appel \u00e0 propositions, l\u2019UpM invite toutes les organisations \u0153uvrant dans la r\u00e9gion m\u00e9diterran\u00e9enne \u00e0 soumettre des propositions d\u2019activit\u00e9s et d\u2019\u00e9v\u00e9nements parall\u00e8les qui seraient pr\u00e9sent\u00e9s au Pavillon m\u00e9diterran\u00e9en.<\/p>\n","protected":false},"featured_media":244085,"parent":0,"template":"","news_category":[],"country":[1956],"special_action":[],"custom_tag":[1884],"class_list":["post-244184","news","type-news","status-publish","has-post-thumbnail","hentry","country-region-sud","custom_tag-environnement-et-changement-climatique"],"acf":[],"yoast_head":"<!-- This site is optimized with the Yoast SEO plugin v26.5 - https:\/\/yoast.com\/wordpress\/plugins\/seo\/ -->\n<title>L\u2019UpM se rend \u00e0 la COP30 au Br\u00e9sil\u00a0: Appel \u00e0 manifestation d\u2019int\u00e9r\u00eat pour des \u00e9v\u00e9nements parall\u00e8les au Pavillon m\u00e9diterran\u00e9en - Voisins de l&#039;UE<\/title>\n<meta name=\"robots\" content=\"index, follow, max-snippet:-1, max-image-preview:large, max-video-preview:-1\" \/>\n<link rel=\"canonical\" href=\"https:\/\/www.eumedbridge.eu\/fr\/news\/lupm-se-rend-a-la-cop30-au-bresil-appel-a-manifestation-dinteret-pour-des-evenements-paralleles-au-pavillon-mediterraneen\/\" \/>\n<meta property=\"og:locale\" content=\"fr_FR\" \/>\n<meta property=\"og:type\" content=\"article\" \/>\n<meta property=\"og:title\" content=\"L\u2019UpM se rend \u00e0 la COP30 au Br\u00e9sil\u00a0: Appel \u00e0 manifestation d\u2019int\u00e9r\u00eat pour des \u00e9v\u00e9nements parall\u00e8les au Pavillon m\u00e9diterran\u00e9en - Voisins de l&#039;UE\" \/>\n<meta property=\"og:description\" content=\"L\u2019UpM et son Pavillon m\u00e9diterran\u00e9en seront pr\u00e9sents \u00e0 la COP30 \u00e0 Bel\u00e9m, au Br\u00e9sil (du 10 au 21\u00a0novembre\u00a02025). Ils collaboreront avec leurs partenaires pour faire entendre la voix de la M\u00e9diterran\u00e9e lors des n\u00e9gociations climatiques mondiales et pr\u00e9senter des solutions concr\u00e8tes et adaptables \u00e0 l\u2019\u00e9chelle r\u00e9gionale. L\u2019UpM lance un appel \u00e0 manifestation d\u2019int\u00e9r\u00eat pour l\u2019organisation [&hellip;]\" \/>\n<meta property=\"og:url\" content=\"https:\/\/www.eumedbridge.eu\/fr\/news\/lupm-se-rend-a-la-cop30-au-bresil-appel-a-manifestation-dinteret-pour-des-evenements-paralleles-au-pavillon-mediterraneen\/\" \/>\n<meta property=\"og:site_name\" content=\"Voisins de l&#039;UE\" \/>\n<meta property=\"article:publisher\" content=\"https:\/\/www.facebook.com\/eumedbridge\/\" \/>\n<meta property=\"og:image\" content=\"https:\/\/www.eumedbridge.eu\/wp-content\/uploads\/2025\/10\/cop30_1170x440px-2-1400x530-1.jpg\" \/>\n\t<meta property=\"og:image:width\" content=\"1400\" \/>\n\t<meta property=\"og:image:height\" content=\"530\" \/>\n\t<meta property=\"og:image:type\" content=\"image\/jpeg\" \/>\n<meta name=\"twitter:card\" content=\"summary_large_image\" \/>\n<meta name=\"twitter:site\" content=\"@eumedbridge\" \/>\n<meta name=\"twitter:label1\" content=\"Dur\u00e9e de lecture estim\u00e9e\" \/>\n\t<meta name=\"twitter:data1\" content=\"1 minute\" \/>\n<script type=\"application\/ld+json\" class=\"yoast-schema-graph\">{\"@context\":\"https:\/\/schema.org\",\"@graph\":[{\"@type\":\"WebPage\",\"@id\":\"https:\/\/www.eumedbridge.eu\/fr\/news\/lupm-se-rend-a-la-cop30-au-bresil-appel-a-manifestation-dinteret-pour-des-evenements-paralleles-au-pavillon-mediterraneen\/\",\"url\":\"https:\/\/www.eumedbridge.eu\/fr\/news\/lupm-se-rend-a-la-cop30-au-bresil-appel-a-manifestation-dinteret-pour-des-evenements-paralleles-au-pavillon-mediterraneen\/\",\"name\":\"L\u2019UpM se rend \u00e0 la COP30 au Br\u00e9sil\u00a0: Appel \u00e0 manifestation d\u2019int\u00e9r\u00eat pour des \u00e9v\u00e9nements parall\u00e8les au Pavillon m\u00e9diterran\u00e9en - Voisins de l'UE\",\"isPartOf\":{\"@id\":\"https:\/\/www.eumedbridge.eu\/#website\"},\"primaryImageOfPage\":{\"@id\":\"https:\/\/www.eumedbridge.eu\/fr\/news\/lupm-se-rend-a-la-cop30-au-bresil-appel-a-manifestation-dinteret-pour-des-evenements-paralleles-au-pavillon-mediterraneen\/#primaryimage\"},\"image\":{\"@id\":\"https:\/\/www.eumedbridge.eu\/fr\/news\/lupm-se-rend-a-la-cop30-au-bresil-appel-a-manifestation-dinteret-pour-des-evenements-paralleles-au-pavillon-mediterraneen\/#primaryimage\"},\"thumbnailUrl\":\"https:\/\/www.eumedbridge.eu\/wp-content\/uploads\/2025\/10\/cop30_1170x440px-2-1400x530-1.jpg\",\"datePublished\":\"2025-10-31T07:48:12+00:00\",\"breadcrumb\":{\"@id\":\"https:\/\/www.eumedbridge.eu\/fr\/news\/lupm-se-rend-a-la-cop30-au-bresil-appel-a-manifestation-dinteret-pour-des-evenements-paralleles-au-pavillon-mediterraneen\/#breadcrumb\"},\"inLanguage\":\"fr-FR\",\"potentialAction\":[{\"@type\":\"ReadAction\",\"target\":[\"https:\/\/www.eumedbridge.eu\/fr\/news\/lupm-se-rend-a-la-cop30-au-bresil-appel-a-manifestation-dinteret-pour-des-evenements-paralleles-au-pavillon-mediterraneen\/\"]}]},{\"@type\":\"ImageObject\",\"inLanguage\":\"fr-FR\",\"@id\":\"https:\/\/www.eumedbridge.eu\/fr\/news\/lupm-se-rend-a-la-cop30-au-bresil-appel-a-manifestation-dinteret-pour-des-evenements-paralleles-au-pavillon-mediterraneen\/#primaryimage\",\"url\":\"https:\/\/www.eumedbridge.eu\/wp-content\/uploads\/2025\/10\/cop30_1170x440px-2-1400x530-1.jpg\",\"contentUrl\":\"https:\/\/www.eumedbridge.eu\/wp-content\/uploads\/2025\/10\/cop30_1170x440px-2-1400x530-1.jpg\",\"width\":1400,\"height\":530},{\"@type\":\"BreadcrumbList\",\"@id\":\"https:\/\/www.eumedbridge.eu\/fr\/news\/lupm-se-rend-a-la-cop30-au-bresil-appel-a-manifestation-dinteret-pour-des-evenements-paralleles-au-pavillon-mediterraneen\/#breadcrumb\",\"itemListElement\":[{\"@type\":\"ListItem\",\"position\":1,\"name\":\"Home\",\"item\":\"https:\/\/www.eumedbridge.eu\/fr\/home-page\/\"},{\"@type\":\"ListItem\",\"position\":2,\"name\":\"Actualit\u00e9s\",\"item\":\"https:\/\/www.eumedbridge.eu\/fr\/news\/\"},{\"@type\":\"ListItem\",\"position\":3,\"name\":\"L\u2019UpM se rend \u00e0 la COP30 au Br\u00e9sil\u00a0: Appel \u00e0 manifestation d\u2019int\u00e9r\u00eat pour des \u00e9v\u00e9nements parall\u00e8les au Pavillon m\u00e9diterran\u00e9en\"}]},{\"@type\":\"WebSite\",\"@id\":\"https:\/\/www.eumedbridge.eu\/#website\",\"url\":\"https:\/\/www.eumedbridge.eu\/\",\"name\":\"EU Medbridge\",\"description\":\"\",\"publisher\":{\"@id\":\"https:\/\/www.eumedbridge.eu\/#organization\"},\"potentialAction\":[{\"@type\":\"SearchAction\",\"target\":{\"@type\":\"EntryPoint\",\"urlTemplate\":\"https:\/\/www.eumedbridge.eu\/?s={search_term_string}\"},\"query-input\":{\"@type\":\"PropertyValueSpecification\",\"valueRequired\":true,\"valueName\":\"search_term_string\"}}],\"inLanguage\":\"fr-FR\"},{\"@type\":\"Organization\",\"@id\":\"https:\/\/www.eumedbridge.eu\/#organization\",\"name\":\"EU Medbridge\",\"url\":\"https:\/\/www.eumedbridge.eu\/\",\"logo\":{\"@type\":\"ImageObject\",\"inLanguage\":\"fr-FR\",\"@id\":\"https:\/\/www.eumedbridge.eu\/#\/schema\/logo\/image\/\",\"url\":\"https:\/\/www.eumedbridge.eu\/wp-content\/uploads\/2021\/12\/Logo.png\",\"contentUrl\":\"https:\/\/www.eumedbridge.eu\/wp-content\/uploads\/2021\/12\/Logo.png\",\"width\":325,\"height\":114,\"caption\":\"EU Medbridge\"},\"image\":{\"@id\":\"https:\/\/www.eumedbridge.eu\/#\/schema\/logo\/image\/\"},\"sameAs\":[\"https:\/\/www.facebook.com\/eumedbridge\/\",\"https:\/\/x.com\/eumedbridge\",\"https:\/\/www.linkedin.com\/company\/eumedbridge\",\"https:\/\/www.youtube.com\/@eumedbridge\",\"https:\/\/www.instagram.com\/eumedbridge\",\"https:\/\/www.flickr.com\/photos\/euneighbours-south\/\"]}]}<\/script>\n<!-- \/ Yoast SEO plugin. -->","yoast_head_json":{"title":"L\u2019UpM se rend \u00e0 la COP30 au Br\u00e9sil\u00a0: Appel \u00e0 manifestation d\u2019int\u00e9r\u00eat pour des \u00e9v\u00e9nements parall\u00e8les au Pavillon m\u00e9diterran\u00e9en - Voisins de l'UE","robots":{"index":"index","follow":"follow","max-snippet":"max-snippet:-1","max-image-preview":"max-image-preview:large","max-video-preview":"max-video-preview:-1"},"canonical":"https:\/\/www.eumedbridge.eu\/fr\/news\/lupm-se-rend-a-la-cop30-au-bresil-appel-a-manifestation-dinteret-pour-des-evenements-paralleles-au-pavillon-mediterraneen\/","og_locale":"fr_FR","og_type":"article","og_title":"L\u2019UpM se rend \u00e0 la COP30 au Br\u00e9sil\u00a0: Appel \u00e0 manifestation d\u2019int\u00e9r\u00eat pour des \u00e9v\u00e9nements parall\u00e8les au Pavillon m\u00e9diterran\u00e9en - Voisins de l'UE","og_description":"L\u2019UpM et son Pavillon m\u00e9diterran\u00e9en seront pr\u00e9sents \u00e0 la COP30 \u00e0 Bel\u00e9m, au Br\u00e9sil (du 10 au 21\u00a0novembre\u00a02025). Ils collaboreront avec leurs partenaires pour faire entendre la voix de la M\u00e9diterran\u00e9e lors des n\u00e9gociations climatiques mondiales et pr\u00e9senter des solutions concr\u00e8tes et adaptables \u00e0 l\u2019\u00e9chelle r\u00e9gionale. L\u2019UpM lance un appel \u00e0 manifestation d\u2019int\u00e9r\u00eat pour l\u2019organisation [&hellip;]","og_url":"https:\/\/www.eumedbridge.eu\/fr\/news\/lupm-se-rend-a-la-cop30-au-bresil-appel-a-manifestation-dinteret-pour-des-evenements-paralleles-au-pavillon-mediterraneen\/","og_site_name":"Voisins de l'UE","article_publisher":"https:\/\/www.facebook.com\/eumedbridge\/","og_image":[{"width":1400,"height":530,"url":"https:\/\/www.eumedbridge.eu\/wp-content\/uploads\/2025\/10\/cop30_1170x440px-2-1400x530-1.jpg","type":"image\/jpeg"}],"twitter_card":"summary_large_image","twitter_site":"@eumedbridge","twitter_misc":{"Dur\u00e9e de lecture estim\u00e9e":"1 minute"},"schema":{"@context":"https:\/\/schema.org","@graph":[{"@type":"WebPage","@id":"https:\/\/www.eumedbridge.eu\/fr\/news\/lupm-se-rend-a-la-cop30-au-bresil-appel-a-manifestation-dinteret-pour-des-evenements-paralleles-au-pavillon-mediterraneen\/","url":"https:\/\/www.eumedbridge.eu\/fr\/news\/lupm-se-rend-a-la-cop30-au-bresil-appel-a-manifestation-dinteret-pour-des-evenements-paralleles-au-pavillon-mediterraneen\/","name":"L\u2019UpM se rend \u00e0 la COP30 au Br\u00e9sil\u00a0: Appel \u00e0 manifestation d\u2019int\u00e9r\u00eat pour des \u00e9v\u00e9nements parall\u00e8les au Pavillon m\u00e9diterran\u00e9en - Voisins de l'UE","isPartOf":{"@id":"https:\/\/www.eumedbridge.eu\/#website"},"primaryImageOfPage":{"@id":"https:\/\/www.eumedbridge.eu\/fr\/news\/lupm-se-rend-a-la-cop30-au-bresil-appel-a-manifestation-dinteret-pour-des-evenements-paralleles-au-pavillon-mediterraneen\/#primaryimage"},"image":{"@id":"https:\/\/www.eumedbridge.eu\/fr\/news\/lupm-se-rend-a-la-cop30-au-bresil-appel-a-manifestation-dinteret-pour-des-evenements-paralleles-au-pavillon-mediterraneen\/#primaryimage"},"thumbnailUrl":"https:\/\/www.eumedbridge.eu\/wp-content\/uploads\/2025\/10\/cop30_1170x440px-2-1400x530-1.jpg","datePublished":"2025-10-31T07:48:12+00:00","breadcrumb":{"@id":"https:\/\/www.eumedbridge.eu\/fr\/news\/lupm-se-rend-a-la-cop30-au-bresil-appel-a-manifestation-dinteret-pour-des-evenements-paralleles-au-pavillon-mediterraneen\/#breadcrumb"},"inLanguage":"fr-FR","potentialAction":[{"@type":"ReadAction","target":["https:\/\/www.eumedbridge.eu\/fr\/news\/lupm-se-rend-a-la-cop30-au-bresil-appel-a-manifestation-dinteret-pour-des-evenements-paralleles-au-pavillon-mediterraneen\/"]}]},{"@type":"ImageObject","inLanguage":"fr-FR","@id":"https:\/\/www.eumedbridge.eu\/fr\/news\/lupm-se-rend-a-la-cop30-au-bresil-appel-a-manifestation-dinteret-pour-des-evenements-paralleles-au-pavillon-mediterraneen\/#primaryimage","url":"https:\/\/www.eumedbridge.eu\/wp-content\/uploads\/2025\/10\/cop30_1170x440px-2-1400x530-1.jpg","contentUrl":"https:\/\/www.eumedbridge.eu\/wp-content\/uploads\/2025\/10\/cop30_1170x440px-2-1400x530-1.jpg","width":1400,"height":530},{"@type":"BreadcrumbList","@id":"https:\/\/www.eumedbridge.eu\/fr\/news\/lupm-se-rend-a-la-cop30-au-bresil-appel-a-manifestation-dinteret-pour-des-evenements-paralleles-au-pavillon-mediterraneen\/#breadcrumb","itemListElement":[{"@type":"ListItem","position":1,"name":"Home","item":"https:\/\/www.eumedbridge.eu\/fr\/home-page\/"},{"@type":"ListItem","position":2,"name":"Actualit\u00e9s","item":"https:\/\/www.eumedbridge.eu\/fr\/news\/"},{"@type":"ListItem","position":3,"name":"L\u2019UpM se rend \u00e0 la COP30 au Br\u00e9sil\u00a0: Appel \u00e0 manifestation d\u2019int\u00e9r\u00eat pour des \u00e9v\u00e9nements parall\u00e8les au Pavillon m\u00e9diterran\u00e9en"}]},{"@type":"WebSite","@id":"https:\/\/www.eumedbridge.eu\/#website","url":"https:\/\/www.eumedbridge.eu\/","name":"EU Medbridge","description":"","publisher":{"@id":"https:\/\/www.eumedbridge.eu\/#organization"},"potentialAction":[{"@type":"SearchAction","target":{"@type":"EntryPoint","urlTemplate":"https:\/\/www.eumedbridge.eu\/?s={search_term_string}"},"query-input":{"@type":"PropertyValueSpecification","valueRequired":true,"valueName":"search_term_string"}}],"inLanguage":"fr-FR"},{"@type":"Organization","@id":"https:\/\/www.eumedbridge.eu\/#organization","name":"EU Medbridge","url":"https:\/\/www.eumedbridge.eu\/","logo":{"@type":"ImageObject","inLanguage":"fr-FR","@id":"https:\/\/www.eumedbridge.eu\/#\/schema\/logo\/image\/","url":"https:\/\/www.eumedbridge.eu\/wp-content\/uploads\/2021\/12\/Logo.png","contentUrl":"https:\/\/www.eumedbridge.eu\/wp-content\/uploads\/2021\/12\/Logo.png","width":325,"height":114,"caption":"EU Medbridge"},"image":{"@id":"https:\/\/www.eumedbridge.eu\/#\/schema\/logo\/image\/"},"sameAs":["https:\/\/www.facebook.com\/eumedbridge\/","https:\/\/x.com\/eumedbridge","https:\/\/www.linkedin.com\/company\/eumedbridge","https:\/\/www.youtube.com\/@eumedbridge","https:\/\/www.instagram.com\/eumedbridge","https:\/\/www.flickr.com\/photos\/euneighbours-south\/"]}]}},"_links":{"self":[{"href":"https:\/\/www.eumedbridge.eu\/fr\/wp-json\/wp\/v2\/news\/244184","targetHints":{"allow":["GET"]}}],"collection":[{"href":"https:\/\/www.eumedbridge.eu\/fr\/wp-json\/wp\/v2\/news"}],"about":[{"href":"https:\/\/www.eumedbridge.eu\/fr\/wp-json\/wp\/v2\/types\/news"}],"wp:featuredmedia":[{"embeddable":true,"href":"https:\/\/www.eumedbridge.eu\/fr\/wp-json\/wp\/v2\/media\/244085"}],"wp:attachment":[{"href":"https:\/\/www.eumedbridge.eu\/fr\/wp-json\/wp\/v2\/media?parent=244184"}],"wp:term":[{"taxonomy":"news_category","embeddable":true,"href":"https:\/\/www.eumedbridge.eu\/fr\/wp-json\/wp\/v2\/news_category?post=244184"},{"taxonomy":"country","embeddable":true,"href":"https:\/\/www.eumedbridge.eu\/fr\/wp-json\/wp\/v2\/country?post=244184"},{"taxonomy":"special_action","embeddable":true,"href":"https:\/\/www.eumedbridge.eu\/fr\/wp-json\/wp\/v2\/special_action?post=244184"},{"taxonomy":"custom_tag","embeddable":true,"href":"https:\/\/www.eumedbridge.eu\/fr\/wp-json\/wp\/v2\/custom_tag?post=244184"}],"curies":[{"name":"wp","href":"https:\/\/api.w.org\/{rel}","templated":true}]}}