{"id":245490,"date":"2025-12-02T12:50:12","date_gmt":"2025-12-02T10:50:12","guid":{"rendered":"https:\/\/eumedbridge.eu\/?post_type=news&#038;p=245490"},"modified":"2025-12-02T12:50:12","modified_gmt":"2025-12-02T10:50:12","slug":"la-conference-euro-mediterraneenne-de-la-societe-civile-2025-se-tiendra-a-barcelone-le-26-novembre-2025","status":"publish","type":"news","link":"https:\/\/www.eumedbridge.eu\/fr\/news\/la-conference-euro-mediterraneenne-de-la-societe-civile-2025-se-tiendra-a-barcelone-le-26-novembre-2025\/","title":{"rendered":"La Conf\u00e9rence euro-m\u00e9diterran\u00e9enne de la soci\u00e9t\u00e9 civile 2025 se tiendra \u00e0 Barcelone le 26 novembre 2025"},"content":{"rendered":"<p>Le 30e anniversaire du Processus de Barcelone repr\u00e9sente une occasion unique de repenser les fondements du Partenariat euro-m\u00e9diterran\u00e9en et de tracer une nouvelle voie pour la r\u00e9gion. La Conf\u00e9rence euro-m\u00e9diterran\u00e9enne de la soci\u00e9t\u00e9 civile 2025 se d\u00e9roulera \u00e0 Barcelone le 26 novembre 2025, en marge du Forum r\u00e9gional de l&rsquo;UpM. Organis\u00e9e par l&rsquo;Institut europ\u00e9en de la M\u00e9diterran\u00e9e (IEMed), l&rsquo;Union pour la M\u00e9diterran\u00e9e (UpM) et le Gouvernement de Catalogne, et cofinanc\u00e9e par la Commission europ\u00e9enne (DG MENA), cette conf\u00e9rence s&rsquo;inscrit dans ce contexte de transition strat\u00e9gique et vise \u00e0 jeter les bases d&rsquo;un r\u00f4le renforc\u00e9 de la soci\u00e9t\u00e9 civile dans les relations euro-m\u00e9diterran\u00e9ennes.<\/p>\n<p>&nbsp;<\/p>\n<p>La Conf\u00e9rence entend capitaliser sur la dynamique de cette \u00e9tape cruciale en r\u00e9unissant des repr\u00e9sentants des r\u00e9seaux, programmes et alliances euro-m\u00e9diterran\u00e9ens, ainsi que des repr\u00e9sentants de l&rsquo;UpM, de la Commission europ\u00e9enne et des principales institutions r\u00e9gionales. L\u2019objectif principal de cet \u00e9v\u00e9nement est de r\u00e9affirmer le r\u00f4le strat\u00e9gique de la soci\u00e9t\u00e9 civile dans la prochaine phase de la coop\u00e9ration euro-m\u00e9diterran\u00e9enne, notamment en mati\u00e8re de gouvernance et de participation. Une centaine d\u2019organisations acad\u00e9miques, professionnelles, sociales et d\u2019acteurs \u00e9conomiques euro-m\u00e9diterran\u00e9ens sont attendus pour illustrer l\u2019\u00e9volution du r\u00f4le de la soci\u00e9t\u00e9 civile, de la consultation \u00e0 la co-conception et \u00e0 la co-mise en \u0153uvre. Ils examineront \u00e9galement de nouvelles formes de partenariat afin de mieux contribuer au Nouveau Pacte pour la M\u00e9diterran\u00e9e de la Commission europ\u00e9enne et \u00e0 la nouvelle strat\u00e9gie r\u00e9gionale de l\u2019UpM.<\/p>\n<p>&nbsp;<\/p>\n<p>La Conf\u00e9rence euro-m\u00e9diterran\u00e9enne de la soci\u00e9t\u00e9 civile 2025 est une plateforme qui met en relation les acteurs de la soci\u00e9t\u00e9 civile et les parties prenantes institutionnelles. S\u2019appuyant sur le r\u00f4le de m\u00e9diateur de connaissances de l\u2019IEMed et sur le r\u00e9seau EuroMeSCo, la conf\u00e9rence montrera comment le r\u00f4le de la soci\u00e9t\u00e9 civile a \u00e9volu\u00e9 de la consultation \u00e0 la co-conception et \u00e0 la co-mise en \u0153uvre, et explorera de nouvelles formes de partenariat pour la prochaine phase de la coop\u00e9ration euro-m\u00e9diterran\u00e9enne. Ce programme d\u2019une journ\u00e9e compl\u00e8te combine des dialogues de haut niveau, des panels th\u00e9matiques et des groupes de travail interactifs \u2013 organis\u00e9s en s\u00e9ances pl\u00e9ni\u00e8res et en ateliers parall\u00e8les \u2013 afin de d\u00e9gager des mod\u00e8les r\u00e9ussis de gouvernance collaborative et de r\u00e9affirmer l\u2019approche interpersonnelle envisag\u00e9e en 1995 comme essentielle pour relever les d\u00e9fis r\u00e9gionaux et mondiaux actuels.<\/p>\n","protected":false},"featured_media":245337,"parent":0,"template":"","news_category":[],"country":[1956],"special_action":[],"custom_tag":[1870],"class_list":["post-245490","news","type-news","status-publish","has-post-thumbnail","hentry","country-region-sud","custom_tag-societe-civile"],"acf":[],"yoast_head":"<!-- This site is optimized with the Yoast SEO plugin v26.5 - https:\/\/yoast.com\/wordpress\/plugins\/seo\/ -->\n<title>La Conf\u00e9rence euro-m\u00e9diterran\u00e9enne de la soci\u00e9t\u00e9 civile 2025 se tiendra \u00e0 Barcelone le 26 novembre 2025 - Voisins de l&#039;UE<\/title>\n<meta name=\"robots\" content=\"index, follow, max-snippet:-1, max-image-preview:large, max-video-preview:-1\" \/>\n<link rel=\"canonical\" href=\"https:\/\/www.eumedbridge.eu\/fr\/news\/la-conference-euro-mediterraneenne-de-la-societe-civile-2025-se-tiendra-a-barcelone-le-26-novembre-2025\/\" \/>\n<meta property=\"og:locale\" content=\"fr_FR\" \/>\n<meta property=\"og:type\" content=\"article\" \/>\n<meta property=\"og:title\" content=\"La Conf\u00e9rence euro-m\u00e9diterran\u00e9enne de la soci\u00e9t\u00e9 civile 2025 se tiendra \u00e0 Barcelone le 26 novembre 2025 - Voisins de l&#039;UE\" \/>\n<meta property=\"og:description\" content=\"Le 30e anniversaire du Processus de Barcelone repr\u00e9sente une occasion unique de repenser les fondements du Partenariat euro-m\u00e9diterran\u00e9en et de tracer une nouvelle voie pour la r\u00e9gion. La Conf\u00e9rence euro-m\u00e9diterran\u00e9enne de la soci\u00e9t\u00e9 civile 2025 se d\u00e9roulera \u00e0 Barcelone le 26 novembre 2025, en marge du Forum r\u00e9gional de l&rsquo;UpM. Organis\u00e9e par l&rsquo;Institut europ\u00e9en de [&hellip;]\" \/>\n<meta property=\"og:url\" content=\"https:\/\/www.eumedbridge.eu\/fr\/news\/la-conference-euro-mediterraneenne-de-la-societe-civile-2025-se-tiendra-a-barcelone-le-26-novembre-2025\/\" \/>\n<meta property=\"og:site_name\" content=\"Voisins de l&#039;UE\" \/>\n<meta property=\"article:publisher\" content=\"https:\/\/www.facebook.com\/eumedbridge\/\" \/>\n<meta property=\"og:image\" content=\"https:\/\/www.eumedbridge.eu\/wp-content\/uploads\/2025\/11\/CivilSociety_1920x1080_Screen-1-1-770x432-1.jpg\" \/>\n\t<meta property=\"og:image:width\" content=\"770\" \/>\n\t<meta property=\"og:image:height\" content=\"432\" \/>\n\t<meta property=\"og:image:type\" content=\"image\/jpeg\" \/>\n<meta name=\"twitter:card\" content=\"summary_large_image\" \/>\n<meta name=\"twitter:site\" content=\"@eumedbridge\" \/>\n<meta name=\"twitter:label1\" content=\"Dur\u00e9e de lecture estim\u00e9e\" \/>\n\t<meta name=\"twitter:data1\" content=\"2 minutes\" \/>\n<script type=\"application\/ld+json\" class=\"yoast-schema-graph\">{\"@context\":\"https:\/\/schema.org\",\"@graph\":[{\"@type\":\"WebPage\",\"@id\":\"https:\/\/www.eumedbridge.eu\/fr\/news\/la-conference-euro-mediterraneenne-de-la-societe-civile-2025-se-tiendra-a-barcelone-le-26-novembre-2025\/\",\"url\":\"https:\/\/www.eumedbridge.eu\/fr\/news\/la-conference-euro-mediterraneenne-de-la-societe-civile-2025-se-tiendra-a-barcelone-le-26-novembre-2025\/\",\"name\":\"La Conf\u00e9rence euro-m\u00e9diterran\u00e9enne de la soci\u00e9t\u00e9 civile 2025 se tiendra \u00e0 Barcelone le 26 novembre 2025 - Voisins de l'UE\",\"isPartOf\":{\"@id\":\"https:\/\/www.eumedbridge.eu\/#website\"},\"primaryImageOfPage\":{\"@id\":\"https:\/\/www.eumedbridge.eu\/fr\/news\/la-conference-euro-mediterraneenne-de-la-societe-civile-2025-se-tiendra-a-barcelone-le-26-novembre-2025\/#primaryimage\"},\"image\":{\"@id\":\"https:\/\/www.eumedbridge.eu\/fr\/news\/la-conference-euro-mediterraneenne-de-la-societe-civile-2025-se-tiendra-a-barcelone-le-26-novembre-2025\/#primaryimage\"},\"thumbnailUrl\":\"https:\/\/www.eumedbridge.eu\/wp-content\/uploads\/2025\/11\/CivilSociety_1920x1080_Screen-1-1-770x432-1.jpg\",\"datePublished\":\"2025-12-02T10:50:12+00:00\",\"breadcrumb\":{\"@id\":\"https:\/\/www.eumedbridge.eu\/fr\/news\/la-conference-euro-mediterraneenne-de-la-societe-civile-2025-se-tiendra-a-barcelone-le-26-novembre-2025\/#breadcrumb\"},\"inLanguage\":\"fr-FR\",\"potentialAction\":[{\"@type\":\"ReadAction\",\"target\":[\"https:\/\/www.eumedbridge.eu\/fr\/news\/la-conference-euro-mediterraneenne-de-la-societe-civile-2025-se-tiendra-a-barcelone-le-26-novembre-2025\/\"]}]},{\"@type\":\"ImageObject\",\"inLanguage\":\"fr-FR\",\"@id\":\"https:\/\/www.eumedbridge.eu\/fr\/news\/la-conference-euro-mediterraneenne-de-la-societe-civile-2025-se-tiendra-a-barcelone-le-26-novembre-2025\/#primaryimage\",\"url\":\"https:\/\/www.eumedbridge.eu\/wp-content\/uploads\/2025\/11\/CivilSociety_1920x1080_Screen-1-1-770x432-1.jpg\",\"contentUrl\":\"https:\/\/www.eumedbridge.eu\/wp-content\/uploads\/2025\/11\/CivilSociety_1920x1080_Screen-1-1-770x432-1.jpg\",\"width\":770,\"height\":432},{\"@type\":\"BreadcrumbList\",\"@id\":\"https:\/\/www.eumedbridge.eu\/fr\/news\/la-conference-euro-mediterraneenne-de-la-societe-civile-2025-se-tiendra-a-barcelone-le-26-novembre-2025\/#breadcrumb\",\"itemListElement\":[{\"@type\":\"ListItem\",\"position\":1,\"name\":\"Home\",\"item\":\"https:\/\/www.eumedbridge.eu\/fr\/home-page\/\"},{\"@type\":\"ListItem\",\"position\":2,\"name\":\"Actualit\u00e9s\",\"item\":\"https:\/\/www.eumedbridge.eu\/fr\/news\/\"},{\"@type\":\"ListItem\",\"position\":3,\"name\":\"La Conf\u00e9rence euro-m\u00e9diterran\u00e9enne de la soci\u00e9t\u00e9 civile 2025 se tiendra \u00e0 Barcelone le 26 novembre 2025\"}]},{\"@type\":\"WebSite\",\"@id\":\"https:\/\/www.eumedbridge.eu\/#website\",\"url\":\"https:\/\/www.eumedbridge.eu\/\",\"name\":\"EU Medbridge\",\"description\":\"\",\"publisher\":{\"@id\":\"https:\/\/www.eumedbridge.eu\/#organization\"},\"potentialAction\":[{\"@type\":\"SearchAction\",\"target\":{\"@type\":\"EntryPoint\",\"urlTemplate\":\"https:\/\/www.eumedbridge.eu\/?s={search_term_string}\"},\"query-input\":{\"@type\":\"PropertyValueSpecification\",\"valueRequired\":true,\"valueName\":\"search_term_string\"}}],\"inLanguage\":\"fr-FR\"},{\"@type\":\"Organization\",\"@id\":\"https:\/\/www.eumedbridge.eu\/#organization\",\"name\":\"EU Medbridge\",\"url\":\"https:\/\/www.eumedbridge.eu\/\",\"logo\":{\"@type\":\"ImageObject\",\"inLanguage\":\"fr-FR\",\"@id\":\"https:\/\/www.eumedbridge.eu\/#\/schema\/logo\/image\/\",\"url\":\"https:\/\/www.eumedbridge.eu\/wp-content\/uploads\/2021\/12\/Logo.png\",\"contentUrl\":\"https:\/\/www.eumedbridge.eu\/wp-content\/uploads\/2021\/12\/Logo.png\",\"width\":325,\"height\":114,\"caption\":\"EU Medbridge\"},\"image\":{\"@id\":\"https:\/\/www.eumedbridge.eu\/#\/schema\/logo\/image\/\"},\"sameAs\":[\"https:\/\/www.facebook.com\/eumedbridge\/\",\"https:\/\/x.com\/eumedbridge\",\"https:\/\/www.linkedin.com\/company\/eumedbridge\",\"https:\/\/www.youtube.com\/@eumedbridge\",\"https:\/\/www.instagram.com\/eumedbridge\",\"https:\/\/www.flickr.com\/photos\/euneighbours-south\/\"]}]}<\/script>\n<!-- \/ Yoast SEO plugin. -->","yoast_head_json":{"title":"La Conf\u00e9rence euro-m\u00e9diterran\u00e9enne de la soci\u00e9t\u00e9 civile 2025 se tiendra \u00e0 Barcelone le 26 novembre 2025 - Voisins de l'UE","robots":{"index":"index","follow":"follow","max-snippet":"max-snippet:-1","max-image-preview":"max-image-preview:large","max-video-preview":"max-video-preview:-1"},"canonical":"https:\/\/www.eumedbridge.eu\/fr\/news\/la-conference-euro-mediterraneenne-de-la-societe-civile-2025-se-tiendra-a-barcelone-le-26-novembre-2025\/","og_locale":"fr_FR","og_type":"article","og_title":"La Conf\u00e9rence euro-m\u00e9diterran\u00e9enne de la soci\u00e9t\u00e9 civile 2025 se tiendra \u00e0 Barcelone le 26 novembre 2025 - Voisins de l'UE","og_description":"Le 30e anniversaire du Processus de Barcelone repr\u00e9sente une occasion unique de repenser les fondements du Partenariat euro-m\u00e9diterran\u00e9en et de tracer une nouvelle voie pour la r\u00e9gion. La Conf\u00e9rence euro-m\u00e9diterran\u00e9enne de la soci\u00e9t\u00e9 civile 2025 se d\u00e9roulera \u00e0 Barcelone le 26 novembre 2025, en marge du Forum r\u00e9gional de l&rsquo;UpM. Organis\u00e9e par l&rsquo;Institut europ\u00e9en de [&hellip;]","og_url":"https:\/\/www.eumedbridge.eu\/fr\/news\/la-conference-euro-mediterraneenne-de-la-societe-civile-2025-se-tiendra-a-barcelone-le-26-novembre-2025\/","og_site_name":"Voisins de l'UE","article_publisher":"https:\/\/www.facebook.com\/eumedbridge\/","og_image":[{"width":770,"height":432,"url":"https:\/\/www.eumedbridge.eu\/wp-content\/uploads\/2025\/11\/CivilSociety_1920x1080_Screen-1-1-770x432-1.jpg","type":"image\/jpeg"}],"twitter_card":"summary_large_image","twitter_site":"@eumedbridge","twitter_misc":{"Dur\u00e9e de lecture estim\u00e9e":"2 minutes"},"schema":{"@context":"https:\/\/schema.org","@graph":[{"@type":"WebPage","@id":"https:\/\/www.eumedbridge.eu\/fr\/news\/la-conference-euro-mediterraneenne-de-la-societe-civile-2025-se-tiendra-a-barcelone-le-26-novembre-2025\/","url":"https:\/\/www.eumedbridge.eu\/fr\/news\/la-conference-euro-mediterraneenne-de-la-societe-civile-2025-se-tiendra-a-barcelone-le-26-novembre-2025\/","name":"La Conf\u00e9rence euro-m\u00e9diterran\u00e9enne de la soci\u00e9t\u00e9 civile 2025 se tiendra \u00e0 Barcelone le 26 novembre 2025 - Voisins de l'UE","isPartOf":{"@id":"https:\/\/www.eumedbridge.eu\/#website"},"primaryImageOfPage":{"@id":"https:\/\/www.eumedbridge.eu\/fr\/news\/la-conference-euro-mediterraneenne-de-la-societe-civile-2025-se-tiendra-a-barcelone-le-26-novembre-2025\/#primaryimage"},"image":{"@id":"https:\/\/www.eumedbridge.eu\/fr\/news\/la-conference-euro-mediterraneenne-de-la-societe-civile-2025-se-tiendra-a-barcelone-le-26-novembre-2025\/#primaryimage"},"thumbnailUrl":"https:\/\/www.eumedbridge.eu\/wp-content\/uploads\/2025\/11\/CivilSociety_1920x1080_Screen-1-1-770x432-1.jpg","datePublished":"2025-12-02T10:50:12+00:00","breadcrumb":{"@id":"https:\/\/www.eumedbridge.eu\/fr\/news\/la-conference-euro-mediterraneenne-de-la-societe-civile-2025-se-tiendra-a-barcelone-le-26-novembre-2025\/#breadcrumb"},"inLanguage":"fr-FR","potentialAction":[{"@type":"ReadAction","target":["https:\/\/www.eumedbridge.eu\/fr\/news\/la-conference-euro-mediterraneenne-de-la-societe-civile-2025-se-tiendra-a-barcelone-le-26-novembre-2025\/"]}]},{"@type":"ImageObject","inLanguage":"fr-FR","@id":"https:\/\/www.eumedbridge.eu\/fr\/news\/la-conference-euro-mediterraneenne-de-la-societe-civile-2025-se-tiendra-a-barcelone-le-26-novembre-2025\/#primaryimage","url":"https:\/\/www.eumedbridge.eu\/wp-content\/uploads\/2025\/11\/CivilSociety_1920x1080_Screen-1-1-770x432-1.jpg","contentUrl":"https:\/\/www.eumedbridge.eu\/wp-content\/uploads\/2025\/11\/CivilSociety_1920x1080_Screen-1-1-770x432-1.jpg","width":770,"height":432},{"@type":"BreadcrumbList","@id":"https:\/\/www.eumedbridge.eu\/fr\/news\/la-conference-euro-mediterraneenne-de-la-societe-civile-2025-se-tiendra-a-barcelone-le-26-novembre-2025\/#breadcrumb","itemListElement":[{"@type":"ListItem","position":1,"name":"Home","item":"https:\/\/www.eumedbridge.eu\/fr\/home-page\/"},{"@type":"ListItem","position":2,"name":"Actualit\u00e9s","item":"https:\/\/www.eumedbridge.eu\/fr\/news\/"},{"@type":"ListItem","position":3,"name":"La Conf\u00e9rence euro-m\u00e9diterran\u00e9enne de la soci\u00e9t\u00e9 civile 2025 se tiendra \u00e0 Barcelone le 26 novembre 2025"}]},{"@type":"WebSite","@id":"https:\/\/www.eumedbridge.eu\/#website","url":"https:\/\/www.eumedbridge.eu\/","name":"EU Medbridge","description":"","publisher":{"@id":"https:\/\/www.eumedbridge.eu\/#organization"},"potentialAction":[{"@type":"SearchAction","target":{"@type":"EntryPoint","urlTemplate":"https:\/\/www.eumedbridge.eu\/?s={search_term_string}"},"query-input":{"@type":"PropertyValueSpecification","valueRequired":true,"valueName":"search_term_string"}}],"inLanguage":"fr-FR"},{"@type":"Organization","@id":"https:\/\/www.eumedbridge.eu\/#organization","name":"EU Medbridge","url":"https:\/\/www.eumedbridge.eu\/","logo":{"@type":"ImageObject","inLanguage":"fr-FR","@id":"https:\/\/www.eumedbridge.eu\/#\/schema\/logo\/image\/","url":"https:\/\/www.eumedbridge.eu\/wp-content\/uploads\/2021\/12\/Logo.png","contentUrl":"https:\/\/www.eumedbridge.eu\/wp-content\/uploads\/2021\/12\/Logo.png","width":325,"height":114,"caption":"EU Medbridge"},"image":{"@id":"https:\/\/www.eumedbridge.eu\/#\/schema\/logo\/image\/"},"sameAs":["https:\/\/www.facebook.com\/eumedbridge\/","https:\/\/x.com\/eumedbridge","https:\/\/www.linkedin.com\/company\/eumedbridge","https:\/\/www.youtube.com\/@eumedbridge","https:\/\/www.instagram.com\/eumedbridge","https:\/\/www.flickr.com\/photos\/euneighbours-south\/"]}]}},"_links":{"self":[{"href":"https:\/\/www.eumedbridge.eu\/fr\/wp-json\/wp\/v2\/news\/245490","targetHints":{"allow":["GET"]}}],"collection":[{"href":"https:\/\/www.eumedbridge.eu\/fr\/wp-json\/wp\/v2\/news"}],"about":[{"href":"https:\/\/www.eumedbridge.eu\/fr\/wp-json\/wp\/v2\/types\/news"}],"wp:featuredmedia":[{"embeddable":true,"href":"https:\/\/www.eumedbridge.eu\/fr\/wp-json\/wp\/v2\/media\/245337"}],"wp:attachment":[{"href":"https:\/\/www.eumedbridge.eu\/fr\/wp-json\/wp\/v2\/media?parent=245490"}],"wp:term":[{"taxonomy":"news_category","embeddable":true,"href":"https:\/\/www.eumedbridge.eu\/fr\/wp-json\/wp\/v2\/news_category?post=245490"},{"taxonomy":"country","embeddable":true,"href":"https:\/\/www.eumedbridge.eu\/fr\/wp-json\/wp\/v2\/country?post=245490"},{"taxonomy":"special_action","embeddable":true,"href":"https:\/\/www.eumedbridge.eu\/fr\/wp-json\/wp\/v2\/special_action?post=245490"},{"taxonomy":"custom_tag","embeddable":true,"href":"https:\/\/www.eumedbridge.eu\/fr\/wp-json\/wp\/v2\/custom_tag?post=245490"}],"curies":[{"name":"wp","href":"https:\/\/api.w.org\/{rel}","templated":true}]}}