{"id":246029,"date":"2026-01-30T11:33:57","date_gmt":"2026-01-30T10:33:57","guid":{"rendered":"https:\/\/eumedbridge.eu\/?post_type=news&#038;p=246029"},"modified":"2026-01-30T11:33:57","modified_gmt":"2026-01-30T10:33:57","slug":"les-etats-membres-de-lupm-examinent-les-progres-accomplis-dans-le-cadre-du-plan-daction-regional-pour-les-transports","status":"publish","type":"news","link":"https:\/\/www.eumedbridge.eu\/fr\/news\/les-etats-membres-de-lupm-examinent-les-progres-accomplis-dans-le-cadre-du-plan-daction-regional-pour-les-transports\/","title":{"rendered":"Les \u00c9tats membres de l&rsquo;UpM examinent les progr\u00e8s accomplis dans le cadre du Plan d&rsquo;action r\u00e9gional pour les transports"},"content":{"rendered":"<p>15 janvier 2026. Conform\u00e9ment \u00e0 l&rsquo;action 28 du RTAP, la Plateforme r\u00e9gionale de l&rsquo;UpM sur la connectivit\u00e9 des transports a r\u00e9alis\u00e9 un bilan \u00e0 mi-parcours du plan. Ce bilan dresse un panorama des progr\u00e8s accomplis \u00e0 ce jour, tels que rapport\u00e9s par les pays participants, ainsi que des principaux d\u00e9fis rencontr\u00e9s. Au-del\u00e0 de l&rsquo;\u00e9valuation de la mise en \u0153uvre, le bilan d\u00e9finit les orientations de la phase finale du RTAP jusqu&rsquo;en 2027, en formulant des recommandations sur les domaines de coop\u00e9ration prioritaires pour les ann\u00e9es \u00e0 venir. Ces recommandations refl\u00e8tent \u00e0 la fois les priorit\u00e9s exprim\u00e9es par les \u00c9tats membres de l&rsquo;UpM et le niveau de progr\u00e8s d\u00e9j\u00e0 atteint.<\/p>\n<p>&nbsp;<\/p>\n<p>Globalement, le bilan \u00e0 mi-parcours indique une \u00e9volution positive dans la mise en \u0153uvre du RTAP au sein des pays partenaires. Si tous les pays sont activement engag\u00e9s, les progr\u00e8s varient consid\u00e9rablement en fonction des contextes nationaux, des conditions politiques et de l&rsquo;acc\u00e8s aux financements et \u00e0 l&rsquo;expertise technique.<\/p>\n<p>&nbsp;<\/p>\n<p>Relever ces d\u00e9fis sera essentiel pour garantir la r\u00e9alisation des objectifs du RTAP d\u2019ici \u00e0 2027. Les recommandations pr\u00e9sent\u00e9es visent \u00e0 d\u00e9finir des priorit\u00e9s claires et partag\u00e9es pour la seconde moiti\u00e9 de la p\u00e9riode de mise en \u0153uvre, en pleine coh\u00e9rence avec les engagements pris lors de la Conf\u00e9rence minist\u00e9rielle de l\u2019UpM sur les transports de 2023.<\/p>\n<p>&nbsp;<\/p>\n<p>Le 9 f\u00e9vrier 2023, les \u00c9tats membres de l\u2019UpM ont r\u00e9affirm\u00e9 leur engagement \u00e0 renforcer la coop\u00e9ration en mati\u00e8re de transport dans la r\u00e9gion m\u00e9diterran\u00e9enne lors de la Conf\u00e9rence minist\u00e9rielle de l\u2019UpM sur les transports. La r\u00e9union s\u2019est conclue par l\u2019adoption d\u2019une d\u00e9claration minist\u00e9rielle et du Plan d\u2019action r\u00e9gional pour les transports (RTAP) 2021-2027, qui d\u00e9finit les actions prioritaires pour tous les modes de transport et aborde les principaux enjeux transversaux de la politique des transports.<\/p>\n","protected":false},"featured_media":245922,"parent":0,"template":"","news_category":[],"country":[1956],"special_action":[],"custom_tag":[2913],"class_list":["post-246029","news","type-news","status-publish","has-post-thumbnail","hentry","country-region-sud","custom_tag-economie"],"acf":[],"yoast_head":"<!-- This site is optimized with the Yoast SEO plugin v26.5 - https:\/\/yoast.com\/wordpress\/plugins\/seo\/ -->\n<title>Les \u00c9tats membres de l&#039;UpM examinent les progr\u00e8s accomplis dans le cadre du Plan d&#039;action r\u00e9gional pour les transports - Voisins de l&#039;UE<\/title>\n<meta name=\"robots\" content=\"index, follow, max-snippet:-1, max-image-preview:large, max-video-preview:-1\" \/>\n<link rel=\"canonical\" href=\"https:\/\/www.eumedbridge.eu\/fr\/news\/les-etats-membres-de-lupm-examinent-les-progres-accomplis-dans-le-cadre-du-plan-daction-regional-pour-les-transports\/\" \/>\n<meta property=\"og:locale\" content=\"fr_FR\" \/>\n<meta property=\"og:type\" content=\"article\" \/>\n<meta property=\"og:title\" content=\"Les \u00c9tats membres de l&#039;UpM examinent les progr\u00e8s accomplis dans le cadre du Plan d&#039;action r\u00e9gional pour les transports - Voisins de l&#039;UE\" \/>\n<meta property=\"og:description\" content=\"15 janvier 2026. Conform\u00e9ment \u00e0 l&rsquo;action 28 du RTAP, la Plateforme r\u00e9gionale de l&rsquo;UpM sur la connectivit\u00e9 des transports a r\u00e9alis\u00e9 un bilan \u00e0 mi-parcours du plan. Ce bilan dresse un panorama des progr\u00e8s accomplis \u00e0 ce jour, tels que rapport\u00e9s par les pays participants, ainsi que des principaux d\u00e9fis rencontr\u00e9s. Au-del\u00e0 de l&rsquo;\u00e9valuation de [&hellip;]\" \/>\n<meta property=\"og:url\" content=\"https:\/\/www.eumedbridge.eu\/fr\/news\/les-etats-membres-de-lupm-examinent-les-progres-accomplis-dans-le-cadre-du-plan-daction-regional-pour-les-transports\/\" \/>\n<meta property=\"og:site_name\" content=\"Voisins de l&#039;UE\" \/>\n<meta property=\"article:publisher\" content=\"https:\/\/www.facebook.com\/eumedbridge\/\" \/>\n<meta property=\"og:image\" content=\"https:\/\/www.eumedbridge.eu\/wp-content\/uploads\/2026\/01\/rtap2021-2027-1400x530-1.jpg\" \/>\n\t<meta property=\"og:image:width\" content=\"1400\" \/>\n\t<meta property=\"og:image:height\" content=\"530\" \/>\n\t<meta property=\"og:image:type\" content=\"image\/jpeg\" \/>\n<meta name=\"twitter:card\" content=\"summary_large_image\" \/>\n<meta name=\"twitter:site\" content=\"@eumedbridge\" \/>\n<meta name=\"twitter:label1\" content=\"Dur\u00e9e de lecture estim\u00e9e\" \/>\n\t<meta name=\"twitter:data1\" content=\"2 minutes\" \/>\n<script type=\"application\/ld+json\" class=\"yoast-schema-graph\">{\"@context\":\"https:\/\/schema.org\",\"@graph\":[{\"@type\":\"WebPage\",\"@id\":\"https:\/\/www.eumedbridge.eu\/fr\/news\/les-etats-membres-de-lupm-examinent-les-progres-accomplis-dans-le-cadre-du-plan-daction-regional-pour-les-transports\/\",\"url\":\"https:\/\/www.eumedbridge.eu\/fr\/news\/les-etats-membres-de-lupm-examinent-les-progres-accomplis-dans-le-cadre-du-plan-daction-regional-pour-les-transports\/\",\"name\":\"Les \u00c9tats membres de l'UpM examinent les progr\u00e8s accomplis dans le cadre du Plan d'action r\u00e9gional pour les transports - Voisins de l'UE\",\"isPartOf\":{\"@id\":\"https:\/\/www.eumedbridge.eu\/#website\"},\"primaryImageOfPage\":{\"@id\":\"https:\/\/www.eumedbridge.eu\/fr\/news\/les-etats-membres-de-lupm-examinent-les-progres-accomplis-dans-le-cadre-du-plan-daction-regional-pour-les-transports\/#primaryimage\"},\"image\":{\"@id\":\"https:\/\/www.eumedbridge.eu\/fr\/news\/les-etats-membres-de-lupm-examinent-les-progres-accomplis-dans-le-cadre-du-plan-daction-regional-pour-les-transports\/#primaryimage\"},\"thumbnailUrl\":\"https:\/\/www.eumedbridge.eu\/wp-content\/uploads\/2026\/01\/rtap2021-2027-1400x530-1.jpg\",\"datePublished\":\"2026-01-30T10:33:57+00:00\",\"breadcrumb\":{\"@id\":\"https:\/\/www.eumedbridge.eu\/fr\/news\/les-etats-membres-de-lupm-examinent-les-progres-accomplis-dans-le-cadre-du-plan-daction-regional-pour-les-transports\/#breadcrumb\"},\"inLanguage\":\"fr-FR\",\"potentialAction\":[{\"@type\":\"ReadAction\",\"target\":[\"https:\/\/www.eumedbridge.eu\/fr\/news\/les-etats-membres-de-lupm-examinent-les-progres-accomplis-dans-le-cadre-du-plan-daction-regional-pour-les-transports\/\"]}]},{\"@type\":\"ImageObject\",\"inLanguage\":\"fr-FR\",\"@id\":\"https:\/\/www.eumedbridge.eu\/fr\/news\/les-etats-membres-de-lupm-examinent-les-progres-accomplis-dans-le-cadre-du-plan-daction-regional-pour-les-transports\/#primaryimage\",\"url\":\"https:\/\/www.eumedbridge.eu\/wp-content\/uploads\/2026\/01\/rtap2021-2027-1400x530-1.jpg\",\"contentUrl\":\"https:\/\/www.eumedbridge.eu\/wp-content\/uploads\/2026\/01\/rtap2021-2027-1400x530-1.jpg\",\"width\":1400,\"height\":530},{\"@type\":\"BreadcrumbList\",\"@id\":\"https:\/\/www.eumedbridge.eu\/fr\/news\/les-etats-membres-de-lupm-examinent-les-progres-accomplis-dans-le-cadre-du-plan-daction-regional-pour-les-transports\/#breadcrumb\",\"itemListElement\":[{\"@type\":\"ListItem\",\"position\":1,\"name\":\"Home\",\"item\":\"https:\/\/www.eumedbridge.eu\/fr\/home-page\/\"},{\"@type\":\"ListItem\",\"position\":2,\"name\":\"Actualit\u00e9s\",\"item\":\"https:\/\/www.eumedbridge.eu\/fr\/news\/\"},{\"@type\":\"ListItem\",\"position\":3,\"name\":\"Les \u00c9tats membres de l&rsquo;UpM examinent les progr\u00e8s accomplis dans le cadre du Plan d&rsquo;action r\u00e9gional pour les transports\"}]},{\"@type\":\"WebSite\",\"@id\":\"https:\/\/www.eumedbridge.eu\/#website\",\"url\":\"https:\/\/www.eumedbridge.eu\/\",\"name\":\"EU Medbridge\",\"description\":\"\",\"publisher\":{\"@id\":\"https:\/\/www.eumedbridge.eu\/#organization\"},\"potentialAction\":[{\"@type\":\"SearchAction\",\"target\":{\"@type\":\"EntryPoint\",\"urlTemplate\":\"https:\/\/www.eumedbridge.eu\/?s={search_term_string}\"},\"query-input\":{\"@type\":\"PropertyValueSpecification\",\"valueRequired\":true,\"valueName\":\"search_term_string\"}}],\"inLanguage\":\"fr-FR\"},{\"@type\":\"Organization\",\"@id\":\"https:\/\/www.eumedbridge.eu\/#organization\",\"name\":\"EU Medbridge\",\"url\":\"https:\/\/www.eumedbridge.eu\/\",\"logo\":{\"@type\":\"ImageObject\",\"inLanguage\":\"fr-FR\",\"@id\":\"https:\/\/www.eumedbridge.eu\/#\/schema\/logo\/image\/\",\"url\":\"https:\/\/www.eumedbridge.eu\/wp-content\/uploads\/2021\/12\/Logo.png\",\"contentUrl\":\"https:\/\/www.eumedbridge.eu\/wp-content\/uploads\/2021\/12\/Logo.png\",\"width\":325,\"height\":114,\"caption\":\"EU Medbridge\"},\"image\":{\"@id\":\"https:\/\/www.eumedbridge.eu\/#\/schema\/logo\/image\/\"},\"sameAs\":[\"https:\/\/www.facebook.com\/eumedbridge\/\",\"https:\/\/x.com\/eumedbridge\",\"https:\/\/www.linkedin.com\/company\/eumedbridge\",\"https:\/\/www.youtube.com\/@eumedbridge\",\"https:\/\/www.instagram.com\/eumedbridge\",\"https:\/\/www.flickr.com\/photos\/euneighbours-south\/\"]}]}<\/script>\n<!-- \/ Yoast SEO plugin. -->","yoast_head_json":{"title":"Les \u00c9tats membres de l'UpM examinent les progr\u00e8s accomplis dans le cadre du Plan d'action r\u00e9gional pour les transports - Voisins de l'UE","robots":{"index":"index","follow":"follow","max-snippet":"max-snippet:-1","max-image-preview":"max-image-preview:large","max-video-preview":"max-video-preview:-1"},"canonical":"https:\/\/www.eumedbridge.eu\/fr\/news\/les-etats-membres-de-lupm-examinent-les-progres-accomplis-dans-le-cadre-du-plan-daction-regional-pour-les-transports\/","og_locale":"fr_FR","og_type":"article","og_title":"Les \u00c9tats membres de l'UpM examinent les progr\u00e8s accomplis dans le cadre du Plan d'action r\u00e9gional pour les transports - Voisins de l'UE","og_description":"15 janvier 2026. Conform\u00e9ment \u00e0 l&rsquo;action 28 du RTAP, la Plateforme r\u00e9gionale de l&rsquo;UpM sur la connectivit\u00e9 des transports a r\u00e9alis\u00e9 un bilan \u00e0 mi-parcours du plan. Ce bilan dresse un panorama des progr\u00e8s accomplis \u00e0 ce jour, tels que rapport\u00e9s par les pays participants, ainsi que des principaux d\u00e9fis rencontr\u00e9s. Au-del\u00e0 de l&rsquo;\u00e9valuation de [&hellip;]","og_url":"https:\/\/www.eumedbridge.eu\/fr\/news\/les-etats-membres-de-lupm-examinent-les-progres-accomplis-dans-le-cadre-du-plan-daction-regional-pour-les-transports\/","og_site_name":"Voisins de l'UE","article_publisher":"https:\/\/www.facebook.com\/eumedbridge\/","og_image":[{"width":1400,"height":530,"url":"https:\/\/www.eumedbridge.eu\/wp-content\/uploads\/2026\/01\/rtap2021-2027-1400x530-1.jpg","type":"image\/jpeg"}],"twitter_card":"summary_large_image","twitter_site":"@eumedbridge","twitter_misc":{"Dur\u00e9e de lecture estim\u00e9e":"2 minutes"},"schema":{"@context":"https:\/\/schema.org","@graph":[{"@type":"WebPage","@id":"https:\/\/www.eumedbridge.eu\/fr\/news\/les-etats-membres-de-lupm-examinent-les-progres-accomplis-dans-le-cadre-du-plan-daction-regional-pour-les-transports\/","url":"https:\/\/www.eumedbridge.eu\/fr\/news\/les-etats-membres-de-lupm-examinent-les-progres-accomplis-dans-le-cadre-du-plan-daction-regional-pour-les-transports\/","name":"Les \u00c9tats membres de l'UpM examinent les progr\u00e8s accomplis dans le cadre du Plan d'action r\u00e9gional pour les transports - Voisins de l'UE","isPartOf":{"@id":"https:\/\/www.eumedbridge.eu\/#website"},"primaryImageOfPage":{"@id":"https:\/\/www.eumedbridge.eu\/fr\/news\/les-etats-membres-de-lupm-examinent-les-progres-accomplis-dans-le-cadre-du-plan-daction-regional-pour-les-transports\/#primaryimage"},"image":{"@id":"https:\/\/www.eumedbridge.eu\/fr\/news\/les-etats-membres-de-lupm-examinent-les-progres-accomplis-dans-le-cadre-du-plan-daction-regional-pour-les-transports\/#primaryimage"},"thumbnailUrl":"https:\/\/www.eumedbridge.eu\/wp-content\/uploads\/2026\/01\/rtap2021-2027-1400x530-1.jpg","datePublished":"2026-01-30T10:33:57+00:00","breadcrumb":{"@id":"https:\/\/www.eumedbridge.eu\/fr\/news\/les-etats-membres-de-lupm-examinent-les-progres-accomplis-dans-le-cadre-du-plan-daction-regional-pour-les-transports\/#breadcrumb"},"inLanguage":"fr-FR","potentialAction":[{"@type":"ReadAction","target":["https:\/\/www.eumedbridge.eu\/fr\/news\/les-etats-membres-de-lupm-examinent-les-progres-accomplis-dans-le-cadre-du-plan-daction-regional-pour-les-transports\/"]}]},{"@type":"ImageObject","inLanguage":"fr-FR","@id":"https:\/\/www.eumedbridge.eu\/fr\/news\/les-etats-membres-de-lupm-examinent-les-progres-accomplis-dans-le-cadre-du-plan-daction-regional-pour-les-transports\/#primaryimage","url":"https:\/\/www.eumedbridge.eu\/wp-content\/uploads\/2026\/01\/rtap2021-2027-1400x530-1.jpg","contentUrl":"https:\/\/www.eumedbridge.eu\/wp-content\/uploads\/2026\/01\/rtap2021-2027-1400x530-1.jpg","width":1400,"height":530},{"@type":"BreadcrumbList","@id":"https:\/\/www.eumedbridge.eu\/fr\/news\/les-etats-membres-de-lupm-examinent-les-progres-accomplis-dans-le-cadre-du-plan-daction-regional-pour-les-transports\/#breadcrumb","itemListElement":[{"@type":"ListItem","position":1,"name":"Home","item":"https:\/\/www.eumedbridge.eu\/fr\/home-page\/"},{"@type":"ListItem","position":2,"name":"Actualit\u00e9s","item":"https:\/\/www.eumedbridge.eu\/fr\/news\/"},{"@type":"ListItem","position":3,"name":"Les \u00c9tats membres de l&rsquo;UpM examinent les progr\u00e8s accomplis dans le cadre du Plan d&rsquo;action r\u00e9gional pour les transports"}]},{"@type":"WebSite","@id":"https:\/\/www.eumedbridge.eu\/#website","url":"https:\/\/www.eumedbridge.eu\/","name":"EU Medbridge","description":"","publisher":{"@id":"https:\/\/www.eumedbridge.eu\/#organization"},"potentialAction":[{"@type":"SearchAction","target":{"@type":"EntryPoint","urlTemplate":"https:\/\/www.eumedbridge.eu\/?s={search_term_string}"},"query-input":{"@type":"PropertyValueSpecification","valueRequired":true,"valueName":"search_term_string"}}],"inLanguage":"fr-FR"},{"@type":"Organization","@id":"https:\/\/www.eumedbridge.eu\/#organization","name":"EU Medbridge","url":"https:\/\/www.eumedbridge.eu\/","logo":{"@type":"ImageObject","inLanguage":"fr-FR","@id":"https:\/\/www.eumedbridge.eu\/#\/schema\/logo\/image\/","url":"https:\/\/www.eumedbridge.eu\/wp-content\/uploads\/2021\/12\/Logo.png","contentUrl":"https:\/\/www.eumedbridge.eu\/wp-content\/uploads\/2021\/12\/Logo.png","width":325,"height":114,"caption":"EU Medbridge"},"image":{"@id":"https:\/\/www.eumedbridge.eu\/#\/schema\/logo\/image\/"},"sameAs":["https:\/\/www.facebook.com\/eumedbridge\/","https:\/\/x.com\/eumedbridge","https:\/\/www.linkedin.com\/company\/eumedbridge","https:\/\/www.youtube.com\/@eumedbridge","https:\/\/www.instagram.com\/eumedbridge","https:\/\/www.flickr.com\/photos\/euneighbours-south\/"]}]}},"_links":{"self":[{"href":"https:\/\/www.eumedbridge.eu\/fr\/wp-json\/wp\/v2\/news\/246029","targetHints":{"allow":["GET"]}}],"collection":[{"href":"https:\/\/www.eumedbridge.eu\/fr\/wp-json\/wp\/v2\/news"}],"about":[{"href":"https:\/\/www.eumedbridge.eu\/fr\/wp-json\/wp\/v2\/types\/news"}],"wp:featuredmedia":[{"embeddable":true,"href":"https:\/\/www.eumedbridge.eu\/fr\/wp-json\/wp\/v2\/media\/245922"}],"wp:attachment":[{"href":"https:\/\/www.eumedbridge.eu\/fr\/wp-json\/wp\/v2\/media?parent=246029"}],"wp:term":[{"taxonomy":"news_category","embeddable":true,"href":"https:\/\/www.eumedbridge.eu\/fr\/wp-json\/wp\/v2\/news_category?post=246029"},{"taxonomy":"country","embeddable":true,"href":"https:\/\/www.eumedbridge.eu\/fr\/wp-json\/wp\/v2\/country?post=246029"},{"taxonomy":"special_action","embeddable":true,"href":"https:\/\/www.eumedbridge.eu\/fr\/wp-json\/wp\/v2\/special_action?post=246029"},{"taxonomy":"custom_tag","embeddable":true,"href":"https:\/\/www.eumedbridge.eu\/fr\/wp-json\/wp\/v2\/custom_tag?post=246029"}],"curies":[{"name":"wp","href":"https:\/\/api.w.org\/{rel}","templated":true}]}}