{"id":246774,"date":"2026-04-27T11:08:28","date_gmt":"2026-04-27T09:08:28","guid":{"rendered":"https:\/\/www.eumedbridge.eu\/?post_type=news&#038;p=246774"},"modified":"2026-04-27T11:08:28","modified_gmt":"2026-04-27T09:08:28","slug":"feuille-de-route-commune-pour-lemploi-les-competences-et-une-croissance-inclusive-en-mediterranee","status":"publish","type":"news","link":"https:\/\/www.eumedbridge.eu\/fr\/news\/feuille-de-route-commune-pour-lemploi-les-competences-et-une-croissance-inclusive-en-mediterranee\/","title":{"rendered":"Feuille de route commune pour l&#8217;emploi, les comp\u00e9tences et une croissance inclusive en M\u00e9diterran\u00e9e"},"content":{"rendered":"<p>Les points focaux nationaux de 24 \u00c9tats membres de l&rsquo;UpM se sont r\u00e9unis pendant deux jours cons\u00e9cutifs \u00e0 Valence, en Espagne, \u00e0 l&rsquo;occasion de la 20e Plateforme r\u00e9gionale de l&rsquo;UpM sur l&#8217;emploi et le travail. Copr\u00e9sid\u00e9e par la Commission europ\u00e9enne (Direction g\u00e9n\u00e9rale de l&#8217;emploi, des affaires sociales et de l&rsquo;inclusion \u2013 DG EMPL) et le minist\u00e8re jordanien du Travail, au nom de la copr\u00e9sidence de l&rsquo;UpM, cette plateforme visait \u00e0 faire progresser la mise en \u0153uvre du Plan d&rsquo;action de l&rsquo;UpM pour l&#8217;emploi et le travail 2025-2028.<\/p>\n<p>&nbsp;<\/p>\n<p>Les discussions ont port\u00e9 sur la concr\u00e9tisation des priorit\u00e9s r\u00e9gionales et le renforcement de la coordination entre les parties prenantes. Les participants ont examin\u00e9 les progr\u00e8s accomplis dans le cadre du programme de travail relatif \u00e0 la mise en \u0153uvre du Plan d&rsquo;action de l&rsquo;UpM pour l&#8217;emploi et le travail 2025-2028, notamment le prochain Forum de l&rsquo;UpM sur l&#8217;emploi, dont l&rsquo;\u00e9dition 2026 sera consacr\u00e9e \u00e0 l&rsquo;entrepreneuriat, moteur essentiel de la cr\u00e9ation d&#8217;emplois. Ce Forum s&rsquo;appuiera sur les r\u00e9sultats de la Plateforme r\u00e9gionale et contribuera \u00e0 promouvoir une approche globale alliant dialogue politique, renforcement cibl\u00e9 des capacit\u00e9s et d\u00e9veloppement de l&rsquo;\u00e9cosyst\u00e8me.<\/p>\n<p>&nbsp;<\/p>\n<p>Les participants ont \u00e9galement \u00e9t\u00e9 inform\u00e9s des activit\u00e9s de la Communaut\u00e9 de pratique sur le suivi et de la Communaut\u00e9 de pratique de l&rsquo;UpM sur l&#8217;emploi des jeunes (STEER), ainsi que du Forum des partenaires sociaux qui se tiendra plus tard cette ann\u00e9e. La Plateforme a \u00e9galement propos\u00e9 une session d\u00e9di\u00e9e aux programmes Interreg et aux projets b\u00e9n\u00e9ficiaires, pr\u00e9sentant des exemples concrets de coop\u00e9ration transfrontali\u00e8re en faveur de l&#8217;emploi, du d\u00e9veloppement des comp\u00e9tences et de l&rsquo;inclusion sociale. Les \u00e9changes ont mis en lumi\u00e8re la valeur ajout\u00e9e de la coop\u00e9ration territoriale pour favoriser l&rsquo;innovation, partager les bonnes pratiques et \u00e9tendre les initiatives \u00e0 fort impact dans toute la r\u00e9gion m\u00e9diterran\u00e9enne.<\/p>\n<p>&nbsp;<\/p>\n<p>Un moment fort de la r\u00e9union a \u00e9t\u00e9 la troisi\u00e8me rencontre de la Communaut\u00e9 de pratique de l&rsquo;UpM sur l&#8217;emploi des jeunes (STEER), organis\u00e9e en parall\u00e8le de la Plateforme r\u00e9gionale. Les discussions ont marqu\u00e9 un tournant, passant du partage de connaissances \u00e0 la mise en \u0153uvre concr\u00e8te. Les participants ont identifi\u00e9 des initiatives reproductibles \u00e0 plus grande \u00e9chelle pour renforcer la transition de l&rsquo;\u00e9ducation \u00e0 l&#8217;emploi. Ces initiatives visent \u00e0 am\u00e9liorer l&rsquo;ad\u00e9quation des syst\u00e8mes \u00e9ducatifs aux besoins du march\u00e9 du travail et \u00e0 faciliter l&rsquo;acc\u00e8s \u00e0 l&#8217;emploi pour les jeunes et les femmes dans toute la r\u00e9gion.<\/p>\n<p>&nbsp;<\/p>\n<p>La plateforme a \u00e9galement permis d&rsquo;aborder l&rsquo;\u00e9tat d&rsquo;avancement du Pacte pour la M\u00e9diterran\u00e9e, en soulignant l&rsquo;importance d&rsquo;aligner les initiatives r\u00e9gionales en mati\u00e8re d&#8217;emploi et de comp\u00e9tences sur les cadres et priorit\u00e9s plus larges de l&rsquo;UE.<\/p>\n","protected":false},"featured_media":246504,"parent":0,"template":"","news_category":[],"country":[1946,1947,2124,1949,1953,1955],"special_action":[],"custom_tag":[2315],"class_list":["post-246774","news","type-news","status-publish","has-post-thumbnail","hentry","country-algerie","country-egypte","country-jordanie","country-liban","country-maroc","country-tunisie","custom_tag-emploi-et-entrpreuneuriat"],"acf":[],"yoast_head":"<!-- This site is optimized with the Yoast SEO plugin v26.5 - https:\/\/yoast.com\/wordpress\/plugins\/seo\/ -->\n<title>Feuille de route commune pour l&#039;emploi, les comp\u00e9tences et une croissance inclusive en M\u00e9diterran\u00e9e - Voisins de l&#039;UE<\/title>\n<meta name=\"robots\" content=\"index, follow, max-snippet:-1, max-image-preview:large, max-video-preview:-1\" \/>\n<link rel=\"canonical\" href=\"https:\/\/www.eumedbridge.eu\/fr\/news\/feuille-de-route-commune-pour-lemploi-les-competences-et-une-croissance-inclusive-en-mediterranee\/\" \/>\n<meta property=\"og:locale\" content=\"fr_FR\" \/>\n<meta property=\"og:type\" content=\"article\" \/>\n<meta property=\"og:title\" content=\"Feuille de route commune pour l&#039;emploi, les comp\u00e9tences et une croissance inclusive en M\u00e9diterran\u00e9e - Voisins de l&#039;UE\" \/>\n<meta property=\"og:description\" content=\"Les points focaux nationaux de 24 \u00c9tats membres de l&rsquo;UpM se sont r\u00e9unis pendant deux jours cons\u00e9cutifs \u00e0 Valence, en Espagne, \u00e0 l&rsquo;occasion de la 20e Plateforme r\u00e9gionale de l&rsquo;UpM sur l&#8217;emploi et le travail. Copr\u00e9sid\u00e9e par la Commission europ\u00e9enne (Direction g\u00e9n\u00e9rale de l&#8217;emploi, des affaires sociales et de l&rsquo;inclusion \u2013 DG EMPL) et le [&hellip;]\" \/>\n<meta property=\"og:url\" content=\"https:\/\/www.eumedbridge.eu\/fr\/news\/feuille-de-route-commune-pour-lemploi-les-competences-et-une-croissance-inclusive-en-mediterranee\/\" \/>\n<meta property=\"og:site_name\" content=\"Voisins de l&#039;UE\" \/>\n<meta property=\"article:publisher\" content=\"https:\/\/www.facebook.com\/eumedbridge\/\" \/>\n<meta property=\"og:image\" content=\"https:\/\/www.eumedbridge.eu\/wp-content\/uploads\/2026\/04\/2th-rp-emp-lab-1400x530-1.jpg\" \/>\n\t<meta property=\"og:image:width\" content=\"1400\" \/>\n\t<meta property=\"og:image:height\" content=\"530\" \/>\n\t<meta property=\"og:image:type\" content=\"image\/jpeg\" \/>\n<meta name=\"twitter:card\" content=\"summary_large_image\" \/>\n<meta name=\"twitter:site\" content=\"@eumedbridge\" \/>\n<meta name=\"twitter:label1\" content=\"Dur\u00e9e de lecture estim\u00e9e\" \/>\n\t<meta name=\"twitter:data1\" content=\"2 minutes\" \/>\n<script type=\"application\/ld+json\" class=\"yoast-schema-graph\">{\"@context\":\"https:\/\/schema.org\",\"@graph\":[{\"@type\":\"WebPage\",\"@id\":\"https:\/\/www.eumedbridge.eu\/fr\/news\/feuille-de-route-commune-pour-lemploi-les-competences-et-une-croissance-inclusive-en-mediterranee\/\",\"url\":\"https:\/\/www.eumedbridge.eu\/fr\/news\/feuille-de-route-commune-pour-lemploi-les-competences-et-une-croissance-inclusive-en-mediterranee\/\",\"name\":\"Feuille de route commune pour l'emploi, les comp\u00e9tences et une croissance inclusive en M\u00e9diterran\u00e9e - Voisins de l'UE\",\"isPartOf\":{\"@id\":\"https:\/\/www.eumedbridge.eu\/#website\"},\"primaryImageOfPage\":{\"@id\":\"https:\/\/www.eumedbridge.eu\/fr\/news\/feuille-de-route-commune-pour-lemploi-les-competences-et-une-croissance-inclusive-en-mediterranee\/#primaryimage\"},\"image\":{\"@id\":\"https:\/\/www.eumedbridge.eu\/fr\/news\/feuille-de-route-commune-pour-lemploi-les-competences-et-une-croissance-inclusive-en-mediterranee\/#primaryimage\"},\"thumbnailUrl\":\"https:\/\/www.eumedbridge.eu\/wp-content\/uploads\/2026\/04\/2th-rp-emp-lab-1400x530-1.jpg\",\"datePublished\":\"2026-04-27T09:08:28+00:00\",\"breadcrumb\":{\"@id\":\"https:\/\/www.eumedbridge.eu\/fr\/news\/feuille-de-route-commune-pour-lemploi-les-competences-et-une-croissance-inclusive-en-mediterranee\/#breadcrumb\"},\"inLanguage\":\"fr-FR\",\"potentialAction\":[{\"@type\":\"ReadAction\",\"target\":[\"https:\/\/www.eumedbridge.eu\/fr\/news\/feuille-de-route-commune-pour-lemploi-les-competences-et-une-croissance-inclusive-en-mediterranee\/\"]}]},{\"@type\":\"ImageObject\",\"inLanguage\":\"fr-FR\",\"@id\":\"https:\/\/www.eumedbridge.eu\/fr\/news\/feuille-de-route-commune-pour-lemploi-les-competences-et-une-croissance-inclusive-en-mediterranee\/#primaryimage\",\"url\":\"https:\/\/www.eumedbridge.eu\/wp-content\/uploads\/2026\/04\/2th-rp-emp-lab-1400x530-1.jpg\",\"contentUrl\":\"https:\/\/www.eumedbridge.eu\/wp-content\/uploads\/2026\/04\/2th-rp-emp-lab-1400x530-1.jpg\",\"width\":1400,\"height\":530},{\"@type\":\"BreadcrumbList\",\"@id\":\"https:\/\/www.eumedbridge.eu\/fr\/news\/feuille-de-route-commune-pour-lemploi-les-competences-et-une-croissance-inclusive-en-mediterranee\/#breadcrumb\",\"itemListElement\":[{\"@type\":\"ListItem\",\"position\":1,\"name\":\"Home\",\"item\":\"https:\/\/www.eumedbridge.eu\/fr\/home-page\/\"},{\"@type\":\"ListItem\",\"position\":2,\"name\":\"Actualit\u00e9s\",\"item\":\"https:\/\/www.eumedbridge.eu\/fr\/news\/\"},{\"@type\":\"ListItem\",\"position\":3,\"name\":\"Feuille de route commune pour l&#8217;emploi, les comp\u00e9tences et une croissance inclusive en M\u00e9diterran\u00e9e\"}]},{\"@type\":\"WebSite\",\"@id\":\"https:\/\/www.eumedbridge.eu\/#website\",\"url\":\"https:\/\/www.eumedbridge.eu\/\",\"name\":\"EU Medbridge\",\"description\":\"\",\"publisher\":{\"@id\":\"https:\/\/www.eumedbridge.eu\/#organization\"},\"potentialAction\":[{\"@type\":\"SearchAction\",\"target\":{\"@type\":\"EntryPoint\",\"urlTemplate\":\"https:\/\/www.eumedbridge.eu\/?s={search_term_string}\"},\"query-input\":{\"@type\":\"PropertyValueSpecification\",\"valueRequired\":true,\"valueName\":\"search_term_string\"}}],\"inLanguage\":\"fr-FR\"},{\"@type\":\"Organization\",\"@id\":\"https:\/\/www.eumedbridge.eu\/#organization\",\"name\":\"EU Medbridge\",\"url\":\"https:\/\/www.eumedbridge.eu\/\",\"logo\":{\"@type\":\"ImageObject\",\"inLanguage\":\"fr-FR\",\"@id\":\"https:\/\/www.eumedbridge.eu\/#\/schema\/logo\/image\/\",\"url\":\"https:\/\/www.eumedbridge.eu\/wp-content\/uploads\/2021\/12\/Logo.png\",\"contentUrl\":\"https:\/\/www.eumedbridge.eu\/wp-content\/uploads\/2021\/12\/Logo.png\",\"width\":325,\"height\":114,\"caption\":\"EU Medbridge\"},\"image\":{\"@id\":\"https:\/\/www.eumedbridge.eu\/#\/schema\/logo\/image\/\"},\"sameAs\":[\"https:\/\/www.facebook.com\/eumedbridge\/\",\"https:\/\/x.com\/eumedbridge\",\"https:\/\/www.linkedin.com\/company\/eumedbridge\",\"https:\/\/www.youtube.com\/@eumedbridge\",\"https:\/\/www.instagram.com\/eumedbridge\",\"https:\/\/www.flickr.com\/photos\/euneighbours-south\/\"]}]}<\/script>\n<!-- \/ Yoast SEO plugin. -->","yoast_head_json":{"title":"Feuille de route commune pour l'emploi, les comp\u00e9tences et une croissance inclusive en M\u00e9diterran\u00e9e - Voisins de l'UE","robots":{"index":"index","follow":"follow","max-snippet":"max-snippet:-1","max-image-preview":"max-image-preview:large","max-video-preview":"max-video-preview:-1"},"canonical":"https:\/\/www.eumedbridge.eu\/fr\/news\/feuille-de-route-commune-pour-lemploi-les-competences-et-une-croissance-inclusive-en-mediterranee\/","og_locale":"fr_FR","og_type":"article","og_title":"Feuille de route commune pour l'emploi, les comp\u00e9tences et une croissance inclusive en M\u00e9diterran\u00e9e - Voisins de l'UE","og_description":"Les points focaux nationaux de 24 \u00c9tats membres de l&rsquo;UpM se sont r\u00e9unis pendant deux jours cons\u00e9cutifs \u00e0 Valence, en Espagne, \u00e0 l&rsquo;occasion de la 20e Plateforme r\u00e9gionale de l&rsquo;UpM sur l&#8217;emploi et le travail. Copr\u00e9sid\u00e9e par la Commission europ\u00e9enne (Direction g\u00e9n\u00e9rale de l&#8217;emploi, des affaires sociales et de l&rsquo;inclusion \u2013 DG EMPL) et le [&hellip;]","og_url":"https:\/\/www.eumedbridge.eu\/fr\/news\/feuille-de-route-commune-pour-lemploi-les-competences-et-une-croissance-inclusive-en-mediterranee\/","og_site_name":"Voisins de l'UE","article_publisher":"https:\/\/www.facebook.com\/eumedbridge\/","og_image":[{"width":1400,"height":530,"url":"https:\/\/www.eumedbridge.eu\/wp-content\/uploads\/2026\/04\/2th-rp-emp-lab-1400x530-1.jpg","type":"image\/jpeg"}],"twitter_card":"summary_large_image","twitter_site":"@eumedbridge","twitter_misc":{"Dur\u00e9e de lecture estim\u00e9e":"2 minutes"},"schema":{"@context":"https:\/\/schema.org","@graph":[{"@type":"WebPage","@id":"https:\/\/www.eumedbridge.eu\/fr\/news\/feuille-de-route-commune-pour-lemploi-les-competences-et-une-croissance-inclusive-en-mediterranee\/","url":"https:\/\/www.eumedbridge.eu\/fr\/news\/feuille-de-route-commune-pour-lemploi-les-competences-et-une-croissance-inclusive-en-mediterranee\/","name":"Feuille de route commune pour l'emploi, les comp\u00e9tences et une croissance inclusive en M\u00e9diterran\u00e9e - Voisins de l'UE","isPartOf":{"@id":"https:\/\/www.eumedbridge.eu\/#website"},"primaryImageOfPage":{"@id":"https:\/\/www.eumedbridge.eu\/fr\/news\/feuille-de-route-commune-pour-lemploi-les-competences-et-une-croissance-inclusive-en-mediterranee\/#primaryimage"},"image":{"@id":"https:\/\/www.eumedbridge.eu\/fr\/news\/feuille-de-route-commune-pour-lemploi-les-competences-et-une-croissance-inclusive-en-mediterranee\/#primaryimage"},"thumbnailUrl":"https:\/\/www.eumedbridge.eu\/wp-content\/uploads\/2026\/04\/2th-rp-emp-lab-1400x530-1.jpg","datePublished":"2026-04-27T09:08:28+00:00","breadcrumb":{"@id":"https:\/\/www.eumedbridge.eu\/fr\/news\/feuille-de-route-commune-pour-lemploi-les-competences-et-une-croissance-inclusive-en-mediterranee\/#breadcrumb"},"inLanguage":"fr-FR","potentialAction":[{"@type":"ReadAction","target":["https:\/\/www.eumedbridge.eu\/fr\/news\/feuille-de-route-commune-pour-lemploi-les-competences-et-une-croissance-inclusive-en-mediterranee\/"]}]},{"@type":"ImageObject","inLanguage":"fr-FR","@id":"https:\/\/www.eumedbridge.eu\/fr\/news\/feuille-de-route-commune-pour-lemploi-les-competences-et-une-croissance-inclusive-en-mediterranee\/#primaryimage","url":"https:\/\/www.eumedbridge.eu\/wp-content\/uploads\/2026\/04\/2th-rp-emp-lab-1400x530-1.jpg","contentUrl":"https:\/\/www.eumedbridge.eu\/wp-content\/uploads\/2026\/04\/2th-rp-emp-lab-1400x530-1.jpg","width":1400,"height":530},{"@type":"BreadcrumbList","@id":"https:\/\/www.eumedbridge.eu\/fr\/news\/feuille-de-route-commune-pour-lemploi-les-competences-et-une-croissance-inclusive-en-mediterranee\/#breadcrumb","itemListElement":[{"@type":"ListItem","position":1,"name":"Home","item":"https:\/\/www.eumedbridge.eu\/fr\/home-page\/"},{"@type":"ListItem","position":2,"name":"Actualit\u00e9s","item":"https:\/\/www.eumedbridge.eu\/fr\/news\/"},{"@type":"ListItem","position":3,"name":"Feuille de route commune pour l&#8217;emploi, les comp\u00e9tences et une croissance inclusive en M\u00e9diterran\u00e9e"}]},{"@type":"WebSite","@id":"https:\/\/www.eumedbridge.eu\/#website","url":"https:\/\/www.eumedbridge.eu\/","name":"EU Medbridge","description":"","publisher":{"@id":"https:\/\/www.eumedbridge.eu\/#organization"},"potentialAction":[{"@type":"SearchAction","target":{"@type":"EntryPoint","urlTemplate":"https:\/\/www.eumedbridge.eu\/?s={search_term_string}"},"query-input":{"@type":"PropertyValueSpecification","valueRequired":true,"valueName":"search_term_string"}}],"inLanguage":"fr-FR"},{"@type":"Organization","@id":"https:\/\/www.eumedbridge.eu\/#organization","name":"EU Medbridge","url":"https:\/\/www.eumedbridge.eu\/","logo":{"@type":"ImageObject","inLanguage":"fr-FR","@id":"https:\/\/www.eumedbridge.eu\/#\/schema\/logo\/image\/","url":"https:\/\/www.eumedbridge.eu\/wp-content\/uploads\/2021\/12\/Logo.png","contentUrl":"https:\/\/www.eumedbridge.eu\/wp-content\/uploads\/2021\/12\/Logo.png","width":325,"height":114,"caption":"EU Medbridge"},"image":{"@id":"https:\/\/www.eumedbridge.eu\/#\/schema\/logo\/image\/"},"sameAs":["https:\/\/www.facebook.com\/eumedbridge\/","https:\/\/x.com\/eumedbridge","https:\/\/www.linkedin.com\/company\/eumedbridge","https:\/\/www.youtube.com\/@eumedbridge","https:\/\/www.instagram.com\/eumedbridge","https:\/\/www.flickr.com\/photos\/euneighbours-south\/"]}]}},"_links":{"self":[{"href":"https:\/\/www.eumedbridge.eu\/fr\/wp-json\/wp\/v2\/news\/246774","targetHints":{"allow":["GET"]}}],"collection":[{"href":"https:\/\/www.eumedbridge.eu\/fr\/wp-json\/wp\/v2\/news"}],"about":[{"href":"https:\/\/www.eumedbridge.eu\/fr\/wp-json\/wp\/v2\/types\/news"}],"wp:featuredmedia":[{"embeddable":true,"href":"https:\/\/www.eumedbridge.eu\/fr\/wp-json\/wp\/v2\/media\/246504"}],"wp:attachment":[{"href":"https:\/\/www.eumedbridge.eu\/fr\/wp-json\/wp\/v2\/media?parent=246774"}],"wp:term":[{"taxonomy":"news_category","embeddable":true,"href":"https:\/\/www.eumedbridge.eu\/fr\/wp-json\/wp\/v2\/news_category?post=246774"},{"taxonomy":"country","embeddable":true,"href":"https:\/\/www.eumedbridge.eu\/fr\/wp-json\/wp\/v2\/country?post=246774"},{"taxonomy":"special_action","embeddable":true,"href":"https:\/\/www.eumedbridge.eu\/fr\/wp-json\/wp\/v2\/special_action?post=246774"},{"taxonomy":"custom_tag","embeddable":true,"href":"https:\/\/www.eumedbridge.eu\/fr\/wp-json\/wp\/v2\/custom_tag?post=246774"}],"curies":[{"name":"wp","href":"https:\/\/api.w.org\/{rel}","templated":true}]}}