{"id":246784,"date":"2026-04-27T11:32:58","date_gmt":"2026-04-27T09:32:58","guid":{"rendered":"https:\/\/www.eumedbridge.eu\/?post_type=news&#038;p=246784"},"modified":"2026-04-27T11:32:58","modified_gmt":"2026-04-27T09:32:58","slug":"presentation-dempowererneet-a-la-plateforme-regionale-de-lupm-sur-lemploi-a-valence","status":"publish","type":"news","link":"https:\/\/www.eumedbridge.eu\/fr\/news\/presentation-dempowererneet-a-la-plateforme-regionale-de-lupm-sur-lemploi-a-valence\/","title":{"rendered":"Pr\u00e9sentation d&rsquo;EmpowererNEET \u00e0 la Plateforme r\u00e9gionale de l&rsquo;UpM sur l&#8217;emploi \u00e0 Valence"},"content":{"rendered":"<p>Les 23 et 24 mars, la coop\u00e9rative CDE Petra Patrimonia, partenaire du projet EmpoweerNEET, a particip\u00e9 \u00e0 la 20e r\u00e9union de la Plateforme r\u00e9gionale de l&rsquo;Union pour la M\u00e9diterran\u00e9e (UpM) sur le travail et l&#8217;emploi \u00e0 Valence. Cet \u00e9v\u00e9nement a rassembl\u00e9 des acteurs cl\u00e9s de la r\u00e9gion euro-m\u00e9diterran\u00e9enne afin d&rsquo;\u00e9changer sur les strat\u00e9gies pour un emploi inclusif et durable.<\/p>\n<p>&nbsp;<\/p>\n<p>Le 23 mars, lors d&rsquo;une session consacr\u00e9e \u00e0 l&rsquo;impact du programme Interreg NEXT MED sur les politiques de l&#8217;emploi, Petra Patrimonia a mis en lumi\u00e8re les r\u00e9ussites du projet RESMYLE. Cette initiative a contribu\u00e9 au d\u00e9veloppement des comp\u00e9tences vertes chez les jeunes m\u00e9diterran\u00e9ens gr\u00e2ce au programme ENI CBC MED, qui se d\u00e9roule jusqu&rsquo;en octobre 2023. L&rsquo;organisation a \u00e9galement pr\u00e9sent\u00e9 les objectifs d&rsquo;EmpowererNEET, ax\u00e9s sur l&rsquo;int\u00e9gration des jeunes \u00e9loign\u00e9s du march\u00e9 du travail dans l&rsquo;\u00e9conomie sociale et solidaire (ESS).<\/p>\n<p>&nbsp;<\/p>\n<p>Les discussions ont soulign\u00e9 le r\u00f4le de l&rsquo;ESS dans la promotion de l&rsquo;inclusion sociale et la cr\u00e9ation d&rsquo;opportunit\u00e9s d&#8217;emploi pour les jeunes en M\u00e9diterran\u00e9e. Ces informations ont \u00e9t\u00e9 pr\u00e9sent\u00e9es \u00e0 un public de haut niveau, notamment des repr\u00e9sentants des minist\u00e8res de l&rsquo;Emploi des \u00c9tats membres de l&rsquo;UpM, de la Commission europ\u00e9enne et des acteurs socio-\u00e9conomiques cl\u00e9s, tels que les syndicats et les r\u00e9seaux d&#8217;employeurs.<\/p>\n<p>&nbsp;<\/p>\n<p>Le 24 mars, la d\u00e9l\u00e9gation a effectu\u00e9 des visites de terrain dans la r\u00e9gion de Valence. Elle a ainsi pu observer des pratiques innovantes en faveur des groupes vuln\u00e9rables sur le march\u00e9 du travail. Ces visites \u00e9taient directement li\u00e9es au projet EmpoweerNEET et portaient sur la formation des jeunes, l&rsquo;inclusion sociale et la formation de la deuxi\u00e8me chance. Nous adressons nos remerciements particuliers \u00e0 Jovesolides, Iniciatives Solid\u00e0ries et \u00e0 la Fundaci\u00f3n Adsis pour leur travail remarquable. Le mod\u00e8le des \u00c9coles de la deuxi\u00e8me chance s&rsquo;est r\u00e9v\u00e9l\u00e9 particuli\u00e8rement prometteur pour les territoires partenaires d&rsquo;EmpowererNEET.<\/p>\n","protected":false},"featured_media":0,"parent":0,"template":"","news_category":[],"country":[1949,1952,1955],"special_action":[],"custom_tag":[2315,1970],"class_list":["post-246784","news","type-news","status-publish","hentry","country-liban","country-palestine-fr","country-tunisie","custom_tag-emploi-et-entrpreuneuriat","custom_tag-jeunesse"],"acf":[],"yoast_head":"<!-- This site is optimized with the Yoast SEO plugin v26.5 - https:\/\/yoast.com\/wordpress\/plugins\/seo\/ -->\n<title>Pr\u00e9sentation d&#039;EmpowererNEET \u00e0 la Plateforme r\u00e9gionale de l&#039;UpM sur l&#039;emploi \u00e0 Valence - Voisins de l&#039;UE<\/title>\n<meta name=\"robots\" content=\"index, follow, max-snippet:-1, max-image-preview:large, max-video-preview:-1\" \/>\n<link rel=\"canonical\" href=\"https:\/\/www.eumedbridge.eu\/fr\/news\/presentation-dempowererneet-a-la-plateforme-regionale-de-lupm-sur-lemploi-a-valence\/\" \/>\n<meta property=\"og:locale\" content=\"fr_FR\" \/>\n<meta property=\"og:type\" content=\"article\" \/>\n<meta property=\"og:title\" content=\"Pr\u00e9sentation d&#039;EmpowererNEET \u00e0 la Plateforme r\u00e9gionale de l&#039;UpM sur l&#039;emploi \u00e0 Valence - Voisins de l&#039;UE\" \/>\n<meta property=\"og:description\" content=\"Les 23 et 24 mars, la coop\u00e9rative CDE Petra Patrimonia, partenaire du projet EmpoweerNEET, a particip\u00e9 \u00e0 la 20e r\u00e9union de la Plateforme r\u00e9gionale de l&rsquo;Union pour la M\u00e9diterran\u00e9e (UpM) sur le travail et l&#8217;emploi \u00e0 Valence. Cet \u00e9v\u00e9nement a rassembl\u00e9 des acteurs cl\u00e9s de la r\u00e9gion euro-m\u00e9diterran\u00e9enne afin d&rsquo;\u00e9changer sur les strat\u00e9gies pour un [&hellip;]\" \/>\n<meta property=\"og:url\" content=\"https:\/\/www.eumedbridge.eu\/fr\/news\/presentation-dempowererneet-a-la-plateforme-regionale-de-lupm-sur-lemploi-a-valence\/\" \/>\n<meta property=\"og:site_name\" content=\"Voisins de l&#039;UE\" \/>\n<meta property=\"article:publisher\" content=\"https:\/\/www.facebook.com\/eumedbridge\/\" \/>\n<meta name=\"twitter:card\" content=\"summary_large_image\" \/>\n<meta name=\"twitter:site\" content=\"@eumedbridge\" \/>\n<meta name=\"twitter:label1\" content=\"Dur\u00e9e de lecture estim\u00e9e\" \/>\n\t<meta name=\"twitter:data1\" content=\"2 minutes\" \/>\n<script type=\"application\/ld+json\" class=\"yoast-schema-graph\">{\"@context\":\"https:\/\/schema.org\",\"@graph\":[{\"@type\":\"WebPage\",\"@id\":\"https:\/\/www.eumedbridge.eu\/fr\/news\/presentation-dempowererneet-a-la-plateforme-regionale-de-lupm-sur-lemploi-a-valence\/\",\"url\":\"https:\/\/www.eumedbridge.eu\/fr\/news\/presentation-dempowererneet-a-la-plateforme-regionale-de-lupm-sur-lemploi-a-valence\/\",\"name\":\"Pr\u00e9sentation d'EmpowererNEET \u00e0 la Plateforme r\u00e9gionale de l'UpM sur l'emploi \u00e0 Valence - Voisins de l'UE\",\"isPartOf\":{\"@id\":\"https:\/\/www.eumedbridge.eu\/#website\"},\"datePublished\":\"2026-04-27T09:32:58+00:00\",\"breadcrumb\":{\"@id\":\"https:\/\/www.eumedbridge.eu\/fr\/news\/presentation-dempowererneet-a-la-plateforme-regionale-de-lupm-sur-lemploi-a-valence\/#breadcrumb\"},\"inLanguage\":\"fr-FR\",\"potentialAction\":[{\"@type\":\"ReadAction\",\"target\":[\"https:\/\/www.eumedbridge.eu\/fr\/news\/presentation-dempowererneet-a-la-plateforme-regionale-de-lupm-sur-lemploi-a-valence\/\"]}]},{\"@type\":\"BreadcrumbList\",\"@id\":\"https:\/\/www.eumedbridge.eu\/fr\/news\/presentation-dempowererneet-a-la-plateforme-regionale-de-lupm-sur-lemploi-a-valence\/#breadcrumb\",\"itemListElement\":[{\"@type\":\"ListItem\",\"position\":1,\"name\":\"Home\",\"item\":\"https:\/\/www.eumedbridge.eu\/fr\/home-page\/\"},{\"@type\":\"ListItem\",\"position\":2,\"name\":\"Actualit\u00e9s\",\"item\":\"https:\/\/www.eumedbridge.eu\/fr\/news\/\"},{\"@type\":\"ListItem\",\"position\":3,\"name\":\"Pr\u00e9sentation d&#8217;EmpowererNEET \u00e0 la Plateforme r\u00e9gionale de l&#8217;UpM sur l&#8217;emploi \u00e0 Valence\"}]},{\"@type\":\"WebSite\",\"@id\":\"https:\/\/www.eumedbridge.eu\/#website\",\"url\":\"https:\/\/www.eumedbridge.eu\/\",\"name\":\"EU Medbridge\",\"description\":\"\",\"publisher\":{\"@id\":\"https:\/\/www.eumedbridge.eu\/#organization\"},\"potentialAction\":[{\"@type\":\"SearchAction\",\"target\":{\"@type\":\"EntryPoint\",\"urlTemplate\":\"https:\/\/www.eumedbridge.eu\/?s={search_term_string}\"},\"query-input\":{\"@type\":\"PropertyValueSpecification\",\"valueRequired\":true,\"valueName\":\"search_term_string\"}}],\"inLanguage\":\"fr-FR\"},{\"@type\":\"Organization\",\"@id\":\"https:\/\/www.eumedbridge.eu\/#organization\",\"name\":\"EU Medbridge\",\"url\":\"https:\/\/www.eumedbridge.eu\/\",\"logo\":{\"@type\":\"ImageObject\",\"inLanguage\":\"fr-FR\",\"@id\":\"https:\/\/www.eumedbridge.eu\/#\/schema\/logo\/image\/\",\"url\":\"https:\/\/www.eumedbridge.eu\/wp-content\/uploads\/2021\/12\/Logo.png\",\"contentUrl\":\"https:\/\/www.eumedbridge.eu\/wp-content\/uploads\/2021\/12\/Logo.png\",\"width\":325,\"height\":114,\"caption\":\"EU Medbridge\"},\"image\":{\"@id\":\"https:\/\/www.eumedbridge.eu\/#\/schema\/logo\/image\/\"},\"sameAs\":[\"https:\/\/www.facebook.com\/eumedbridge\/\",\"https:\/\/x.com\/eumedbridge\",\"https:\/\/www.linkedin.com\/company\/eumedbridge\",\"https:\/\/www.youtube.com\/@eumedbridge\",\"https:\/\/www.instagram.com\/eumedbridge\",\"https:\/\/www.flickr.com\/photos\/euneighbours-south\/\"]}]}<\/script>\n<!-- \/ Yoast SEO plugin. -->","yoast_head_json":{"title":"Pr\u00e9sentation d'EmpowererNEET \u00e0 la Plateforme r\u00e9gionale de l'UpM sur l'emploi \u00e0 Valence - Voisins de l'UE","robots":{"index":"index","follow":"follow","max-snippet":"max-snippet:-1","max-image-preview":"max-image-preview:large","max-video-preview":"max-video-preview:-1"},"canonical":"https:\/\/www.eumedbridge.eu\/fr\/news\/presentation-dempowererneet-a-la-plateforme-regionale-de-lupm-sur-lemploi-a-valence\/","og_locale":"fr_FR","og_type":"article","og_title":"Pr\u00e9sentation d'EmpowererNEET \u00e0 la Plateforme r\u00e9gionale de l'UpM sur l'emploi \u00e0 Valence - Voisins de l'UE","og_description":"Les 23 et 24 mars, la coop\u00e9rative CDE Petra Patrimonia, partenaire du projet EmpoweerNEET, a particip\u00e9 \u00e0 la 20e r\u00e9union de la Plateforme r\u00e9gionale de l&rsquo;Union pour la M\u00e9diterran\u00e9e (UpM) sur le travail et l&#8217;emploi \u00e0 Valence. Cet \u00e9v\u00e9nement a rassembl\u00e9 des acteurs cl\u00e9s de la r\u00e9gion euro-m\u00e9diterran\u00e9enne afin d&rsquo;\u00e9changer sur les strat\u00e9gies pour un [&hellip;]","og_url":"https:\/\/www.eumedbridge.eu\/fr\/news\/presentation-dempowererneet-a-la-plateforme-regionale-de-lupm-sur-lemploi-a-valence\/","og_site_name":"Voisins de l'UE","article_publisher":"https:\/\/www.facebook.com\/eumedbridge\/","twitter_card":"summary_large_image","twitter_site":"@eumedbridge","twitter_misc":{"Dur\u00e9e de lecture estim\u00e9e":"2 minutes"},"schema":{"@context":"https:\/\/schema.org","@graph":[{"@type":"WebPage","@id":"https:\/\/www.eumedbridge.eu\/fr\/news\/presentation-dempowererneet-a-la-plateforme-regionale-de-lupm-sur-lemploi-a-valence\/","url":"https:\/\/www.eumedbridge.eu\/fr\/news\/presentation-dempowererneet-a-la-plateforme-regionale-de-lupm-sur-lemploi-a-valence\/","name":"Pr\u00e9sentation d'EmpowererNEET \u00e0 la Plateforme r\u00e9gionale de l'UpM sur l'emploi \u00e0 Valence - Voisins de l'UE","isPartOf":{"@id":"https:\/\/www.eumedbridge.eu\/#website"},"datePublished":"2026-04-27T09:32:58+00:00","breadcrumb":{"@id":"https:\/\/www.eumedbridge.eu\/fr\/news\/presentation-dempowererneet-a-la-plateforme-regionale-de-lupm-sur-lemploi-a-valence\/#breadcrumb"},"inLanguage":"fr-FR","potentialAction":[{"@type":"ReadAction","target":["https:\/\/www.eumedbridge.eu\/fr\/news\/presentation-dempowererneet-a-la-plateforme-regionale-de-lupm-sur-lemploi-a-valence\/"]}]},{"@type":"BreadcrumbList","@id":"https:\/\/www.eumedbridge.eu\/fr\/news\/presentation-dempowererneet-a-la-plateforme-regionale-de-lupm-sur-lemploi-a-valence\/#breadcrumb","itemListElement":[{"@type":"ListItem","position":1,"name":"Home","item":"https:\/\/www.eumedbridge.eu\/fr\/home-page\/"},{"@type":"ListItem","position":2,"name":"Actualit\u00e9s","item":"https:\/\/www.eumedbridge.eu\/fr\/news\/"},{"@type":"ListItem","position":3,"name":"Pr\u00e9sentation d&#8217;EmpowererNEET \u00e0 la Plateforme r\u00e9gionale de l&#8217;UpM sur l&#8217;emploi \u00e0 Valence"}]},{"@type":"WebSite","@id":"https:\/\/www.eumedbridge.eu\/#website","url":"https:\/\/www.eumedbridge.eu\/","name":"EU Medbridge","description":"","publisher":{"@id":"https:\/\/www.eumedbridge.eu\/#organization"},"potentialAction":[{"@type":"SearchAction","target":{"@type":"EntryPoint","urlTemplate":"https:\/\/www.eumedbridge.eu\/?s={search_term_string}"},"query-input":{"@type":"PropertyValueSpecification","valueRequired":true,"valueName":"search_term_string"}}],"inLanguage":"fr-FR"},{"@type":"Organization","@id":"https:\/\/www.eumedbridge.eu\/#organization","name":"EU Medbridge","url":"https:\/\/www.eumedbridge.eu\/","logo":{"@type":"ImageObject","inLanguage":"fr-FR","@id":"https:\/\/www.eumedbridge.eu\/#\/schema\/logo\/image\/","url":"https:\/\/www.eumedbridge.eu\/wp-content\/uploads\/2021\/12\/Logo.png","contentUrl":"https:\/\/www.eumedbridge.eu\/wp-content\/uploads\/2021\/12\/Logo.png","width":325,"height":114,"caption":"EU Medbridge"},"image":{"@id":"https:\/\/www.eumedbridge.eu\/#\/schema\/logo\/image\/"},"sameAs":["https:\/\/www.facebook.com\/eumedbridge\/","https:\/\/x.com\/eumedbridge","https:\/\/www.linkedin.com\/company\/eumedbridge","https:\/\/www.youtube.com\/@eumedbridge","https:\/\/www.instagram.com\/eumedbridge","https:\/\/www.flickr.com\/photos\/euneighbours-south\/"]}]}},"_links":{"self":[{"href":"https:\/\/www.eumedbridge.eu\/fr\/wp-json\/wp\/v2\/news\/246784","targetHints":{"allow":["GET"]}}],"collection":[{"href":"https:\/\/www.eumedbridge.eu\/fr\/wp-json\/wp\/v2\/news"}],"about":[{"href":"https:\/\/www.eumedbridge.eu\/fr\/wp-json\/wp\/v2\/types\/news"}],"wp:attachment":[{"href":"https:\/\/www.eumedbridge.eu\/fr\/wp-json\/wp\/v2\/media?parent=246784"}],"wp:term":[{"taxonomy":"news_category","embeddable":true,"href":"https:\/\/www.eumedbridge.eu\/fr\/wp-json\/wp\/v2\/news_category?post=246784"},{"taxonomy":"country","embeddable":true,"href":"https:\/\/www.eumedbridge.eu\/fr\/wp-json\/wp\/v2\/country?post=246784"},{"taxonomy":"special_action","embeddable":true,"href":"https:\/\/www.eumedbridge.eu\/fr\/wp-json\/wp\/v2\/special_action?post=246784"},{"taxonomy":"custom_tag","embeddable":true,"href":"https:\/\/www.eumedbridge.eu\/fr\/wp-json\/wp\/v2\/custom_tag?post=246784"}],"curies":[{"name":"wp","href":"https:\/\/api.w.org\/{rel}","templated":true}]}}