{"id":246790,"date":"2026-04-27T11:41:39","date_gmt":"2026-04-27T09:41:39","guid":{"rendered":"https:\/\/www.eumedbridge.eu\/?post_type=news&#038;p=246790"},"modified":"2026-04-27T11:41:39","modified_gmt":"2026-04-27T09:41:39","slug":"prochainement-residence-de-photographie-2026-a-amman","status":"publish","type":"news","link":"https:\/\/www.eumedbridge.eu\/fr\/news\/prochainement-residence-de-photographie-2026-a-amman\/","title":{"rendered":"Prochainement : R\u00e9sidence de photographie 2026 \u00e0 Amman"},"content":{"rendered":"<p>La d\u00e9l\u00e9gation de l&rsquo;UE a le plaisir de vous pr\u00e9senter le programme de la prochaine r\u00e9sidence de photographie qui se tiendra \u00e0 Amman du 17 au 23 avril. Organis\u00e9e en partenariat avec la Galerie nationale des beaux-arts de Jordanie et sous la direction artistique du photographe et artiste Tariq Dajani, cette r\u00e9sidence r\u00e9unira 15 photographes europ\u00e9ens et jordaniens autour du th\u00e8me \u00ab Peuples, Terre, Souvenirs \u00bb. Des photographes de Chypre, de Gr\u00e8ce, de France, d&rsquo;Espagne et de Slov\u00e9nie se joindront \u00e0 dix photographes jordaniens pour une semaine d&rsquo;\u00e9changes artistiques, de d\u00e9couvertes et de collaborations. Durant cette semaine, les participants exploreront Amman et ses environs, partageant leurs points de vue et capturant des histoires qui refl\u00e8tent les paysages, les communaut\u00e9s et le v\u00e9cu en Jordanie.<\/p>\n<p>&nbsp;<\/p>\n<p>Parall\u00e8lement \u00e0 leur travail cr\u00e9atif, une s\u00e9rie d&rsquo;ateliers et de sessions en soir\u00e9e, ouverts au public, seront propos\u00e9s dans le cadre du programme OPEN LENS \u2013 R\u00e9sidence, con\u00e7u pour encourager le dialogue entre photographes, professionnels de la culture et passionn\u00e9s de photographie. \ud83d\udccd \u00c0 Wijdan Art Space<\/p>\n<p>Places limit\u00e9es (50 participants maximum) \u2013 premier arriv\u00e9, premier servi<\/p>\n<p>Samedi 18 avril | 19h00 \u2013 21h00<br \/>\nExprimez-vous par la photographie avec Tariq Dajani, artiste et photographe.<\/p>\n<p>Dimanche 19 avril | 19h00 \u2013 21h00<br \/>\nR\u00e9cit visuel : entre photographie et cin\u00e9ma avec Amjad Al Rasheed, sc\u00e9nariste et r\u00e9alisateur.<\/p>\n<p>Mardi 21 et mercredi 22 avril | 19h00 \u2013 21h00<br \/>\nRencontrez les photographes en r\u00e9sidence \u2013 Venez rencontrer les artistes et d\u00e9couvrir leurs parcours cr\u00e9atifs et leurs exp\u00e9riences durant la r\u00e9sidence.<\/p>\n<p>&nbsp;<\/p>\n<p>La r\u00e9sidence se cl\u00f4turera par une exposition pr\u00e9sentant les \u0153uvres r\u00e9alis\u00e9es pendant la semaine. Le vernissage aura lieu le jeudi 23 avril \u00e0 20h30 \u00e0 la Galerie nationale des beaux-arts de Jordanie (B\u00e2timent 1, 3e \u00e9tage). L&rsquo;exposition sera ouverte au public pendant deux semaines.<\/p>\n<p>&nbsp;<\/p>\n<p>Les photographies r\u00e9alis\u00e9es pendant la r\u00e9sidence seront mises en vente \u00e0 des prix abordables. Cette ann\u00e9e, les b\u00e9n\u00e9fices seront revers\u00e9s \u00e0 l\u2019Institut Princesse Taghrid, qui \u0153uvre aupr\u00e8s des communaut\u00e9s vuln\u00e9rables de Jordanie par le biais d\u2019actions de soutien social, d\u2019\u00e9ducation et de projets de d\u00e9veloppement communautaire. Gr\u00e2ce \u00e0 cette initiative, l\u2019Union europ\u00e9enne continue de soutenir les \u00e9changes culturels, la collaboration cr\u00e9ative et la sc\u00e8ne artistique dynamique de Jordanie, tout en associant la culture \u00e0 un impact social significatif.<\/p>\n","protected":false},"featured_media":246531,"parent":0,"template":"","news_category":[],"country":[2124],"special_action":[],"custom_tag":[1874],"class_list":["post-246790","news","type-news","status-publish","has-post-thumbnail","hentry","country-jordanie","custom_tag-culture-fr"],"acf":[],"yoast_head":"<!-- This site is optimized with the Yoast SEO plugin v26.5 - https:\/\/yoast.com\/wordpress\/plugins\/seo\/ -->\n<title>Prochainement : R\u00e9sidence de photographie 2026 \u00e0 Amman - Voisins de l&#039;UE<\/title>\n<meta name=\"robots\" content=\"index, follow, max-snippet:-1, max-image-preview:large, max-video-preview:-1\" \/>\n<link rel=\"canonical\" href=\"https:\/\/www.eumedbridge.eu\/fr\/news\/prochainement-residence-de-photographie-2026-a-amman\/\" \/>\n<meta property=\"og:locale\" content=\"fr_FR\" \/>\n<meta property=\"og:type\" content=\"article\" \/>\n<meta property=\"og:title\" content=\"Prochainement : R\u00e9sidence de photographie 2026 \u00e0 Amman - Voisins de l&#039;UE\" \/>\n<meta property=\"og:description\" content=\"La d\u00e9l\u00e9gation de l&rsquo;UE a le plaisir de vous pr\u00e9senter le programme de la prochaine r\u00e9sidence de photographie qui se tiendra \u00e0 Amman du 17 au 23 avril. Organis\u00e9e en partenariat avec la Galerie nationale des beaux-arts de Jordanie et sous la direction artistique du photographe et artiste Tariq Dajani, cette r\u00e9sidence r\u00e9unira 15 photographes [&hellip;]\" \/>\n<meta property=\"og:url\" content=\"https:\/\/www.eumedbridge.eu\/fr\/news\/prochainement-residence-de-photographie-2026-a-amman\/\" \/>\n<meta property=\"og:site_name\" content=\"Voisins de l&#039;UE\" \/>\n<meta property=\"article:publisher\" content=\"https:\/\/www.facebook.com\/eumedbridge\/\" \/>\n<meta property=\"og:image\" content=\"https:\/\/www.eumedbridge.eu\/wp-content\/uploads\/2026\/04\/photo-residency_0.png\" \/>\n\t<meta property=\"og:image:width\" content=\"1089\" \/>\n\t<meta property=\"og:image:height\" content=\"550\" \/>\n\t<meta property=\"og:image:type\" content=\"image\/png\" \/>\n<meta name=\"twitter:card\" content=\"summary_large_image\" \/>\n<meta name=\"twitter:site\" content=\"@eumedbridge\" \/>\n<meta name=\"twitter:label1\" content=\"Dur\u00e9e de lecture estim\u00e9e\" \/>\n\t<meta name=\"twitter:data1\" content=\"2 minutes\" \/>\n<script type=\"application\/ld+json\" class=\"yoast-schema-graph\">{\"@context\":\"https:\/\/schema.org\",\"@graph\":[{\"@type\":\"WebPage\",\"@id\":\"https:\/\/www.eumedbridge.eu\/fr\/news\/prochainement-residence-de-photographie-2026-a-amman\/\",\"url\":\"https:\/\/www.eumedbridge.eu\/fr\/news\/prochainement-residence-de-photographie-2026-a-amman\/\",\"name\":\"Prochainement : R\u00e9sidence de photographie 2026 \u00e0 Amman - Voisins de l'UE\",\"isPartOf\":{\"@id\":\"https:\/\/www.eumedbridge.eu\/#website\"},\"primaryImageOfPage\":{\"@id\":\"https:\/\/www.eumedbridge.eu\/fr\/news\/prochainement-residence-de-photographie-2026-a-amman\/#primaryimage\"},\"image\":{\"@id\":\"https:\/\/www.eumedbridge.eu\/fr\/news\/prochainement-residence-de-photographie-2026-a-amman\/#primaryimage\"},\"thumbnailUrl\":\"https:\/\/www.eumedbridge.eu\/wp-content\/uploads\/2026\/04\/photo-residency_0.png\",\"datePublished\":\"2026-04-27T09:41:39+00:00\",\"breadcrumb\":{\"@id\":\"https:\/\/www.eumedbridge.eu\/fr\/news\/prochainement-residence-de-photographie-2026-a-amman\/#breadcrumb\"},\"inLanguage\":\"fr-FR\",\"potentialAction\":[{\"@type\":\"ReadAction\",\"target\":[\"https:\/\/www.eumedbridge.eu\/fr\/news\/prochainement-residence-de-photographie-2026-a-amman\/\"]}]},{\"@type\":\"ImageObject\",\"inLanguage\":\"fr-FR\",\"@id\":\"https:\/\/www.eumedbridge.eu\/fr\/news\/prochainement-residence-de-photographie-2026-a-amman\/#primaryimage\",\"url\":\"https:\/\/www.eumedbridge.eu\/wp-content\/uploads\/2026\/04\/photo-residency_0.png\",\"contentUrl\":\"https:\/\/www.eumedbridge.eu\/wp-content\/uploads\/2026\/04\/photo-residency_0.png\",\"width\":1089,\"height\":550},{\"@type\":\"BreadcrumbList\",\"@id\":\"https:\/\/www.eumedbridge.eu\/fr\/news\/prochainement-residence-de-photographie-2026-a-amman\/#breadcrumb\",\"itemListElement\":[{\"@type\":\"ListItem\",\"position\":1,\"name\":\"Home\",\"item\":\"https:\/\/www.eumedbridge.eu\/fr\/home-page\/\"},{\"@type\":\"ListItem\",\"position\":2,\"name\":\"Actualit\u00e9s\",\"item\":\"https:\/\/www.eumedbridge.eu\/fr\/news\/\"},{\"@type\":\"ListItem\",\"position\":3,\"name\":\"Prochainement : R\u00e9sidence de photographie 2026 \u00e0 Amman\"}]},{\"@type\":\"WebSite\",\"@id\":\"https:\/\/www.eumedbridge.eu\/#website\",\"url\":\"https:\/\/www.eumedbridge.eu\/\",\"name\":\"EU Medbridge\",\"description\":\"\",\"publisher\":{\"@id\":\"https:\/\/www.eumedbridge.eu\/#organization\"},\"potentialAction\":[{\"@type\":\"SearchAction\",\"target\":{\"@type\":\"EntryPoint\",\"urlTemplate\":\"https:\/\/www.eumedbridge.eu\/?s={search_term_string}\"},\"query-input\":{\"@type\":\"PropertyValueSpecification\",\"valueRequired\":true,\"valueName\":\"search_term_string\"}}],\"inLanguage\":\"fr-FR\"},{\"@type\":\"Organization\",\"@id\":\"https:\/\/www.eumedbridge.eu\/#organization\",\"name\":\"EU Medbridge\",\"url\":\"https:\/\/www.eumedbridge.eu\/\",\"logo\":{\"@type\":\"ImageObject\",\"inLanguage\":\"fr-FR\",\"@id\":\"https:\/\/www.eumedbridge.eu\/#\/schema\/logo\/image\/\",\"url\":\"https:\/\/www.eumedbridge.eu\/wp-content\/uploads\/2021\/12\/Logo.png\",\"contentUrl\":\"https:\/\/www.eumedbridge.eu\/wp-content\/uploads\/2021\/12\/Logo.png\",\"width\":325,\"height\":114,\"caption\":\"EU Medbridge\"},\"image\":{\"@id\":\"https:\/\/www.eumedbridge.eu\/#\/schema\/logo\/image\/\"},\"sameAs\":[\"https:\/\/www.facebook.com\/eumedbridge\/\",\"https:\/\/x.com\/eumedbridge\",\"https:\/\/www.linkedin.com\/company\/eumedbridge\",\"https:\/\/www.youtube.com\/@eumedbridge\",\"https:\/\/www.instagram.com\/eumedbridge\",\"https:\/\/www.flickr.com\/photos\/euneighbours-south\/\"]}]}<\/script>\n<!-- \/ Yoast SEO plugin. -->","yoast_head_json":{"title":"Prochainement : R\u00e9sidence de photographie 2026 \u00e0 Amman - Voisins de l'UE","robots":{"index":"index","follow":"follow","max-snippet":"max-snippet:-1","max-image-preview":"max-image-preview:large","max-video-preview":"max-video-preview:-1"},"canonical":"https:\/\/www.eumedbridge.eu\/fr\/news\/prochainement-residence-de-photographie-2026-a-amman\/","og_locale":"fr_FR","og_type":"article","og_title":"Prochainement : R\u00e9sidence de photographie 2026 \u00e0 Amman - Voisins de l'UE","og_description":"La d\u00e9l\u00e9gation de l&rsquo;UE a le plaisir de vous pr\u00e9senter le programme de la prochaine r\u00e9sidence de photographie qui se tiendra \u00e0 Amman du 17 au 23 avril. Organis\u00e9e en partenariat avec la Galerie nationale des beaux-arts de Jordanie et sous la direction artistique du photographe et artiste Tariq Dajani, cette r\u00e9sidence r\u00e9unira 15 photographes [&hellip;]","og_url":"https:\/\/www.eumedbridge.eu\/fr\/news\/prochainement-residence-de-photographie-2026-a-amman\/","og_site_name":"Voisins de l'UE","article_publisher":"https:\/\/www.facebook.com\/eumedbridge\/","og_image":[{"width":1089,"height":550,"url":"https:\/\/www.eumedbridge.eu\/wp-content\/uploads\/2026\/04\/photo-residency_0.png","type":"image\/png"}],"twitter_card":"summary_large_image","twitter_site":"@eumedbridge","twitter_misc":{"Dur\u00e9e de lecture estim\u00e9e":"2 minutes"},"schema":{"@context":"https:\/\/schema.org","@graph":[{"@type":"WebPage","@id":"https:\/\/www.eumedbridge.eu\/fr\/news\/prochainement-residence-de-photographie-2026-a-amman\/","url":"https:\/\/www.eumedbridge.eu\/fr\/news\/prochainement-residence-de-photographie-2026-a-amman\/","name":"Prochainement : R\u00e9sidence de photographie 2026 \u00e0 Amman - Voisins de l'UE","isPartOf":{"@id":"https:\/\/www.eumedbridge.eu\/#website"},"primaryImageOfPage":{"@id":"https:\/\/www.eumedbridge.eu\/fr\/news\/prochainement-residence-de-photographie-2026-a-amman\/#primaryimage"},"image":{"@id":"https:\/\/www.eumedbridge.eu\/fr\/news\/prochainement-residence-de-photographie-2026-a-amman\/#primaryimage"},"thumbnailUrl":"https:\/\/www.eumedbridge.eu\/wp-content\/uploads\/2026\/04\/photo-residency_0.png","datePublished":"2026-04-27T09:41:39+00:00","breadcrumb":{"@id":"https:\/\/www.eumedbridge.eu\/fr\/news\/prochainement-residence-de-photographie-2026-a-amman\/#breadcrumb"},"inLanguage":"fr-FR","potentialAction":[{"@type":"ReadAction","target":["https:\/\/www.eumedbridge.eu\/fr\/news\/prochainement-residence-de-photographie-2026-a-amman\/"]}]},{"@type":"ImageObject","inLanguage":"fr-FR","@id":"https:\/\/www.eumedbridge.eu\/fr\/news\/prochainement-residence-de-photographie-2026-a-amman\/#primaryimage","url":"https:\/\/www.eumedbridge.eu\/wp-content\/uploads\/2026\/04\/photo-residency_0.png","contentUrl":"https:\/\/www.eumedbridge.eu\/wp-content\/uploads\/2026\/04\/photo-residency_0.png","width":1089,"height":550},{"@type":"BreadcrumbList","@id":"https:\/\/www.eumedbridge.eu\/fr\/news\/prochainement-residence-de-photographie-2026-a-amman\/#breadcrumb","itemListElement":[{"@type":"ListItem","position":1,"name":"Home","item":"https:\/\/www.eumedbridge.eu\/fr\/home-page\/"},{"@type":"ListItem","position":2,"name":"Actualit\u00e9s","item":"https:\/\/www.eumedbridge.eu\/fr\/news\/"},{"@type":"ListItem","position":3,"name":"Prochainement : R\u00e9sidence de photographie 2026 \u00e0 Amman"}]},{"@type":"WebSite","@id":"https:\/\/www.eumedbridge.eu\/#website","url":"https:\/\/www.eumedbridge.eu\/","name":"EU Medbridge","description":"","publisher":{"@id":"https:\/\/www.eumedbridge.eu\/#organization"},"potentialAction":[{"@type":"SearchAction","target":{"@type":"EntryPoint","urlTemplate":"https:\/\/www.eumedbridge.eu\/?s={search_term_string}"},"query-input":{"@type":"PropertyValueSpecification","valueRequired":true,"valueName":"search_term_string"}}],"inLanguage":"fr-FR"},{"@type":"Organization","@id":"https:\/\/www.eumedbridge.eu\/#organization","name":"EU Medbridge","url":"https:\/\/www.eumedbridge.eu\/","logo":{"@type":"ImageObject","inLanguage":"fr-FR","@id":"https:\/\/www.eumedbridge.eu\/#\/schema\/logo\/image\/","url":"https:\/\/www.eumedbridge.eu\/wp-content\/uploads\/2021\/12\/Logo.png","contentUrl":"https:\/\/www.eumedbridge.eu\/wp-content\/uploads\/2021\/12\/Logo.png","width":325,"height":114,"caption":"EU Medbridge"},"image":{"@id":"https:\/\/www.eumedbridge.eu\/#\/schema\/logo\/image\/"},"sameAs":["https:\/\/www.facebook.com\/eumedbridge\/","https:\/\/x.com\/eumedbridge","https:\/\/www.linkedin.com\/company\/eumedbridge","https:\/\/www.youtube.com\/@eumedbridge","https:\/\/www.instagram.com\/eumedbridge","https:\/\/www.flickr.com\/photos\/euneighbours-south\/"]}]}},"_links":{"self":[{"href":"https:\/\/www.eumedbridge.eu\/fr\/wp-json\/wp\/v2\/news\/246790","targetHints":{"allow":["GET"]}}],"collection":[{"href":"https:\/\/www.eumedbridge.eu\/fr\/wp-json\/wp\/v2\/news"}],"about":[{"href":"https:\/\/www.eumedbridge.eu\/fr\/wp-json\/wp\/v2\/types\/news"}],"wp:featuredmedia":[{"embeddable":true,"href":"https:\/\/www.eumedbridge.eu\/fr\/wp-json\/wp\/v2\/media\/246531"}],"wp:attachment":[{"href":"https:\/\/www.eumedbridge.eu\/fr\/wp-json\/wp\/v2\/media?parent=246790"}],"wp:term":[{"taxonomy":"news_category","embeddable":true,"href":"https:\/\/www.eumedbridge.eu\/fr\/wp-json\/wp\/v2\/news_category?post=246790"},{"taxonomy":"country","embeddable":true,"href":"https:\/\/www.eumedbridge.eu\/fr\/wp-json\/wp\/v2\/country?post=246790"},{"taxonomy":"special_action","embeddable":true,"href":"https:\/\/www.eumedbridge.eu\/fr\/wp-json\/wp\/v2\/special_action?post=246790"},{"taxonomy":"custom_tag","embeddable":true,"href":"https:\/\/www.eumedbridge.eu\/fr\/wp-json\/wp\/v2\/custom_tag?post=246790"}],"curies":[{"name":"wp","href":"https:\/\/api.w.org\/{rel}","templated":true}]}}