{"id":246792,"date":"2026-04-27T12:08:36","date_gmt":"2026-04-27T10:08:36","guid":{"rendered":"https:\/\/www.eumedbridge.eu\/?post_type=news&#038;p=246792"},"modified":"2026-04-27T12:08:36","modified_gmt":"2026-04-27T10:08:36","slug":"la-berd-prevoit-dinvestir-5-milliards-deuros-dans-les-economies-touchees-par-le-conflit-au-moyen-orient-en-2026","status":"publish","type":"news","link":"https:\/\/www.eumedbridge.eu\/fr\/news\/la-berd-prevoit-dinvestir-5-milliards-deuros-dans-les-economies-touchees-par-le-conflit-au-moyen-orient-en-2026\/","title":{"rendered":"La BERD pr\u00e9voit d&rsquo;investir 5 milliards d&rsquo;euros dans les \u00e9conomies touch\u00e9es par le conflit au Moyen-Orient en 2026."},"content":{"rendered":"<p>La Banque europ\u00e9enne pour la reconstruction et le d\u00e9veloppement (BERD) a lanc\u00e9 une intervention d&rsquo;urgence pour soutenir les \u00e9conomies b\u00e9n\u00e9ficiaires de ses investissements et ses clients affect\u00e9s par la guerre au Moyen-Orient, ainsi que les pays voisins o\u00f9 elle op\u00e8re et qui subissent des r\u00e9percussions plus larges. Cette intervention se concentrera sur les \u00e9conomies directement touch\u00e9es \u2013 l&rsquo;Irak, la Jordanie, le Liban, la Cisjordanie et Gaza \u2013 ainsi que sur un premier groupe de pays voisins affect\u00e9s, dont l&rsquo;\u00c9gypte, la Turquie, l&rsquo;Arm\u00e9nie et l&rsquo;Azerba\u00efdjan. La BERD pr\u00e9voit d&rsquo;investir 5 milliards d&rsquo;euros dans ces \u00e9conomies en 2026. Le volume de ces investissements sera d\u00e9termin\u00e9 par la demande, compte tenu de l&rsquo;\u00e9volution rapide de la situation.<\/p>\n<p>&nbsp;<\/p>\n<p>Cette approche se d\u00e9roulera en deux phases\u00a0: apporter une aide d&rsquo;urgence en soutenant l&rsquo;activit\u00e9 \u00e9conomique, en favorisant la stabilisation du secteur financier et en assurant la continuit\u00e9 des services essentiels\u00a0; et jeter les bases d&rsquo;une croissance et d&rsquo;une reprise durable dans les \u00e9conomies touch\u00e9es. La r\u00e9ponse apport\u00e9e renforcera la s\u00e9curit\u00e9 \u00e9nerg\u00e9tique gr\u00e2ce \u00e0 un soutien cibl\u00e9 en liquidit\u00e9s aux entreprises \u00e9nerg\u00e9tiques \u00e0 court terme et acc\u00e9l\u00e9rera la transition vers des syst\u00e8mes \u00e9nerg\u00e9tiques plus diversifi\u00e9s, r\u00e9silients et ancr\u00e9s dans le tissu \u00e9conomique national. Le maintien de l\u2019aide aux entreprises publiques garantira la fourniture ininterrompue de biens et services essentiels, parall\u00e8lement aux travaux men\u00e9s sur le programme de r\u00e9formes \u00e0 long terme visant \u00e0 renforcer la r\u00e9silience et la gouvernance \u00e9conomique.<\/p>\n<p>&nbsp;<\/p>\n<p>Dans le secteur priv\u00e9, afin de pallier les perturbations des march\u00e9s de l\u2019\u00e9nergie et des cha\u00eenes de valeur agroalimentaires, la Banque fournira des fonds de roulement et des liquidit\u00e9s pour aider les entreprises \u00e0 absorber la volatilit\u00e9 des march\u00e9s et \u00e0 poursuivre leurs activit\u00e9s. Aujourd\u2019hui, par exemple, le Conseil d\u2019administration de la BERD a approuv\u00e9 un projet de soutien \u00e0 la principale cha\u00eene de distribution du Liban. \u00c0 plus long terme, la BERD soutiendra le bon fonctionnement des infrastructures, des voies commerciales et la s\u00e9curit\u00e9 alimentaire, ainsi que les investissements dans les solutions num\u00e9riques qui sous-tendent la connectivit\u00e9 et la croissance \u00e9conomiques. Dans le cadre de sa r\u00e9ponse, la Banque reste r\u00e9solument tourn\u00e9e vers les populations, en soutenant la r\u00e9silience du capital humain par la garantie de l\u2019acc\u00e8s \u00e0 l\u2019emploi, au financement et aux services essentiels, tout en prot\u00e9geant les groupes vuln\u00e9rables.<\/p>\n<p>&nbsp;<\/p>\n<p>La r\u00e9ponse de la Banque en mati\u00e8re d\u2019investissement s\u2019accompagnera d\u2019un dialogue politique constructif, d\u2019une assistance technique cibl\u00e9e et de conseils aux gouvernements, aux clients et aux petites et moyennes entreprises, afin de les aider \u00e0 s\u2019adapter, \u00e0 se d\u00e9velopper et \u00e0 contribuer \u00e0 une \u00e9conomie plus r\u00e9siliente et inclusive. La BERD travaillera en \u00e9troite coordination avec les gouvernements donateurs, les institutions financi\u00e8res internationales et les institutions de financement du d\u00e9veloppement, et s\u2019efforcera de mobiliser le soutien des donateurs pour aider les \u00e9conomies \u00e0 surmonter les chocs et \u00e0 en ressortir plus fortes et plus r\u00e9silientes.<\/p>\n","protected":false},"featured_media":246597,"parent":0,"template":"","news_category":[],"country":[1947,2943,2124,1949,1952],"special_action":[],"custom_tag":[2924],"class_list":["post-246792","news","type-news","status-publish","has-post-thumbnail","hentry","country-egypte","country-irak","country-jordanie","country-liban","country-palestine-fr","custom_tag-economy-fr"],"acf":[],"yoast_head":"<!-- This site is optimized with the Yoast SEO plugin v26.5 - https:\/\/yoast.com\/wordpress\/plugins\/seo\/ -->\n<title>La BERD pr\u00e9voit d&#039;investir 5 milliards d&#039;euros dans les \u00e9conomies touch\u00e9es par le conflit au Moyen-Orient en 2026. - Voisins de l&#039;UE<\/title>\n<meta name=\"robots\" content=\"index, follow, max-snippet:-1, max-image-preview:large, max-video-preview:-1\" \/>\n<link rel=\"canonical\" href=\"https:\/\/www.eumedbridge.eu\/fr\/news\/la-berd-prevoit-dinvestir-5-milliards-deuros-dans-les-economies-touchees-par-le-conflit-au-moyen-orient-en-2026\/\" \/>\n<meta property=\"og:locale\" content=\"fr_FR\" \/>\n<meta property=\"og:type\" content=\"article\" \/>\n<meta property=\"og:title\" content=\"La BERD pr\u00e9voit d&#039;investir 5 milliards d&#039;euros dans les \u00e9conomies touch\u00e9es par le conflit au Moyen-Orient en 2026. - Voisins de l&#039;UE\" \/>\n<meta property=\"og:description\" content=\"La Banque europ\u00e9enne pour la reconstruction et le d\u00e9veloppement (BERD) a lanc\u00e9 une intervention d&rsquo;urgence pour soutenir les \u00e9conomies b\u00e9n\u00e9ficiaires de ses investissements et ses clients affect\u00e9s par la guerre au Moyen-Orient, ainsi que les pays voisins o\u00f9 elle op\u00e8re et qui subissent des r\u00e9percussions plus larges. Cette intervention se concentrera sur les \u00e9conomies directement [&hellip;]\" \/>\n<meta property=\"og:url\" content=\"https:\/\/www.eumedbridge.eu\/fr\/news\/la-berd-prevoit-dinvestir-5-milliards-deuros-dans-les-economies-touchees-par-le-conflit-au-moyen-orient-en-2026\/\" \/>\n<meta property=\"og:site_name\" content=\"Voisins de l&#039;UE\" \/>\n<meta property=\"article:publisher\" content=\"https:\/\/www.facebook.com\/eumedbridge\/\" \/>\n<meta property=\"og:image\" content=\"https:\/\/www.eumedbridge.eu\/wp-content\/uploads\/2026\/04\/hq-top-aerial-hero-1282x682-1.png\" \/>\n\t<meta property=\"og:image:width\" content=\"1282\" \/>\n\t<meta property=\"og:image:height\" content=\"682\" \/>\n\t<meta property=\"og:image:type\" content=\"image\/png\" \/>\n<meta name=\"twitter:card\" content=\"summary_large_image\" \/>\n<meta name=\"twitter:site\" content=\"@eumedbridge\" \/>\n<meta name=\"twitter:label1\" content=\"Dur\u00e9e de lecture estim\u00e9e\" \/>\n\t<meta name=\"twitter:data1\" content=\"3 minutes\" \/>\n<script type=\"application\/ld+json\" class=\"yoast-schema-graph\">{\"@context\":\"https:\/\/schema.org\",\"@graph\":[{\"@type\":\"WebPage\",\"@id\":\"https:\/\/www.eumedbridge.eu\/fr\/news\/la-berd-prevoit-dinvestir-5-milliards-deuros-dans-les-economies-touchees-par-le-conflit-au-moyen-orient-en-2026\/\",\"url\":\"https:\/\/www.eumedbridge.eu\/fr\/news\/la-berd-prevoit-dinvestir-5-milliards-deuros-dans-les-economies-touchees-par-le-conflit-au-moyen-orient-en-2026\/\",\"name\":\"La BERD pr\u00e9voit d'investir 5 milliards d'euros dans les \u00e9conomies touch\u00e9es par le conflit au Moyen-Orient en 2026. - Voisins de l'UE\",\"isPartOf\":{\"@id\":\"https:\/\/www.eumedbridge.eu\/#website\"},\"primaryImageOfPage\":{\"@id\":\"https:\/\/www.eumedbridge.eu\/fr\/news\/la-berd-prevoit-dinvestir-5-milliards-deuros-dans-les-economies-touchees-par-le-conflit-au-moyen-orient-en-2026\/#primaryimage\"},\"image\":{\"@id\":\"https:\/\/www.eumedbridge.eu\/fr\/news\/la-berd-prevoit-dinvestir-5-milliards-deuros-dans-les-economies-touchees-par-le-conflit-au-moyen-orient-en-2026\/#primaryimage\"},\"thumbnailUrl\":\"https:\/\/www.eumedbridge.eu\/wp-content\/uploads\/2026\/04\/hq-top-aerial-hero-1282x682-1.png\",\"datePublished\":\"2026-04-27T10:08:36+00:00\",\"breadcrumb\":{\"@id\":\"https:\/\/www.eumedbridge.eu\/fr\/news\/la-berd-prevoit-dinvestir-5-milliards-deuros-dans-les-economies-touchees-par-le-conflit-au-moyen-orient-en-2026\/#breadcrumb\"},\"inLanguage\":\"fr-FR\",\"potentialAction\":[{\"@type\":\"ReadAction\",\"target\":[\"https:\/\/www.eumedbridge.eu\/fr\/news\/la-berd-prevoit-dinvestir-5-milliards-deuros-dans-les-economies-touchees-par-le-conflit-au-moyen-orient-en-2026\/\"]}]},{\"@type\":\"ImageObject\",\"inLanguage\":\"fr-FR\",\"@id\":\"https:\/\/www.eumedbridge.eu\/fr\/news\/la-berd-prevoit-dinvestir-5-milliards-deuros-dans-les-economies-touchees-par-le-conflit-au-moyen-orient-en-2026\/#primaryimage\",\"url\":\"https:\/\/www.eumedbridge.eu\/wp-content\/uploads\/2026\/04\/hq-top-aerial-hero-1282x682-1.png\",\"contentUrl\":\"https:\/\/www.eumedbridge.eu\/wp-content\/uploads\/2026\/04\/hq-top-aerial-hero-1282x682-1.png\",\"width\":1282,\"height\":682},{\"@type\":\"BreadcrumbList\",\"@id\":\"https:\/\/www.eumedbridge.eu\/fr\/news\/la-berd-prevoit-dinvestir-5-milliards-deuros-dans-les-economies-touchees-par-le-conflit-au-moyen-orient-en-2026\/#breadcrumb\",\"itemListElement\":[{\"@type\":\"ListItem\",\"position\":1,\"name\":\"Home\",\"item\":\"https:\/\/www.eumedbridge.eu\/fr\/home-page\/\"},{\"@type\":\"ListItem\",\"position\":2,\"name\":\"Actualit\u00e9s\",\"item\":\"https:\/\/www.eumedbridge.eu\/fr\/news\/\"},{\"@type\":\"ListItem\",\"position\":3,\"name\":\"La BERD pr\u00e9voit d&#8217;investir 5 milliards d&#8217;euros dans les \u00e9conomies touch\u00e9es par le conflit au Moyen-Orient en 2026.\"}]},{\"@type\":\"WebSite\",\"@id\":\"https:\/\/www.eumedbridge.eu\/#website\",\"url\":\"https:\/\/www.eumedbridge.eu\/\",\"name\":\"EU Medbridge\",\"description\":\"\",\"publisher\":{\"@id\":\"https:\/\/www.eumedbridge.eu\/#organization\"},\"potentialAction\":[{\"@type\":\"SearchAction\",\"target\":{\"@type\":\"EntryPoint\",\"urlTemplate\":\"https:\/\/www.eumedbridge.eu\/?s={search_term_string}\"},\"query-input\":{\"@type\":\"PropertyValueSpecification\",\"valueRequired\":true,\"valueName\":\"search_term_string\"}}],\"inLanguage\":\"fr-FR\"},{\"@type\":\"Organization\",\"@id\":\"https:\/\/www.eumedbridge.eu\/#organization\",\"name\":\"EU Medbridge\",\"url\":\"https:\/\/www.eumedbridge.eu\/\",\"logo\":{\"@type\":\"ImageObject\",\"inLanguage\":\"fr-FR\",\"@id\":\"https:\/\/www.eumedbridge.eu\/#\/schema\/logo\/image\/\",\"url\":\"https:\/\/www.eumedbridge.eu\/wp-content\/uploads\/2021\/12\/Logo.png\",\"contentUrl\":\"https:\/\/www.eumedbridge.eu\/wp-content\/uploads\/2021\/12\/Logo.png\",\"width\":325,\"height\":114,\"caption\":\"EU Medbridge\"},\"image\":{\"@id\":\"https:\/\/www.eumedbridge.eu\/#\/schema\/logo\/image\/\"},\"sameAs\":[\"https:\/\/www.facebook.com\/eumedbridge\/\",\"https:\/\/x.com\/eumedbridge\",\"https:\/\/www.linkedin.com\/company\/eumedbridge\",\"https:\/\/www.youtube.com\/@eumedbridge\",\"https:\/\/www.instagram.com\/eumedbridge\",\"https:\/\/www.flickr.com\/photos\/euneighbours-south\/\"]}]}<\/script>\n<!-- \/ Yoast SEO plugin. -->","yoast_head_json":{"title":"La BERD pr\u00e9voit d'investir 5 milliards d'euros dans les \u00e9conomies touch\u00e9es par le conflit au Moyen-Orient en 2026. - Voisins de l'UE","robots":{"index":"index","follow":"follow","max-snippet":"max-snippet:-1","max-image-preview":"max-image-preview:large","max-video-preview":"max-video-preview:-1"},"canonical":"https:\/\/www.eumedbridge.eu\/fr\/news\/la-berd-prevoit-dinvestir-5-milliards-deuros-dans-les-economies-touchees-par-le-conflit-au-moyen-orient-en-2026\/","og_locale":"fr_FR","og_type":"article","og_title":"La BERD pr\u00e9voit d'investir 5 milliards d'euros dans les \u00e9conomies touch\u00e9es par le conflit au Moyen-Orient en 2026. - Voisins de l'UE","og_description":"La Banque europ\u00e9enne pour la reconstruction et le d\u00e9veloppement (BERD) a lanc\u00e9 une intervention d&rsquo;urgence pour soutenir les \u00e9conomies b\u00e9n\u00e9ficiaires de ses investissements et ses clients affect\u00e9s par la guerre au Moyen-Orient, ainsi que les pays voisins o\u00f9 elle op\u00e8re et qui subissent des r\u00e9percussions plus larges. Cette intervention se concentrera sur les \u00e9conomies directement [&hellip;]","og_url":"https:\/\/www.eumedbridge.eu\/fr\/news\/la-berd-prevoit-dinvestir-5-milliards-deuros-dans-les-economies-touchees-par-le-conflit-au-moyen-orient-en-2026\/","og_site_name":"Voisins de l'UE","article_publisher":"https:\/\/www.facebook.com\/eumedbridge\/","og_image":[{"width":1282,"height":682,"url":"https:\/\/www.eumedbridge.eu\/wp-content\/uploads\/2026\/04\/hq-top-aerial-hero-1282x682-1.png","type":"image\/png"}],"twitter_card":"summary_large_image","twitter_site":"@eumedbridge","twitter_misc":{"Dur\u00e9e de lecture estim\u00e9e":"3 minutes"},"schema":{"@context":"https:\/\/schema.org","@graph":[{"@type":"WebPage","@id":"https:\/\/www.eumedbridge.eu\/fr\/news\/la-berd-prevoit-dinvestir-5-milliards-deuros-dans-les-economies-touchees-par-le-conflit-au-moyen-orient-en-2026\/","url":"https:\/\/www.eumedbridge.eu\/fr\/news\/la-berd-prevoit-dinvestir-5-milliards-deuros-dans-les-economies-touchees-par-le-conflit-au-moyen-orient-en-2026\/","name":"La BERD pr\u00e9voit d'investir 5 milliards d'euros dans les \u00e9conomies touch\u00e9es par le conflit au Moyen-Orient en 2026. - Voisins de l'UE","isPartOf":{"@id":"https:\/\/www.eumedbridge.eu\/#website"},"primaryImageOfPage":{"@id":"https:\/\/www.eumedbridge.eu\/fr\/news\/la-berd-prevoit-dinvestir-5-milliards-deuros-dans-les-economies-touchees-par-le-conflit-au-moyen-orient-en-2026\/#primaryimage"},"image":{"@id":"https:\/\/www.eumedbridge.eu\/fr\/news\/la-berd-prevoit-dinvestir-5-milliards-deuros-dans-les-economies-touchees-par-le-conflit-au-moyen-orient-en-2026\/#primaryimage"},"thumbnailUrl":"https:\/\/www.eumedbridge.eu\/wp-content\/uploads\/2026\/04\/hq-top-aerial-hero-1282x682-1.png","datePublished":"2026-04-27T10:08:36+00:00","breadcrumb":{"@id":"https:\/\/www.eumedbridge.eu\/fr\/news\/la-berd-prevoit-dinvestir-5-milliards-deuros-dans-les-economies-touchees-par-le-conflit-au-moyen-orient-en-2026\/#breadcrumb"},"inLanguage":"fr-FR","potentialAction":[{"@type":"ReadAction","target":["https:\/\/www.eumedbridge.eu\/fr\/news\/la-berd-prevoit-dinvestir-5-milliards-deuros-dans-les-economies-touchees-par-le-conflit-au-moyen-orient-en-2026\/"]}]},{"@type":"ImageObject","inLanguage":"fr-FR","@id":"https:\/\/www.eumedbridge.eu\/fr\/news\/la-berd-prevoit-dinvestir-5-milliards-deuros-dans-les-economies-touchees-par-le-conflit-au-moyen-orient-en-2026\/#primaryimage","url":"https:\/\/www.eumedbridge.eu\/wp-content\/uploads\/2026\/04\/hq-top-aerial-hero-1282x682-1.png","contentUrl":"https:\/\/www.eumedbridge.eu\/wp-content\/uploads\/2026\/04\/hq-top-aerial-hero-1282x682-1.png","width":1282,"height":682},{"@type":"BreadcrumbList","@id":"https:\/\/www.eumedbridge.eu\/fr\/news\/la-berd-prevoit-dinvestir-5-milliards-deuros-dans-les-economies-touchees-par-le-conflit-au-moyen-orient-en-2026\/#breadcrumb","itemListElement":[{"@type":"ListItem","position":1,"name":"Home","item":"https:\/\/www.eumedbridge.eu\/fr\/home-page\/"},{"@type":"ListItem","position":2,"name":"Actualit\u00e9s","item":"https:\/\/www.eumedbridge.eu\/fr\/news\/"},{"@type":"ListItem","position":3,"name":"La BERD pr\u00e9voit d&#8217;investir 5 milliards d&#8217;euros dans les \u00e9conomies touch\u00e9es par le conflit au Moyen-Orient en 2026."}]},{"@type":"WebSite","@id":"https:\/\/www.eumedbridge.eu\/#website","url":"https:\/\/www.eumedbridge.eu\/","name":"EU Medbridge","description":"","publisher":{"@id":"https:\/\/www.eumedbridge.eu\/#organization"},"potentialAction":[{"@type":"SearchAction","target":{"@type":"EntryPoint","urlTemplate":"https:\/\/www.eumedbridge.eu\/?s={search_term_string}"},"query-input":{"@type":"PropertyValueSpecification","valueRequired":true,"valueName":"search_term_string"}}],"inLanguage":"fr-FR"},{"@type":"Organization","@id":"https:\/\/www.eumedbridge.eu\/#organization","name":"EU Medbridge","url":"https:\/\/www.eumedbridge.eu\/","logo":{"@type":"ImageObject","inLanguage":"fr-FR","@id":"https:\/\/www.eumedbridge.eu\/#\/schema\/logo\/image\/","url":"https:\/\/www.eumedbridge.eu\/wp-content\/uploads\/2021\/12\/Logo.png","contentUrl":"https:\/\/www.eumedbridge.eu\/wp-content\/uploads\/2021\/12\/Logo.png","width":325,"height":114,"caption":"EU Medbridge"},"image":{"@id":"https:\/\/www.eumedbridge.eu\/#\/schema\/logo\/image\/"},"sameAs":["https:\/\/www.facebook.com\/eumedbridge\/","https:\/\/x.com\/eumedbridge","https:\/\/www.linkedin.com\/company\/eumedbridge","https:\/\/www.youtube.com\/@eumedbridge","https:\/\/www.instagram.com\/eumedbridge","https:\/\/www.flickr.com\/photos\/euneighbours-south\/"]}]}},"_links":{"self":[{"href":"https:\/\/www.eumedbridge.eu\/fr\/wp-json\/wp\/v2\/news\/246792","targetHints":{"allow":["GET"]}}],"collection":[{"href":"https:\/\/www.eumedbridge.eu\/fr\/wp-json\/wp\/v2\/news"}],"about":[{"href":"https:\/\/www.eumedbridge.eu\/fr\/wp-json\/wp\/v2\/types\/news"}],"wp:featuredmedia":[{"embeddable":true,"href":"https:\/\/www.eumedbridge.eu\/fr\/wp-json\/wp\/v2\/media\/246597"}],"wp:attachment":[{"href":"https:\/\/www.eumedbridge.eu\/fr\/wp-json\/wp\/v2\/media?parent=246792"}],"wp:term":[{"taxonomy":"news_category","embeddable":true,"href":"https:\/\/www.eumedbridge.eu\/fr\/wp-json\/wp\/v2\/news_category?post=246792"},{"taxonomy":"country","embeddable":true,"href":"https:\/\/www.eumedbridge.eu\/fr\/wp-json\/wp\/v2\/country?post=246792"},{"taxonomy":"special_action","embeddable":true,"href":"https:\/\/www.eumedbridge.eu\/fr\/wp-json\/wp\/v2\/special_action?post=246792"},{"taxonomy":"custom_tag","embeddable":true,"href":"https:\/\/www.eumedbridge.eu\/fr\/wp-json\/wp\/v2\/custom_tag?post=246792"}],"curies":[{"name":"wp","href":"https:\/\/api.w.org\/{rel}","templated":true}]}}