{"id":246795,"date":"2026-04-27T12:24:40","date_gmt":"2026-04-27T10:24:40","guid":{"rendered":"https:\/\/www.eumedbridge.eu\/?post_type=news&#038;p=246795"},"modified":"2026-04-27T12:24:40","modified_gmt":"2026-04-27T10:24:40","slug":"le-pacte-pour-la-mediterranee-concretise-ses-engagements-lue-devoile-sa-premiere-initiative-numerique-pour-la-region","status":"publish","type":"news","link":"https:\/\/www.eumedbridge.eu\/fr\/news\/le-pacte-pour-la-mediterranee-concretise-ses-engagements-lue-devoile-sa-premiere-initiative-numerique-pour-la-region\/","title":{"rendered":"Le Pacte pour la M\u00e9diterran\u00e9e concr\u00e9tise ses engagements : l&rsquo;UE d\u00e9voile sa premi\u00e8re initiative num\u00e9rique pour la r\u00e9gion"},"content":{"rendered":"<p>Dans le cadre du renforcement de son engagement aupr\u00e8s des partenaires de la M\u00e9diterran\u00e9e m\u00e9ridionale, la Commission europ\u00e9enne a lanc\u00e9 un programme de transformation num\u00e9rique couvrant l&rsquo;Afrique du Nord et le Moyen-Orient. Il s&rsquo;agit du premier r\u00e9sultat concret dans le domaine num\u00e9rique du Pacte pour la M\u00e9diterran\u00e9e, lanc\u00e9 fin 2025. Cofinanc\u00e9 par le gouvernement allemand, ce programme favorisera une croissance inclusive et durable en am\u00e9liorant l&rsquo;acc\u00e8s aux services num\u00e9riques pour les citoyens, les administrations publiques et les entreprises, gr\u00e2ce \u00e0 l&rsquo;harmonisation de la r\u00e9glementation num\u00e9rique, au renforcement de la cybers\u00e9curit\u00e9 et au d\u00e9veloppement des comp\u00e9tences num\u00e9riques. Il aidera les gouvernements de la M\u00e9diterran\u00e9e m\u00e9ridionale \u00e0 am\u00e9liorer leur r\u00e9glementation num\u00e9rique, \u00e0 consolider leurs cadres juridiques et \u00e0 d\u00e9velopper les services de formation aux comp\u00e9tences num\u00e9riques pour les entreprises et les PME locales.<\/p>\n<p>&nbsp;<\/p>\n<p>Le programme s&rsquo;articulera autour de trois axes cl\u00e9s pour impulser la transformation num\u00e9rique dans la r\u00e9gion. Premi\u00e8rement, il harmonisera la r\u00e9glementation des t\u00e9l\u00e9communications num\u00e9riques avec les normes de l&rsquo;UE. Il renforcera \u00e9galement les autorit\u00e9s de r\u00e9gulation nationales et \u00e9tablira un r\u00e9seau r\u00e9gional pour accro\u00eetre la coop\u00e9ration. Deuxi\u00e8mement, il renforcera la cybers\u00e9curit\u00e9 en am\u00e9liorant les cadres et la gouvernance nationaux, et en renfor\u00e7ant la capacit\u00e9 \u00e0 pr\u00e9venir, \u00e0 g\u00e9rer et \u00e0 contrer les cybermenaces. Enfin, ce programme d\u00e9veloppera les comp\u00e9tences num\u00e9riques r\u00e9gionales conform\u00e9ment aux normes DigComp de l&rsquo;UE et \u00e9tablira de nouvelles plateformes et de nouveaux r\u00e9seaux pour soutenir la formation continue et l&rsquo;\u00e9change d&rsquo;expertise.<\/p>\n<p>&nbsp;<\/p>\n<p>La commissaire pour la M\u00e9diterran\u00e9e, Dubravka \u0160uica, a d\u00e9clar\u00e9\u00a0: \u00ab\u00a0Je salue chaleureusement ce programme phare du Pacte pour la M\u00e9diterran\u00e9e. Il sera un moteur essentiel de croissance inclusive, en harmonisant les r\u00e8gles num\u00e9riques, en renfor\u00e7ant la cybers\u00e9curit\u00e9 et en dotant les citoyens des comp\u00e9tences n\u00e9cessaires en Afrique du Nord et au Moyen-Orient.\u00bb Le lancement officiel a eu lieu le 8\u00a0avril \u00e0 Marrakech, au Maroc, lors de la conf\u00e9rence GITEX Africa, en pr\u00e9sence de Henna Virkkunen, vice-pr\u00e9sidente ex\u00e9cutive charg\u00e9e de la souverainet\u00e9 technologique, de la s\u00e9curit\u00e9 et de la d\u00e9mocratie.<\/p>\n","protected":false},"featured_media":246601,"parent":0,"template":"","news_category":[],"country":[1946,1947,1950,2124,1949,1951,1953,1952,2029,1955],"special_action":[],"custom_tag":[2926,2924],"class_list":["post-246795","news","type-news","status-publish","has-post-thumbnail","hentry","country-algerie","country-egypte","country-israel-fr","country-jordanie","country-liban","country-libye","country-maroc","country-palestine-fr","country-syrie","country-tunisie","custom_tag-diplomatie","custom_tag-economy-fr"],"acf":[],"yoast_head":"<!-- This site is optimized with the Yoast SEO plugin v26.5 - https:\/\/yoast.com\/wordpress\/plugins\/seo\/ -->\n<title>Le Pacte pour la M\u00e9diterran\u00e9e concr\u00e9tise ses engagements : l&#039;UE d\u00e9voile sa premi\u00e8re initiative num\u00e9rique pour la r\u00e9gion - Voisins de l&#039;UE<\/title>\n<meta name=\"robots\" content=\"index, follow, max-snippet:-1, max-image-preview:large, max-video-preview:-1\" \/>\n<link rel=\"canonical\" href=\"https:\/\/www.eumedbridge.eu\/fr\/news\/le-pacte-pour-la-mediterranee-concretise-ses-engagements-lue-devoile-sa-premiere-initiative-numerique-pour-la-region\/\" \/>\n<meta property=\"og:locale\" content=\"fr_FR\" \/>\n<meta property=\"og:type\" content=\"article\" \/>\n<meta property=\"og:title\" content=\"Le Pacte pour la M\u00e9diterran\u00e9e concr\u00e9tise ses engagements : l&#039;UE d\u00e9voile sa premi\u00e8re initiative num\u00e9rique pour la r\u00e9gion - Voisins de l&#039;UE\" \/>\n<meta property=\"og:description\" content=\"Dans le cadre du renforcement de son engagement aupr\u00e8s des partenaires de la M\u00e9diterran\u00e9e m\u00e9ridionale, la Commission europ\u00e9enne a lanc\u00e9 un programme de transformation num\u00e9rique couvrant l&rsquo;Afrique du Nord et le Moyen-Orient. Il s&rsquo;agit du premier r\u00e9sultat concret dans le domaine num\u00e9rique du Pacte pour la M\u00e9diterran\u00e9e, lanc\u00e9 fin 2025. Cofinanc\u00e9 par le gouvernement allemand, [&hellip;]\" \/>\n<meta property=\"og:url\" content=\"https:\/\/www.eumedbridge.eu\/fr\/news\/le-pacte-pour-la-mediterranee-concretise-ses-engagements-lue-devoile-sa-premiere-initiative-numerique-pour-la-region\/\" \/>\n<meta property=\"og:site_name\" content=\"Voisins de l&#039;UE\" \/>\n<meta property=\"article:publisher\" content=\"https:\/\/www.facebook.com\/eumedbridge\/\" \/>\n<meta property=\"og:image\" content=\"https:\/\/www.eumedbridge.eu\/wp-content\/uploads\/2026\/04\/Pact-for-the-Mediterranean-delivers-as-EU-unveils-first-digital-initiative-for-the-region.png\" \/>\n\t<meta property=\"og:image:width\" content=\"730\" \/>\n\t<meta property=\"og:image:height\" content=\"499\" \/>\n\t<meta property=\"og:image:type\" content=\"image\/png\" \/>\n<meta name=\"twitter:card\" content=\"summary_large_image\" \/>\n<meta name=\"twitter:site\" content=\"@eumedbridge\" \/>\n<meta name=\"twitter:label1\" content=\"Dur\u00e9e de lecture estim\u00e9e\" \/>\n\t<meta name=\"twitter:data1\" content=\"2 minutes\" \/>\n<script type=\"application\/ld+json\" class=\"yoast-schema-graph\">{\"@context\":\"https:\/\/schema.org\",\"@graph\":[{\"@type\":\"WebPage\",\"@id\":\"https:\/\/www.eumedbridge.eu\/fr\/news\/le-pacte-pour-la-mediterranee-concretise-ses-engagements-lue-devoile-sa-premiere-initiative-numerique-pour-la-region\/\",\"url\":\"https:\/\/www.eumedbridge.eu\/fr\/news\/le-pacte-pour-la-mediterranee-concretise-ses-engagements-lue-devoile-sa-premiere-initiative-numerique-pour-la-region\/\",\"name\":\"Le Pacte pour la M\u00e9diterran\u00e9e concr\u00e9tise ses engagements : l'UE d\u00e9voile sa premi\u00e8re initiative num\u00e9rique pour la r\u00e9gion - Voisins de l'UE\",\"isPartOf\":{\"@id\":\"https:\/\/www.eumedbridge.eu\/#website\"},\"primaryImageOfPage\":{\"@id\":\"https:\/\/www.eumedbridge.eu\/fr\/news\/le-pacte-pour-la-mediterranee-concretise-ses-engagements-lue-devoile-sa-premiere-initiative-numerique-pour-la-region\/#primaryimage\"},\"image\":{\"@id\":\"https:\/\/www.eumedbridge.eu\/fr\/news\/le-pacte-pour-la-mediterranee-concretise-ses-engagements-lue-devoile-sa-premiere-initiative-numerique-pour-la-region\/#primaryimage\"},\"thumbnailUrl\":\"https:\/\/www.eumedbridge.eu\/wp-content\/uploads\/2026\/04\/Pact-for-the-Mediterranean-delivers-as-EU-unveils-first-digital-initiative-for-the-region.png\",\"datePublished\":\"2026-04-27T10:24:40+00:00\",\"breadcrumb\":{\"@id\":\"https:\/\/www.eumedbridge.eu\/fr\/news\/le-pacte-pour-la-mediterranee-concretise-ses-engagements-lue-devoile-sa-premiere-initiative-numerique-pour-la-region\/#breadcrumb\"},\"inLanguage\":\"fr-FR\",\"potentialAction\":[{\"@type\":\"ReadAction\",\"target\":[\"https:\/\/www.eumedbridge.eu\/fr\/news\/le-pacte-pour-la-mediterranee-concretise-ses-engagements-lue-devoile-sa-premiere-initiative-numerique-pour-la-region\/\"]}]},{\"@type\":\"ImageObject\",\"inLanguage\":\"fr-FR\",\"@id\":\"https:\/\/www.eumedbridge.eu\/fr\/news\/le-pacte-pour-la-mediterranee-concretise-ses-engagements-lue-devoile-sa-premiere-initiative-numerique-pour-la-region\/#primaryimage\",\"url\":\"https:\/\/www.eumedbridge.eu\/wp-content\/uploads\/2026\/04\/Pact-for-the-Mediterranean-delivers-as-EU-unveils-first-digital-initiative-for-the-region.png\",\"contentUrl\":\"https:\/\/www.eumedbridge.eu\/wp-content\/uploads\/2026\/04\/Pact-for-the-Mediterranean-delivers-as-EU-unveils-first-digital-initiative-for-the-region.png\",\"width\":730,\"height\":499},{\"@type\":\"BreadcrumbList\",\"@id\":\"https:\/\/www.eumedbridge.eu\/fr\/news\/le-pacte-pour-la-mediterranee-concretise-ses-engagements-lue-devoile-sa-premiere-initiative-numerique-pour-la-region\/#breadcrumb\",\"itemListElement\":[{\"@type\":\"ListItem\",\"position\":1,\"name\":\"Home\",\"item\":\"https:\/\/www.eumedbridge.eu\/fr\/home-page\/\"},{\"@type\":\"ListItem\",\"position\":2,\"name\":\"Actualit\u00e9s\",\"item\":\"https:\/\/www.eumedbridge.eu\/fr\/news\/\"},{\"@type\":\"ListItem\",\"position\":3,\"name\":\"Le Pacte pour la M\u00e9diterran\u00e9e concr\u00e9tise ses engagements : l&#8217;UE d\u00e9voile sa premi\u00e8re initiative num\u00e9rique pour la r\u00e9gion\"}]},{\"@type\":\"WebSite\",\"@id\":\"https:\/\/www.eumedbridge.eu\/#website\",\"url\":\"https:\/\/www.eumedbridge.eu\/\",\"name\":\"EU Medbridge\",\"description\":\"\",\"publisher\":{\"@id\":\"https:\/\/www.eumedbridge.eu\/#organization\"},\"potentialAction\":[{\"@type\":\"SearchAction\",\"target\":{\"@type\":\"EntryPoint\",\"urlTemplate\":\"https:\/\/www.eumedbridge.eu\/?s={search_term_string}\"},\"query-input\":{\"@type\":\"PropertyValueSpecification\",\"valueRequired\":true,\"valueName\":\"search_term_string\"}}],\"inLanguage\":\"fr-FR\"},{\"@type\":\"Organization\",\"@id\":\"https:\/\/www.eumedbridge.eu\/#organization\",\"name\":\"EU Medbridge\",\"url\":\"https:\/\/www.eumedbridge.eu\/\",\"logo\":{\"@type\":\"ImageObject\",\"inLanguage\":\"fr-FR\",\"@id\":\"https:\/\/www.eumedbridge.eu\/#\/schema\/logo\/image\/\",\"url\":\"https:\/\/www.eumedbridge.eu\/wp-content\/uploads\/2021\/12\/Logo.png\",\"contentUrl\":\"https:\/\/www.eumedbridge.eu\/wp-content\/uploads\/2021\/12\/Logo.png\",\"width\":325,\"height\":114,\"caption\":\"EU Medbridge\"},\"image\":{\"@id\":\"https:\/\/www.eumedbridge.eu\/#\/schema\/logo\/image\/\"},\"sameAs\":[\"https:\/\/www.facebook.com\/eumedbridge\/\",\"https:\/\/x.com\/eumedbridge\",\"https:\/\/www.linkedin.com\/company\/eumedbridge\",\"https:\/\/www.youtube.com\/@eumedbridge\",\"https:\/\/www.instagram.com\/eumedbridge\",\"https:\/\/www.flickr.com\/photos\/euneighbours-south\/\"]}]}<\/script>\n<!-- \/ Yoast SEO plugin. -->","yoast_head_json":{"title":"Le Pacte pour la M\u00e9diterran\u00e9e concr\u00e9tise ses engagements : l'UE d\u00e9voile sa premi\u00e8re initiative num\u00e9rique pour la r\u00e9gion - Voisins de l'UE","robots":{"index":"index","follow":"follow","max-snippet":"max-snippet:-1","max-image-preview":"max-image-preview:large","max-video-preview":"max-video-preview:-1"},"canonical":"https:\/\/www.eumedbridge.eu\/fr\/news\/le-pacte-pour-la-mediterranee-concretise-ses-engagements-lue-devoile-sa-premiere-initiative-numerique-pour-la-region\/","og_locale":"fr_FR","og_type":"article","og_title":"Le Pacte pour la M\u00e9diterran\u00e9e concr\u00e9tise ses engagements : l'UE d\u00e9voile sa premi\u00e8re initiative num\u00e9rique pour la r\u00e9gion - Voisins de l'UE","og_description":"Dans le cadre du renforcement de son engagement aupr\u00e8s des partenaires de la M\u00e9diterran\u00e9e m\u00e9ridionale, la Commission europ\u00e9enne a lanc\u00e9 un programme de transformation num\u00e9rique couvrant l&rsquo;Afrique du Nord et le Moyen-Orient. Il s&rsquo;agit du premier r\u00e9sultat concret dans le domaine num\u00e9rique du Pacte pour la M\u00e9diterran\u00e9e, lanc\u00e9 fin 2025. Cofinanc\u00e9 par le gouvernement allemand, [&hellip;]","og_url":"https:\/\/www.eumedbridge.eu\/fr\/news\/le-pacte-pour-la-mediterranee-concretise-ses-engagements-lue-devoile-sa-premiere-initiative-numerique-pour-la-region\/","og_site_name":"Voisins de l'UE","article_publisher":"https:\/\/www.facebook.com\/eumedbridge\/","og_image":[{"width":730,"height":499,"url":"https:\/\/www.eumedbridge.eu\/wp-content\/uploads\/2026\/04\/Pact-for-the-Mediterranean-delivers-as-EU-unveils-first-digital-initiative-for-the-region.png","type":"image\/png"}],"twitter_card":"summary_large_image","twitter_site":"@eumedbridge","twitter_misc":{"Dur\u00e9e de lecture estim\u00e9e":"2 minutes"},"schema":{"@context":"https:\/\/schema.org","@graph":[{"@type":"WebPage","@id":"https:\/\/www.eumedbridge.eu\/fr\/news\/le-pacte-pour-la-mediterranee-concretise-ses-engagements-lue-devoile-sa-premiere-initiative-numerique-pour-la-region\/","url":"https:\/\/www.eumedbridge.eu\/fr\/news\/le-pacte-pour-la-mediterranee-concretise-ses-engagements-lue-devoile-sa-premiere-initiative-numerique-pour-la-region\/","name":"Le Pacte pour la M\u00e9diterran\u00e9e concr\u00e9tise ses engagements : l'UE d\u00e9voile sa premi\u00e8re initiative num\u00e9rique pour la r\u00e9gion - Voisins de l'UE","isPartOf":{"@id":"https:\/\/www.eumedbridge.eu\/#website"},"primaryImageOfPage":{"@id":"https:\/\/www.eumedbridge.eu\/fr\/news\/le-pacte-pour-la-mediterranee-concretise-ses-engagements-lue-devoile-sa-premiere-initiative-numerique-pour-la-region\/#primaryimage"},"image":{"@id":"https:\/\/www.eumedbridge.eu\/fr\/news\/le-pacte-pour-la-mediterranee-concretise-ses-engagements-lue-devoile-sa-premiere-initiative-numerique-pour-la-region\/#primaryimage"},"thumbnailUrl":"https:\/\/www.eumedbridge.eu\/wp-content\/uploads\/2026\/04\/Pact-for-the-Mediterranean-delivers-as-EU-unveils-first-digital-initiative-for-the-region.png","datePublished":"2026-04-27T10:24:40+00:00","breadcrumb":{"@id":"https:\/\/www.eumedbridge.eu\/fr\/news\/le-pacte-pour-la-mediterranee-concretise-ses-engagements-lue-devoile-sa-premiere-initiative-numerique-pour-la-region\/#breadcrumb"},"inLanguage":"fr-FR","potentialAction":[{"@type":"ReadAction","target":["https:\/\/www.eumedbridge.eu\/fr\/news\/le-pacte-pour-la-mediterranee-concretise-ses-engagements-lue-devoile-sa-premiere-initiative-numerique-pour-la-region\/"]}]},{"@type":"ImageObject","inLanguage":"fr-FR","@id":"https:\/\/www.eumedbridge.eu\/fr\/news\/le-pacte-pour-la-mediterranee-concretise-ses-engagements-lue-devoile-sa-premiere-initiative-numerique-pour-la-region\/#primaryimage","url":"https:\/\/www.eumedbridge.eu\/wp-content\/uploads\/2026\/04\/Pact-for-the-Mediterranean-delivers-as-EU-unveils-first-digital-initiative-for-the-region.png","contentUrl":"https:\/\/www.eumedbridge.eu\/wp-content\/uploads\/2026\/04\/Pact-for-the-Mediterranean-delivers-as-EU-unveils-first-digital-initiative-for-the-region.png","width":730,"height":499},{"@type":"BreadcrumbList","@id":"https:\/\/www.eumedbridge.eu\/fr\/news\/le-pacte-pour-la-mediterranee-concretise-ses-engagements-lue-devoile-sa-premiere-initiative-numerique-pour-la-region\/#breadcrumb","itemListElement":[{"@type":"ListItem","position":1,"name":"Home","item":"https:\/\/www.eumedbridge.eu\/fr\/home-page\/"},{"@type":"ListItem","position":2,"name":"Actualit\u00e9s","item":"https:\/\/www.eumedbridge.eu\/fr\/news\/"},{"@type":"ListItem","position":3,"name":"Le Pacte pour la M\u00e9diterran\u00e9e concr\u00e9tise ses engagements : l&#8217;UE d\u00e9voile sa premi\u00e8re initiative num\u00e9rique pour la r\u00e9gion"}]},{"@type":"WebSite","@id":"https:\/\/www.eumedbridge.eu\/#website","url":"https:\/\/www.eumedbridge.eu\/","name":"EU Medbridge","description":"","publisher":{"@id":"https:\/\/www.eumedbridge.eu\/#organization"},"potentialAction":[{"@type":"SearchAction","target":{"@type":"EntryPoint","urlTemplate":"https:\/\/www.eumedbridge.eu\/?s={search_term_string}"},"query-input":{"@type":"PropertyValueSpecification","valueRequired":true,"valueName":"search_term_string"}}],"inLanguage":"fr-FR"},{"@type":"Organization","@id":"https:\/\/www.eumedbridge.eu\/#organization","name":"EU Medbridge","url":"https:\/\/www.eumedbridge.eu\/","logo":{"@type":"ImageObject","inLanguage":"fr-FR","@id":"https:\/\/www.eumedbridge.eu\/#\/schema\/logo\/image\/","url":"https:\/\/www.eumedbridge.eu\/wp-content\/uploads\/2021\/12\/Logo.png","contentUrl":"https:\/\/www.eumedbridge.eu\/wp-content\/uploads\/2021\/12\/Logo.png","width":325,"height":114,"caption":"EU Medbridge"},"image":{"@id":"https:\/\/www.eumedbridge.eu\/#\/schema\/logo\/image\/"},"sameAs":["https:\/\/www.facebook.com\/eumedbridge\/","https:\/\/x.com\/eumedbridge","https:\/\/www.linkedin.com\/company\/eumedbridge","https:\/\/www.youtube.com\/@eumedbridge","https:\/\/www.instagram.com\/eumedbridge","https:\/\/www.flickr.com\/photos\/euneighbours-south\/"]}]}},"_links":{"self":[{"href":"https:\/\/www.eumedbridge.eu\/fr\/wp-json\/wp\/v2\/news\/246795","targetHints":{"allow":["GET"]}}],"collection":[{"href":"https:\/\/www.eumedbridge.eu\/fr\/wp-json\/wp\/v2\/news"}],"about":[{"href":"https:\/\/www.eumedbridge.eu\/fr\/wp-json\/wp\/v2\/types\/news"}],"wp:featuredmedia":[{"embeddable":true,"href":"https:\/\/www.eumedbridge.eu\/fr\/wp-json\/wp\/v2\/media\/246601"}],"wp:attachment":[{"href":"https:\/\/www.eumedbridge.eu\/fr\/wp-json\/wp\/v2\/media?parent=246795"}],"wp:term":[{"taxonomy":"news_category","embeddable":true,"href":"https:\/\/www.eumedbridge.eu\/fr\/wp-json\/wp\/v2\/news_category?post=246795"},{"taxonomy":"country","embeddable":true,"href":"https:\/\/www.eumedbridge.eu\/fr\/wp-json\/wp\/v2\/country?post=246795"},{"taxonomy":"special_action","embeddable":true,"href":"https:\/\/www.eumedbridge.eu\/fr\/wp-json\/wp\/v2\/special_action?post=246795"},{"taxonomy":"custom_tag","embeddable":true,"href":"https:\/\/www.eumedbridge.eu\/fr\/wp-json\/wp\/v2\/custom_tag?post=246795"}],"curies":[{"name":"wp","href":"https:\/\/api.w.org\/{rel}","templated":true}]}}