{"id":246799,"date":"2026-04-27T12:31:31","date_gmt":"2026-04-27T10:31:31","guid":{"rendered":"https:\/\/www.eumedbridge.eu\/?post_type=news&#038;p=246799"},"modified":"2026-04-27T12:31:31","modified_gmt":"2026-04-27T10:31:31","slug":"communique-de-presse-conjoint-de-la-commission-et-du-royaume-du-maroc-relatif-au-lancement-dun-dialogue-numerique-pour-renforcer-la-cooperation-strategique","status":"publish","type":"news","link":"https:\/\/www.eumedbridge.eu\/fr\/news\/communique-de-presse-conjoint-de-la-commission-et-du-royaume-du-maroc-relatif-au-lancement-dun-dialogue-numerique-pour-renforcer-la-cooperation-strategique\/","title":{"rendered":"Communiqu\u00e9 de presse conjoint de la Commission et du Royaume du Maroc relatif au lancement d&rsquo;un dialogue num\u00e9rique pour renforcer la coop\u00e9ration strat\u00e9gique"},"content":{"rendered":"<p>Aujourd&rsquo;hui, l&rsquo;UE et le Royaume du Maroc ont renforc\u00e9 leur relation de partenaires strat\u00e9giques dans le domaine num\u00e9rique en lan\u00e7ant le dialogue num\u00e9rique UE-Maroc. Ce dialogue num\u00e9rique refl\u00e8te une vision commune visant \u00e0 lib\u00e9rer le potentiel des solutions num\u00e9riques, des donn\u00e9es et de l&rsquo;intelligence artificielle (IA), afin de soutenir une \u00e9conomie et une soci\u00e9t\u00e9 num\u00e9riques au service des citoyens. Il permettra une coop\u00e9ration dans des domaines tels que l&rsquo;IA, le soutien aux jeunes entreprises num\u00e9riques, les infrastructures num\u00e9riques s\u00e9curis\u00e9es et fiables, ainsi que l&rsquo;interop\u00e9rabilit\u00e9 des solutions d&rsquo;infrastructures num\u00e9riques publiques, comme les portefeuilles num\u00e9riques. Le dialogue a \u00e9t\u00e9 lanc\u00e9 par Henna Virkkunen, vice-pr\u00e9sidente ex\u00e9cutive charg\u00e9e de la souverainet\u00e9 technologique, de la s\u00e9curit\u00e9 et de la d\u00e9mocratie, et Amal El Fallah Seghrouchni, ministre d\u00e9l\u00e9gu\u00e9e charg\u00e9e de la transition num\u00e9rique et de la r\u00e9forme administrative.<\/p>\n<p>&nbsp;<\/p>\n<p>Le dialogue num\u00e9rique UE-Maroc portera notamment sur\u00a0:<\/p>\n<ul>\n<li>Faciliter le d\u00e9ploiement de r\u00e9seaux et d&rsquo;infrastructures num\u00e9riques s\u00e9curis\u00e9s et fiables afin de soutenir la coop\u00e9ration dans des domaines tels que l&rsquo;IA et les infrastructures num\u00e9riques publiques.<\/li>\n<li>\u00c9change de bonnes pratiques et soutien au d\u00e9ploiement d&rsquo;infrastructures de calcul pour l&rsquo;IA, ainsi que des \u00e9cosyst\u00e8mes associ\u00e9s.<\/li>\n<li>Mise en place d&rsquo;une coop\u00e9ration avanc\u00e9e entre les instituts de recherche marocains en IA et les AI Factories de l&rsquo;UE, notamment en facilitant la coop\u00e9ration sur les projets de recherche et d&rsquo;innovation, et le partage des ressources et des connaissances.<\/li>\n<li>\u00c9change et renforcement de la collaboration en mati\u00e8re de gouvernance \u00e9lectronique et d&rsquo;infrastructures publiques num\u00e9riques, y compris les travaux visant l&rsquo;interop\u00e9rabilit\u00e9 entre les solutions et les cadres europ\u00e9ens et marocains.<\/li>\n<li>Soutien aux start-ups pour qu&rsquo;elles proposent des solutions pertinentes r\u00e9pondant aux besoins des entreprises et de la soci\u00e9t\u00e9.<\/li>\n<\/ul>\n<p>&nbsp;<\/p>\n<p>Parall\u00e8lement au lancement du Dialogue num\u00e9rique, le vice-pr\u00e9sident ex\u00e9cutif Virkkunen et le ministre Seghrouchni ont sign\u00e9 un accord administratif sur les \u00e9cosyst\u00e8mes d&rsquo;IA pour l&rsquo;innovation. La premi\u00e8re mise en \u0153uvre op\u00e9rationnelle de cet accord est en cours. Quatre centres europ\u00e9ens de supercalcul (BSC, CINECA, GENCI et LUMI) ont sign\u00e9 une lettre d&rsquo;intention avec l&rsquo;Universit\u00e9 polytechnique Mohammed VI, qui abrite le supercalculateur le plus puissant du continent africain.<\/p>\n<p>&nbsp;<\/p>\n<p>Cette coop\u00e9ration s&rsquo;appuiera sur le succ\u00e8s du d\u00e9ploiement du syst\u00e8me de c\u00e2ble sous-marin Medusa \u00e0 Nador, au Maroc, et sur le soutien continu apport\u00e9 \u00e0 la strat\u00e9gie \u00ab\u00a0Maroc num\u00e9rique 2030\u00a0\u00bb pour le d\u00e9ploiement de services publics num\u00e9riques. Le dialogue num\u00e9rique pourrait \u00e9galement ouvrir la voie aux programmes de coop\u00e9ration concrets actuellement en discussion entre l&rsquo;UE et le Maroc. Ces programmes soutiendraient la mise en \u0153uvre de la strat\u00e9gie \u00ab\u00a0Maroc num\u00e9rique 2030\u00a0\u00bb, l&rsquo;accord administratif sign\u00e9 ce jour et l&rsquo;\u00e9cosyst\u00e8me des start-ups marocaines.<\/p>\n","protected":false},"featured_media":243460,"parent":0,"template":"","news_category":[],"country":[1953],"special_action":[],"custom_tag":[2926,2924],"class_list":["post-246799","news","type-news","status-publish","has-post-thumbnail","hentry","country-maroc","custom_tag-diplomatie","custom_tag-economy-fr"],"acf":[],"yoast_head":"<!-- This site is optimized with the Yoast SEO plugin v26.5 - https:\/\/yoast.com\/wordpress\/plugins\/seo\/ -->\n<title>Communiqu\u00e9 de presse conjoint de la Commission et du Royaume du Maroc relatif au lancement d&#039;un dialogue num\u00e9rique pour renforcer la coop\u00e9ration strat\u00e9gique - Voisins de l&#039;UE<\/title>\n<meta name=\"robots\" content=\"index, follow, max-snippet:-1, max-image-preview:large, max-video-preview:-1\" \/>\n<link rel=\"canonical\" href=\"https:\/\/www.eumedbridge.eu\/fr\/news\/communique-de-presse-conjoint-de-la-commission-et-du-royaume-du-maroc-relatif-au-lancement-dun-dialogue-numerique-pour-renforcer-la-cooperation-strategique\/\" \/>\n<meta property=\"og:locale\" content=\"fr_FR\" \/>\n<meta property=\"og:type\" content=\"article\" \/>\n<meta property=\"og:title\" content=\"Communiqu\u00e9 de presse conjoint de la Commission et du Royaume du Maroc relatif au lancement d&#039;un dialogue num\u00e9rique pour renforcer la coop\u00e9ration strat\u00e9gique - Voisins de l&#039;UE\" \/>\n<meta property=\"og:description\" content=\"Aujourd&rsquo;hui, l&rsquo;UE et le Royaume du Maroc ont renforc\u00e9 leur relation de partenaires strat\u00e9giques dans le domaine num\u00e9rique en lan\u00e7ant le dialogue num\u00e9rique UE-Maroc. Ce dialogue num\u00e9rique refl\u00e8te une vision commune visant \u00e0 lib\u00e9rer le potentiel des solutions num\u00e9riques, des donn\u00e9es et de l&rsquo;intelligence artificielle (IA), afin de soutenir une \u00e9conomie et une soci\u00e9t\u00e9 num\u00e9riques [&hellip;]\" \/>\n<meta property=\"og:url\" content=\"https:\/\/www.eumedbridge.eu\/fr\/news\/communique-de-presse-conjoint-de-la-commission-et-du-royaume-du-maroc-relatif-au-lancement-dun-dialogue-numerique-pour-renforcer-la-cooperation-strategique\/\" \/>\n<meta property=\"og:site_name\" content=\"Voisins de l&#039;UE\" \/>\n<meta property=\"article:publisher\" content=\"https:\/\/www.facebook.com\/eumedbridge\/\" \/>\n<meta property=\"og:image\" content=\"https:\/\/www.eumedbridge.eu\/wp-content\/uploads\/2025\/10\/eu_flag_01.jpg\" \/>\n\t<meta property=\"og:image:width\" content=\"450\" \/>\n\t<meta property=\"og:image:height\" content=\"300\" \/>\n\t<meta property=\"og:image:type\" content=\"image\/jpeg\" \/>\n<meta name=\"twitter:card\" content=\"summary_large_image\" \/>\n<meta name=\"twitter:site\" content=\"@eumedbridge\" \/>\n<meta name=\"twitter:label1\" content=\"Dur\u00e9e de lecture estim\u00e9e\" \/>\n\t<meta name=\"twitter:data1\" content=\"2 minutes\" \/>\n<script type=\"application\/ld+json\" class=\"yoast-schema-graph\">{\"@context\":\"https:\/\/schema.org\",\"@graph\":[{\"@type\":\"WebPage\",\"@id\":\"https:\/\/www.eumedbridge.eu\/fr\/news\/communique-de-presse-conjoint-de-la-commission-et-du-royaume-du-maroc-relatif-au-lancement-dun-dialogue-numerique-pour-renforcer-la-cooperation-strategique\/\",\"url\":\"https:\/\/www.eumedbridge.eu\/fr\/news\/communique-de-presse-conjoint-de-la-commission-et-du-royaume-du-maroc-relatif-au-lancement-dun-dialogue-numerique-pour-renforcer-la-cooperation-strategique\/\",\"name\":\"Communiqu\u00e9 de presse conjoint de la Commission et du Royaume du Maroc relatif au lancement d'un dialogue num\u00e9rique pour renforcer la coop\u00e9ration strat\u00e9gique - Voisins de l'UE\",\"isPartOf\":{\"@id\":\"https:\/\/www.eumedbridge.eu\/#website\"},\"primaryImageOfPage\":{\"@id\":\"https:\/\/www.eumedbridge.eu\/fr\/news\/communique-de-presse-conjoint-de-la-commission-et-du-royaume-du-maroc-relatif-au-lancement-dun-dialogue-numerique-pour-renforcer-la-cooperation-strategique\/#primaryimage\"},\"image\":{\"@id\":\"https:\/\/www.eumedbridge.eu\/fr\/news\/communique-de-presse-conjoint-de-la-commission-et-du-royaume-du-maroc-relatif-au-lancement-dun-dialogue-numerique-pour-renforcer-la-cooperation-strategique\/#primaryimage\"},\"thumbnailUrl\":\"https:\/\/www.eumedbridge.eu\/wp-content\/uploads\/2025\/10\/eu_flag_01.jpg\",\"datePublished\":\"2026-04-27T10:31:31+00:00\",\"breadcrumb\":{\"@id\":\"https:\/\/www.eumedbridge.eu\/fr\/news\/communique-de-presse-conjoint-de-la-commission-et-du-royaume-du-maroc-relatif-au-lancement-dun-dialogue-numerique-pour-renforcer-la-cooperation-strategique\/#breadcrumb\"},\"inLanguage\":\"fr-FR\",\"potentialAction\":[{\"@type\":\"ReadAction\",\"target\":[\"https:\/\/www.eumedbridge.eu\/fr\/news\/communique-de-presse-conjoint-de-la-commission-et-du-royaume-du-maroc-relatif-au-lancement-dun-dialogue-numerique-pour-renforcer-la-cooperation-strategique\/\"]}]},{\"@type\":\"ImageObject\",\"inLanguage\":\"fr-FR\",\"@id\":\"https:\/\/www.eumedbridge.eu\/fr\/news\/communique-de-presse-conjoint-de-la-commission-et-du-royaume-du-maroc-relatif-au-lancement-dun-dialogue-numerique-pour-renforcer-la-cooperation-strategique\/#primaryimage\",\"url\":\"https:\/\/www.eumedbridge.eu\/wp-content\/uploads\/2025\/10\/eu_flag_01.jpg\",\"contentUrl\":\"https:\/\/www.eumedbridge.eu\/wp-content\/uploads\/2025\/10\/eu_flag_01.jpg\",\"width\":450,\"height\":300},{\"@type\":\"BreadcrumbList\",\"@id\":\"https:\/\/www.eumedbridge.eu\/fr\/news\/communique-de-presse-conjoint-de-la-commission-et-du-royaume-du-maroc-relatif-au-lancement-dun-dialogue-numerique-pour-renforcer-la-cooperation-strategique\/#breadcrumb\",\"itemListElement\":[{\"@type\":\"ListItem\",\"position\":1,\"name\":\"Home\",\"item\":\"https:\/\/www.eumedbridge.eu\/fr\/home-page\/\"},{\"@type\":\"ListItem\",\"position\":2,\"name\":\"Actualit\u00e9s\",\"item\":\"https:\/\/www.eumedbridge.eu\/fr\/news\/\"},{\"@type\":\"ListItem\",\"position\":3,\"name\":\"Communiqu\u00e9 de presse conjoint de la Commission et du Royaume du Maroc relatif au lancement d&#8217;un dialogue num\u00e9rique pour renforcer la coop\u00e9ration strat\u00e9gique\"}]},{\"@type\":\"WebSite\",\"@id\":\"https:\/\/www.eumedbridge.eu\/#website\",\"url\":\"https:\/\/www.eumedbridge.eu\/\",\"name\":\"EU Medbridge\",\"description\":\"\",\"publisher\":{\"@id\":\"https:\/\/www.eumedbridge.eu\/#organization\"},\"potentialAction\":[{\"@type\":\"SearchAction\",\"target\":{\"@type\":\"EntryPoint\",\"urlTemplate\":\"https:\/\/www.eumedbridge.eu\/?s={search_term_string}\"},\"query-input\":{\"@type\":\"PropertyValueSpecification\",\"valueRequired\":true,\"valueName\":\"search_term_string\"}}],\"inLanguage\":\"fr-FR\"},{\"@type\":\"Organization\",\"@id\":\"https:\/\/www.eumedbridge.eu\/#organization\",\"name\":\"EU Medbridge\",\"url\":\"https:\/\/www.eumedbridge.eu\/\",\"logo\":{\"@type\":\"ImageObject\",\"inLanguage\":\"fr-FR\",\"@id\":\"https:\/\/www.eumedbridge.eu\/#\/schema\/logo\/image\/\",\"url\":\"https:\/\/www.eumedbridge.eu\/wp-content\/uploads\/2021\/12\/Logo.png\",\"contentUrl\":\"https:\/\/www.eumedbridge.eu\/wp-content\/uploads\/2021\/12\/Logo.png\",\"width\":325,\"height\":114,\"caption\":\"EU Medbridge\"},\"image\":{\"@id\":\"https:\/\/www.eumedbridge.eu\/#\/schema\/logo\/image\/\"},\"sameAs\":[\"https:\/\/www.facebook.com\/eumedbridge\/\",\"https:\/\/x.com\/eumedbridge\",\"https:\/\/www.linkedin.com\/company\/eumedbridge\",\"https:\/\/www.youtube.com\/@eumedbridge\",\"https:\/\/www.instagram.com\/eumedbridge\",\"https:\/\/www.flickr.com\/photos\/euneighbours-south\/\"]}]}<\/script>\n<!-- \/ Yoast SEO plugin. -->","yoast_head_json":{"title":"Communiqu\u00e9 de presse conjoint de la Commission et du Royaume du Maroc relatif au lancement d'un dialogue num\u00e9rique pour renforcer la coop\u00e9ration strat\u00e9gique - Voisins de l'UE","robots":{"index":"index","follow":"follow","max-snippet":"max-snippet:-1","max-image-preview":"max-image-preview:large","max-video-preview":"max-video-preview:-1"},"canonical":"https:\/\/www.eumedbridge.eu\/fr\/news\/communique-de-presse-conjoint-de-la-commission-et-du-royaume-du-maroc-relatif-au-lancement-dun-dialogue-numerique-pour-renforcer-la-cooperation-strategique\/","og_locale":"fr_FR","og_type":"article","og_title":"Communiqu\u00e9 de presse conjoint de la Commission et du Royaume du Maroc relatif au lancement d'un dialogue num\u00e9rique pour renforcer la coop\u00e9ration strat\u00e9gique - Voisins de l'UE","og_description":"Aujourd&rsquo;hui, l&rsquo;UE et le Royaume du Maroc ont renforc\u00e9 leur relation de partenaires strat\u00e9giques dans le domaine num\u00e9rique en lan\u00e7ant le dialogue num\u00e9rique UE-Maroc. Ce dialogue num\u00e9rique refl\u00e8te une vision commune visant \u00e0 lib\u00e9rer le potentiel des solutions num\u00e9riques, des donn\u00e9es et de l&rsquo;intelligence artificielle (IA), afin de soutenir une \u00e9conomie et une soci\u00e9t\u00e9 num\u00e9riques [&hellip;]","og_url":"https:\/\/www.eumedbridge.eu\/fr\/news\/communique-de-presse-conjoint-de-la-commission-et-du-royaume-du-maroc-relatif-au-lancement-dun-dialogue-numerique-pour-renforcer-la-cooperation-strategique\/","og_site_name":"Voisins de l'UE","article_publisher":"https:\/\/www.facebook.com\/eumedbridge\/","og_image":[{"width":450,"height":300,"url":"https:\/\/www.eumedbridge.eu\/wp-content\/uploads\/2025\/10\/eu_flag_01.jpg","type":"image\/jpeg"}],"twitter_card":"summary_large_image","twitter_site":"@eumedbridge","twitter_misc":{"Dur\u00e9e de lecture estim\u00e9e":"2 minutes"},"schema":{"@context":"https:\/\/schema.org","@graph":[{"@type":"WebPage","@id":"https:\/\/www.eumedbridge.eu\/fr\/news\/communique-de-presse-conjoint-de-la-commission-et-du-royaume-du-maroc-relatif-au-lancement-dun-dialogue-numerique-pour-renforcer-la-cooperation-strategique\/","url":"https:\/\/www.eumedbridge.eu\/fr\/news\/communique-de-presse-conjoint-de-la-commission-et-du-royaume-du-maroc-relatif-au-lancement-dun-dialogue-numerique-pour-renforcer-la-cooperation-strategique\/","name":"Communiqu\u00e9 de presse conjoint de la Commission et du Royaume du Maroc relatif au lancement d'un dialogue num\u00e9rique pour renforcer la coop\u00e9ration strat\u00e9gique - Voisins de l'UE","isPartOf":{"@id":"https:\/\/www.eumedbridge.eu\/#website"},"primaryImageOfPage":{"@id":"https:\/\/www.eumedbridge.eu\/fr\/news\/communique-de-presse-conjoint-de-la-commission-et-du-royaume-du-maroc-relatif-au-lancement-dun-dialogue-numerique-pour-renforcer-la-cooperation-strategique\/#primaryimage"},"image":{"@id":"https:\/\/www.eumedbridge.eu\/fr\/news\/communique-de-presse-conjoint-de-la-commission-et-du-royaume-du-maroc-relatif-au-lancement-dun-dialogue-numerique-pour-renforcer-la-cooperation-strategique\/#primaryimage"},"thumbnailUrl":"https:\/\/www.eumedbridge.eu\/wp-content\/uploads\/2025\/10\/eu_flag_01.jpg","datePublished":"2026-04-27T10:31:31+00:00","breadcrumb":{"@id":"https:\/\/www.eumedbridge.eu\/fr\/news\/communique-de-presse-conjoint-de-la-commission-et-du-royaume-du-maroc-relatif-au-lancement-dun-dialogue-numerique-pour-renforcer-la-cooperation-strategique\/#breadcrumb"},"inLanguage":"fr-FR","potentialAction":[{"@type":"ReadAction","target":["https:\/\/www.eumedbridge.eu\/fr\/news\/communique-de-presse-conjoint-de-la-commission-et-du-royaume-du-maroc-relatif-au-lancement-dun-dialogue-numerique-pour-renforcer-la-cooperation-strategique\/"]}]},{"@type":"ImageObject","inLanguage":"fr-FR","@id":"https:\/\/www.eumedbridge.eu\/fr\/news\/communique-de-presse-conjoint-de-la-commission-et-du-royaume-du-maroc-relatif-au-lancement-dun-dialogue-numerique-pour-renforcer-la-cooperation-strategique\/#primaryimage","url":"https:\/\/www.eumedbridge.eu\/wp-content\/uploads\/2025\/10\/eu_flag_01.jpg","contentUrl":"https:\/\/www.eumedbridge.eu\/wp-content\/uploads\/2025\/10\/eu_flag_01.jpg","width":450,"height":300},{"@type":"BreadcrumbList","@id":"https:\/\/www.eumedbridge.eu\/fr\/news\/communique-de-presse-conjoint-de-la-commission-et-du-royaume-du-maroc-relatif-au-lancement-dun-dialogue-numerique-pour-renforcer-la-cooperation-strategique\/#breadcrumb","itemListElement":[{"@type":"ListItem","position":1,"name":"Home","item":"https:\/\/www.eumedbridge.eu\/fr\/home-page\/"},{"@type":"ListItem","position":2,"name":"Actualit\u00e9s","item":"https:\/\/www.eumedbridge.eu\/fr\/news\/"},{"@type":"ListItem","position":3,"name":"Communiqu\u00e9 de presse conjoint de la Commission et du Royaume du Maroc relatif au lancement d&#8217;un dialogue num\u00e9rique pour renforcer la coop\u00e9ration strat\u00e9gique"}]},{"@type":"WebSite","@id":"https:\/\/www.eumedbridge.eu\/#website","url":"https:\/\/www.eumedbridge.eu\/","name":"EU Medbridge","description":"","publisher":{"@id":"https:\/\/www.eumedbridge.eu\/#organization"},"potentialAction":[{"@type":"SearchAction","target":{"@type":"EntryPoint","urlTemplate":"https:\/\/www.eumedbridge.eu\/?s={search_term_string}"},"query-input":{"@type":"PropertyValueSpecification","valueRequired":true,"valueName":"search_term_string"}}],"inLanguage":"fr-FR"},{"@type":"Organization","@id":"https:\/\/www.eumedbridge.eu\/#organization","name":"EU Medbridge","url":"https:\/\/www.eumedbridge.eu\/","logo":{"@type":"ImageObject","inLanguage":"fr-FR","@id":"https:\/\/www.eumedbridge.eu\/#\/schema\/logo\/image\/","url":"https:\/\/www.eumedbridge.eu\/wp-content\/uploads\/2021\/12\/Logo.png","contentUrl":"https:\/\/www.eumedbridge.eu\/wp-content\/uploads\/2021\/12\/Logo.png","width":325,"height":114,"caption":"EU Medbridge"},"image":{"@id":"https:\/\/www.eumedbridge.eu\/#\/schema\/logo\/image\/"},"sameAs":["https:\/\/www.facebook.com\/eumedbridge\/","https:\/\/x.com\/eumedbridge","https:\/\/www.linkedin.com\/company\/eumedbridge","https:\/\/www.youtube.com\/@eumedbridge","https:\/\/www.instagram.com\/eumedbridge","https:\/\/www.flickr.com\/photos\/euneighbours-south\/"]}]}},"_links":{"self":[{"href":"https:\/\/www.eumedbridge.eu\/fr\/wp-json\/wp\/v2\/news\/246799","targetHints":{"allow":["GET"]}}],"collection":[{"href":"https:\/\/www.eumedbridge.eu\/fr\/wp-json\/wp\/v2\/news"}],"about":[{"href":"https:\/\/www.eumedbridge.eu\/fr\/wp-json\/wp\/v2\/types\/news"}],"wp:featuredmedia":[{"embeddable":true,"href":"https:\/\/www.eumedbridge.eu\/fr\/wp-json\/wp\/v2\/media\/243460"}],"wp:attachment":[{"href":"https:\/\/www.eumedbridge.eu\/fr\/wp-json\/wp\/v2\/media?parent=246799"}],"wp:term":[{"taxonomy":"news_category","embeddable":true,"href":"https:\/\/www.eumedbridge.eu\/fr\/wp-json\/wp\/v2\/news_category?post=246799"},{"taxonomy":"country","embeddable":true,"href":"https:\/\/www.eumedbridge.eu\/fr\/wp-json\/wp\/v2\/country?post=246799"},{"taxonomy":"special_action","embeddable":true,"href":"https:\/\/www.eumedbridge.eu\/fr\/wp-json\/wp\/v2\/special_action?post=246799"},{"taxonomy":"custom_tag","embeddable":true,"href":"https:\/\/www.eumedbridge.eu\/fr\/wp-json\/wp\/v2\/custom_tag?post=246799"}],"curies":[{"name":"wp","href":"https:\/\/api.w.org\/{rel}","templated":true}]}}