{"id":246867,"date":"2026-04-30T15:24:57","date_gmt":"2026-04-30T13:24:57","guid":{"rendered":"https:\/\/www.eumedbridge.eu\/?post_type=news&#038;p=246867"},"modified":"2026-04-30T15:24:57","modified_gmt":"2026-04-30T13:24:57","slug":"le-projet-sharen-au-coeur-du-debat-energetique-libanais","status":"publish","type":"news","link":"https:\/\/www.eumedbridge.eu\/fr\/news\/le-projet-sharen-au-coeur-du-debat-energetique-libanais\/","title":{"rendered":"Le projet SHAREN au c\u0153ur du d\u00e9bat \u00e9nerg\u00e9tique libanais"},"content":{"rendered":"<p>L\u2019int\u00e9gration des \u00e9nergies renouvelables dans les sites historiques a \u00e9t\u00e9 au centre de l\u2019une des discussions les plus enrichissantes lors de la premi\u00e8re r\u00e9union de 2026 du Comit\u00e9 libanais du Conseil mondial de l\u2019\u00e9nergie (CME) \u2013 un r\u00e9seau mondial de leaders de l\u2019\u00e9nergie \u0153uvrant pour la promotion d\u2019une \u00e9nergie durable \u00e0 l\u2019\u00e9chelle internationale (http:\/\/www.worldenergy.org). Organis\u00e9e le 26 f\u00e9vrier 2026 \u00e0 l\u2019h\u00f4tel Gefinor Rotana de Beyrouth, cette r\u00e9union a rassembl\u00e9 une cinquantaine de participants, dont des membres du CME Liban, des professionnels de l\u2019\u00e9nergie et des repr\u00e9sentants d\u2019institutions cl\u00e9s, afin d\u2019\u00e9changer sur les enjeux et les opportunit\u00e9s \u00e9nerg\u00e9tiques les plus pressants.<\/p>\n<p>&nbsp;<\/p>\n<p>Dans ce contexte, la deuxi\u00e8me session, anim\u00e9e par le Dr Joseph Al Assad, \u00e9tait consacr\u00e9e aux \u00ab\u00a0\u00c9nergies renouvelables dans les sites historiques\u00a0\u00bb et a notamment pr\u00e9sent\u00e9 le projet SHAREN, cofinanc\u00e9 par l\u2019UE, par Mme Ghada Daouk du Centre libanais pour la conservation de l\u2019\u00e9nergie (LCEC). Ce projet vise \u00e0 int\u00e9grer des solutions d&rsquo;\u00e9nergies renouvelables dans les centres historiques m\u00e9diterran\u00e9ens, avec des projets pilotes \u00e0 Anjar et Byblos, d\u00e9montrant ainsi comment l&rsquo;\u00e9nergie propre peut \u00eatre d\u00e9ploy\u00e9e tout en pr\u00e9servant le patrimoine culturel.<\/p>\n<p>&nbsp;<\/p>\n<p>La session a suscit\u00e9 des \u00e9changes fructueux sur l&rsquo;\u00e9quilibre entre conservation et innovation, un d\u00e9fi particuli\u00e8rement pertinent pour le Liban. Plus largement, cette rencontre, organis\u00e9e sous le th\u00e8me \u00ab\u00a0Nouveaux horizons pour le financement\u00a0: explorer l&rsquo;app\u00e9tit des donateurs\u00a0\u00bb, a constitu\u00e9 une plateforme essentielle pour connecter les acteurs du secteur et discuter des principaux d\u00e9veloppements, notamment le soutien de l&rsquo;UE \u00e0 la transition \u00e9nerg\u00e9tique du Liban, le projet de loi sur l&rsquo;efficacit\u00e9 \u00e9nerg\u00e9tique, les derni\u00e8res informations concernant le Fonds solaire IM et les pr\u00e9paratifs des prochains \u00e9v\u00e9nements majeurs tels que le Grand \u00c9v\u00e9nement \u00e9nerg\u00e9tique du Liban et le Congr\u00e8s mondial de l&rsquo;\u00e9nergie \u00e0 Riyad.<\/p>\n","protected":false},"featured_media":246614,"parent":0,"template":"","news_category":[],"country":[1949],"special_action":[],"custom_tag":[2312,1884],"class_list":["post-246867","news","type-news","status-publish","has-post-thumbnail","hentry","country-liban","custom_tag-developpement-durable","custom_tag-environnement-et-changement-climatique"],"acf":[],"yoast_head":"<!-- This site is optimized with the Yoast SEO plugin v26.5 - https:\/\/yoast.com\/wordpress\/plugins\/seo\/ -->\n<title>Le projet SHAREN au c\u0153ur du d\u00e9bat \u00e9nerg\u00e9tique libanais - Voisins de l&#039;UE<\/title>\n<meta name=\"robots\" content=\"index, follow, max-snippet:-1, max-image-preview:large, max-video-preview:-1\" \/>\n<link rel=\"canonical\" href=\"https:\/\/www.eumedbridge.eu\/fr\/news\/le-projet-sharen-au-coeur-du-debat-energetique-libanais\/\" \/>\n<meta property=\"og:locale\" content=\"fr_FR\" \/>\n<meta property=\"og:type\" content=\"article\" \/>\n<meta property=\"og:title\" content=\"Le projet SHAREN au c\u0153ur du d\u00e9bat \u00e9nerg\u00e9tique libanais - Voisins de l&#039;UE\" \/>\n<meta property=\"og:description\" content=\"L\u2019int\u00e9gration des \u00e9nergies renouvelables dans les sites historiques a \u00e9t\u00e9 au centre de l\u2019une des discussions les plus enrichissantes lors de la premi\u00e8re r\u00e9union de 2026 du Comit\u00e9 libanais du Conseil mondial de l\u2019\u00e9nergie (CME) \u2013 un r\u00e9seau mondial de leaders de l\u2019\u00e9nergie \u0153uvrant pour la promotion d\u2019une \u00e9nergie durable \u00e0 l\u2019\u00e9chelle internationale (http:\/\/www.worldenergy.org). Organis\u00e9e [&hellip;]\" \/>\n<meta property=\"og:url\" content=\"https:\/\/www.eumedbridge.eu\/fr\/news\/le-projet-sharen-au-coeur-du-debat-energetique-libanais\/\" \/>\n<meta property=\"og:site_name\" content=\"Voisins de l&#039;UE\" \/>\n<meta property=\"article:publisher\" content=\"https:\/\/www.facebook.com\/eumedbridge\/\" \/>\n<meta property=\"og:image\" content=\"https:\/\/www.eumedbridge.eu\/wp-content\/uploads\/2026\/04\/sharen_1-1536x864-1.jpg\" \/>\n\t<meta property=\"og:image:width\" content=\"1536\" \/>\n\t<meta property=\"og:image:height\" content=\"864\" \/>\n\t<meta property=\"og:image:type\" content=\"image\/jpeg\" \/>\n<meta name=\"twitter:card\" content=\"summary_large_image\" \/>\n<meta name=\"twitter:site\" content=\"@eumedbridge\" \/>\n<meta name=\"twitter:label1\" content=\"Dur\u00e9e de lecture estim\u00e9e\" \/>\n\t<meta name=\"twitter:data1\" content=\"2 minutes\" \/>\n<script type=\"application\/ld+json\" class=\"yoast-schema-graph\">{\"@context\":\"https:\/\/schema.org\",\"@graph\":[{\"@type\":\"WebPage\",\"@id\":\"https:\/\/www.eumedbridge.eu\/fr\/news\/le-projet-sharen-au-coeur-du-debat-energetique-libanais\/\",\"url\":\"https:\/\/www.eumedbridge.eu\/fr\/news\/le-projet-sharen-au-coeur-du-debat-energetique-libanais\/\",\"name\":\"Le projet SHAREN au c\u0153ur du d\u00e9bat \u00e9nerg\u00e9tique libanais - Voisins de l'UE\",\"isPartOf\":{\"@id\":\"https:\/\/www.eumedbridge.eu\/#website\"},\"primaryImageOfPage\":{\"@id\":\"https:\/\/www.eumedbridge.eu\/fr\/news\/le-projet-sharen-au-coeur-du-debat-energetique-libanais\/#primaryimage\"},\"image\":{\"@id\":\"https:\/\/www.eumedbridge.eu\/fr\/news\/le-projet-sharen-au-coeur-du-debat-energetique-libanais\/#primaryimage\"},\"thumbnailUrl\":\"https:\/\/www.eumedbridge.eu\/wp-content\/uploads\/2026\/04\/sharen_1-1536x864-1.jpg\",\"datePublished\":\"2026-04-30T13:24:57+00:00\",\"breadcrumb\":{\"@id\":\"https:\/\/www.eumedbridge.eu\/fr\/news\/le-projet-sharen-au-coeur-du-debat-energetique-libanais\/#breadcrumb\"},\"inLanguage\":\"fr-FR\",\"potentialAction\":[{\"@type\":\"ReadAction\",\"target\":[\"https:\/\/www.eumedbridge.eu\/fr\/news\/le-projet-sharen-au-coeur-du-debat-energetique-libanais\/\"]}]},{\"@type\":\"ImageObject\",\"inLanguage\":\"fr-FR\",\"@id\":\"https:\/\/www.eumedbridge.eu\/fr\/news\/le-projet-sharen-au-coeur-du-debat-energetique-libanais\/#primaryimage\",\"url\":\"https:\/\/www.eumedbridge.eu\/wp-content\/uploads\/2026\/04\/sharen_1-1536x864-1.jpg\",\"contentUrl\":\"https:\/\/www.eumedbridge.eu\/wp-content\/uploads\/2026\/04\/sharen_1-1536x864-1.jpg\",\"width\":1536,\"height\":864},{\"@type\":\"BreadcrumbList\",\"@id\":\"https:\/\/www.eumedbridge.eu\/fr\/news\/le-projet-sharen-au-coeur-du-debat-energetique-libanais\/#breadcrumb\",\"itemListElement\":[{\"@type\":\"ListItem\",\"position\":1,\"name\":\"Home\",\"item\":\"https:\/\/www.eumedbridge.eu\/fr\/home-page\/\"},{\"@type\":\"ListItem\",\"position\":2,\"name\":\"Actualit\u00e9s\",\"item\":\"https:\/\/www.eumedbridge.eu\/fr\/news\/\"},{\"@type\":\"ListItem\",\"position\":3,\"name\":\"Le projet SHAREN au c\u0153ur du d\u00e9bat \u00e9nerg\u00e9tique libanais\"}]},{\"@type\":\"WebSite\",\"@id\":\"https:\/\/www.eumedbridge.eu\/#website\",\"url\":\"https:\/\/www.eumedbridge.eu\/\",\"name\":\"EU Medbridge\",\"description\":\"\",\"publisher\":{\"@id\":\"https:\/\/www.eumedbridge.eu\/#organization\"},\"potentialAction\":[{\"@type\":\"SearchAction\",\"target\":{\"@type\":\"EntryPoint\",\"urlTemplate\":\"https:\/\/www.eumedbridge.eu\/?s={search_term_string}\"},\"query-input\":{\"@type\":\"PropertyValueSpecification\",\"valueRequired\":true,\"valueName\":\"search_term_string\"}}],\"inLanguage\":\"fr-FR\"},{\"@type\":\"Organization\",\"@id\":\"https:\/\/www.eumedbridge.eu\/#organization\",\"name\":\"EU Medbridge\",\"url\":\"https:\/\/www.eumedbridge.eu\/\",\"logo\":{\"@type\":\"ImageObject\",\"inLanguage\":\"fr-FR\",\"@id\":\"https:\/\/www.eumedbridge.eu\/#\/schema\/logo\/image\/\",\"url\":\"https:\/\/www.eumedbridge.eu\/wp-content\/uploads\/2021\/12\/Logo.png\",\"contentUrl\":\"https:\/\/www.eumedbridge.eu\/wp-content\/uploads\/2021\/12\/Logo.png\",\"width\":325,\"height\":114,\"caption\":\"EU Medbridge\"},\"image\":{\"@id\":\"https:\/\/www.eumedbridge.eu\/#\/schema\/logo\/image\/\"},\"sameAs\":[\"https:\/\/www.facebook.com\/eumedbridge\/\",\"https:\/\/x.com\/eumedbridge\",\"https:\/\/www.linkedin.com\/company\/eumedbridge\",\"https:\/\/www.youtube.com\/@eumedbridge\",\"https:\/\/www.instagram.com\/eumedbridge\",\"https:\/\/www.flickr.com\/photos\/euneighbours-south\/\"]}]}<\/script>\n<!-- \/ Yoast SEO plugin. -->","yoast_head_json":{"title":"Le projet SHAREN au c\u0153ur du d\u00e9bat \u00e9nerg\u00e9tique libanais - Voisins de l'UE","robots":{"index":"index","follow":"follow","max-snippet":"max-snippet:-1","max-image-preview":"max-image-preview:large","max-video-preview":"max-video-preview:-1"},"canonical":"https:\/\/www.eumedbridge.eu\/fr\/news\/le-projet-sharen-au-coeur-du-debat-energetique-libanais\/","og_locale":"fr_FR","og_type":"article","og_title":"Le projet SHAREN au c\u0153ur du d\u00e9bat \u00e9nerg\u00e9tique libanais - Voisins de l'UE","og_description":"L\u2019int\u00e9gration des \u00e9nergies renouvelables dans les sites historiques a \u00e9t\u00e9 au centre de l\u2019une des discussions les plus enrichissantes lors de la premi\u00e8re r\u00e9union de 2026 du Comit\u00e9 libanais du Conseil mondial de l\u2019\u00e9nergie (CME) \u2013 un r\u00e9seau mondial de leaders de l\u2019\u00e9nergie \u0153uvrant pour la promotion d\u2019une \u00e9nergie durable \u00e0 l\u2019\u00e9chelle internationale (http:\/\/www.worldenergy.org). Organis\u00e9e [&hellip;]","og_url":"https:\/\/www.eumedbridge.eu\/fr\/news\/le-projet-sharen-au-coeur-du-debat-energetique-libanais\/","og_site_name":"Voisins de l'UE","article_publisher":"https:\/\/www.facebook.com\/eumedbridge\/","og_image":[{"width":1536,"height":864,"url":"https:\/\/www.eumedbridge.eu\/wp-content\/uploads\/2026\/04\/sharen_1-1536x864-1.jpg","type":"image\/jpeg"}],"twitter_card":"summary_large_image","twitter_site":"@eumedbridge","twitter_misc":{"Dur\u00e9e de lecture estim\u00e9e":"2 minutes"},"schema":{"@context":"https:\/\/schema.org","@graph":[{"@type":"WebPage","@id":"https:\/\/www.eumedbridge.eu\/fr\/news\/le-projet-sharen-au-coeur-du-debat-energetique-libanais\/","url":"https:\/\/www.eumedbridge.eu\/fr\/news\/le-projet-sharen-au-coeur-du-debat-energetique-libanais\/","name":"Le projet SHAREN au c\u0153ur du d\u00e9bat \u00e9nerg\u00e9tique libanais - Voisins de l'UE","isPartOf":{"@id":"https:\/\/www.eumedbridge.eu\/#website"},"primaryImageOfPage":{"@id":"https:\/\/www.eumedbridge.eu\/fr\/news\/le-projet-sharen-au-coeur-du-debat-energetique-libanais\/#primaryimage"},"image":{"@id":"https:\/\/www.eumedbridge.eu\/fr\/news\/le-projet-sharen-au-coeur-du-debat-energetique-libanais\/#primaryimage"},"thumbnailUrl":"https:\/\/www.eumedbridge.eu\/wp-content\/uploads\/2026\/04\/sharen_1-1536x864-1.jpg","datePublished":"2026-04-30T13:24:57+00:00","breadcrumb":{"@id":"https:\/\/www.eumedbridge.eu\/fr\/news\/le-projet-sharen-au-coeur-du-debat-energetique-libanais\/#breadcrumb"},"inLanguage":"fr-FR","potentialAction":[{"@type":"ReadAction","target":["https:\/\/www.eumedbridge.eu\/fr\/news\/le-projet-sharen-au-coeur-du-debat-energetique-libanais\/"]}]},{"@type":"ImageObject","inLanguage":"fr-FR","@id":"https:\/\/www.eumedbridge.eu\/fr\/news\/le-projet-sharen-au-coeur-du-debat-energetique-libanais\/#primaryimage","url":"https:\/\/www.eumedbridge.eu\/wp-content\/uploads\/2026\/04\/sharen_1-1536x864-1.jpg","contentUrl":"https:\/\/www.eumedbridge.eu\/wp-content\/uploads\/2026\/04\/sharen_1-1536x864-1.jpg","width":1536,"height":864},{"@type":"BreadcrumbList","@id":"https:\/\/www.eumedbridge.eu\/fr\/news\/le-projet-sharen-au-coeur-du-debat-energetique-libanais\/#breadcrumb","itemListElement":[{"@type":"ListItem","position":1,"name":"Home","item":"https:\/\/www.eumedbridge.eu\/fr\/home-page\/"},{"@type":"ListItem","position":2,"name":"Actualit\u00e9s","item":"https:\/\/www.eumedbridge.eu\/fr\/news\/"},{"@type":"ListItem","position":3,"name":"Le projet SHAREN au c\u0153ur du d\u00e9bat \u00e9nerg\u00e9tique libanais"}]},{"@type":"WebSite","@id":"https:\/\/www.eumedbridge.eu\/#website","url":"https:\/\/www.eumedbridge.eu\/","name":"EU Medbridge","description":"","publisher":{"@id":"https:\/\/www.eumedbridge.eu\/#organization"},"potentialAction":[{"@type":"SearchAction","target":{"@type":"EntryPoint","urlTemplate":"https:\/\/www.eumedbridge.eu\/?s={search_term_string}"},"query-input":{"@type":"PropertyValueSpecification","valueRequired":true,"valueName":"search_term_string"}}],"inLanguage":"fr-FR"},{"@type":"Organization","@id":"https:\/\/www.eumedbridge.eu\/#organization","name":"EU Medbridge","url":"https:\/\/www.eumedbridge.eu\/","logo":{"@type":"ImageObject","inLanguage":"fr-FR","@id":"https:\/\/www.eumedbridge.eu\/#\/schema\/logo\/image\/","url":"https:\/\/www.eumedbridge.eu\/wp-content\/uploads\/2021\/12\/Logo.png","contentUrl":"https:\/\/www.eumedbridge.eu\/wp-content\/uploads\/2021\/12\/Logo.png","width":325,"height":114,"caption":"EU Medbridge"},"image":{"@id":"https:\/\/www.eumedbridge.eu\/#\/schema\/logo\/image\/"},"sameAs":["https:\/\/www.facebook.com\/eumedbridge\/","https:\/\/x.com\/eumedbridge","https:\/\/www.linkedin.com\/company\/eumedbridge","https:\/\/www.youtube.com\/@eumedbridge","https:\/\/www.instagram.com\/eumedbridge","https:\/\/www.flickr.com\/photos\/euneighbours-south\/"]}]}},"_links":{"self":[{"href":"https:\/\/www.eumedbridge.eu\/fr\/wp-json\/wp\/v2\/news\/246867","targetHints":{"allow":["GET"]}}],"collection":[{"href":"https:\/\/www.eumedbridge.eu\/fr\/wp-json\/wp\/v2\/news"}],"about":[{"href":"https:\/\/www.eumedbridge.eu\/fr\/wp-json\/wp\/v2\/types\/news"}],"wp:featuredmedia":[{"embeddable":true,"href":"https:\/\/www.eumedbridge.eu\/fr\/wp-json\/wp\/v2\/media\/246614"}],"wp:attachment":[{"href":"https:\/\/www.eumedbridge.eu\/fr\/wp-json\/wp\/v2\/media?parent=246867"}],"wp:term":[{"taxonomy":"news_category","embeddable":true,"href":"https:\/\/www.eumedbridge.eu\/fr\/wp-json\/wp\/v2\/news_category?post=246867"},{"taxonomy":"country","embeddable":true,"href":"https:\/\/www.eumedbridge.eu\/fr\/wp-json\/wp\/v2\/country?post=246867"},{"taxonomy":"special_action","embeddable":true,"href":"https:\/\/www.eumedbridge.eu\/fr\/wp-json\/wp\/v2\/special_action?post=246867"},{"taxonomy":"custom_tag","embeddable":true,"href":"https:\/\/www.eumedbridge.eu\/fr\/wp-json\/wp\/v2\/custom_tag?post=246867"}],"curies":[{"name":"wp","href":"https:\/\/api.w.org\/{rel}","templated":true}]}}