{"id":204015,"date":"2021-01-08T00:00:00","date_gmt":"2021-01-07T22:00:00","guid":{"rendered":"https:\/\/eumedbridge.eu\/story\/un-etudiant-en-virologie-originaire-de-syrie-redouble-defforts-pour\/"},"modified":"2022-08-17T16:28:40","modified_gmt":"2022-08-17T13:28:40","slug":"un-etudiant-en-virologie-originaire-de-syrie-redouble-defforts-pour","status":"publish","type":"story","link":"https:\/\/www.eumedbridge.eu\/fr\/story\/un-etudiant-en-virologie-originaire-de-syrie-redouble-defforts-pour\/","title":{"rendered":"Un \u00e9tudiant en virologie originaire de Syrie redouble d\u2019efforts pour emp\u00eacher la propagation du virus"},"content":{"rendered":"<blockquote>\n<p><span><span>La crise sans pr\u00e9c\u00e9dent de la COVID-19 a sem\u00e9 la confusion et la peur dans la vie de nombreuses personnes et entra\u00een\u00e9 des incertitudes quant \u00e0 leur avenir. Pour d\u2019autres, en revanche, cette pand\u00e9mie est l\u2019occasion de mettre leurs connaissances au service des autres. C\u2019est le cas d\u2019<strong>Ayman Al-Farawan<\/strong>, un \u00e9tudiant en virologie d\u2019origine syrienne qui s\u2019est fait un devoir d\u2019aider sa communaut\u00e9 d\u2019accueil \u00e0 surmonter la pand\u00e9mie.<\/span><\/span><\/p>\n<\/blockquote>\n<div data-quickedit-entity-id=\"paragraph\/2194\" class=\"paragraph paragraph--type--image-block paragraph--view-mode--default\">\n<div data-quickedit-field-id=\"paragraph\/2194\/field_para_image\/fr\/default\" class=\"node__media node__media--carousel node__media--right\">\n<div class=\"node__media-container\">\n              <img decoding=\"async\" data-src=\"https:\/\/eumedbridge.eu\/wp-content\/uploads\/2022\/08\/Ayman-Al-Farawan.jpg\" width=\"800\" height=\"450\" alt=\"Ayman Al-Farawan \u00a9EDUSYRIA\" typeof=\"foaf:Image\" class=\"img-responsive lazyload\" src=\"data:image\/svg+xml;base64,PHN2ZyB3aWR0aD0iMSIgaGVpZ2h0PSIxIiB4bWxucz0iaHR0cDovL3d3dy53My5vcmcvMjAwMC9zdmciPjwvc3ZnPg==\" style=\"--smush-placeholder-width: 800px; --smush-placeholder-aspect-ratio: 800\/450;\" \/><\/p>\n<div class=\"media__overlay\">\n<div class=\"row middle-xs\">\n<div class=\"col-xs-12 col-sm-10\">\n<div class=\"media__title\">Ayman Al-Farawan \u00a9EDUSYRIA<\/div>\n<\/p><\/div>\n<div class=\"col-xs-12 col-sm-2\">\n<div class=\"media__share text-right\">\n                <a href=\"https:\/\/euneighbours.eu\/sites\/default\/files\/2021-01\/Ayman%20Al-Farawan.jpg\" title=\"Ayman Al-Farawan \u00a9EDUSYRIA\" data-colorbox-gallery=\"gallery-image_block-2194-GK_Ag-rU3e0\" class=\"colorbox media__fullscreen\" data-cbox-img-attrs=\"{\"alt\":\"Ayman Al-Farawan \u00a9EDUSYRIA\"}\"><br \/>\n          <i class=\"icon icon--fullscreen color--global-hover\"><\/i><br \/>\n        <\/a>\n      <\/div>\n<\/p><\/div>\n<\/p><\/div>\n<\/div><\/div>\n<\/p><\/div>\n<div data-quickedit-field-id=\"paragraph\/2194\/field_para_body\/fr\/default\" class=\"node__text\">\n<p><span><span><span><span>N\u00e9 il y a 28\u00a0ans en Syrie, Ayman Al-Farawan a fui \u00e0 Amman quand la guerre a \u00e9clat\u00e9 dans son pays en\u00a02012. Gr\u00e2ce au programme de bourses EDU-SYRIA <span lang=\"FR\" xml_lang=\"FR\" xml_lang=\"FR\"><span>financ\u00e9 par l\u2019UE dans le cadre du Fonds fiduciaire r\u00e9gional de l&rsquo;UE en r\u00e9ponse \u00e0 la crise syrienne (EU Madad Fonds), <\/span><\/span>il a pu reprendre ses \u00e9tudes \u00e0 l\u2019Universit\u00e9 de Zarqa, o\u00f9 il a obtenu un dipl\u00f4me en biologie m\u00e9dicale avec mention.<\/span><\/span><\/span><\/span><\/p>\n<p><span><span><em>\u00ab\u00a0Mes \u00e9tudes tournaient autour de la biologie et de l\u2019analyse m\u00e9dicales. La virologie faisait partie de ma sp\u00e9cialit\u00e9, alors quand le coronavirus a commenc\u00e9 \u00e0 se propager, c\u2019\u00e9tait un processus que je connaissais bien\u00a0\u00bb<\/em>, explique Ayman. <\/span><\/span><\/p>\n<p><span><span>Conscient que ses connaissances pouvaient \u00eatre utiles \u00e0 son entourage et \u00e0 sa communaut\u00e9, Ayman a d\u00e9cid\u00e9 d\u2019agir et s\u2019est port\u00e9 volontaire aupr\u00e8s du Conseil norv\u00e9gien pour les r\u00e9fugi\u00e9s (CNR), une ONG qui permet aux r\u00e9fugi\u00e9s syriens dans les camps et les communaut\u00e9s d\u2019accueil d\u2019acc\u00e9der \u00e0 des abris, des services \u00e9ducatifs, des activit\u00e9s pour les jeunes et des moyens de subsistance. <\/span><\/span><\/p>\n<p><span><span><em>\u00ab\u00a0Je voulais jouer un r\u00f4le effectif pour servir ma famille et la soci\u00e9t\u00e9 pendant la crise, malgr\u00e9 le confinement total impos\u00e9 par le gouvernement.\u00a0\u00bb <\/em>Le jeune homme a commenc\u00e9 \u00e0 sensibiliser les membres de sa communaut\u00e9 par t\u00e9l\u00e9phone et via les plates-formes de m\u00e9dias sociaux en les informant sur les mesures \u00e0 prendre pour se prot\u00e9ger durant la pand\u00e9mie.<\/span><\/span><\/p>\n<\/div>\n<div class=\"node_view\"><\/div>\n<\/p><\/div>\n<div data-quickedit-entity-id=\"paragraph\/2195\" class=\"paragraph paragraph--type--image-block paragraph--view-mode--default\">\n<div data-quickedit-field-id=\"paragraph\/2195\/field_para_image\/fr\/default\" class=\"node__media node__media--carousel node__media--right\">\n<div class=\"node__media-container\">\n              <img decoding=\"async\" data-src=\"https:\/\/eumedbridge.eu\/wp-content\/uploads\/2022\/08\/edusyria_0.jpg\" width=\"800\" height=\"450\" alt=\"EU-funded EDU-SYRIA \u00a9EDUSYRIA\" typeof=\"foaf:Image\" class=\"img-responsive lazyload\" src=\"data:image\/svg+xml;base64,PHN2ZyB3aWR0aD0iMSIgaGVpZ2h0PSIxIiB4bWxucz0iaHR0cDovL3d3dy53My5vcmcvMjAwMC9zdmciPjwvc3ZnPg==\" style=\"--smush-placeholder-width: 800px; --smush-placeholder-aspect-ratio: 800\/450;\" \/><\/p>\n<div class=\"media__overlay\">\n<div class=\"row middle-xs\">\n<div class=\"col-xs-12 col-sm-10\">\n<div class=\"media__title\">EU-funded EDU-SYRIA \u00a9EDUSYRIA<\/div>\n<\/p><\/div>\n<div class=\"col-xs-12 col-sm-2\">\n<div class=\"media__share text-right\">\n                <a href=\"https:\/\/euneighbours.eu\/sites\/default\/files\/2021-01\/edusyria_0.jpg\" title=\"EU-funded EDU-SYRIA \u00a9EDUSYRIA\" data-colorbox-gallery=\"gallery-image_block-2195-GK_Ag-rU3e0\" class=\"colorbox media__fullscreen\" data-cbox-img-attrs=\"{\"alt\":\"EU-funded EDU-SYRIA \u00a9EDUSYRIA\"}\"><br \/>\n          <i class=\"icon icon--fullscreen color--global-hover\"><\/i><br \/>\n        <\/a>\n      <\/div>\n<\/p><\/div>\n<\/p><\/div>\n<\/div><\/div>\n<\/p><\/div>\n<div data-quickedit-field-id=\"paragraph\/2195\/field_para_body\/fr\/default\" class=\"node__text\">\n<p><span><span><em>\u00ab\u00a0Je connaissais les modes de transmission du coronavirus et les mesures de pr\u00e9caution \u00e0 prendre, comme la distanciation sociale, le fait de rester chez soi, le lavage r\u00e9gulier des mains, etc. J\u2019ai donc pu donner facilement ces consignes aux gens\u00a0\u00bb<\/em>, explique Ayman. Il a organis\u00e9 des s\u00e9ances de sensibilisation en s\u2019appuyant sur les instructions de l\u2019Organisation mondiale de la sant\u00e9, qu\u2019il a adapt\u00e9es \u00e0 son contexte local pour les rendre plus compr\u00e9hensibles.<\/span><\/span><\/p>\n<p><span><span>Mais cela ne lui suffisait pas, le jeune homme voulait pousser plus loin son action. Il s\u2019est alors inscrit \u00e0 une formation en ligne sur la protection de la soci\u00e9t\u00e9 civile contre la COVID-19 dispens\u00e9e par la Facult\u00e9 de m\u00e9decine et des sciences de la sant\u00e9 Mohammad Bin Rashid. <em>\u00ab\u00a0Je voulais approfondir mes connaissances sur ces mesures et cette formation m\u2019a aid\u00e9 \u00e0 renforcer mon action en mati\u00e8re de pr\u00e9vention de la propagation du virus par tous les moyens possibles.\u00a0\u00bb<\/em> <\/span><\/span><\/p>\n<p><span><span>C\u2019\u00e9tait pour lui \u00ab\u00a0<em>un devoir\u00a0<\/em>\u00bb de jouer ce r\u00f4le humanitaire pour vaincre le virus.<em> \u00ab\u00a0J\u2019estime qu\u2019il est du devoir de chacun de soutenir les autres dans de telles situations, de faire bloc pour surmonter cette \u00e9pid\u00e9mie et cette \u00e9preuve\u00a0\u00bb<\/em>, d\u00e9clare l\u2019\u00e9tudiant.<\/span><\/span><\/p>\n<p><span><span>Le travail r\u00e9alis\u00e9 par Ayman pendant la crise a contribu\u00e9 \u00e0 stimuler davantage son esprit brillant. Il souhaite d\u00e9sormais d\u00e9crocher une bourse pour poursuivre ses \u00e9tudes et obtenir une ma\u00eetrise de biologie m\u00e9dicale. <em>\u00ab\u00a0Cela me permettrait d\u2019\u00eatre au service du plus grand nombre dans ma soci\u00e9t\u00e9 et d\u2019\u00eatre encore plus efficace dans le travail social\u00a0\u00bb<\/em>, conclut-il avec enthousiasme.<\/span><\/span><\/p>\n<\/div>\n<div class=\"node_view\"><\/div>\n<\/p><\/div>\n<div data-quickedit-entity-id=\"paragraph\/2196\" class=\"paragraph paragraph--type--image-block paragraph--view-mode--default\">\n<div data-quickedit-field-id=\"paragraph\/2196\/field_para_image\/fr\/default\" class=\"node__media node__media--carousel node__media--right\">\n<div class=\"node__media-container\">\n              <img decoding=\"async\" data-src=\"https:\/\/eumedbridge.eu\/wp-content\/uploads\/2022\/08\/edusyria-1_0.jpg\" width=\"800\" height=\"450\" alt=\"\u00a9EDUSYRIA\" typeof=\"foaf:Image\" class=\"img-responsive lazyload\" src=\"data:image\/svg+xml;base64,PHN2ZyB3aWR0aD0iMSIgaGVpZ2h0PSIxIiB4bWxucz0iaHR0cDovL3d3dy53My5vcmcvMjAwMC9zdmciPjwvc3ZnPg==\" style=\"--smush-placeholder-width: 800px; --smush-placeholder-aspect-ratio: 800\/450;\" \/><\/p>\n<div class=\"media__overlay\">\n<div class=\"row middle-xs\">\n<div class=\"col-xs-12 col-sm-10\">\n<div class=\"media__title\">\u00a9EDUSYRIA<\/div>\n<\/p><\/div>\n<div class=\"col-xs-12 col-sm-2\">\n<div class=\"media__share text-right\">\n                <a href=\"https:\/\/euneighbours.eu\/sites\/default\/files\/2021-01\/edusyria%201_0.jpg\" title=\"\u00a9EDUSYRIA\" data-colorbox-gallery=\"gallery-image_block-2196-GK_Ag-rU3e0\" class=\"colorbox media__fullscreen\" data-cbox-img-attrs=\"{\"alt\":\"\u00a9EDUSYRIA\"}\"><br \/>\n          <i class=\"icon icon--fullscreen color--global-hover\"><\/i><br \/>\n        <\/a>\n      <\/div>\n<\/p><\/div>\n<\/p><\/div>\n<\/div><\/div>\n<\/p><\/div>\n<div data-quickedit-field-id=\"paragraph\/2196\/field_para_body\/fr\/default\" class=\"node__text\">\n<p><strong>EDU-SYRIA<\/strong><\/p>\n<p>EDU-SYRIA est une s\u00e9rie de projets toujours en cours et ayant d\u00e9but\u00e9 en 2015. Ces projets sont financ\u00e9s par l&rsquo;UE via MADAD en r\u00e9ponse aux crises syriennes. Par cons\u00e9quent, les principaux b\u00e9n\u00e9ficiaires sont les r\u00e9fugi\u00e9s syriens et les jeunes Jordaniens d\u00e9favoris\u00e9s. L&rsquo;objectif ultime des projets est d&rsquo;am\u00e9liorer les conditions de vie de ces b\u00e9n\u00e9ficiaires en leur offrant des opportunit\u00e9s d&rsquo;enseignement sup\u00e9rieur gr\u00e2ce \u00e0 un ensemble de bourses accord\u00e9es \u00e0 des dipl\u00f4m\u00e9s du secondaire depuis 2015.<\/p>\n<p>EDU-SYRIA I a \u00e9t\u00e9 initi\u00e9 fin 2015 gr\u00e2ce \u00e0 un fonds de 4 millions d&rsquo;euros qui a permis de financer 390 programmes accr\u00e9dit\u00e9s par l&rsquo;enseignement sup\u00e9rieur entre masters, bachelors et dipl\u00f4mes professionnels. Une deuxi\u00e8me subvention du\u00a0Fonds fiduciaire r\u00e9gional de l\u2019UE en r\u00e9ponse \u00e0 la crise syrienne &#8211; Madad a \u00e9t\u00e9 accord\u00e9e, d\u2019un montant de 11 millions d&rsquo;euros, a permis d\u2019initier le programme EDU-SYRIA II en octobre 2016. Le projet \u00e9tait le plus important en Jordanie en termes de nombre de bourses d&rsquo;\u00e9tudes sup\u00e9rieures accord\u00e9es, soit 1000 au total. Un compl\u00e9ment de subvention d\u2019un montant de 2,6 millions d\u2019euros a \u00e9t\u00e9 vers\u00e9 en 2019, permettant l&rsquo;octroi de 200 bourses d&rsquo;\u00e9tudes sup\u00e9rieures suppl\u00e9mentaires. EDU-SYRIA III a \u00e9t\u00e9 lanc\u00e9 en janvier 2020 avec un fonds de 15 millions d&rsquo;euros. Les composantes\/actions de cette troisi\u00e8me phase sont plus diversifi\u00e9es et incluent notamment certaines la r\u00e9int\u00e9gration de jeunes adultes qui ont pr\u00e9cocement quitt\u00e9 l&rsquo;\u00e9cole. Au total, 2245 b\u00e9n\u00e9ficiaires entre Syriens r\u00e9fugi\u00e9s et Jordaniens d\u00e9favoris\u00e9s. \u00a0<\/p>\n<\/div>\n<div class=\"node_view\"><\/div>\n<\/p><\/div>\n<div data-quickedit-entity-id=\"paragraph\/2197\" class=\"paragraph paragraph--type--image-block paragraph--view-mode--default\">\n<div data-quickedit-field-id=\"paragraph\/2197\/field_para_image\/fr\/default\" class=\"node__media node__media--carousel node__media--right\">\n<div class=\"node__media-container\">\n              <img decoding=\"async\" data-src=\"https:\/\/eumedbridge.eu\/wp-content\/uploads\/2022\/08\/EUTF_0.jpg\" width=\"800\" height=\"450\" alt=\"\u00a9EU Regional Trust Fund in Response to the Syrian Crisis\" typeof=\"foaf:Image\" class=\"img-responsive lazyload\" src=\"data:image\/svg+xml;base64,PHN2ZyB3aWR0aD0iMSIgaGVpZ2h0PSIxIiB4bWxucz0iaHR0cDovL3d3dy53My5vcmcvMjAwMC9zdmciPjwvc3ZnPg==\" style=\"--smush-placeholder-width: 800px; --smush-placeholder-aspect-ratio: 800\/450;\" \/><\/p>\n<div class=\"media__overlay\">\n<div class=\"row middle-xs\">\n<div class=\"col-xs-12 col-sm-10\">\n<div class=\"media__title\">\u00a9EU Regional Trust Fund in Response to the Syrian Crisis<\/div>\n<\/p><\/div>\n<div class=\"col-xs-12 col-sm-2\">\n<div class=\"media__share text-right\">\n                <a href=\"https:\/\/euneighbours.eu\/sites\/default\/files\/2021-01\/EUTF_0.jpg\" title=\"\u00a9EU Regional Trust Fund in Response to the Syrian Crisis\" data-colorbox-gallery=\"gallery-image_block-2197-GK_Ag-rU3e0\" class=\"colorbox media__fullscreen\" data-cbox-img-attrs=\"{\"alt\":\"\u00a9EU Regional Trust Fund in Response to the Syrian Crisis\"}\"><br \/>\n          <i class=\"icon icon--fullscreen color--global-hover\"><\/i><br \/>\n        <\/a>\n      <\/div>\n<\/p><\/div>\n<\/p><\/div>\n<\/div><\/div>\n<\/p><\/div>\n<div data-quickedit-field-id=\"paragraph\/2197\/field_para_body\/fr\/default\" class=\"node__text\">\n<p><strong>Le Fonds fiduciaire r\u00e9gional de l\u2019UE en r\u00e9ponse \u00e0 la crise syrienne &#8211;\u00a0Madad<\/strong><\/p>\n<p>Depuis sa cr\u00e9ation en d\u00e9cembre 2014, une part importante de l\u2019aide non humanitaire de l\u2019Union europ\u00e9enne aux pays voisins de la Syrie est fournie par le biais du Fonds fiduciaire r\u00e9gional de l\u2019UE en r\u00e9ponse \u00e0 la crise syrienne, le Fonds \u00abMadad\u00bb de l\u2019UE. Ce Fonds apporte une r\u00e9ponse plus coh\u00e9rente et int\u00e9gr\u00e9e de l&rsquo;aide de l&rsquo;UE \u00e0 la crise et r\u00e9pond principalement aux besoins \u00e9conomiques, \u00e9ducatifs, sociaux et sanitaires des r\u00e9fugi\u00e9s syriens dans les pays voisins tels que la Jordanie, le Liban, la Turquie et l&rsquo;Irak. Le Fonds soutient \u00e9galement les communaut\u00e9s locales d\u00e9bord\u00e9es et leurs administrations. \u00a0<\/p>\n<p><strong>Pour en savoir plus<\/strong><\/p>\n<p><a href=\"http:\/\/www.eeas.europa.eu\/delegations\/jordan\">Site web de la D\u00e9l\u00e9gation de l&rsquo;UE en Jordanie<\/a><\/p>\n<p><a href=\"https:\/\/edu-syria.eu\/\">Site web EDU-SYRIA<\/a><\/p>\n<p><a href=\"https:\/\/ec.europa.eu\/trustfund-syria-region\/content\/home_en\">Site web MADAD<\/a><\/p>\n<p>\u00a0<\/p>\n<\/div>\n<div class=\"node_view\"><\/div>\n<\/p><\/div>\n","protected":false},"featured_media":173773,"parent":0,"template":"","story_category":[],"country":[2124,2029],"special_action":[],"custom_tag":[2312,1970,1897,1890,1870],"class_list":["post-204015","story","type-story","status-publish","has-post-thumbnail","hentry","country-jordanie","country-syrie","custom_tag-developpement-durable","custom_tag-jeunesse","custom_tag-medias","custom_tag-sante","custom_tag-societe-civile"],"acf":[],"yoast_head":"<!-- This site is optimized with the Yoast SEO plugin v26.5 - https:\/\/yoast.com\/wordpress\/plugins\/seo\/ -->\n<title>Un \u00e9tudiant en virologie originaire de Syrie redouble d\u2019efforts pour emp\u00eacher la propagation du virus - Voisins de l&#039;UE<\/title>\n<meta name=\"robots\" content=\"index, follow, max-snippet:-1, max-image-preview:large, max-video-preview:-1\" \/>\n<link rel=\"canonical\" href=\"https:\/\/www.eumedbridge.eu\/fr\/story\/un-etudiant-en-virologie-originaire-de-syrie-redouble-defforts-pour\/\" \/>\n<meta property=\"og:locale\" content=\"fr_FR\" \/>\n<meta property=\"og:type\" content=\"article\" \/>\n<meta property=\"og:title\" content=\"Un \u00e9tudiant en virologie originaire de Syrie redouble d\u2019efforts pour emp\u00eacher la propagation du virus - Voisins de l&#039;UE\" \/>\n<meta property=\"og:description\" content=\"La crise sans pr\u00e9c\u00e9dent de la COVID-19 a sem\u00e9 la confusion et la peur dans la vie de nombreuses personnes et entra\u00een\u00e9 des incertitudes quant \u00e0 leur avenir. Pour d\u2019autres, en revanche, cette pand\u00e9mie est l\u2019occasion de mettre leurs connaissances au service des autres. C\u2019est le cas d\u2019Ayman Al-Farawan, un \u00e9tudiant en virologie d\u2019origine syrienne [&hellip;]\" \/>\n<meta property=\"og:url\" content=\"https:\/\/www.eumedbridge.eu\/fr\/story\/un-etudiant-en-virologie-originaire-de-syrie-redouble-defforts-pour\/\" \/>\n<meta property=\"og:site_name\" content=\"Voisins de l&#039;UE\" \/>\n<meta property=\"article:publisher\" content=\"https:\/\/www.facebook.com\/eumedbridge\/\" \/>\n<meta property=\"article:modified_time\" content=\"2022-08-17T13:28:40+00:00\" \/>\n<meta property=\"og:image\" content=\"https:\/\/www.eumedbridge.eu\/wp-content\/uploads\/2022\/05\/Ayman-Al-Farawan_0.jpg\" \/>\n\t<meta property=\"og:image:width\" content=\"1081\" \/>\n\t<meta property=\"og:image:height\" content=\"1081\" \/>\n\t<meta property=\"og:image:type\" content=\"image\/jpeg\" \/>\n<meta name=\"twitter:card\" content=\"summary_large_image\" \/>\n<meta name=\"twitter:site\" content=\"@eumedbridge\" \/>\n<meta name=\"twitter:label1\" content=\"Dur\u00e9e de lecture estim\u00e9e\" \/>\n\t<meta name=\"twitter:data1\" content=\"5 minutes\" \/>\n<script type=\"application\/ld+json\" class=\"yoast-schema-graph\">{\"@context\":\"https:\/\/schema.org\",\"@graph\":[{\"@type\":\"WebPage\",\"@id\":\"https:\/\/www.eumedbridge.eu\/fr\/story\/un-etudiant-en-virologie-originaire-de-syrie-redouble-defforts-pour\/\",\"url\":\"https:\/\/www.eumedbridge.eu\/fr\/story\/un-etudiant-en-virologie-originaire-de-syrie-redouble-defforts-pour\/\",\"name\":\"Un \u00e9tudiant en virologie originaire de Syrie redouble d\u2019efforts pour emp\u00eacher la propagation du virus - Voisins de l'UE\",\"isPartOf\":{\"@id\":\"https:\/\/www.eumedbridge.eu\/#website\"},\"primaryImageOfPage\":{\"@id\":\"https:\/\/www.eumedbridge.eu\/fr\/story\/un-etudiant-en-virologie-originaire-de-syrie-redouble-defforts-pour\/#primaryimage\"},\"image\":{\"@id\":\"https:\/\/www.eumedbridge.eu\/fr\/story\/un-etudiant-en-virologie-originaire-de-syrie-redouble-defforts-pour\/#primaryimage\"},\"thumbnailUrl\":\"https:\/\/www.eumedbridge.eu\/wp-content\/uploads\/2022\/05\/Ayman-Al-Farawan_0.jpg\",\"datePublished\":\"2021-01-07T22:00:00+00:00\",\"dateModified\":\"2022-08-17T13:28:40+00:00\",\"breadcrumb\":{\"@id\":\"https:\/\/www.eumedbridge.eu\/fr\/story\/un-etudiant-en-virologie-originaire-de-syrie-redouble-defforts-pour\/#breadcrumb\"},\"inLanguage\":\"fr-FR\",\"potentialAction\":[{\"@type\":\"ReadAction\",\"target\":[\"https:\/\/www.eumedbridge.eu\/fr\/story\/un-etudiant-en-virologie-originaire-de-syrie-redouble-defforts-pour\/\"]}]},{\"@type\":\"ImageObject\",\"inLanguage\":\"fr-FR\",\"@id\":\"https:\/\/www.eumedbridge.eu\/fr\/story\/un-etudiant-en-virologie-originaire-de-syrie-redouble-defforts-pour\/#primaryimage\",\"url\":\"https:\/\/www.eumedbridge.eu\/wp-content\/uploads\/2022\/05\/Ayman-Al-Farawan_0.jpg\",\"contentUrl\":\"https:\/\/www.eumedbridge.eu\/wp-content\/uploads\/2022\/05\/Ayman-Al-Farawan_0.jpg\",\"width\":1081,\"height\":1081},{\"@type\":\"BreadcrumbList\",\"@id\":\"https:\/\/www.eumedbridge.eu\/fr\/story\/un-etudiant-en-virologie-originaire-de-syrie-redouble-defforts-pour\/#breadcrumb\",\"itemListElement\":[{\"@type\":\"ListItem\",\"position\":1,\"name\":\"Home\",\"item\":\"https:\/\/www.eumedbridge.eu\/fr\/home-page\/\"},{\"@type\":\"ListItem\",\"position\":2,\"name\":\"Histoires\",\"item\":\"https:\/\/www.eumedbridge.eu\/fr\/story\/\"},{\"@type\":\"ListItem\",\"position\":3,\"name\":\"Un \u00e9tudiant en virologie originaire de Syrie redouble d\u2019efforts pour emp\u00eacher la propagation du virus\"}]},{\"@type\":\"WebSite\",\"@id\":\"https:\/\/www.eumedbridge.eu\/#website\",\"url\":\"https:\/\/www.eumedbridge.eu\/\",\"name\":\"EU Medbridge\",\"description\":\"\",\"publisher\":{\"@id\":\"https:\/\/www.eumedbridge.eu\/#organization\"},\"potentialAction\":[{\"@type\":\"SearchAction\",\"target\":{\"@type\":\"EntryPoint\",\"urlTemplate\":\"https:\/\/www.eumedbridge.eu\/?s={search_term_string}\"},\"query-input\":{\"@type\":\"PropertyValueSpecification\",\"valueRequired\":true,\"valueName\":\"search_term_string\"}}],\"inLanguage\":\"fr-FR\"},{\"@type\":\"Organization\",\"@id\":\"https:\/\/www.eumedbridge.eu\/#organization\",\"name\":\"EU Medbridge\",\"url\":\"https:\/\/www.eumedbridge.eu\/\",\"logo\":{\"@type\":\"ImageObject\",\"inLanguage\":\"fr-FR\",\"@id\":\"https:\/\/www.eumedbridge.eu\/#\/schema\/logo\/image\/\",\"url\":\"https:\/\/www.eumedbridge.eu\/wp-content\/uploads\/2021\/12\/Logo.png\",\"contentUrl\":\"https:\/\/www.eumedbridge.eu\/wp-content\/uploads\/2021\/12\/Logo.png\",\"width\":325,\"height\":114,\"caption\":\"EU Medbridge\"},\"image\":{\"@id\":\"https:\/\/www.eumedbridge.eu\/#\/schema\/logo\/image\/\"},\"sameAs\":[\"https:\/\/www.facebook.com\/eumedbridge\/\",\"https:\/\/x.com\/eumedbridge\",\"https:\/\/www.linkedin.com\/company\/eumedbridge\",\"https:\/\/www.youtube.com\/@eumedbridge\",\"https:\/\/www.instagram.com\/eumedbridge\",\"https:\/\/www.flickr.com\/photos\/euneighbours-south\/\"]}]}<\/script>\n<!-- \/ Yoast SEO plugin. -->","yoast_head_json":{"title":"Un \u00e9tudiant en virologie originaire de Syrie redouble d\u2019efforts pour emp\u00eacher la propagation du virus - Voisins de l'UE","robots":{"index":"index","follow":"follow","max-snippet":"max-snippet:-1","max-image-preview":"max-image-preview:large","max-video-preview":"max-video-preview:-1"},"canonical":"https:\/\/www.eumedbridge.eu\/fr\/story\/un-etudiant-en-virologie-originaire-de-syrie-redouble-defforts-pour\/","og_locale":"fr_FR","og_type":"article","og_title":"Un \u00e9tudiant en virologie originaire de Syrie redouble d\u2019efforts pour emp\u00eacher la propagation du virus - Voisins de l'UE","og_description":"La crise sans pr\u00e9c\u00e9dent de la COVID-19 a sem\u00e9 la confusion et la peur dans la vie de nombreuses personnes et entra\u00een\u00e9 des incertitudes quant \u00e0 leur avenir. Pour d\u2019autres, en revanche, cette pand\u00e9mie est l\u2019occasion de mettre leurs connaissances au service des autres. C\u2019est le cas d\u2019Ayman Al-Farawan, un \u00e9tudiant en virologie d\u2019origine syrienne [&hellip;]","og_url":"https:\/\/www.eumedbridge.eu\/fr\/story\/un-etudiant-en-virologie-originaire-de-syrie-redouble-defforts-pour\/","og_site_name":"Voisins de l'UE","article_publisher":"https:\/\/www.facebook.com\/eumedbridge\/","article_modified_time":"2022-08-17T13:28:40+00:00","og_image":[{"width":1081,"height":1081,"url":"https:\/\/www.eumedbridge.eu\/wp-content\/uploads\/2022\/05\/Ayman-Al-Farawan_0.jpg","type":"image\/jpeg"}],"twitter_card":"summary_large_image","twitter_site":"@eumedbridge","twitter_misc":{"Dur\u00e9e de lecture estim\u00e9e":"5 minutes"},"schema":{"@context":"https:\/\/schema.org","@graph":[{"@type":"WebPage","@id":"https:\/\/www.eumedbridge.eu\/fr\/story\/un-etudiant-en-virologie-originaire-de-syrie-redouble-defforts-pour\/","url":"https:\/\/www.eumedbridge.eu\/fr\/story\/un-etudiant-en-virologie-originaire-de-syrie-redouble-defforts-pour\/","name":"Un \u00e9tudiant en virologie originaire de Syrie redouble d\u2019efforts pour emp\u00eacher la propagation du virus - Voisins de l'UE","isPartOf":{"@id":"https:\/\/www.eumedbridge.eu\/#website"},"primaryImageOfPage":{"@id":"https:\/\/www.eumedbridge.eu\/fr\/story\/un-etudiant-en-virologie-originaire-de-syrie-redouble-defforts-pour\/#primaryimage"},"image":{"@id":"https:\/\/www.eumedbridge.eu\/fr\/story\/un-etudiant-en-virologie-originaire-de-syrie-redouble-defforts-pour\/#primaryimage"},"thumbnailUrl":"https:\/\/www.eumedbridge.eu\/wp-content\/uploads\/2022\/05\/Ayman-Al-Farawan_0.jpg","datePublished":"2021-01-07T22:00:00+00:00","dateModified":"2022-08-17T13:28:40+00:00","breadcrumb":{"@id":"https:\/\/www.eumedbridge.eu\/fr\/story\/un-etudiant-en-virologie-originaire-de-syrie-redouble-defforts-pour\/#breadcrumb"},"inLanguage":"fr-FR","potentialAction":[{"@type":"ReadAction","target":["https:\/\/www.eumedbridge.eu\/fr\/story\/un-etudiant-en-virologie-originaire-de-syrie-redouble-defforts-pour\/"]}]},{"@type":"ImageObject","inLanguage":"fr-FR","@id":"https:\/\/www.eumedbridge.eu\/fr\/story\/un-etudiant-en-virologie-originaire-de-syrie-redouble-defforts-pour\/#primaryimage","url":"https:\/\/www.eumedbridge.eu\/wp-content\/uploads\/2022\/05\/Ayman-Al-Farawan_0.jpg","contentUrl":"https:\/\/www.eumedbridge.eu\/wp-content\/uploads\/2022\/05\/Ayman-Al-Farawan_0.jpg","width":1081,"height":1081},{"@type":"BreadcrumbList","@id":"https:\/\/www.eumedbridge.eu\/fr\/story\/un-etudiant-en-virologie-originaire-de-syrie-redouble-defforts-pour\/#breadcrumb","itemListElement":[{"@type":"ListItem","position":1,"name":"Home","item":"https:\/\/www.eumedbridge.eu\/fr\/home-page\/"},{"@type":"ListItem","position":2,"name":"Histoires","item":"https:\/\/www.eumedbridge.eu\/fr\/story\/"},{"@type":"ListItem","position":3,"name":"Un \u00e9tudiant en virologie originaire de Syrie redouble d\u2019efforts pour emp\u00eacher la propagation du virus"}]},{"@type":"WebSite","@id":"https:\/\/www.eumedbridge.eu\/#website","url":"https:\/\/www.eumedbridge.eu\/","name":"EU Medbridge","description":"","publisher":{"@id":"https:\/\/www.eumedbridge.eu\/#organization"},"potentialAction":[{"@type":"SearchAction","target":{"@type":"EntryPoint","urlTemplate":"https:\/\/www.eumedbridge.eu\/?s={search_term_string}"},"query-input":{"@type":"PropertyValueSpecification","valueRequired":true,"valueName":"search_term_string"}}],"inLanguage":"fr-FR"},{"@type":"Organization","@id":"https:\/\/www.eumedbridge.eu\/#organization","name":"EU Medbridge","url":"https:\/\/www.eumedbridge.eu\/","logo":{"@type":"ImageObject","inLanguage":"fr-FR","@id":"https:\/\/www.eumedbridge.eu\/#\/schema\/logo\/image\/","url":"https:\/\/www.eumedbridge.eu\/wp-content\/uploads\/2021\/12\/Logo.png","contentUrl":"https:\/\/www.eumedbridge.eu\/wp-content\/uploads\/2021\/12\/Logo.png","width":325,"height":114,"caption":"EU Medbridge"},"image":{"@id":"https:\/\/www.eumedbridge.eu\/#\/schema\/logo\/image\/"},"sameAs":["https:\/\/www.facebook.com\/eumedbridge\/","https:\/\/x.com\/eumedbridge","https:\/\/www.linkedin.com\/company\/eumedbridge","https:\/\/www.youtube.com\/@eumedbridge","https:\/\/www.instagram.com\/eumedbridge","https:\/\/www.flickr.com\/photos\/euneighbours-south\/"]}]}},"_links":{"self":[{"href":"https:\/\/www.eumedbridge.eu\/fr\/wp-json\/wp\/v2\/story\/204015","targetHints":{"allow":["GET"]}}],"collection":[{"href":"https:\/\/www.eumedbridge.eu\/fr\/wp-json\/wp\/v2\/story"}],"about":[{"href":"https:\/\/www.eumedbridge.eu\/fr\/wp-json\/wp\/v2\/types\/story"}],"wp:featuredmedia":[{"embeddable":true,"href":"https:\/\/www.eumedbridge.eu\/fr\/wp-json\/wp\/v2\/media\/173773"}],"wp:attachment":[{"href":"https:\/\/www.eumedbridge.eu\/fr\/wp-json\/wp\/v2\/media?parent=204015"}],"wp:term":[{"taxonomy":"story_category","embeddable":true,"href":"https:\/\/www.eumedbridge.eu\/fr\/wp-json\/wp\/v2\/story_category?post=204015"},{"taxonomy":"country","embeddable":true,"href":"https:\/\/www.eumedbridge.eu\/fr\/wp-json\/wp\/v2\/country?post=204015"},{"taxonomy":"special_action","embeddable":true,"href":"https:\/\/www.eumedbridge.eu\/fr\/wp-json\/wp\/v2\/special_action?post=204015"},{"taxonomy":"custom_tag","embeddable":true,"href":"https:\/\/www.eumedbridge.eu\/fr\/wp-json\/wp\/v2\/custom_tag?post=204015"}],"curies":[{"name":"wp","href":"https:\/\/api.w.org\/{rel}","templated":true}]}}