{"id":204029,"date":"2020-06-24T00:00:00","date_gmt":"2020-06-23T21:00:00","guid":{"rendered":"https:\/\/eumedbridge.eu\/story\/le-green-centre-au-camp-de-refugies-azraq-des-refugies-syriens-nettoient\/"},"modified":"2022-08-17T16:28:59","modified_gmt":"2022-08-17T13:28:59","slug":"le-green-centre-au-camp-de-refugies-azraq-des-refugies-syriens-nettoient","status":"publish","type":"story","link":"https:\/\/www.eumedbridge.eu\/fr\/story\/le-green-centre-au-camp-de-refugies-azraq-des-refugies-syriens-nettoient\/","title":{"rendered":"Le Green Centre au Camp de r\u00e9fugi\u00e9s Azraq: Des r\u00e9fugi\u00e9s syriens nettoient les rues pour un avenir meilleur"},"content":{"rendered":"<blockquote>\n<p>Au beau milieu du d\u00e9sert jordanien, un camp accueillant pr\u00e8s de 37\u00a0000\u00a0r\u00e9fugi\u00e9s syriens a r\u00e9ussi \u00e0 s\u2019imposer comme un mod\u00e8le de gestion des d\u00e9chets respectueuse de l\u2019environnement. Gr\u00e2ce au Programme de gestion \u00e9coresponsable des d\u00e9chets solides, financ\u00e9 par l\u2019UE, le camp d\u2019Azraq a mis en \u0153uvre une approche unique en mati\u00e8re de recyclage et de gestion des d\u00e9chets incarn\u00e9e par son installation de pointe \u00ab\u00a0Green Centre\u00a0\u00bb, g\u00e9r\u00e9e par World Vision. Depuis sa cr\u00e9ation en\u00a02016, le programme a fourni un emploi \u00e0 1\u00a0409\u00a0Syriens, am\u00e9liorant nettement les conditions de vie des r\u00e9sidents tout en s\u2019attaquant \u00e0 l\u2019un des probl\u00e8mes les plus urgents de la Jordanie\u00a0: la gestion des d\u00e9chets.<\/p>\n<\/blockquote>\n<div data-quickedit-entity-id=\"paragraph\/2048\" class=\"paragraph paragraph--type--image-block paragraph--view-mode--default\">\n<div data-quickedit-field-id=\"paragraph\/2048\/field_para_image\/fr\/default\" class=\"node__media node__media--carousel node__media--right\">\n<div class=\"node__media-container\">\n              <img decoding=\"async\" data-src=\"https:\/\/eumedbridge.eu\/wp-content\/uploads\/2022\/08\/1.jpeg\" width=\"800\" height=\"450\" alt=\"Le Green Centre au Camp de r\u00e9fugi\u00e9s Azraq \u00a9World Vision\" typeof=\"foaf:Image\" class=\"img-responsive lazyload\" src=\"data:image\/svg+xml;base64,PHN2ZyB3aWR0aD0iMSIgaGVpZ2h0PSIxIiB4bWxucz0iaHR0cDovL3d3dy53My5vcmcvMjAwMC9zdmciPjwvc3ZnPg==\" style=\"--smush-placeholder-width: 800px; --smush-placeholder-aspect-ratio: 800\/450;\" \/><\/p>\n<div class=\"media__overlay\">\n<div class=\"row middle-xs\">\n<div class=\"col-xs-12 col-sm-10\">\n<div class=\"media__title\">Le Green Centre au Camp de r\u00e9fugi\u00e9s Azraq \u00a9World Vision<\/div>\n<\/p><\/div>\n<div class=\"col-xs-12 col-sm-2\">\n<div class=\"media__share text-right\">\n                <a href=\"https:\/\/euneighbours.eu\/sites\/default\/files\/2020-06\/1.jpeg\" title=\"Le Green Centre au Camp de r\u00e9fugi\u00e9s Azraq \u00a9World Vision\" data-colorbox-gallery=\"gallery-image_block-2048-GK_Ag-rU3e0\" class=\"colorbox media__fullscreen\" data-cbox-img-attrs=\"{\"alt\":\"Le Green Centre au Camp de r\u00e9fugi\u00e9s Azraq \u00a9World Vision\"}\"><br \/>\n          <i class=\"icon icon--fullscreen color--global-hover\"><\/i><br \/>\n        <\/a>\n      <\/div>\n<\/p><\/div>\n<\/p><\/div>\n<\/div><\/div>\n<\/p><\/div>\n<div data-quickedit-field-id=\"paragraph\/2048\/field_para_body\/fr\/default\" class=\"node__text\">\n<p>Mahmoud, un petit homme \u00e9nergique au large sourire communicatif, ne laisse rien transpara\u00eetre des \u00e9preuves qu\u2019il a travers\u00e9es ces derni\u00e8res ann\u00e9es. Il y a quatre ans, ce p\u00e8re de huit enfants a \u00e9t\u00e9 contraint de renoncer \u00e0 sa vie confortable \u00e0 Hama, en Syrie, \u00e0 cause de la violente guerre civile, perdant ainsi tout ce qu\u2019il poss\u00e9dait.<\/p>\n<p>Pourtant, Mahmoud s\u2019estime heureux. \u00ab\u00a0<em>Les autorit\u00e9s jordaniennes ont fait preuve d\u2019une grande <\/em><em>g\u00e9n\u00e9rosit\u00e9 et <\/em><em>de gentillesse, elles nous ont beaucoup aid\u00e9s. Leur accueil nous a fait oublier toutes les souffrances et les difficult\u00e9s que nous avons subies en Syrie.\u00a0\u00bb <\/em>Il garde en particulier un souvenir tr\u00e8s pr\u00e9sent de son p\u00e9riple pour rejoindre Azraq\u00a0: la premi\u00e8re fois qu\u2019il a pu utiliser \u00e0 nouveau des toilettes propres. \u00ab\u00a0<em>J\u2019avais l\u2019impression de rena\u00eetre\u00a0!\u00a0\u00bb<\/em><\/p>\n<p>Ce d\u00e9tail peut sembler anodin au regard des situations tragiques qu\u2019il a surmont\u00e9es, mais, pour Mahmoud, le fait d\u2019avoir acc\u00e8s \u00e0 des installations hygi\u00e9niques et \u00e0 un environnement propre changeait la vie, l\u2019hygi\u00e8ne \u00e9tant une valeur profond\u00e9ment ancr\u00e9e dans la culture au Moyen-Orient.<\/p>\n<\/div>\n<div class=\"node_view\"><\/div>\n<\/p><\/div>\n<div data-quickedit-entity-id=\"paragraph\/2049\" class=\"paragraph paragraph--type--image-block paragraph--view-mode--default\">\n<div data-quickedit-field-id=\"paragraph\/2049\/field_para_image\/fr\/default\" class=\"node__media node__media--carousel node__media--right\">\n<div class=\"node__media-container\">\n              <img decoding=\"async\" data-src=\"https:\/\/eumedbridge.eu\/wp-content\/uploads\/2022\/08\/5.jpeg\" width=\"800\" height=\"450\" alt=\"Le Green Centre au Camp de r\u00e9fugi\u00e9s Azraq \u00a9World Vision\" typeof=\"foaf:Image\" class=\"img-responsive lazyload\" src=\"data:image\/svg+xml;base64,PHN2ZyB3aWR0aD0iMSIgaGVpZ2h0PSIxIiB4bWxucz0iaHR0cDovL3d3dy53My5vcmcvMjAwMC9zdmciPjwvc3ZnPg==\" style=\"--smush-placeholder-width: 800px; --smush-placeholder-aspect-ratio: 800\/450;\" \/><\/p>\n<div class=\"media__overlay\">\n<div class=\"row middle-xs\">\n<div class=\"col-xs-12 col-sm-10\">\n<div class=\"media__title\">Le Green Centre au Camp de r\u00e9fugi\u00e9s Azraq \u00a9World Vision<\/div>\n<\/p><\/div>\n<div class=\"col-xs-12 col-sm-2\">\n<div class=\"media__share text-right\">\n                <a href=\"https:\/\/euneighbours.eu\/sites\/default\/files\/2020-06\/5.jpeg\" title=\"Le Green Centre au Camp de r\u00e9fugi\u00e9s Azraq \u00a9World Vision\" data-colorbox-gallery=\"gallery-image_block-2049-GK_Ag-rU3e0\" class=\"colorbox media__fullscreen\" data-cbox-img-attrs=\"{\"alt\":\"Le Green Centre au Camp de r\u00e9fugi\u00e9s Azraq \u00a9World Vision\"}\"><br \/>\n          <i class=\"icon icon--fullscreen color--global-hover\"><\/i><br \/>\n        <\/a>\n      <\/div>\n<\/p><\/div>\n<\/p><\/div>\n<\/div><\/div>\n<\/p><\/div>\n<div data-quickedit-field-id=\"paragraph\/2049\/field_para_body\/fr\/default\" class=\"node__text\">\n<p><strong>Changer les mentalit\u00e9s, nettoyer les rues<\/strong><\/p>\n<p>D\u00e9termin\u00e9 \u00e0 \u00e9lever ses enfants dans un environnement d\u00e9cent refl\u00e9tant cette valeur, Mahmoud s\u2019est int\u00e9ress\u00e9 au Programme de gestion des d\u00e9chets solides dont lui avait parl\u00e9 une de ses connaissances. \u00ab\u00a0Pour \u00eatre tout \u00e0 fait honn\u00eate, si j\u2019ai rejoint ce projet, c\u2019est avant tout parce que j\u2019avais besoin d\u2019argent. Mais aussi parce que, de fa\u00e7on g\u00e9n\u00e9rale, le camp n\u2019\u00e9tait pas tr\u00e8s propre. Par exemple, on pouvait trouver des couches-culottes usag\u00e9es dans les rues, ce qui \u00e9tait tr\u00e8s insalubre.\u00a0\u00bb<\/p>\n<p>\u00ab\u00a0Je voulais contribuer \u00e0 la sensibilisation en expliquant aux gens comment mieux se d\u00e9barrasser des d\u00e9chets.\u00a0\u00bb S\u2019il reconna\u00eet qu\u2019il \u00e9tait d\u00e9j\u00e0 \u00ab\u00a0quelque peu familiaris\u00e9 avec la gestion des d\u00e9chets\u00a0\u00bb, Mahmoud pr\u00e9cise que le fait de participer au projet a consid\u00e9rablement enrichi ses connaissances puisqu\u2019il a appris \u00e0 trier les d\u00e9chets et \u00e0 les g\u00e9rer de diff\u00e9rentes fa\u00e7ons. Il d\u00e9clare:\u00a0\u00ab\u00a0Pour moi, la gestion des d\u00e9chets se limitait au fait de ne pas jeter le plastique ou le m\u00e9tal et d\u2019\u00e9liminer les liquides diff\u00e9remment. Mais, au fil du temps, j\u2019ai pris conscience de beaucoup plus de choses et j\u2019ai commenc\u00e9 \u00e0 travailler en tant que superviseur pour plusieurs villages \u00e0 l\u2019int\u00e9rieur du camp pour faire passer le message.\u00a0\u00bb<\/p>\n<p>La campagne pour encourager les changements de comportement \u00e0 laquelle Mahmoud a particip\u00e9 est l\u2019un des trois piliers du Programme de gestion des d\u00e9chets solides, avec le Green Centre et l\u2019op\u00e9ration de ramassage des d\u00e9tritus lanc\u00e9e derni\u00e8rement. Cette campagne men\u00e9e par une quarantaine de volontaires syriens comprend des s\u00e9ances de sensibilisation dans le cadre de r\u00e9unions communautaires et aupr\u00e8s des foyers, des \u00e9coles et des centres d\u00e9di\u00e9s aux enfants, afin d\u2019encourager les gens \u00e0 trier et \u00e0 recycler leurs d\u00e9chets chez eux.\u00a0\u00ab\u00a0Je leur explique comment trier correctement leurs d\u00e9chets\u00a0\u00bb, d\u00e9clare Mahmoud en montrant les barils align\u00e9s dans la rue, facilement identifiables gr\u00e2ce au code couleur\u00a0: bleu pour les d\u00e9chets secs et vert pour les d\u00e9chets humides.<\/p>\n<\/div>\n<div class=\"node_view\"><\/div>\n<\/p><\/div>\n<div data-quickedit-entity-id=\"paragraph\/2050\" class=\"paragraph paragraph--type--image-block paragraph--view-mode--default\">\n<div data-quickedit-field-id=\"paragraph\/2050\/field_para_image\/fr\/default\" class=\"node__media node__media--carousel node__media--right\">\n<div class=\"node__media-container\">\n              <img decoding=\"async\" data-src=\"https:\/\/eumedbridge.eu\/wp-content\/uploads\/2022\/08\/Capture-decran-2020-06-24-a-13.29.30.png\" width=\"800\" height=\"450\" alt=\"Le Green Centre au Camp de r\u00e9fugi\u00e9s Azraq \u00a9World Vision\" typeof=\"foaf:Image\" class=\"img-responsive lazyload\" src=\"data:image\/svg+xml;base64,PHN2ZyB3aWR0aD0iMSIgaGVpZ2h0PSIxIiB4bWxucz0iaHR0cDovL3d3dy53My5vcmcvMjAwMC9zdmciPjwvc3ZnPg==\" style=\"--smush-placeholder-width: 800px; --smush-placeholder-aspect-ratio: 800\/450;\" \/><\/p>\n<div class=\"media__overlay\">\n<div class=\"row middle-xs\">\n<div class=\"col-xs-12 col-sm-10\">\n<div class=\"media__title\">Le Green Centre au Camp de r\u00e9fugi\u00e9s Azraq \u00a9World Vision<\/div>\n<\/p><\/div>\n<div class=\"col-xs-12 col-sm-2\">\n<div class=\"media__share text-right\">\n                <a href=\"https:\/\/euneighbours.eu\/sites\/default\/files\/2020-06\/Capture%20d%E2%80%99%C3%A9cran%202020-06-24%20%C3%A0%2013.29.30.png\" title=\"Le Green Centre au Camp de r\u00e9fugi\u00e9s Azraq \u00a9World Vision\" data-colorbox-gallery=\"gallery-image_block-2050-GK_Ag-rU3e0\" class=\"colorbox media__fullscreen\" data-cbox-img-attrs=\"{\"alt\":\"Le Green Centre au Camp de r\u00e9fugi\u00e9s Azraq \u00a9World Vision\"}\"><br \/>\n          <i class=\"icon icon--fullscreen color--global-hover\"><\/i><br \/>\n        <\/a>\n      <\/div>\n<\/p><\/div>\n<\/p><\/div>\n<\/div><\/div>\n<\/p><\/div>\n<div data-quickedit-field-id=\"paragraph\/2050\/field_para_body\/fr\/default\" class=\"node__text\">\n<p><strong>Valeurs personnelles<\/strong><\/p>\n<p>Khalid, l\u2019un des participants aux s\u00e9ances de sensibilisation, explique que ce projet faisait v\u00e9ritablement \u00e9cho \u00e0 ses propres valeurs. <em>\u00ab\u00a0Comme vous le savez, pour nous, au Moyen-Orient, l\u2019hygi\u00e8ne est prioritaire, c\u2019est pourquoi je veillais d\u00e9j\u00e0 \u00e0 ce que mon abri soit tr\u00e8s propre tout en m\u2019assurant que mon \u00e9pouse et mes cinq enfants savaient comment utiliser au mieux les poubelles et les sacs en plastique \u00e0 l\u2019int\u00e9rieur.\u00a0\u00bb<\/em>\u00a0Bien qu\u2019il n\u2019ait jamais \u00e9t\u00e9 employ\u00e9 officiellement dans le cadre du programme, Khalid a r\u00e9guli\u00e8rement pr\u00eat\u00e9 main forte \u00e0 l\u2019\u00e9quipe pour animer des s\u00e9ances de sensibilisation et en a parl\u00e9 volontiers \u00e0 ses connaissances. <em>\u00ab\u00a0La propret\u00e9 fait partie int\u00e9grante de notre culture et nous ne devons pas y renoncer ici, surtout apr\u00e8s avoir re\u00e7u le mat\u00e9riel n\u00e9cessaire au recyclage.\u00a0\u00bb <\/em><\/p>\n<p>Pour Hasmik Kocharyan, la responsable du Programme de gestion des d\u00e9chets solides, c\u2019est pr\u00e9cis\u00e9ment cette approche innovante qui a contribu\u00e9 \u00e0 la p\u00e9rennit\u00e9 du projet. <em>\u00ab<\/em>\u00a0<em>Azraq g\u00e9rait d\u00e9j\u00e0 les d\u00e9chets auparavant, mais cela restait tr\u00e8s limit\u00e9 en termes d\u2019ampleur, de rentabilit\u00e9 et de protection de l\u2019environnement.\u00a0\u00bb<\/em>\u00a0En impliquant directement les communaut\u00e9s locales dans chaque \u00e9tape du processus, les avantages de la gestion des d\u00e9chets deviennent \u00e9vidents pour tous. <em>\u00ab\u00a0Bien s\u00fbr, un tel changement de comportement prend des ann\u00e9es.<\/em><em> Cela requiert une certaine stabilit\u00e9, qui n\u2019est pas toujours garantie dans un contexte humanitaire. <\/em><em>De plus, les gens ont beaucoup d\u2019autres probl\u00e8mes \u00e0 r\u00e9gler \u00bb<\/em>, admet-elle, notant n\u00e9anmoins les efforts d\u00e9ploy\u00e9s pour adapter la campagne aux b\u00e9n\u00e9ficiaires.\u00a0<em>\u00ab\u00a0Le message que nous voulons leur faire passer est que, m\u00eame s\u2019ils vivent dans ce qu\u2019ils consid\u00e8rent comme un environnement temporaire, de tels changements am\u00e9lioreront leurs conditions de vie, ne serait-ce que pour une ann\u00e9e. Nous insistons \u00e9galement sur l\u2019impact que cela peut avoir sur leurs voisins et les membres de leur famille.\u00a0\u00bb<\/em><\/p>\n<p>Et cela fonctionne. Gr\u00e2ce au syst\u00e8me de poubelles bleues et vertes, <em>\u00ab\u00a0les r\u00e9sidents participent d\u00e9sormais activement \u00e0 cette approche unique en effectuant un premier tri des d\u00e9chets avant qu\u2019ils ne soient achemin\u00e9s au Green Centre, ce qui r\u00e9duit consid\u00e9rablement la charge de travail r\u00e9sultant de la collecte de d\u00e9chets non tri\u00e9s\u00a0\u00bb<\/em>, ajoute-t-elle.<\/p>\n<p>\u00a0<\/p>\n<\/div>\n<div class=\"node_view\"><\/div>\n<\/p><\/div>\n<div data-quickedit-entity-id=\"paragraph\/2051\" class=\"paragraph paragraph--type--image-block paragraph--view-mode--default\">\n<div data-quickedit-field-id=\"paragraph\/2051\/field_para_image\/fr\/default\" class=\"node__media node__media--carousel node__media--right\">\n<div class=\"node__media-container\">\n              <img decoding=\"async\" data-src=\"https:\/\/eumedbridge.eu\/wp-content\/uploads\/2022\/08\/DSC_1571.jpg\" width=\"800\" height=\"450\" alt=\"Le Green Centre au Camp de r\u00e9fugi\u00e9s Azraq \u00a9World Vision\" typeof=\"foaf:Image\" class=\"img-responsive lazyload\" src=\"data:image\/svg+xml;base64,PHN2ZyB3aWR0aD0iMSIgaGVpZ2h0PSIxIiB4bWxucz0iaHR0cDovL3d3dy53My5vcmcvMjAwMC9zdmciPjwvc3ZnPg==\" style=\"--smush-placeholder-width: 800px; --smush-placeholder-aspect-ratio: 800\/450;\" \/><\/p>\n<div class=\"media__overlay\">\n<div class=\"row middle-xs\">\n<div class=\"col-xs-12 col-sm-10\">\n<div class=\"media__title\">Le Green Centre au Camp de r\u00e9fugi\u00e9s Azraq \u00a9World Vision<\/div>\n<\/p><\/div>\n<div class=\"col-xs-12 col-sm-2\">\n<div class=\"media__share text-right\">\n                <a href=\"https:\/\/euneighbours.eu\/sites\/default\/files\/2020-06\/DSC_1571.jpg\" title=\"Le Green Centre au Camp de r\u00e9fugi\u00e9s Azraq \u00a9World Vision\" data-colorbox-gallery=\"gallery-image_block-2051-GK_Ag-rU3e0\" class=\"colorbox media__fullscreen\" data-cbox-img-attrs=\"{\"alt\":\"Le Green Centre au Camp de r\u00e9fugi\u00e9s Azraq \u00a9World Vision\"}\"><br \/>\n          <i class=\"icon icon--fullscreen color--global-hover\"><\/i><br \/>\n        <\/a>\n      <\/div>\n<\/p><\/div>\n<\/p><\/div>\n<\/div><\/div>\n<\/p><\/div>\n<div data-quickedit-field-id=\"paragraph\/2051\/field_para_body\/fr\/default\" class=\"node__text\">\n<p><strong>Le Green Centre\u00a0: une installation respectueuse des standards internationaux de l\u2019environnement\u00a0<\/strong><\/p>\n<p>Pi\u00e8ce ma\u00eetresse du Programme de gestion des d\u00e9chets solides, le Green Centre est une installation de pointe d\u00e9di\u00e9e au tri et au recyclage des d\u00e9chets collect\u00e9s dans le camp de r\u00e9fugi\u00e9s qui s\u2019\u00e9tend sur 14,7\u00a0km2. Depuis sa construction en\u00a02017, le centre a pu traiter environ 17\u00a0tonnes de d\u00e9chets par jour et jusqu\u2019\u00e0 500\u00a0tonnes par mois.\u00a0Ces \u00e9normes volumes de d\u00e9chets secs et humides sont tri\u00e9s et trait\u00e9s par 56\u00a0volontaires syriens, qui ont suivi une formation sp\u00e9cialis\u00e9e et b\u00e9n\u00e9fici\u00e9 d\u2019un soutien de la part des 22\u00a0membres de l\u2019\u00e9quipe charg\u00e9e du suivi du projet.<\/p>\n<p>Sur les 500\u00a0tonnes de d\u00e9chets collect\u00e9s mensuellement, jusqu\u2019\u00e0 40\u00a0tonnes sont r\u00e9cup\u00e9r\u00e9es et vendues \u00e0 des acheteurs locaux, g\u00e9n\u00e9rant ainsi plus de 3\u00a0000\u00a0dinars jordaniens (pr\u00e8s de 4\u00a0000\u00a0euros) par mois. Ces revenus permettent de couvrir les co\u00fbts d\u2019exploitation du centre, ainsi que les frais pour l\u2019envoi des d\u00e9chets non recyclables \u00e0 la d\u00e9charge situ\u00e9e \u00e0 proximit\u00e9. Or, avec le cercle vertueux d\u00e9clench\u00e9 par la mise en \u0153uvre de la campagne destin\u00e9e \u00e0 changer les comportements et le tri des d\u00e9chets qui en a d\u00e9coul\u00e9, m\u00eame les frais r\u00e9gl\u00e9s \u00e0 la d\u00e9charge ont baiss\u00e9, le volume de d\u00e9chets solides qui y sont envoy\u00e9s ayant \u00e9t\u00e9 r\u00e9duit \u00e0 514\u00a0tonnes par mois.<\/p>\n<p>Sur l\u2019ensemble des d\u00e9chets collect\u00e9s, la proportion de mat\u00e9riaux recycl\u00e9s est exceptionnellement \u00e9lev\u00e9e pour un camp de r\u00e9fugi\u00e9s, jusqu\u2019\u00e0 14\u00a0% de mat\u00e9riaux secs \u00e9tant recycl\u00e9s chaque mois.<em> <\/em><em>\u00ab\u00a0Un chiffre l\u00e9g\u00e8rement inf\u00e9rieur \u00e0 la moyenne mondiale qui s\u2019explique par le fait que les r\u00e9sidents du camp r\u00e9utilisent d\u00e9j\u00e0 les bo\u00eetes m\u00e9talliques et autres mat\u00e9riaux pour leurs besoins quotidiens\u00a0\u00bb<\/em>, souligne Hasmik. Et si tout cela n\u2019est pas assez impressionnant\u00a0: les bureaux du Green Centre dans le camp fonctionnent exclusivement \u00e0 l\u2019\u00e9nergie photovolta\u00efque\u00a0!<\/p>\n<\/div>\n<div class=\"node_view\"><\/div>\n<\/p><\/div>\n<div data-quickedit-entity-id=\"paragraph\/2052\" class=\"paragraph paragraph--type--image-block paragraph--view-mode--default\">\n<div data-quickedit-field-id=\"paragraph\/2052\/field_para_image\/fr\/default\" class=\"node__media node__media--carousel node__media--right\">\n<div class=\"node__media-container\">\n              <img decoding=\"async\" data-src=\"https:\/\/eumedbridge.eu\/wp-content\/uploads\/2022\/08\/Photos-and-Captions-for-World-Environment-Release-1_rev-jvn_0.jpg\" width=\"800\" height=\"450\" alt=\"Le Green Centre au Camp de r\u00e9fugi\u00e9s Azraq \u00a9World Vision\" typeof=\"foaf:Image\" class=\"img-responsive lazyload\" src=\"data:image\/svg+xml;base64,PHN2ZyB3aWR0aD0iMSIgaGVpZ2h0PSIxIiB4bWxucz0iaHR0cDovL3d3dy53My5vcmcvMjAwMC9zdmciPjwvc3ZnPg==\" style=\"--smush-placeholder-width: 800px; --smush-placeholder-aspect-ratio: 800\/450;\" \/><\/p>\n<div class=\"media__overlay\">\n<div class=\"row middle-xs\">\n<div class=\"col-xs-12 col-sm-10\">\n<div class=\"media__title\">Le Green Centre au Camp de r\u00e9fugi\u00e9s Azraq \u00a9World Vision<\/div>\n<\/p><\/div>\n<div class=\"col-xs-12 col-sm-2\">\n<div class=\"media__share text-right\">\n                <a href=\"https:\/\/euneighbours.eu\/sites\/default\/files\/2020-06\/Photos%20and%20Captions%20for%20World%20Environment%20Release%20%281%29_rev-jvn_0.jpg\" title=\"Le Green Centre au Camp de r\u00e9fugi\u00e9s Azraq \u00a9World Vision\" data-colorbox-gallery=\"gallery-image_block-2052-GK_Ag-rU3e0\" class=\"colorbox media__fullscreen\" data-cbox-img-attrs=\"{\"alt\":\"Le Green Centre au Camp de r\u00e9fugi\u00e9s Azraq \u00a9World Vision\"}\"><br \/>\n          <i class=\"icon icon--fullscreen color--global-hover\"><\/i><br \/>\n        <\/a>\n      <\/div>\n<\/p><\/div>\n<\/p><\/div>\n<\/div><\/div>\n<\/p><\/div>\n<div data-quickedit-field-id=\"paragraph\/2052\/field_para_body\/fr\/default\" class=\"node__text\">\n<p><strong>Transformer les d\u00e9chets en opportunit\u00e9s multiples<\/strong><\/p>\n<p>Si la perspective de collecter et de manipuler des ordures pour gagner sa vie est g\u00e9n\u00e9ralement associ\u00e9e \u00e0 des connotations n\u00e9gatives, le projet de gestion des d\u00e9chets solides a redonn\u00e9 de la noblesse \u00e0 cette activit\u00e9. Dans le camp d\u2019Azraq, les d\u00e9chets sont d\u00e9sormais per\u00e7us comme une source de changement positif et d\u2019opportunit\u00e9s en termes de stabilit\u00e9 \u00e9conomique, d\u2019int\u00e9gration sociale, d\u2019am\u00e9lioration de la sant\u00e9 mentale et de changement environnemental.\u00a0Au d\u00e9but, plus de 200\u00a0r\u00e9fugi\u00e9s syriens ont b\u00e9n\u00e9fici\u00e9 des opportunit\u00e9s de travail contre une r\u00e9mun\u00e9ration gr\u00e2ce \u00e0 une rotation bimensuelle des postes de volontaires. Les chauffeurs de camion, les \u00e9boueurs, les agents de mobilisation communautaire et les trieurs font tous l\u2019\u00e9loge du programme, qu\u2019ils consid\u00e8rent comme \u00ab\u00a0une opportunit\u00e9 qui a chang\u00e9 leur vie\u00a0\u00bb.<\/p>\n<p><em>\u00ab\u00a0En tant que chef de famille, je sentais que je n\u2019offrais pas grand-chose \u00e0 mes enfants\u00a0\u00bb<\/em>, se souvient Mahmoud.<em> \u00ab\u00a0Je suis rest\u00e9 sans emploi pendant un an et demi et nous d\u00e9pendions des subventions pour recevoir de l\u2019aide.\u00a0\u00bb <\/em>Depuis qu\u2019il a commenc\u00e9 \u00e0 travailler en tant qu\u2019agent de mobilisation communautaire, Mahmoud a r\u00e9ussi \u00e0 rembourser les dettes qu\u2019il avait contract\u00e9es dans le camp, tout en s\u2019occupant des choses de la vie qu\u2019il menait en Syrie et qui lui manque.<\/p>\n<\/div>\n<div class=\"node_view\"><\/div>\n<\/p><\/div>\n<div data-quickedit-entity-id=\"paragraph\/2053\" class=\"paragraph paragraph--type--image-block paragraph--view-mode--default\">\n<div data-quickedit-field-id=\"paragraph\/2053\/field_para_image\/fr\/default\" class=\"node__media node__media--carousel node__media--right\">\n<div class=\"node__media-container\">\n              <img decoding=\"async\" data-src=\"https:\/\/eumedbridge.eu\/wp-content\/uploads\/2022\/08\/DSC_1520.jpg\" width=\"800\" height=\"450\" alt=\"Le Green Centre au Camp de r\u00e9fugi\u00e9s Azraq \u00a9World Vision\" typeof=\"foaf:Image\" class=\"img-responsive lazyload\" src=\"data:image\/svg+xml;base64,PHN2ZyB3aWR0aD0iMSIgaGVpZ2h0PSIxIiB4bWxucz0iaHR0cDovL3d3dy53My5vcmcvMjAwMC9zdmciPjwvc3ZnPg==\" style=\"--smush-placeholder-width: 800px; --smush-placeholder-aspect-ratio: 800\/450;\" \/><\/p>\n<div class=\"media__overlay\">\n<div class=\"row middle-xs\">\n<div class=\"col-xs-12 col-sm-10\">\n<div class=\"media__title\">Le Green Centre au Camp de r\u00e9fugi\u00e9s Azraq \u00a9World Vision<\/div>\n<\/p><\/div>\n<div class=\"col-xs-12 col-sm-2\">\n<div class=\"media__share text-right\">\n                <a href=\"https:\/\/euneighbours.eu\/sites\/default\/files\/2020-06\/DSC_1520.jpg\" title=\"Le Green Centre au Camp de r\u00e9fugi\u00e9s Azraq \u00a9World Vision\" data-colorbox-gallery=\"gallery-image_block-2053-GK_Ag-rU3e0\" class=\"colorbox media__fullscreen\" data-cbox-img-attrs=\"{\"alt\":\"Le Green Centre au Camp de r\u00e9fugi\u00e9s Azraq \u00a9World Vision\"}\"><br \/>\n          <i class=\"icon icon--fullscreen color--global-hover\"><\/i><br \/>\n        <\/a>\n      <\/div>\n<\/p><\/div>\n<\/p><\/div>\n<\/div><\/div>\n<\/p><\/div>\n<div data-quickedit-field-id=\"paragraph\/2053\/field_para_body\/fr\/default\" class=\"node__text\">\n<p><strong>R\u00eaver de nouveau<\/strong><\/p>\n<p>Zaheedeh, plus connue sous le nom d&rsquo;Oum Ghazi, fait \u00e9galement l&rsquo;\u00e9loge de l&rsquo;impact du projet SWM. Cette m\u00e8re de trois enfants a travaill\u00e9 avec l&rsquo;\u00e9quipe, pr\u00e9par\u00e9 du caf\u00e9 et du th\u00e9 et nettoy\u00e9 les installations. \u00ab Gr\u00e2ce \u00e0 ce projet, j&rsquo;ai per\u00e7u un revenu et j&rsquo;ai pu subvenir \u00e0 tous les besoins de mes enfants \u00bb, raconte-t-elle. \u00ab J&rsquo;ai enfin eu la possibilit\u00e9 de prendre soin de ma maison et de nourrir ma famille.\u00bb<\/p>\n<p>Pour Oum Ghazi, faire face \u00e0 la pand\u00e9mie COVID n&rsquo;a pourtant pas \u00e9t\u00e9 facile. Son mari a \u00e9t\u00e9 enferm\u00e9 \u00e0 l&rsquo;ext\u00e9rieur du camp et n&rsquo;a pas pu rejoindre sa famille. Zaheedeh a donc utilis\u00e9 ses revenus pour subvenir aux besoins de ses enfants, y compris ceux de sa fille, mari\u00e9e et m\u00e8re de 4 enfants. \u00abJ&rsquo;esp\u00e8re que le projet va se poursuivre, se d\u00e9velopper et offrir plus de possibilit\u00e9s de travail!\u00bb<\/p>\n<p>Hussein, 45 ans, qui travaille au centre en tant que trieur, \u00e9prouve des sentiments similaires. \u00ab Mon travail en tant que volontaire me permet d\u2019acheter plus de nourriture pour ma famille. Mais, surtout, il me donne le sentiment d\u2019avoir un but. \u00bb Ce regain d\u2019optimisme et cette nouvelle source de revenu n\u2019ont pas concern\u00e9 uniquement les b\u00e9n\u00e9ficiaires directs du programme, des r\u00e9percussions ayant \u00e9t\u00e9 constat\u00e9es dans toutes les cat\u00e9gories de personnes vivant dans le camp.\u00ab J\u2019ai vu de grands changements s\u2019op\u00e9rer progressivement gr\u00e2ce \u00e0 cette excellente initiative \u00bb, explique Khalid. \u00ab Les gens sont davantage sensibilis\u00e9s et ont commenc\u00e9 \u00e0 trier leurs ordures. Pour moi, il est \u00e9vident que les comportements ont \u00e9volu\u00e9. Cela aura sans aucun doute des r\u00e9percussions \u00e0 l\u2019avenir et dans ma vie, celle de mes cinq enfants et de tout le monde. \u00bb Oum Ghazi approuve ces dires\u00a0et affirme ressentir\u00a0\u00abun changement consid\u00e9rable \u00e0 l&rsquo;int\u00e9rieur du camp\u00bb. \u00abJe ne vois pas d\u2019insectes. Le\u00a0camp est bien meilleur et plus propre\u00a0et les enfants ont cess\u00e9 de jouer avec les ordures parce qu\u2019elles n\u2019y sont plus.\u00bb<\/p>\n<p>Mahmoud partage cette opinion, ajoutant m\u00eame : \u00ab J\u2019ai constat\u00e9 un \u00e9norme changement dans le camp. Il est plus propre, l\u2019environnement est plus agr\u00e9able et on s\u2019y sent mieux, les gens ne m\u00e9langent plus tous les types de d\u00e9chets et ils ont pris conscience de la mani\u00e8re de g\u00e9rer correctement les d\u00e9chets. \u00bb \u00ab Ce projet est un franc succ\u00e8s \u00bb, poursuit-il en faisant part d\u2019un de ses r\u00eaves r\u00e9cents : \u00ab Je pense qu\u2019il aura beaucoup d\u2019impact dans ma vie car je songe \u00e0 sugg\u00e9rer l\u2019id\u00e9e d\u2019une gestion appropri\u00e9e des d\u00e9chets dans la r\u00e9gion o\u00f9 je retournerai. \u00bb<\/p>\n<\/div>\n<div class=\"node_view\"><\/div>\n<\/p><\/div>\n<div data-quickedit-entity-id=\"paragraph\/2054\" class=\"paragraph paragraph--type--image-block paragraph--view-mode--default\">\n<div data-quickedit-field-id=\"paragraph\/2054\/field_para_image\/fr\/default\" class=\"node__media node__media--carousel node__media--right\">\n<div class=\"node__media-container\">\n              <img decoding=\"async\" data-src=\"https:\/\/eumedbridge.eu\/wp-content\/uploads\/2022\/08\/DSC_1472.jpg\" width=\"800\" height=\"450\" alt=\"Le Green Centre au Camp de r\u00e9fugi\u00e9s Azraq \u00a9World Vision\" typeof=\"foaf:Image\" class=\"img-responsive lazyload\" src=\"data:image\/svg+xml;base64,PHN2ZyB3aWR0aD0iMSIgaGVpZ2h0PSIxIiB4bWxucz0iaHR0cDovL3d3dy53My5vcmcvMjAwMC9zdmciPjwvc3ZnPg==\" style=\"--smush-placeholder-width: 800px; --smush-placeholder-aspect-ratio: 800\/450;\" \/><\/p>\n<div class=\"media__overlay\">\n<div class=\"row middle-xs\">\n<div class=\"col-xs-12 col-sm-10\">\n<div class=\"media__title\">Le Green Centre au Camp de r\u00e9fugi\u00e9s Azraq \u00a9World Vision<\/div>\n<\/p><\/div>\n<div class=\"col-xs-12 col-sm-2\">\n<div class=\"media__share text-right\">\n                <a href=\"https:\/\/euneighbours.eu\/sites\/default\/files\/2020-06\/DSC_1472.jpg\" title=\"Le Green Centre au Camp de r\u00e9fugi\u00e9s Azraq \u00a9World Vision\" data-colorbox-gallery=\"gallery-image_block-2054-GK_Ag-rU3e0\" class=\"colorbox media__fullscreen\" data-cbox-img-attrs=\"{\"alt\":\"Le Green Centre au Camp de r\u00e9fugi\u00e9s Azraq \u00a9World Vision\"}\"><br \/>\n          <i class=\"icon icon--fullscreen color--global-hover\"><\/i><br \/>\n        <\/a>\n      <\/div>\n<\/p><\/div>\n<\/p><\/div>\n<\/div><\/div>\n<\/p><\/div>\n<div data-quickedit-field-id=\"paragraph\/2054\/field_para_body\/fr\/default\" class=\"node__text\">\n<p><strong>Une initiative de l&rsquo;Union europ\u00e9enne<\/strong><\/p>\n<p>Le Programme de gestion \u00e9coresponsable des d\u00e9chets solides a \u00e9t\u00e9 financ\u00e9 par l\u2019Union europ\u00e9enne, par le biais du Fonds Madad, et par le minist\u00e8re f\u00e9d\u00e9ral allemand de la Coop\u00e9ration \u00e9conomique et du D\u00e9veloppement (BMZ). Il a \u00e9t\u00e9 mis en \u0153uvre par World Vision en partenariat avec l\u2019agence allemande de coop\u00e9ration au d\u00e9veloppement (GIZ).<\/p>\n<p>La deuxi\u00e8me phase du projet, qui a d\u00e9but\u00e9 en janvier\u00a02020 pour une dur\u00e9e de 35\u00a0mois, a re\u00e7u un financement global de 5,6\u00a0millions d\u2019euros.<\/p>\n<p>Le Fonds r\u00e9gional d\u2019affectation sp\u00e9ciale de l\u2019UE en r\u00e9ponse \u00e0 la crise syrienne (Fonds \u00ab\u00a0Madad\u00a0\u00bb) a \u00e9t\u00e9 cr\u00e9\u00e9 en d\u00e9cembre\u00a02014 en tant qu\u2019instrument destin\u00e9 \u00e0 apporter une aide de l\u2019UE aux r\u00e9fugi\u00e9s syriens et aux pays voisins de la Syrie. Il r\u00e9pond aux besoins \u00e9ducatifs, \u00e9conomiques et sociaux des r\u00e9fugi\u00e9s syriens tout en soutenant les communaut\u00e9s locales et leurs administrations mises \u00e0 rude \u00e9preuve.<\/p>\n<\/div>\n<div class=\"node_view\"><\/div>\n<\/p><\/div>\n","protected":false},"featured_media":173889,"parent":0,"template":"","story_category":[],"country":[2124,2029],"special_action":[],"custom_tag":[2312,2315,1884,1970,1890],"class_list":["post-204029","story","type-story","status-publish","has-post-thumbnail","hentry","country-jordanie","country-syrie","custom_tag-developpement-durable","custom_tag-emploi-et-entrpreuneuriat","custom_tag-environnement-et-changement-climatique","custom_tag-jeunesse","custom_tag-sante"],"acf":[],"yoast_head":"<!-- This site is optimized with the Yoast SEO plugin v26.5 - https:\/\/yoast.com\/wordpress\/plugins\/seo\/ -->\n<title>Le Green Centre au Camp de r\u00e9fugi\u00e9s Azraq: Des r\u00e9fugi\u00e9s syriens nettoient les rues pour un avenir meilleur - Voisins de l&#039;UE<\/title>\n<meta name=\"robots\" content=\"index, follow, max-snippet:-1, max-image-preview:large, max-video-preview:-1\" \/>\n<link rel=\"canonical\" href=\"https:\/\/www.eumedbridge.eu\/fr\/story\/le-green-centre-au-camp-de-refugies-azraq-des-refugies-syriens-nettoient\/\" \/>\n<meta property=\"og:locale\" content=\"fr_FR\" \/>\n<meta property=\"og:type\" content=\"article\" \/>\n<meta property=\"og:title\" content=\"Le Green Centre au Camp de r\u00e9fugi\u00e9s Azraq: Des r\u00e9fugi\u00e9s syriens nettoient les rues pour un avenir meilleur - Voisins de l&#039;UE\" \/>\n<meta property=\"og:description\" content=\"Au beau milieu du d\u00e9sert jordanien, un camp accueillant pr\u00e8s de 37\u00a0000\u00a0r\u00e9fugi\u00e9s syriens a r\u00e9ussi \u00e0 s\u2019imposer comme un mod\u00e8le de gestion des d\u00e9chets respectueuse de l\u2019environnement. Gr\u00e2ce au Programme de gestion \u00e9coresponsable des d\u00e9chets solides, financ\u00e9 par l\u2019UE, le camp d\u2019Azraq a mis en \u0153uvre une approche unique en mati\u00e8re de recyclage et de [&hellip;]\" \/>\n<meta property=\"og:url\" content=\"https:\/\/www.eumedbridge.eu\/fr\/story\/le-green-centre-au-camp-de-refugies-azraq-des-refugies-syriens-nettoient\/\" \/>\n<meta property=\"og:site_name\" content=\"Voisins de l&#039;UE\" \/>\n<meta property=\"article:publisher\" content=\"https:\/\/www.facebook.com\/eumedbridge\/\" \/>\n<meta property=\"article:modified_time\" content=\"2022-08-17T13:28:59+00:00\" \/>\n<meta property=\"og:image\" content=\"https:\/\/www.eumedbridge.eu\/wp-content\/uploads\/2022\/05\/DSC_1460-scaled.jpg\" \/>\n\t<meta property=\"og:image:width\" content=\"2560\" \/>\n\t<meta property=\"og:image:height\" content=\"1703\" \/>\n\t<meta property=\"og:image:type\" content=\"image\/jpeg\" \/>\n<meta name=\"twitter:card\" content=\"summary_large_image\" \/>\n<meta name=\"twitter:site\" content=\"@eumedbridge\" \/>\n<meta name=\"twitter:label1\" content=\"Dur\u00e9e de lecture estim\u00e9e\" \/>\n\t<meta name=\"twitter:data1\" content=\"12 minutes\" \/>\n<script type=\"application\/ld+json\" class=\"yoast-schema-graph\">{\"@context\":\"https:\/\/schema.org\",\"@graph\":[{\"@type\":\"WebPage\",\"@id\":\"https:\/\/www.eumedbridge.eu\/fr\/story\/le-green-centre-au-camp-de-refugies-azraq-des-refugies-syriens-nettoient\/\",\"url\":\"https:\/\/www.eumedbridge.eu\/fr\/story\/le-green-centre-au-camp-de-refugies-azraq-des-refugies-syriens-nettoient\/\",\"name\":\"Le Green Centre au Camp de r\u00e9fugi\u00e9s Azraq: Des r\u00e9fugi\u00e9s syriens nettoient les rues pour un avenir meilleur - Voisins de l'UE\",\"isPartOf\":{\"@id\":\"https:\/\/www.eumedbridge.eu\/#website\"},\"primaryImageOfPage\":{\"@id\":\"https:\/\/www.eumedbridge.eu\/fr\/story\/le-green-centre-au-camp-de-refugies-azraq-des-refugies-syriens-nettoient\/#primaryimage\"},\"image\":{\"@id\":\"https:\/\/www.eumedbridge.eu\/fr\/story\/le-green-centre-au-camp-de-refugies-azraq-des-refugies-syriens-nettoient\/#primaryimage\"},\"thumbnailUrl\":\"https:\/\/www.eumedbridge.eu\/wp-content\/uploads\/2022\/05\/DSC_1460-scaled.jpg\",\"datePublished\":\"2020-06-23T21:00:00+00:00\",\"dateModified\":\"2022-08-17T13:28:59+00:00\",\"breadcrumb\":{\"@id\":\"https:\/\/www.eumedbridge.eu\/fr\/story\/le-green-centre-au-camp-de-refugies-azraq-des-refugies-syriens-nettoient\/#breadcrumb\"},\"inLanguage\":\"fr-FR\",\"potentialAction\":[{\"@type\":\"ReadAction\",\"target\":[\"https:\/\/www.eumedbridge.eu\/fr\/story\/le-green-centre-au-camp-de-refugies-azraq-des-refugies-syriens-nettoient\/\"]}]},{\"@type\":\"ImageObject\",\"inLanguage\":\"fr-FR\",\"@id\":\"https:\/\/www.eumedbridge.eu\/fr\/story\/le-green-centre-au-camp-de-refugies-azraq-des-refugies-syriens-nettoient\/#primaryimage\",\"url\":\"https:\/\/www.eumedbridge.eu\/wp-content\/uploads\/2022\/05\/DSC_1460-scaled.jpg\",\"contentUrl\":\"https:\/\/www.eumedbridge.eu\/wp-content\/uploads\/2022\/05\/DSC_1460-scaled.jpg\",\"width\":2560,\"height\":1703},{\"@type\":\"BreadcrumbList\",\"@id\":\"https:\/\/www.eumedbridge.eu\/fr\/story\/le-green-centre-au-camp-de-refugies-azraq-des-refugies-syriens-nettoient\/#breadcrumb\",\"itemListElement\":[{\"@type\":\"ListItem\",\"position\":1,\"name\":\"Home\",\"item\":\"https:\/\/www.eumedbridge.eu\/fr\/home-page\/\"},{\"@type\":\"ListItem\",\"position\":2,\"name\":\"Histoires\",\"item\":\"https:\/\/www.eumedbridge.eu\/fr\/story\/\"},{\"@type\":\"ListItem\",\"position\":3,\"name\":\"Le Green Centre au Camp de r\u00e9fugi\u00e9s Azraq: Des r\u00e9fugi\u00e9s syriens nettoient les rues pour un avenir meilleur\"}]},{\"@type\":\"WebSite\",\"@id\":\"https:\/\/www.eumedbridge.eu\/#website\",\"url\":\"https:\/\/www.eumedbridge.eu\/\",\"name\":\"EU Medbridge\",\"description\":\"\",\"publisher\":{\"@id\":\"https:\/\/www.eumedbridge.eu\/#organization\"},\"potentialAction\":[{\"@type\":\"SearchAction\",\"target\":{\"@type\":\"EntryPoint\",\"urlTemplate\":\"https:\/\/www.eumedbridge.eu\/?s={search_term_string}\"},\"query-input\":{\"@type\":\"PropertyValueSpecification\",\"valueRequired\":true,\"valueName\":\"search_term_string\"}}],\"inLanguage\":\"fr-FR\"},{\"@type\":\"Organization\",\"@id\":\"https:\/\/www.eumedbridge.eu\/#organization\",\"name\":\"EU Medbridge\",\"url\":\"https:\/\/www.eumedbridge.eu\/\",\"logo\":{\"@type\":\"ImageObject\",\"inLanguage\":\"fr-FR\",\"@id\":\"https:\/\/www.eumedbridge.eu\/#\/schema\/logo\/image\/\",\"url\":\"https:\/\/www.eumedbridge.eu\/wp-content\/uploads\/2021\/12\/Logo.png\",\"contentUrl\":\"https:\/\/www.eumedbridge.eu\/wp-content\/uploads\/2021\/12\/Logo.png\",\"width\":325,\"height\":114,\"caption\":\"EU Medbridge\"},\"image\":{\"@id\":\"https:\/\/www.eumedbridge.eu\/#\/schema\/logo\/image\/\"},\"sameAs\":[\"https:\/\/www.facebook.com\/eumedbridge\/\",\"https:\/\/x.com\/eumedbridge\",\"https:\/\/www.linkedin.com\/company\/eumedbridge\",\"https:\/\/www.youtube.com\/@eumedbridge\",\"https:\/\/www.instagram.com\/eumedbridge\",\"https:\/\/www.flickr.com\/photos\/euneighbours-south\/\"]}]}<\/script>\n<!-- \/ Yoast SEO plugin. -->","yoast_head_json":{"title":"Le Green Centre au Camp de r\u00e9fugi\u00e9s Azraq: Des r\u00e9fugi\u00e9s syriens nettoient les rues pour un avenir meilleur - Voisins de l'UE","robots":{"index":"index","follow":"follow","max-snippet":"max-snippet:-1","max-image-preview":"max-image-preview:large","max-video-preview":"max-video-preview:-1"},"canonical":"https:\/\/www.eumedbridge.eu\/fr\/story\/le-green-centre-au-camp-de-refugies-azraq-des-refugies-syriens-nettoient\/","og_locale":"fr_FR","og_type":"article","og_title":"Le Green Centre au Camp de r\u00e9fugi\u00e9s Azraq: Des r\u00e9fugi\u00e9s syriens nettoient les rues pour un avenir meilleur - Voisins de l'UE","og_description":"Au beau milieu du d\u00e9sert jordanien, un camp accueillant pr\u00e8s de 37\u00a0000\u00a0r\u00e9fugi\u00e9s syriens a r\u00e9ussi \u00e0 s\u2019imposer comme un mod\u00e8le de gestion des d\u00e9chets respectueuse de l\u2019environnement. Gr\u00e2ce au Programme de gestion \u00e9coresponsable des d\u00e9chets solides, financ\u00e9 par l\u2019UE, le camp d\u2019Azraq a mis en \u0153uvre une approche unique en mati\u00e8re de recyclage et de [&hellip;]","og_url":"https:\/\/www.eumedbridge.eu\/fr\/story\/le-green-centre-au-camp-de-refugies-azraq-des-refugies-syriens-nettoient\/","og_site_name":"Voisins de l'UE","article_publisher":"https:\/\/www.facebook.com\/eumedbridge\/","article_modified_time":"2022-08-17T13:28:59+00:00","og_image":[{"width":2560,"height":1703,"url":"https:\/\/www.eumedbridge.eu\/wp-content\/uploads\/2022\/05\/DSC_1460-scaled.jpg","type":"image\/jpeg"}],"twitter_card":"summary_large_image","twitter_site":"@eumedbridge","twitter_misc":{"Dur\u00e9e de lecture estim\u00e9e":"12 minutes"},"schema":{"@context":"https:\/\/schema.org","@graph":[{"@type":"WebPage","@id":"https:\/\/www.eumedbridge.eu\/fr\/story\/le-green-centre-au-camp-de-refugies-azraq-des-refugies-syriens-nettoient\/","url":"https:\/\/www.eumedbridge.eu\/fr\/story\/le-green-centre-au-camp-de-refugies-azraq-des-refugies-syriens-nettoient\/","name":"Le Green Centre au Camp de r\u00e9fugi\u00e9s Azraq: Des r\u00e9fugi\u00e9s syriens nettoient les rues pour un avenir meilleur - Voisins de l'UE","isPartOf":{"@id":"https:\/\/www.eumedbridge.eu\/#website"},"primaryImageOfPage":{"@id":"https:\/\/www.eumedbridge.eu\/fr\/story\/le-green-centre-au-camp-de-refugies-azraq-des-refugies-syriens-nettoient\/#primaryimage"},"image":{"@id":"https:\/\/www.eumedbridge.eu\/fr\/story\/le-green-centre-au-camp-de-refugies-azraq-des-refugies-syriens-nettoient\/#primaryimage"},"thumbnailUrl":"https:\/\/www.eumedbridge.eu\/wp-content\/uploads\/2022\/05\/DSC_1460-scaled.jpg","datePublished":"2020-06-23T21:00:00+00:00","dateModified":"2022-08-17T13:28:59+00:00","breadcrumb":{"@id":"https:\/\/www.eumedbridge.eu\/fr\/story\/le-green-centre-au-camp-de-refugies-azraq-des-refugies-syriens-nettoient\/#breadcrumb"},"inLanguage":"fr-FR","potentialAction":[{"@type":"ReadAction","target":["https:\/\/www.eumedbridge.eu\/fr\/story\/le-green-centre-au-camp-de-refugies-azraq-des-refugies-syriens-nettoient\/"]}]},{"@type":"ImageObject","inLanguage":"fr-FR","@id":"https:\/\/www.eumedbridge.eu\/fr\/story\/le-green-centre-au-camp-de-refugies-azraq-des-refugies-syriens-nettoient\/#primaryimage","url":"https:\/\/www.eumedbridge.eu\/wp-content\/uploads\/2022\/05\/DSC_1460-scaled.jpg","contentUrl":"https:\/\/www.eumedbridge.eu\/wp-content\/uploads\/2022\/05\/DSC_1460-scaled.jpg","width":2560,"height":1703},{"@type":"BreadcrumbList","@id":"https:\/\/www.eumedbridge.eu\/fr\/story\/le-green-centre-au-camp-de-refugies-azraq-des-refugies-syriens-nettoient\/#breadcrumb","itemListElement":[{"@type":"ListItem","position":1,"name":"Home","item":"https:\/\/www.eumedbridge.eu\/fr\/home-page\/"},{"@type":"ListItem","position":2,"name":"Histoires","item":"https:\/\/www.eumedbridge.eu\/fr\/story\/"},{"@type":"ListItem","position":3,"name":"Le Green Centre au Camp de r\u00e9fugi\u00e9s Azraq: Des r\u00e9fugi\u00e9s syriens nettoient les rues pour un avenir meilleur"}]},{"@type":"WebSite","@id":"https:\/\/www.eumedbridge.eu\/#website","url":"https:\/\/www.eumedbridge.eu\/","name":"EU Medbridge","description":"","publisher":{"@id":"https:\/\/www.eumedbridge.eu\/#organization"},"potentialAction":[{"@type":"SearchAction","target":{"@type":"EntryPoint","urlTemplate":"https:\/\/www.eumedbridge.eu\/?s={search_term_string}"},"query-input":{"@type":"PropertyValueSpecification","valueRequired":true,"valueName":"search_term_string"}}],"inLanguage":"fr-FR"},{"@type":"Organization","@id":"https:\/\/www.eumedbridge.eu\/#organization","name":"EU Medbridge","url":"https:\/\/www.eumedbridge.eu\/","logo":{"@type":"ImageObject","inLanguage":"fr-FR","@id":"https:\/\/www.eumedbridge.eu\/#\/schema\/logo\/image\/","url":"https:\/\/www.eumedbridge.eu\/wp-content\/uploads\/2021\/12\/Logo.png","contentUrl":"https:\/\/www.eumedbridge.eu\/wp-content\/uploads\/2021\/12\/Logo.png","width":325,"height":114,"caption":"EU Medbridge"},"image":{"@id":"https:\/\/www.eumedbridge.eu\/#\/schema\/logo\/image\/"},"sameAs":["https:\/\/www.facebook.com\/eumedbridge\/","https:\/\/x.com\/eumedbridge","https:\/\/www.linkedin.com\/company\/eumedbridge","https:\/\/www.youtube.com\/@eumedbridge","https:\/\/www.instagram.com\/eumedbridge","https:\/\/www.flickr.com\/photos\/euneighbours-south\/"]}]}},"_links":{"self":[{"href":"https:\/\/www.eumedbridge.eu\/fr\/wp-json\/wp\/v2\/story\/204029","targetHints":{"allow":["GET"]}}],"collection":[{"href":"https:\/\/www.eumedbridge.eu\/fr\/wp-json\/wp\/v2\/story"}],"about":[{"href":"https:\/\/www.eumedbridge.eu\/fr\/wp-json\/wp\/v2\/types\/story"}],"wp:featuredmedia":[{"embeddable":true,"href":"https:\/\/www.eumedbridge.eu\/fr\/wp-json\/wp\/v2\/media\/173889"}],"wp:attachment":[{"href":"https:\/\/www.eumedbridge.eu\/fr\/wp-json\/wp\/v2\/media?parent=204029"}],"wp:term":[{"taxonomy":"story_category","embeddable":true,"href":"https:\/\/www.eumedbridge.eu\/fr\/wp-json\/wp\/v2\/story_category?post=204029"},{"taxonomy":"country","embeddable":true,"href":"https:\/\/www.eumedbridge.eu\/fr\/wp-json\/wp\/v2\/country?post=204029"},{"taxonomy":"special_action","embeddable":true,"href":"https:\/\/www.eumedbridge.eu\/fr\/wp-json\/wp\/v2\/special_action?post=204029"},{"taxonomy":"custom_tag","embeddable":true,"href":"https:\/\/www.eumedbridge.eu\/fr\/wp-json\/wp\/v2\/custom_tag?post=204029"}],"curies":[{"name":"wp","href":"https:\/\/api.w.org\/{rel}","templated":true}]}}