{"id":204030,"date":"2020-05-22T00:00:00","date_gmt":"2020-05-21T21:00:00","guid":{"rendered":"https:\/\/eumedbridge.eu\/story\/etudiants-professeurs-un-pour-tous-tous-pour-un-contre-la-covid-19\/"},"modified":"2022-08-17T16:29:01","modified_gmt":"2022-08-17T13:29:01","slug":"etudiants-professeurs-un-pour-tous-tous-pour-un-contre-la-covid-19","status":"publish","type":"story","link":"https:\/\/www.eumedbridge.eu\/fr\/story\/etudiants-professeurs-un-pour-tous-tous-pour-un-contre-la-covid-19\/","title":{"rendered":"Etudiants, professeurs : un pour tous, tous pour un contre la Covid-19 !"},"content":{"rendered":"<blockquote>\n<p>Le cauchemar v\u00e9cu par les Tunisiens, \u00e0 l&rsquo;instar de tous les citoyens du monde, \u00e0 cause du Coronavirus, semble d\u00e9sormais pr\u00e8s de s&rsquo;achever. Peu ou pas de nouveaux cas sont recens\u00e9s depuis le 11 mai et le moral est de nouveau au beau fixe. De cette crise sanitaire sans pr\u00e9c\u00e9dent, subsisteront des souvenirs de longues journ\u00e9es de confinement, des inqui\u00e9tudes face \u00e0 ce virulent virus, des incertitudes sur l&rsquo;avenir mais aussi des initiatives solidaires lanc\u00e9es par des citoyens engag\u00e9s rivalisant d&rsquo;ing\u00e9niosit\u00e9 et de cr\u00e9ativit\u00e9 face au manque de moyens et de ressources. Tel est le cas de l&rsquo;initiative conjointe de l&rsquo;Association Tunisienne de M\u00e9canique (ATM) et de l&rsquo;Ecole Nationale d&rsquo;Ing\u00e9nieurs de Monastir (ENIM), soutenue par Innovi&rsquo;I-EU4Innovation, un projet d\u2019appui au renforcement de l\u2019\u00e9cosyst\u00e8me de l\u2019entrepreneuriat et de l\u2019innovation en Tunisie, financ\u00e9 par l\u2019Union europ\u00e9enne et mis en place par Expertise France.<\/p>\n<\/blockquote>\n<div data-quickedit-entity-id=\"paragraph\/1975\" class=\"paragraph paragraph--type--image-block paragraph--view-mode--default\">\n<div data-quickedit-field-id=\"paragraph\/1975\/field_para_image\/fr\/default\" class=\"node__media node__media--carousel node__media--right\">\n<div class=\"node__media-container\">\n              <img decoding=\"async\" data-src=\"https:\/\/eumedbridge.eu\/wp-content\/uploads\/2022\/08\/97029761_535657980676520_4389351457187430400_n-1.jpg\" width=\"800\" height=\"450\" alt=\"Initiative solidaire ATM-ENIM \u00a9 Innov&#039;i\" typeof=\"foaf:Image\" class=\"img-responsive lazyload\" src=\"data:image\/svg+xml;base64,PHN2ZyB3aWR0aD0iMSIgaGVpZ2h0PSIxIiB4bWxucz0iaHR0cDovL3d3dy53My5vcmcvMjAwMC9zdmciPjwvc3ZnPg==\" style=\"--smush-placeholder-width: 800px; --smush-placeholder-aspect-ratio: 800\/450;\" \/><\/p>\n<div class=\"media__overlay\">\n<div class=\"row middle-xs\">\n<div class=\"col-xs-12 col-sm-10\">\n<div class=\"media__title\">Initiative solidaire ATM-ENIM \u00a9 Innov&#039;i<\/div>\n<\/p><\/div>\n<div class=\"col-xs-12 col-sm-2\">\n<div class=\"media__share text-right\">\n                <a href=\"https:\/\/euneighbours.eu\/sites\/default\/files\/2020-05\/97029761_535657980676520_4389351457187430400_n-1.jpg\" title=\"Initiative solidaire ATM-ENIM \u00a9 Innov&#039;i\" data-colorbox-gallery=\"gallery-image_block-1975-GK_Ag-rU3e0\" class=\"colorbox media__fullscreen\" data-cbox-img-attrs=\"{\"alt\":\"Initiative solidaire ATM-ENIM \u00a9 Innov&#039;i\"}\"><br \/>\n          <i class=\"icon icon--fullscreen color--global-hover\"><\/i><br \/>\n        <\/a>\n      <\/div>\n<\/p><\/div>\n<\/p><\/div>\n<\/div><\/div>\n<\/p><\/div>\n<div data-quickedit-field-id=\"paragraph\/1975\/field_para_body\/fr\/default\" class=\"node__text\">\n<p>Face \u00e0 la pand\u00e9mie de la Covid-19, il a fallu, de par le monde, s&rsquo;activer et rapidement s&rsquo;organiser pour trouver des solutions. Parmi les imp\u00e9ratifs prioritaires, \u00e9quiper les structures hospitali\u00e8res de mat\u00e9riel ad\u00e9quat mais aussi fournir des protections au personnel m\u00e9dical et param\u00e9dical dans un premier temps puis au grand public. C&rsquo;est dans ce contexte que l&rsquo;id\u00e9e de r\u00e9aliser des visi\u00e8res et autres mat\u00e9riels de protection a germ\u00e9. \u00ab Comme \u00e0 son habitude, notre Ecole a \u00e9t\u00e9 tr\u00e8s r\u00e9active et ce, d\u00e8s les premiers jours de l&rsquo;annonce de cette pand\u00e9mie\u00a0\u00bb, affirme Tarak Bouraoui, enseignant \u00e0 l\u2019ENIM et Pr\u00e9sident de l\u2019ATM. Et d&rsquo;ajouter\u00a0: \u00ab\u00a0Nous avons aussit\u00f4t pris contact avec les autorit\u00e9s et constat\u00e9 qu&rsquo;il y avait un manque flagrant de mat\u00e9riel de protection destin\u00e9 aux m\u00e9decins et soignants. C&rsquo;est ainsi, qu&rsquo;en coordination avec la direction, un premier groupe de travail s&rsquo;est rapidement constitu\u00e9 pour r\u00e9pondre \u00e0 ce besoin urgent\u00a0\u00bb. Constitu\u00e9e d&rsquo;\u00e9tudiants, d&rsquo;ing\u00e9nieurs et de chercheurs, l&rsquo;\u00e9quipe s&rsquo;est mobilis\u00e9e afin d&rsquo;entamer la production de masques visi\u00e8res de protection. Et c&rsquo;est gr\u00e2ce au succ\u00e8s de cette premi\u00e8re action que l&rsquo;initiative ENIM-ATM a trouv\u00e9 \u00e9cho aupr\u00e8s de Innovi&rsquo;I-EU4Innovation et a \u00e9t\u00e9 financ\u00e9e par le projet.<\/p>\n<\/div>\n<div class=\"node_view\"><\/div>\n<\/p><\/div>\n<div data-quickedit-entity-id=\"paragraph\/1976\" class=\"paragraph paragraph--type--image-block paragraph--view-mode--default\">\n<div data-quickedit-field-id=\"paragraph\/1976\/field_para_image\/fr\/default\" class=\"node__media node__media--carousel node__media--right\">\n<div class=\"node__media-container\">\n              <img decoding=\"async\" data-src=\"https:\/\/eumedbridge.eu\/wp-content\/uploads\/2022\/08\/96537173_529829251025561_9132333822694653952_n-1.jpg\" width=\"800\" height=\"450\" alt=\"Initiative solidaire ATM-ENIM \u00a9 Innov&#039;i\" typeof=\"foaf:Image\" class=\"img-responsive lazyload\" src=\"data:image\/svg+xml;base64,PHN2ZyB3aWR0aD0iMSIgaGVpZ2h0PSIxIiB4bWxucz0iaHR0cDovL3d3dy53My5vcmcvMjAwMC9zdmciPjwvc3ZnPg==\" style=\"--smush-placeholder-width: 800px; --smush-placeholder-aspect-ratio: 800\/450;\" \/><\/p>\n<div class=\"media__overlay\">\n<div class=\"row middle-xs\">\n<div class=\"col-xs-12 col-sm-10\">\n<div class=\"media__title\">Initiative solidaire ATM-ENIM \u00a9 Innov&#039;i<\/div>\n<\/p><\/div>\n<div class=\"col-xs-12 col-sm-2\">\n<div class=\"media__share text-right\">\n                <a href=\"https:\/\/euneighbours.eu\/sites\/default\/files\/2020-05\/96537173_529829251025561_9132333822694653952_n-1.jpg\" title=\"Initiative solidaire ATM-ENIM \u00a9 Innov&#039;i\" data-colorbox-gallery=\"gallery-image_block-1976-GK_Ag-rU3e0\" class=\"colorbox media__fullscreen\" data-cbox-img-attrs=\"{\"alt\":\"Initiative solidaire ATM-ENIM \u00a9 Innov&#039;i\"}\"><br \/>\n          <i class=\"icon icon--fullscreen color--global-hover\"><\/i><br \/>\n        <\/a>\n      <\/div>\n<\/p><\/div>\n<\/p><\/div>\n<\/div><\/div>\n<\/p><\/div>\n<div data-quickedit-field-id=\"paragraph\/1976\/field_para_body\/fr\/default\" class=\"node__text\">\n<p><strong>Eureka!<\/strong><\/p>\n<p>Ramla Gheith, enseignante-chercheuse au d\u00e9partement de g\u00e9nie \u00e9nerg\u00e9tique \u00e0 l\u2019ENIM et cheffe de projet en charge du volet de la lutte contre la Covid-19., revient sur les balbutiements de cette initiative. C&rsquo;est une simple discussion sur les r\u00e9seaux sociaux qui a provoqu\u00e9 le d\u00e9clic. \u00ab Avec les \u00e9tudiants ENIMiens, nous avons des groupes de discussion sur Facebook pour \u00e9changer sur l&rsquo;actualit\u00e9 de notre Ecole ainsi que sur les comp\u00e9titions nationales et internationales. A cause du Coronavirus, tout \u00e9tait en stand by mais les \u00e9tudiants cherchaient des moyens pour meubler leur temps et mettre \u00e0 profit leurs comp\u00e9tences. Lorsqu&rsquo;il y a eu l&rsquo;appel du minist\u00e8re de la Sant\u00e9 aux citoyens pour supporter l&rsquo;Etat dans sa lutte contre le virus et ses al\u00e9as, nous avons imm\u00e9diatement r\u00e9fl\u00e9chi \u00e0 des solutions \u00e0 notre niveau et selon les moyens mis \u00e0 notre disposition\u00a0\u00bb, explique-t-elle. L&rsquo;initiative \u00e9tait lanc\u00e9e et la d\u00e9termination des membres de l&rsquo;\u00e9quipe \u00e0 son comble. \u00ab L&rsquo;enthousiasme des jeunes et la motivation des enseignants faisaient plaisir \u00e0 voir. Nous avons alors d\u00e9cid\u00e9 de commencer par la fabrication de masques visi\u00e8res r\u00e9utilisables mais faute d&rsquo;imprimantes 3D dans les laboratoires de l&rsquo;ENIM, cela n&rsquo;\u00e9tait pas possible. Mais ce premier obstacle n&rsquo;a pas eu raison de la volont\u00e9 des \u00e9quipes. Heureusement, un partenaire disposant d&rsquo;une machine de d\u00e9coupe laser s\u2019est propos\u00e9 de la mettre \u00e0 notre service\u00a0\u00bb, ajoute l&rsquo;enseignante.<\/p>\n<\/div>\n<div class=\"node_view\"><\/div>\n<\/p><\/div>\n<div data-quickedit-entity-id=\"paragraph\/1977\" class=\"paragraph paragraph--type--image-block paragraph--view-mode--default\">\n<div data-quickedit-field-id=\"paragraph\/1977\/field_para_image\/fr\/default\" class=\"node__media node__media--carousel node__media--right\">\n<div class=\"node__media-container\">\n              <img decoding=\"async\" data-src=\"https:\/\/eumedbridge.eu\/wp-content\/uploads\/2022\/08\/95311908_288934488765657_6409692554123542528_n.jpg\" width=\"800\" height=\"450\" alt=\"Initiative solidaire ATM-ENIM \u00a9 Innov&#039;i\" typeof=\"foaf:Image\" class=\"img-responsive lazyload\" src=\"data:image\/svg+xml;base64,PHN2ZyB3aWR0aD0iMSIgaGVpZ2h0PSIxIiB4bWxucz0iaHR0cDovL3d3dy53My5vcmcvMjAwMC9zdmciPjwvc3ZnPg==\" style=\"--smush-placeholder-width: 800px; --smush-placeholder-aspect-ratio: 800\/450;\" \/><\/p>\n<div class=\"media__overlay\">\n<div class=\"row middle-xs\">\n<div class=\"col-xs-12 col-sm-10\">\n<div class=\"media__title\">Initiative solidaire ATM-ENIM \u00a9 Innov&#039;i<\/div>\n<\/p><\/div>\n<div class=\"col-xs-12 col-sm-2\">\n<div class=\"media__share text-right\">\n                <a href=\"https:\/\/euneighbours.eu\/sites\/default\/files\/2020-05\/95311908_288934488765657_6409692554123542528_n.jpg\" title=\"Initiative solidaire ATM-ENIM \u00a9 Innov&#039;i\" data-colorbox-gallery=\"gallery-image_block-1977-GK_Ag-rU3e0\" class=\"colorbox media__fullscreen\" data-cbox-img-attrs=\"{\"alt\":\"Initiative solidaire ATM-ENIM \u00a9 Innov&#039;i\"}\"><br \/>\n          <i class=\"icon icon--fullscreen color--global-hover\"><\/i><br \/>\n        <\/a>\n      <\/div>\n<\/p><\/div>\n<\/p><\/div>\n<\/div><\/div>\n<\/p><\/div>\n<div data-quickedit-field-id=\"paragraph\/1977\/field_para_body\/fr\/default\" class=\"node__text\">\n<p><strong>Engagement solidaire<\/strong><\/p>\n<p>Gr\u00e2ce \u00e0 l&rsquo;\u00e9nergie positive de tous, la premi\u00e8re conception de masque visi\u00e8re par d\u00e9coupe laser \u00e9tait pr\u00eate au bout de 24 heures. Le premier prototype r\u00e9alis\u00e9, il a fallu le faire contr\u00f4ler par des m\u00e9decins et c&rsquo;est Dr Maha Ben Mansour, du service de r\u00e9animation du CHU Fattouma-Bourguiba qui s&rsquo;en est charg\u00e9e. A d\u00e9but\u00e9 alors un marathon de retouches et de modifications en vue de perfectionner le masque visi\u00e8re. \u00ab\u00a0Au cours des essais, j\u2019ai rencontr\u00e9 Dr Ben Mansour 5 ou 6 fois en 24 heures. C&rsquo;est dire son engagement \u00e0 nos c\u00f4t\u00e9s. Par la suite, c&rsquo;est le directeur du service hygi\u00e8ne et s\u00e9curit\u00e9 du CHU Fattouma Bourguiba qui a valid\u00e9 le design des masques visi\u00e8res. Apr\u00e8s 4 essais, le 5\u00e8me \u00e9tait jug\u00e9 fonctionnel et conforme aux normes requises \u00bb, conclut-elle.<\/p>\n<\/div>\n<div class=\"node_view\"><\/div>\n<\/p><\/div>\n<div data-quickedit-entity-id=\"paragraph\/1978\" class=\"paragraph paragraph--type--image-block paragraph--view-mode--default\">\n<div data-quickedit-field-id=\"paragraph\/1978\/field_para_image\/fr\/default\" class=\"node__media node__media--carousel node__media--right\">\n<div class=\"node__media-container\">\n              <img decoding=\"async\" data-src=\"https:\/\/eumedbridge.eu\/wp-content\/uploads\/2022\/08\/92953743_1133013873727067_1544428166141968384_n.jpg\" width=\"800\" height=\"450\" alt=\"Initiative solidaire ATM-ENIM \u00a9 Innov&#039;i\" typeof=\"foaf:Image\" class=\"img-responsive lazyload\" src=\"data:image\/svg+xml;base64,PHN2ZyB3aWR0aD0iMSIgaGVpZ2h0PSIxIiB4bWxucz0iaHR0cDovL3d3dy53My5vcmcvMjAwMC9zdmciPjwvc3ZnPg==\" style=\"--smush-placeholder-width: 800px; --smush-placeholder-aspect-ratio: 800\/450;\" \/><\/p>\n<div class=\"media__overlay\">\n<div class=\"row middle-xs\">\n<div class=\"col-xs-12 col-sm-10\">\n<div class=\"media__title\">Initiative solidaire ATM-ENIM \u00a9 Innov&#039;i<\/div>\n<\/p><\/div>\n<div class=\"col-xs-12 col-sm-2\">\n<div class=\"media__share text-right\">\n                <a href=\"https:\/\/euneighbours.eu\/sites\/default\/files\/2020-05\/92953743_1133013873727067_1544428166141968384_n.jpg\" title=\"Initiative solidaire ATM-ENIM \u00a9 Innov&#039;i\" data-colorbox-gallery=\"gallery-image_block-1978-GK_Ag-rU3e0\" class=\"colorbox media__fullscreen\" data-cbox-img-attrs=\"{\"alt\":\"Initiative solidaire ATM-ENIM \u00a9 Innov&#039;i\"}\"><br \/>\n          <i class=\"icon icon--fullscreen color--global-hover\"><\/i><br \/>\n        <\/a>\n      <\/div>\n<\/p><\/div>\n<\/p><\/div>\n<\/div><\/div>\n<\/p><\/div>\n<div data-quickedit-field-id=\"paragraph\/1978\/field_para_body\/fr\/default\" class=\"node__text\">\n<p><strong>Premier succ\u00e8s<\/strong><\/p>\n<p>Il a fallu, par la suite, trouver un partenaire industriel pour assurer la production des masques visi\u00e8res en grand nombre. En une semaine, plus de 2 500 masques visi\u00e8res ont \u00e9t\u00e9 produits et distribu\u00e9s gr\u00e2ce \u00e0 un bel \u00e9lan de solidarit\u00e9 de la part de nombreux partenaires. Ils ont \u00e9t\u00e9 distribu\u00e9s au personnel m\u00e9dical et soignant de la r\u00e9gion et ses environs. Apr\u00e8s cette premi\u00e8re r\u00e9ussite, il fallait s&rsquo;activer encore plus tant les besoins \u00e9taient grands. Face \u00e0 cette r\u00e9alit\u00e9, Mohamed Nefaa, enseignant \u00e0 l\u2019ENIM a propos\u00e9 de changer de proc\u00e9d\u00e9. \u00ab Nous avons besoin d\u2019un plus grand nombre de visi\u00e8res alors pourquoi ne pas essayer l\u2019injection plastique ? \u00bb, a-t-il sugg\u00e9r\u00e9 aux membres de l\u2019\u00e9quipe. Le prenant au mot, son coll\u00e8gue, Ramzi Fredj, a r\u00e9alis\u00e9 une maquette du moule et trouv\u00e9 un industriel qui acceptait de les fabriquer. En moins d&rsquo;une semaine, la production \u00e9tait lanc\u00e9e et pr\u00e8s de 1000 pi\u00e8ces \u00e9taient confectionn\u00e9es par jour.<\/p>\n<\/div>\n<div class=\"node_view\"><\/div>\n<\/p><\/div>\n<div data-quickedit-entity-id=\"paragraph\/1979\" class=\"paragraph paragraph--type--image-block paragraph--view-mode--default\">\n<div data-quickedit-field-id=\"paragraph\/1979\/field_para_image\/fr\/default\" class=\"node__media node__media--carousel node__media--right\">\n<div class=\"node__media-container\">\n              <img decoding=\"async\" data-src=\"https:\/\/eumedbridge.eu\/wp-content\/uploads\/2022\/08\/20200511_123429.jpg\" width=\"800\" height=\"450\" alt=\"Initiative solidaire ATM-ENIM \u00a9 Innov&#039;i\" typeof=\"foaf:Image\" class=\"img-responsive lazyload\" src=\"data:image\/svg+xml;base64,PHN2ZyB3aWR0aD0iMSIgaGVpZ2h0PSIxIiB4bWxucz0iaHR0cDovL3d3dy53My5vcmcvMjAwMC9zdmciPjwvc3ZnPg==\" style=\"--smush-placeholder-width: 800px; --smush-placeholder-aspect-ratio: 800\/450;\" \/><\/p>\n<div class=\"media__overlay\">\n<div class=\"row middle-xs\">\n<div class=\"col-xs-12 col-sm-10\">\n<div class=\"media__title\">Initiative solidaire ATM-ENIM \u00a9 Innov&#039;i<\/div>\n<\/p><\/div>\n<div class=\"col-xs-12 col-sm-2\">\n<div class=\"media__share text-right\">\n                <a href=\"https:\/\/euneighbours.eu\/sites\/default\/files\/2020-05\/20200511_123429.jpg\" title=\"Initiative solidaire ATM-ENIM \u00a9 Innov&#039;i\" data-colorbox-gallery=\"gallery-image_block-1979-GK_Ag-rU3e0\" class=\"colorbox media__fullscreen\" data-cbox-img-attrs=\"{\"alt\":\"Initiative solidaire ATM-ENIM \u00a9 Innov&#039;i\"}\"><br \/>\n          <i class=\"icon icon--fullscreen color--global-hover\"><\/i><br \/>\n        <\/a>\n      <\/div>\n<\/p><\/div>\n<\/p><\/div>\n<\/div><\/div>\n<\/p><\/div>\n<div data-quickedit-field-id=\"paragraph\/1979\/field_para_body\/fr\/default\" class=\"node__text\">\n<p><strong>Initiative ATM-ENIM\u00a0: phase 2<\/strong><\/p>\n<p>Le succ\u00e8s de cette op\u00e9ration a balis\u00e9 la voie \u00e0 des demandes suppl\u00e9mentaires. En plus des visi\u00e8res, le personnel m\u00e9dical et param\u00e9dical avait besoin de combinaisons aussi. \u00ab L\u2019ENIM dispose de l\u2019unique d\u00e9partement de g\u00e9nie textile en milieu universitaire. Nous avons donc jug\u00e9 qu&rsquo;il \u00e9tait de notre devoir de r\u00e9pondre \u00e0 cette demande\u00a0\u00bb, affirme l&rsquo;enseignante Ramla Geith. En un temps record et malgr\u00e9 toutes les emb\u00fbches rencontr\u00e9es, la phase 2 de l&rsquo;initiative \u00e9tait d\u00e9clench\u00e9e et en partenariat avec des industriels, des fournisseurs et le comit\u00e9 de crise du minist\u00e8re de la Sant\u00e9 sur les normes en termes de tissu et de d\u00e9coupe, la production \u00e9tait en marche, une fois les diff\u00e9rents tests de conformit\u00e9 r\u00e9alis\u00e9s.<\/p>\n<\/div>\n<div class=\"node_view\"><\/div>\n<\/p><\/div>\n<div data-quickedit-entity-id=\"paragraph\/1980\" class=\"paragraph paragraph--type--image-block paragraph--view-mode--default\">\n<div data-quickedit-field-id=\"paragraph\/1980\/field_para_image\/fr\/default\" class=\"node__media node__media--carousel node__media--right\">\n<div class=\"node__media-container\">\n              <img decoding=\"async\" data-src=\"https:\/\/eumedbridge.eu\/wp-content\/uploads\/2022\/08\/92100271_867470790390552_6731379381186330624_n.jpg\" width=\"800\" height=\"450\" alt=\"Initiative solidaire ATM-ENIM \u00a9 Innov&#039;i\" typeof=\"foaf:Image\" class=\"img-responsive lazyload\" src=\"data:image\/svg+xml;base64,PHN2ZyB3aWR0aD0iMSIgaGVpZ2h0PSIxIiB4bWxucz0iaHR0cDovL3d3dy53My5vcmcvMjAwMC9zdmciPjwvc3ZnPg==\" style=\"--smush-placeholder-width: 800px; --smush-placeholder-aspect-ratio: 800\/450;\" \/><\/p>\n<div class=\"media__overlay\">\n<div class=\"row middle-xs\">\n<div class=\"col-xs-12 col-sm-10\">\n<div class=\"media__title\">Initiative solidaire ATM-ENIM \u00a9 Innov&#039;i<\/div>\n<\/p><\/div>\n<div class=\"col-xs-12 col-sm-2\">\n<div class=\"media__share text-right\">\n                <a href=\"https:\/\/euneighbours.eu\/sites\/default\/files\/2020-05\/92100271_867470790390552_6731379381186330624_n.jpg\" title=\"Initiative solidaire ATM-ENIM \u00a9 Innov&#039;i\" data-colorbox-gallery=\"gallery-image_block-1980-GK_Ag-rU3e0\" class=\"colorbox media__fullscreen\" data-cbox-img-attrs=\"{\"alt\":\"Initiative solidaire ATM-ENIM \u00a9 Innov&#039;i\"}\"><br \/>\n          <i class=\"icon icon--fullscreen color--global-hover\"><\/i><br \/>\n        <\/a>\n      <\/div>\n<\/p><\/div>\n<\/p><\/div>\n<\/div><\/div>\n<\/p><\/div>\n<div data-quickedit-field-id=\"paragraph\/1980\/field_para_body\/fr\/default\" class=\"node__text\">\n<p><strong>Encore et encore&#8230;<\/strong><\/p>\n<p>Face \u00e0 ce deuxi\u00e8me succ\u00e8s, les commandes et les demandes se sont multipli\u00e9es. En plus des masques visi\u00e8res et des combinaisons de protection, il \u00e9tait demand\u00e9 \u00e0 l&rsquo;\u00e9quipe ATM-ENIM s&rsquo;il \u00e9tait possible de produire \u00e9galement des caissons d\u2019incubation, des masques int\u00e9graux, des box d\u2019analyse ou encore un tunnel de d\u00e9contamination. Une deuxi\u00e8me \u00e9quipe s&rsquo;est alors constitu\u00e9e, en charge de la conception et de la fabrication d\u2019un syst\u00e8me d\u2019aide \u00e0 la respiration en collaboration avec des m\u00e9decins de l\u2019H\u00f4pital Fattouma Bourguiba et de la Facult\u00e9 de m\u00e9decine de Monastir. Le d\u00e9fi \u00e9tait de taille\u00a0! Mais l\u00e0 encore, face \u00e0 la demande recrudescente et le volume de travail, des b\u00e9n\u00e9voles se sont spontan\u00e9ment joints \u00e0 cette initiative, dont des m\u00e9decins, des ing\u00e9nieurs et des \u00e9tudiants. Un bel engouement solidaire qui a attir\u00e9 l&rsquo;attention de l&rsquo;\u00e9quipe du projet Innovi&rsquo;I-EU4Innovation en qu\u00eate d&rsquo;initiatives cr\u00e9atives en mati\u00e8re de lutte contre la Covid-19. Suite aux \u00e9changes fructueux entre les deux parties, il a \u00e9t\u00e9 conclu d&rsquo;accorder une subvention \u00e0 hauteur de 20 000\u20ac pour financer l&rsquo;ensemble des axes de l&rsquo;action de lutte contre la Covid-19. En plus des masques visi\u00e8res, des combinaisons et des syst\u00e8mes d&rsquo;aide \u00e0 la respiration, des \u00e9quipes ATM-ENIM travaillent sur la conception et la fabrication de cabines de d\u00e9sinfection ainsi que d&rsquo;un syst\u00e8me robotis\u00e9 de d\u00e9sinfection. D\u2019autres projets sont \u00e9galement en cours en vue de concevoir et fabriquer des robot d\u2019assistance m\u00e9dicale pour les professionnels de la sant\u00e9 ou les patients en confinement obligatoire.<\/p>\n<\/div>\n<div class=\"node_view\"><\/div>\n<\/p><\/div>\n<div data-quickedit-entity-id=\"paragraph\/1981\" class=\"paragraph paragraph--type--image-block paragraph--view-mode--default\">\n<div data-quickedit-field-id=\"paragraph\/1981\/field_para_image\/fr\/default\" class=\"node__media node__media--carousel node__media--right\">\n<div class=\"node__media-container\">\n              <img decoding=\"async\" data-src=\"https:\/\/eumedbridge.eu\/wp-content\/uploads\/2022\/08\/93279836_1390289114512054_7282813423480471552_n.jpg\" width=\"800\" height=\"450\" alt=\"Initiative solidaire ATM-ENIM \u00a9 Innov&#039;i\" typeof=\"foaf:Image\" class=\"img-responsive lazyload\" src=\"data:image\/svg+xml;base64,PHN2ZyB3aWR0aD0iMSIgaGVpZ2h0PSIxIiB4bWxucz0iaHR0cDovL3d3dy53My5vcmcvMjAwMC9zdmciPjwvc3ZnPg==\" style=\"--smush-placeholder-width: 800px; --smush-placeholder-aspect-ratio: 800\/450;\" \/><\/p>\n<div class=\"media__overlay\">\n<div class=\"row middle-xs\">\n<div class=\"col-xs-12 col-sm-10\">\n<div class=\"media__title\">Initiative solidaire ATM-ENIM \u00a9 Innov&#039;i<\/div>\n<\/p><\/div>\n<div class=\"col-xs-12 col-sm-2\">\n<div class=\"media__share text-right\">\n                <a href=\"https:\/\/euneighbours.eu\/sites\/default\/files\/2020-05\/93279836_1390289114512054_7282813423480471552_n.jpg\" title=\"Initiative solidaire ATM-ENIM \u00a9 Innov&#039;i\" data-colorbox-gallery=\"gallery-image_block-1981-GK_Ag-rU3e0\" class=\"colorbox media__fullscreen\" data-cbox-img-attrs=\"{\"alt\":\"Initiative solidaire ATM-ENIM \u00a9 Innov&#039;i\"}\"><br \/>\n          <i class=\"icon icon--fullscreen color--global-hover\"><\/i><br \/>\n        <\/a>\n      <\/div>\n<\/p><\/div>\n<\/p><\/div>\n<\/div><\/div>\n<\/p><\/div>\n<div data-quickedit-field-id=\"paragraph\/1981\/field_para_body\/fr\/default\" class=\"node__text\">\n<p><strong>Innovi&rsquo;I-EU4Innovation, cap sur l&rsquo;innovation\u00a0!<\/strong><\/p>\n<p>Gr\u00e2ce \u00e0 la subvention du projet Innovi&rsquo;I-EU4Innovation, l&rsquo;initiative ATM-ENIM a pu se consolider et en plus des succ\u00e8s d\u00e9j\u00e0 r\u00e9alis\u00e9s, d&rsquo;autres, plus prometteurs sont attendus avec des solutions innovantes et cr\u00e9atives pour lutter efficacement contre la Covid-19 ou toute autre pand\u00e9mie qui risque de survenir \u00e0 l&rsquo;avenir. D&rsquo;autres initiatives tout aussi innovantes sont \u00e9galement dans le viseur de Innovi&rsquo;I-EU4Innovation. Financ\u00e9 par l&rsquo;Union europ\u00e9enne et mis en place par Expertise France, ce projet vise \u00e0 am\u00e9liorer l\u2019offre de services pour les startups et les entrepreneurs en Tunisie \u00e0 travers le soutien des structures d\u2019accompagnement dans les domaines de l\u2019entrepreneuriat et de l\u2019innovation, \u00e0 accompagner la mise en place d\u2019un cadre r\u00e9glementaire et de financement propice \u00e0 l\u2019entrepreneuriat innovant et aux startups et \u00e0 valoriser l\u2019\u00e9cosyst\u00e8me tunisien de l\u2019entrepreneuriat et de l\u2019innovation \u00e0 l\u2019\u00e9chelle nationale et internationale.<\/p>\n<\/div>\n<div class=\"node_view\"><\/div>\n<\/p><\/div>\n","protected":false},"featured_media":173909,"parent":0,"template":"","story_category":[],"country":[1955],"special_action":[],"custom_tag":[2312,2315,1970,1897,1890,1870],"class_list":["post-204030","story","type-story","status-publish","has-post-thumbnail","hentry","country-tunisie","custom_tag-developpement-durable","custom_tag-emploi-et-entrpreuneuriat","custom_tag-jeunesse","custom_tag-medias","custom_tag-sante","custom_tag-societe-civile"],"acf":[],"yoast_head":"<!-- This site is optimized with the Yoast SEO plugin v26.5 - https:\/\/yoast.com\/wordpress\/plugins\/seo\/ -->\n<title>Etudiants, professeurs : un pour tous, tous pour un contre la Covid-19 ! - Voisins de l&#039;UE<\/title>\n<meta name=\"robots\" content=\"index, follow, max-snippet:-1, max-image-preview:large, max-video-preview:-1\" \/>\n<link rel=\"canonical\" href=\"https:\/\/www.eumedbridge.eu\/fr\/story\/etudiants-professeurs-un-pour-tous-tous-pour-un-contre-la-covid-19\/\" \/>\n<meta property=\"og:locale\" content=\"fr_FR\" \/>\n<meta property=\"og:type\" content=\"article\" \/>\n<meta property=\"og:title\" content=\"Etudiants, professeurs : un pour tous, tous pour un contre la Covid-19 ! - Voisins de l&#039;UE\" \/>\n<meta property=\"og:description\" content=\"Le cauchemar v\u00e9cu par les Tunisiens, \u00e0 l&rsquo;instar de tous les citoyens du monde, \u00e0 cause du Coronavirus, semble d\u00e9sormais pr\u00e8s de s&rsquo;achever. Peu ou pas de nouveaux cas sont recens\u00e9s depuis le 11 mai et le moral est de nouveau au beau fixe. De cette crise sanitaire sans pr\u00e9c\u00e9dent, subsisteront des souvenirs de longues [&hellip;]\" \/>\n<meta property=\"og:url\" content=\"https:\/\/www.eumedbridge.eu\/fr\/story\/etudiants-professeurs-un-pour-tous-tous-pour-un-contre-la-covid-19\/\" \/>\n<meta property=\"og:site_name\" content=\"Voisins de l&#039;UE\" \/>\n<meta property=\"article:publisher\" content=\"https:\/\/www.facebook.com\/eumedbridge\/\" \/>\n<meta property=\"article:modified_time\" content=\"2022-08-17T13:29:01+00:00\" \/>\n<meta property=\"og:image\" content=\"https:\/\/www.eumedbridge.eu\/wp-content\/uploads\/2022\/05\/92375203_3775741899134979_9155674770925158400_n.jpg\" \/>\n\t<meta property=\"og:image:width\" content=\"960\" \/>\n\t<meta property=\"og:image:height\" content=\"720\" \/>\n\t<meta property=\"og:image:type\" content=\"image\/jpeg\" \/>\n<meta name=\"twitter:card\" content=\"summary_large_image\" \/>\n<meta name=\"twitter:site\" content=\"@eumedbridge\" \/>\n<meta name=\"twitter:label1\" content=\"Dur\u00e9e de lecture estim\u00e9e\" \/>\n\t<meta name=\"twitter:data1\" content=\"8 minutes\" \/>\n<script type=\"application\/ld+json\" class=\"yoast-schema-graph\">{\"@context\":\"https:\/\/schema.org\",\"@graph\":[{\"@type\":\"WebPage\",\"@id\":\"https:\/\/www.eumedbridge.eu\/fr\/story\/etudiants-professeurs-un-pour-tous-tous-pour-un-contre-la-covid-19\/\",\"url\":\"https:\/\/www.eumedbridge.eu\/fr\/story\/etudiants-professeurs-un-pour-tous-tous-pour-un-contre-la-covid-19\/\",\"name\":\"Etudiants, professeurs : un pour tous, tous pour un contre la Covid-19 ! - Voisins de l'UE\",\"isPartOf\":{\"@id\":\"https:\/\/www.eumedbridge.eu\/#website\"},\"primaryImageOfPage\":{\"@id\":\"https:\/\/www.eumedbridge.eu\/fr\/story\/etudiants-professeurs-un-pour-tous-tous-pour-un-contre-la-covid-19\/#primaryimage\"},\"image\":{\"@id\":\"https:\/\/www.eumedbridge.eu\/fr\/story\/etudiants-professeurs-un-pour-tous-tous-pour-un-contre-la-covid-19\/#primaryimage\"},\"thumbnailUrl\":\"https:\/\/www.eumedbridge.eu\/wp-content\/uploads\/2022\/05\/92375203_3775741899134979_9155674770925158400_n.jpg\",\"datePublished\":\"2020-05-21T21:00:00+00:00\",\"dateModified\":\"2022-08-17T13:29:01+00:00\",\"breadcrumb\":{\"@id\":\"https:\/\/www.eumedbridge.eu\/fr\/story\/etudiants-professeurs-un-pour-tous-tous-pour-un-contre-la-covid-19\/#breadcrumb\"},\"inLanguage\":\"fr-FR\",\"potentialAction\":[{\"@type\":\"ReadAction\",\"target\":[\"https:\/\/www.eumedbridge.eu\/fr\/story\/etudiants-professeurs-un-pour-tous-tous-pour-un-contre-la-covid-19\/\"]}]},{\"@type\":\"ImageObject\",\"inLanguage\":\"fr-FR\",\"@id\":\"https:\/\/www.eumedbridge.eu\/fr\/story\/etudiants-professeurs-un-pour-tous-tous-pour-un-contre-la-covid-19\/#primaryimage\",\"url\":\"https:\/\/www.eumedbridge.eu\/wp-content\/uploads\/2022\/05\/92375203_3775741899134979_9155674770925158400_n.jpg\",\"contentUrl\":\"https:\/\/www.eumedbridge.eu\/wp-content\/uploads\/2022\/05\/92375203_3775741899134979_9155674770925158400_n.jpg\",\"width\":960,\"height\":720},{\"@type\":\"BreadcrumbList\",\"@id\":\"https:\/\/www.eumedbridge.eu\/fr\/story\/etudiants-professeurs-un-pour-tous-tous-pour-un-contre-la-covid-19\/#breadcrumb\",\"itemListElement\":[{\"@type\":\"ListItem\",\"position\":1,\"name\":\"Home\",\"item\":\"https:\/\/www.eumedbridge.eu\/fr\/home-page\/\"},{\"@type\":\"ListItem\",\"position\":2,\"name\":\"Histoires\",\"item\":\"https:\/\/www.eumedbridge.eu\/fr\/story\/\"},{\"@type\":\"ListItem\",\"position\":3,\"name\":\"Etudiants, professeurs : un pour tous, tous pour un contre la Covid-19 !\"}]},{\"@type\":\"WebSite\",\"@id\":\"https:\/\/www.eumedbridge.eu\/#website\",\"url\":\"https:\/\/www.eumedbridge.eu\/\",\"name\":\"EU Medbridge\",\"description\":\"\",\"publisher\":{\"@id\":\"https:\/\/www.eumedbridge.eu\/#organization\"},\"potentialAction\":[{\"@type\":\"SearchAction\",\"target\":{\"@type\":\"EntryPoint\",\"urlTemplate\":\"https:\/\/www.eumedbridge.eu\/?s={search_term_string}\"},\"query-input\":{\"@type\":\"PropertyValueSpecification\",\"valueRequired\":true,\"valueName\":\"search_term_string\"}}],\"inLanguage\":\"fr-FR\"},{\"@type\":\"Organization\",\"@id\":\"https:\/\/www.eumedbridge.eu\/#organization\",\"name\":\"EU Medbridge\",\"url\":\"https:\/\/www.eumedbridge.eu\/\",\"logo\":{\"@type\":\"ImageObject\",\"inLanguage\":\"fr-FR\",\"@id\":\"https:\/\/www.eumedbridge.eu\/#\/schema\/logo\/image\/\",\"url\":\"https:\/\/www.eumedbridge.eu\/wp-content\/uploads\/2021\/12\/Logo.png\",\"contentUrl\":\"https:\/\/www.eumedbridge.eu\/wp-content\/uploads\/2021\/12\/Logo.png\",\"width\":325,\"height\":114,\"caption\":\"EU Medbridge\"},\"image\":{\"@id\":\"https:\/\/www.eumedbridge.eu\/#\/schema\/logo\/image\/\"},\"sameAs\":[\"https:\/\/www.facebook.com\/eumedbridge\/\",\"https:\/\/x.com\/eumedbridge\",\"https:\/\/www.linkedin.com\/company\/eumedbridge\",\"https:\/\/www.youtube.com\/@eumedbridge\",\"https:\/\/www.instagram.com\/eumedbridge\",\"https:\/\/www.flickr.com\/photos\/euneighbours-south\/\"]}]}<\/script>\n<!-- \/ Yoast SEO plugin. -->","yoast_head_json":{"title":"Etudiants, professeurs : un pour tous, tous pour un contre la Covid-19 ! - Voisins de l'UE","robots":{"index":"index","follow":"follow","max-snippet":"max-snippet:-1","max-image-preview":"max-image-preview:large","max-video-preview":"max-video-preview:-1"},"canonical":"https:\/\/www.eumedbridge.eu\/fr\/story\/etudiants-professeurs-un-pour-tous-tous-pour-un-contre-la-covid-19\/","og_locale":"fr_FR","og_type":"article","og_title":"Etudiants, professeurs : un pour tous, tous pour un contre la Covid-19 ! - Voisins de l'UE","og_description":"Le cauchemar v\u00e9cu par les Tunisiens, \u00e0 l&rsquo;instar de tous les citoyens du monde, \u00e0 cause du Coronavirus, semble d\u00e9sormais pr\u00e8s de s&rsquo;achever. Peu ou pas de nouveaux cas sont recens\u00e9s depuis le 11 mai et le moral est de nouveau au beau fixe. De cette crise sanitaire sans pr\u00e9c\u00e9dent, subsisteront des souvenirs de longues [&hellip;]","og_url":"https:\/\/www.eumedbridge.eu\/fr\/story\/etudiants-professeurs-un-pour-tous-tous-pour-un-contre-la-covid-19\/","og_site_name":"Voisins de l'UE","article_publisher":"https:\/\/www.facebook.com\/eumedbridge\/","article_modified_time":"2022-08-17T13:29:01+00:00","og_image":[{"width":960,"height":720,"url":"https:\/\/www.eumedbridge.eu\/wp-content\/uploads\/2022\/05\/92375203_3775741899134979_9155674770925158400_n.jpg","type":"image\/jpeg"}],"twitter_card":"summary_large_image","twitter_site":"@eumedbridge","twitter_misc":{"Dur\u00e9e de lecture estim\u00e9e":"8 minutes"},"schema":{"@context":"https:\/\/schema.org","@graph":[{"@type":"WebPage","@id":"https:\/\/www.eumedbridge.eu\/fr\/story\/etudiants-professeurs-un-pour-tous-tous-pour-un-contre-la-covid-19\/","url":"https:\/\/www.eumedbridge.eu\/fr\/story\/etudiants-professeurs-un-pour-tous-tous-pour-un-contre-la-covid-19\/","name":"Etudiants, professeurs : un pour tous, tous pour un contre la Covid-19 ! - Voisins de l'UE","isPartOf":{"@id":"https:\/\/www.eumedbridge.eu\/#website"},"primaryImageOfPage":{"@id":"https:\/\/www.eumedbridge.eu\/fr\/story\/etudiants-professeurs-un-pour-tous-tous-pour-un-contre-la-covid-19\/#primaryimage"},"image":{"@id":"https:\/\/www.eumedbridge.eu\/fr\/story\/etudiants-professeurs-un-pour-tous-tous-pour-un-contre-la-covid-19\/#primaryimage"},"thumbnailUrl":"https:\/\/www.eumedbridge.eu\/wp-content\/uploads\/2022\/05\/92375203_3775741899134979_9155674770925158400_n.jpg","datePublished":"2020-05-21T21:00:00+00:00","dateModified":"2022-08-17T13:29:01+00:00","breadcrumb":{"@id":"https:\/\/www.eumedbridge.eu\/fr\/story\/etudiants-professeurs-un-pour-tous-tous-pour-un-contre-la-covid-19\/#breadcrumb"},"inLanguage":"fr-FR","potentialAction":[{"@type":"ReadAction","target":["https:\/\/www.eumedbridge.eu\/fr\/story\/etudiants-professeurs-un-pour-tous-tous-pour-un-contre-la-covid-19\/"]}]},{"@type":"ImageObject","inLanguage":"fr-FR","@id":"https:\/\/www.eumedbridge.eu\/fr\/story\/etudiants-professeurs-un-pour-tous-tous-pour-un-contre-la-covid-19\/#primaryimage","url":"https:\/\/www.eumedbridge.eu\/wp-content\/uploads\/2022\/05\/92375203_3775741899134979_9155674770925158400_n.jpg","contentUrl":"https:\/\/www.eumedbridge.eu\/wp-content\/uploads\/2022\/05\/92375203_3775741899134979_9155674770925158400_n.jpg","width":960,"height":720},{"@type":"BreadcrumbList","@id":"https:\/\/www.eumedbridge.eu\/fr\/story\/etudiants-professeurs-un-pour-tous-tous-pour-un-contre-la-covid-19\/#breadcrumb","itemListElement":[{"@type":"ListItem","position":1,"name":"Home","item":"https:\/\/www.eumedbridge.eu\/fr\/home-page\/"},{"@type":"ListItem","position":2,"name":"Histoires","item":"https:\/\/www.eumedbridge.eu\/fr\/story\/"},{"@type":"ListItem","position":3,"name":"Etudiants, professeurs : un pour tous, tous pour un contre la Covid-19 !"}]},{"@type":"WebSite","@id":"https:\/\/www.eumedbridge.eu\/#website","url":"https:\/\/www.eumedbridge.eu\/","name":"EU Medbridge","description":"","publisher":{"@id":"https:\/\/www.eumedbridge.eu\/#organization"},"potentialAction":[{"@type":"SearchAction","target":{"@type":"EntryPoint","urlTemplate":"https:\/\/www.eumedbridge.eu\/?s={search_term_string}"},"query-input":{"@type":"PropertyValueSpecification","valueRequired":true,"valueName":"search_term_string"}}],"inLanguage":"fr-FR"},{"@type":"Organization","@id":"https:\/\/www.eumedbridge.eu\/#organization","name":"EU Medbridge","url":"https:\/\/www.eumedbridge.eu\/","logo":{"@type":"ImageObject","inLanguage":"fr-FR","@id":"https:\/\/www.eumedbridge.eu\/#\/schema\/logo\/image\/","url":"https:\/\/www.eumedbridge.eu\/wp-content\/uploads\/2021\/12\/Logo.png","contentUrl":"https:\/\/www.eumedbridge.eu\/wp-content\/uploads\/2021\/12\/Logo.png","width":325,"height":114,"caption":"EU Medbridge"},"image":{"@id":"https:\/\/www.eumedbridge.eu\/#\/schema\/logo\/image\/"},"sameAs":["https:\/\/www.facebook.com\/eumedbridge\/","https:\/\/x.com\/eumedbridge","https:\/\/www.linkedin.com\/company\/eumedbridge","https:\/\/www.youtube.com\/@eumedbridge","https:\/\/www.instagram.com\/eumedbridge","https:\/\/www.flickr.com\/photos\/euneighbours-south\/"]}]}},"_links":{"self":[{"href":"https:\/\/www.eumedbridge.eu\/fr\/wp-json\/wp\/v2\/story\/204030","targetHints":{"allow":["GET"]}}],"collection":[{"href":"https:\/\/www.eumedbridge.eu\/fr\/wp-json\/wp\/v2\/story"}],"about":[{"href":"https:\/\/www.eumedbridge.eu\/fr\/wp-json\/wp\/v2\/types\/story"}],"wp:featuredmedia":[{"embeddable":true,"href":"https:\/\/www.eumedbridge.eu\/fr\/wp-json\/wp\/v2\/media\/173909"}],"wp:attachment":[{"href":"https:\/\/www.eumedbridge.eu\/fr\/wp-json\/wp\/v2\/media?parent=204030"}],"wp:term":[{"taxonomy":"story_category","embeddable":true,"href":"https:\/\/www.eumedbridge.eu\/fr\/wp-json\/wp\/v2\/story_category?post=204030"},{"taxonomy":"country","embeddable":true,"href":"https:\/\/www.eumedbridge.eu\/fr\/wp-json\/wp\/v2\/country?post=204030"},{"taxonomy":"special_action","embeddable":true,"href":"https:\/\/www.eumedbridge.eu\/fr\/wp-json\/wp\/v2\/special_action?post=204030"},{"taxonomy":"custom_tag","embeddable":true,"href":"https:\/\/www.eumedbridge.eu\/fr\/wp-json\/wp\/v2\/custom_tag?post=204030"}],"curies":[{"name":"wp","href":"https:\/\/api.w.org\/{rel}","templated":true}]}}