{"id":204042,"date":"2019-09-19T00:00:00","date_gmt":"2019-09-18T21:00:00","guid":{"rendered":"https:\/\/eumedbridge.eu\/story\/indar-un-systeme-marocain-intelligent-de-prediction-et-dalerte-precoce\/"},"modified":"2022-08-17T16:29:28","modified_gmt":"2022-08-17T13:29:28","slug":"indar-un-systeme-marocain-intelligent-de-prediction-et-dalerte-precoce","status":"publish","type":"story","link":"https:\/\/www.eumedbridge.eu\/fr\/story\/indar-un-systeme-marocain-intelligent-de-prediction-et-dalerte-precoce\/","title":{"rendered":"INDAR : Un syst\u00e8me marocain intelligent de pr\u00e9diction et d\u2019alerte pr\u00e9coce des inondations"},"content":{"rendered":"<blockquote>\n<p class=\"m6200977125162210796gmail-x\" style=\"margin-top:16px; text-align:justify\"><span style=\"font-size:12pt\"><span style=\"background:white\"><span style=\"font-family:\"Times New Roman\",serif\"><i><span lang=\"FR\" style=\"border:none windowtext 1.0pt; font-size:14.0pt; padding:0cm\" xml_lang=\"FR\"><span style=\"font-family:\"Calibri\",sans-serif\"><span style=\"color:black\">Contribuer \u00e0 la r\u00e9silience du Maroc contre les inondations est un objectif que s\u2019est fix\u00e9 Mohamed Tabyaoui, expert marocain en gestion des risques naturels, quand il a mis en place \u00ab\u00a0INDAR\u00a0\u00bb, un syst\u00e8me intelligent\u00a0de pr\u00e9diction et d\u2019alerte pr\u00e9coce des inondations. L\u2019id\u00e9e du quinquag\u00e9naire marocain n\u2019a pas manqu\u00e9 d\u2019int\u00e9resser les responsables du programme Diafrikinvest -financ\u00e9 \u00e0 90% par l&rsquo;Union europ\u00e9enne- qui ont d\u00e9cid\u00e9 de le soutenir et de l\u2019accompagner.<\/span><\/span><\/span><\/i><\/span><\/span><\/span><\/p>\n<\/blockquote>\n<div data-quickedit-entity-id=\"paragraph\/1603\" class=\"paragraph paragraph--type--image-block paragraph--view-mode--default\">\n<div data-quickedit-field-id=\"paragraph\/1603\/field_para_image\/fr\/default\" class=\"node__media node__media--carousel node__media--right\">\n<div class=\"node__media-container\">\n              <img decoding=\"async\" data-src=\"https:\/\/eumedbridge.eu\/wp-content\/uploads\/2022\/08\/Screen-Shot-2019-09-19-at-09.22.09_1.png\" width=\"800\" height=\"450\" alt=\"\u00ab INDAR \u00bb, un syst\u00e8me intelligent de pr\u00e9diction et d\u2019alerte pr\u00e9coce des inondations soutenu par le programme Diafrikinvest financ\u00e9 par l&#039;UE\" typeof=\"foaf:Image\" class=\"img-responsive lazyload\" src=\"data:image\/svg+xml;base64,PHN2ZyB3aWR0aD0iMSIgaGVpZ2h0PSIxIiB4bWxucz0iaHR0cDovL3d3dy53My5vcmcvMjAwMC9zdmciPjwvc3ZnPg==\" style=\"--smush-placeholder-width: 800px; --smush-placeholder-aspect-ratio: 800\/450;\" \/><\/p>\n<div class=\"media__overlay\">\n<div class=\"row middle-xs\">\n<div class=\"col-xs-12 col-sm-4\">\n<div class=\"media__title\">\u00ab INDAR \u00bb, un syst\u00e8me intelligent de pr\u00e9diction et d\u2019alerte pr\u00e9coce des\u2026<\/div>\n<\/p><\/div>\n<div class=\"col-xs-12 col-sm-4\"><\/div>\n<div class=\"col-xs-12 col-sm-4\">\n<div class=\"media__share text-right\">\n                <a href=\"https:\/\/euneighbours.eu\/sites\/default\/files\/2019-09\/Screen%20Shot%202019-09-19%20at%2009.22.09_1.png\" title=\"\u00ab INDAR \u00bb, un syst\u00e8me intelligent de pr\u00e9diction et d\u2019alerte pr\u00e9coce des inondations soutenu par le programme Diafrikinvest financ\u00e9 par l&#039;UE\" data-colorbox-gallery=\"gallery-image_block-1603-GK_Ag-rU3e0\" class=\"colorbox media__fullscreen\" data-cbox-img-attrs=\"{\"alt\":\"\u00ab INDAR \u00bb, un syst\u00e8me intelligent de pr\u00e9diction et d\u2019alerte pr\u00e9coce des inondations soutenu par le programme Diafrikinvest financ\u00e9 par l&#039;UE\"}\"><br \/>\n          <i class=\"icon icon--fullscreen color--global-hover\"><\/i><br \/>\n        <\/a>\n      <\/div>\n<\/p><\/div>\n<\/p><\/div>\n<\/div><\/div>\n<div class=\"node__media-container\">\n              <img decoding=\"async\" data-src=\"https:\/\/eumedbridge.eu\/wp-content\/uploads\/2022\/08\/Screen-Shot-2019-09-19-at-09.19.28.png\" width=\"800\" height=\"450\" alt=\"\u00ab INDAR \u00bb, un syst\u00e8me intelligent de pr\u00e9diction et d\u2019alerte pr\u00e9coce des inondations soutenu par le programme Diafrikinvest financ\u00e9 par l&#039;UE\" typeof=\"foaf:Image\" class=\"img-responsive lazyload\" src=\"data:image\/svg+xml;base64,PHN2ZyB3aWR0aD0iMSIgaGVpZ2h0PSIxIiB4bWxucz0iaHR0cDovL3d3dy53My5vcmcvMjAwMC9zdmciPjwvc3ZnPg==\" style=\"--smush-placeholder-width: 800px; --smush-placeholder-aspect-ratio: 800\/450;\" \/><\/p>\n<div class=\"media__overlay\">\n<div class=\"row middle-xs\">\n<div class=\"col-xs-12 col-sm-4\">\n<div class=\"media__title\">\u00ab INDAR \u00bb, un syst\u00e8me intelligent de pr\u00e9diction et d\u2019alerte pr\u00e9coce des\u2026<\/div>\n<\/p><\/div>\n<div class=\"col-xs-12 col-sm-4\"><\/div>\n<div class=\"col-xs-12 col-sm-4\">\n<div class=\"media__share text-right\">\n                <a href=\"https:\/\/euneighbours.eu\/sites\/default\/files\/2019-09\/Screen%20Shot%202019-09-19%20at%2009.19.28.png\" title=\"\u00ab INDAR \u00bb, un syst\u00e8me intelligent de pr\u00e9diction et d\u2019alerte pr\u00e9coce des inondations soutenu par le programme Diafrikinvest financ\u00e9 par l&#039;UE\" data-colorbox-gallery=\"gallery-image_block-1603-GK_Ag-rU3e0\" class=\"colorbox media__fullscreen\" data-cbox-img-attrs=\"{\"alt\":\"\u00ab INDAR \u00bb, un syst\u00e8me intelligent de pr\u00e9diction et d\u2019alerte pr\u00e9coce des inondations soutenu par le programme Diafrikinvest financ\u00e9 par l&#039;UE\"}\"><br \/>\n          <i class=\"icon icon--fullscreen color--global-hover\"><\/i><br \/>\n        <\/a>\n      <\/div>\n<\/p><\/div>\n<\/p><\/div>\n<\/div><\/div>\n<div class=\"node__media-container\">\n              <img decoding=\"async\" data-src=\"https:\/\/eumedbridge.eu\/wp-content\/uploads\/2022\/08\/Screen-Shot-2019-09-19-at-09.20.06.png\" width=\"800\" height=\"450\" alt=\"\u00ab INDAR \u00bb, un syst\u00e8me intelligent de pr\u00e9diction et d\u2019alerte pr\u00e9coce des inondations soutenu par le programme Diafrikinvest financ\u00e9 par l&#039;UE\" typeof=\"foaf:Image\" class=\"img-responsive lazyload\" src=\"data:image\/svg+xml;base64,PHN2ZyB3aWR0aD0iMSIgaGVpZ2h0PSIxIiB4bWxucz0iaHR0cDovL3d3dy53My5vcmcvMjAwMC9zdmciPjwvc3ZnPg==\" style=\"--smush-placeholder-width: 800px; --smush-placeholder-aspect-ratio: 800\/450;\" \/><\/p>\n<div class=\"media__overlay\">\n<div class=\"row middle-xs\">\n<div class=\"col-xs-12 col-sm-4\">\n<div class=\"media__title\">\u00ab INDAR \u00bb, un syst\u00e8me intelligent de pr\u00e9diction et d\u2019alerte pr\u00e9coce des\u2026<\/div>\n<\/p><\/div>\n<div class=\"col-xs-12 col-sm-4\"><\/div>\n<div class=\"col-xs-12 col-sm-4\">\n<div class=\"media__share text-right\">\n                <a href=\"https:\/\/euneighbours.eu\/sites\/default\/files\/2019-09\/Screen%20Shot%202019-09-19%20at%2009.20.06.png\" title=\"\u00ab INDAR \u00bb, un syst\u00e8me intelligent de pr\u00e9diction et d\u2019alerte pr\u00e9coce des inondations soutenu par le programme Diafrikinvest financ\u00e9 par l&#039;UE\" data-colorbox-gallery=\"gallery-image_block-1603-GK_Ag-rU3e0\" class=\"colorbox media__fullscreen\" data-cbox-img-attrs=\"{\"alt\":\"\u00ab INDAR \u00bb, un syst\u00e8me intelligent de pr\u00e9diction et d\u2019alerte pr\u00e9coce des inondations soutenu par le programme Diafrikinvest financ\u00e9 par l&#039;UE\"}\"><br \/>\n          <i class=\"icon icon--fullscreen color--global-hover\"><\/i><br \/>\n        <\/a>\n      <\/div>\n<\/p><\/div>\n<\/p><\/div>\n<\/div><\/div>\n<div class=\"node__media-container\">\n              <img decoding=\"async\" data-src=\"https:\/\/eumedbridge.eu\/wp-content\/uploads\/2022\/08\/Screen-Shot-2019-09-19-at-09.20.40.png\" width=\"800\" height=\"450\" alt=\"\u00ab INDAR \u00bb, un syst\u00e8me intelligent de pr\u00e9diction et d\u2019alerte pr\u00e9coce des inondations soutenu par le programme Diafrikinvest financ\u00e9 par l&#039;UE\" typeof=\"foaf:Image\" class=\"img-responsive lazyload\" src=\"data:image\/svg+xml;base64,PHN2ZyB3aWR0aD0iMSIgaGVpZ2h0PSIxIiB4bWxucz0iaHR0cDovL3d3dy53My5vcmcvMjAwMC9zdmciPjwvc3ZnPg==\" style=\"--smush-placeholder-width: 800px; --smush-placeholder-aspect-ratio: 800\/450;\" \/><\/p>\n<div class=\"media__overlay\">\n<div class=\"row middle-xs\">\n<div class=\"col-xs-12 col-sm-4\">\n<div class=\"media__title\">\u00ab INDAR \u00bb, un syst\u00e8me intelligent de pr\u00e9diction et d\u2019alerte pr\u00e9coce des\u2026<\/div>\n<\/p><\/div>\n<div class=\"col-xs-12 col-sm-4\"><\/div>\n<div class=\"col-xs-12 col-sm-4\">\n<div class=\"media__share text-right\">\n                <a href=\"https:\/\/euneighbours.eu\/sites\/default\/files\/2019-09\/Screen%20Shot%202019-09-19%20at%2009.20.40.png\" title=\"\u00ab INDAR \u00bb, un syst\u00e8me intelligent de pr\u00e9diction et d\u2019alerte pr\u00e9coce des inondations soutenu par le programme Diafrikinvest financ\u00e9 par l&#039;UE\" data-colorbox-gallery=\"gallery-image_block-1603-GK_Ag-rU3e0\" class=\"colorbox media__fullscreen\" data-cbox-img-attrs=\"{\"alt\":\"\u00ab INDAR \u00bb, un syst\u00e8me intelligent de pr\u00e9diction et d\u2019alerte pr\u00e9coce des inondations soutenu par le programme Diafrikinvest financ\u00e9 par l&#039;UE\"}\"><br \/>\n          <i class=\"icon icon--fullscreen color--global-hover\"><\/i><br \/>\n        <\/a>\n      <\/div>\n<\/p><\/div>\n<\/p><\/div>\n<\/div><\/div>\n<div class=\"node__media-container\">\n              <img decoding=\"async\" data-src=\"https:\/\/eumedbridge.eu\/wp-content\/uploads\/2022\/08\/Screen-Shot-2019-09-19-at-09.21.31.png\" width=\"800\" height=\"450\" alt=\"\u00ab INDAR \u00bb, un syst\u00e8me intelligent de pr\u00e9diction et d\u2019alerte pr\u00e9coce des inondations soutenu par le programme Diafrikinvest financ\u00e9 par l&#039;UE\" typeof=\"foaf:Image\" class=\"img-responsive lazyload\" src=\"data:image\/svg+xml;base64,PHN2ZyB3aWR0aD0iMSIgaGVpZ2h0PSIxIiB4bWxucz0iaHR0cDovL3d3dy53My5vcmcvMjAwMC9zdmciPjwvc3ZnPg==\" style=\"--smush-placeholder-width: 800px; --smush-placeholder-aspect-ratio: 800\/450;\" \/><\/p>\n<div class=\"media__overlay\">\n<div class=\"row middle-xs\">\n<div class=\"col-xs-12 col-sm-4\">\n<div class=\"media__title\">\u00ab INDAR \u00bb, un syst\u00e8me intelligent de pr\u00e9diction et d\u2019alerte pr\u00e9coce des\u2026<\/div>\n<\/p><\/div>\n<div class=\"col-xs-12 col-sm-4\"><\/div>\n<div class=\"col-xs-12 col-sm-4\">\n<div class=\"media__share text-right\">\n                <a href=\"https:\/\/euneighbours.eu\/sites\/default\/files\/2019-09\/Screen%20Shot%202019-09-19%20at%2009.21.31.png\" title=\"\u00ab INDAR \u00bb, un syst\u00e8me intelligent de pr\u00e9diction et d\u2019alerte pr\u00e9coce des inondations soutenu par le programme Diafrikinvest financ\u00e9 par l&#039;UE\" data-colorbox-gallery=\"gallery-image_block-1603-GK_Ag-rU3e0\" class=\"colorbox media__fullscreen\" data-cbox-img-attrs=\"{\"alt\":\"\u00ab INDAR \u00bb, un syst\u00e8me intelligent de pr\u00e9diction et d\u2019alerte pr\u00e9coce des inondations soutenu par le programme Diafrikinvest financ\u00e9 par l&#039;UE\"}\"><br \/>\n          <i class=\"icon icon--fullscreen color--global-hover\"><\/i><br \/>\n        <\/a>\n      <\/div>\n<\/p><\/div>\n<\/p><\/div>\n<\/div><\/div>\n<\/p><\/div>\n<div data-quickedit-field-id=\"paragraph\/1603\/field_para_body\/fr\/default\" class=\"node__text\">\n<p class=\"m6200977125162210796gmail-x\" style=\"margin-top:16px; text-align:justify\"><span style=\"font-size:12pt\"><span style=\"background:white\"><span style=\"font-family:\"Times New Roman\",serif\"><span lang=\"FR\" style=\"border:none windowtext 1.0pt; font-size:14.0pt; padding:0cm\" xml_lang=\"FR\"><span style=\"font-family:\"Calibri\",sans-serif\"><span style=\"color:black\">L\u2019int\u00e9r\u00eat port\u00e9 par Mohamed aux risques naturels remonte \u00e0 2008, quand il a \u00e9t\u00e9 nomm\u00e9 membre d\u2019une cellule gouvernementale charg\u00e9e de coordination avec la Banque Mondiale en mati\u00e8re de gestion des risques naturels. Pendant cinq ans, la cellule s\u2019est pench\u00e9e sur le d\u00e9veloppement et la mise en place d\u2019une strat\u00e9gie nationale int\u00e9gr\u00e9e dans le domaine.\u00a0<i>\u00ab\u00a0Notre\u00a0sph\u00e8re\u00a0d\u2019intervention couvrait cinq risques\u00a0: Les inondations, les tsunamis, les tremblements de terre, les glissements de terrains et les s\u00e9cheresses\u00a0\u00bb\u00a0<\/i>pr\u00e9cise Mohamed.<\/span><\/span><\/span><\/span><\/span><\/span><\/p>\n<p class=\"m6200977125162210796gmail-x\" style=\"margin-top:16px; text-align:justify\"><span style=\"font-size:12pt\"><span style=\"background:white\"><span style=\"font-family:\"Times New Roman\",serif\"><span lang=\"FR\" style=\"border:none windowtext 1.0pt; font-size:14.0pt; padding:0cm\" xml_lang=\"FR\"><span style=\"font-family:\"Calibri\",sans-serif\"><span style=\"color:black\">Quelques\u00a0ann\u00e9es plus tard, Mohamed quittera la cellule mais\u00a0l\u2019id\u00e9e d\u2019abandonner un domaine qui\u00a0d\u00e9sormais le tenait \u00e0 c\u0153ur lui semblait inimaginable.\u00a0<i>\u00ab\u00a0Je me demandais: dois-je mettre de c\u00f4t\u00e9 tout ce que j&rsquo;ai appris ou capitaliser sur mon exp\u00e9rience et savoir-faire pour contribuer \u00e0 produire quelque chose d&rsquo;utile pour mon pays?\u00a0\u00bb<\/i>.<\/span><\/span><\/span><\/span><\/span><\/span><\/p>\n<p class=\"m6200977125162210796gmail-x\" style=\"margin-top:16px; text-align:justify\"><span style=\"font-size:12pt\"><span style=\"background:white\"><span style=\"font-family:\"Times New Roman\",serif\"><span lang=\"FR\" style=\"font-size:14.0pt\" xml_lang=\"FR\"><span style=\"font-family:\"Calibri\",sans-serif\"><span style=\"color:black\">La r\u00e9ponse \u00e0 cette question se\u00a0pr\u00e9cisera en 2014 lorsque des inondations frapperont la ville de Guelmim, dans le sud du pays, faisant 47 morts et pr\u00e8s de 530 millions d\u2019euros de pertes, selon la Banque mondiale. <i>\u00ab\u00a0Ce fut l&rsquo;une des pires inondations que le pays ait connues au cours des 20 derni\u00e8res ann\u00e9es. Si nous disposions d\u2019un syst\u00e8me intelligent d&rsquo;alerte pr\u00e9coce, l&rsquo;ampleur des pertes aurait \u00e9t\u00e9 moins importante\u00a0\u00bb<\/i>, estime-t-il avec beaucoup de regret.<\/span><\/span><\/span><\/span><\/span><\/span><\/p>\n<p class=\"m6200977125162210796gmail-x\" style=\"margin-top:16px; text-align:justify\"><span style=\"font-size:12pt\"><span style=\"background:white\"><span style=\"font-family:\"Times New Roman\",serif\"><span lang=\"FR\" style=\"border:none windowtext 1.0pt; font-size:14.0pt; padding:0cm\" xml_lang=\"FR\"><span style=\"font-family:\"Calibri\",sans-serif\"><span style=\"color:black\">Mohamed admet que <i>\u00ab\u00a0<\/i>le Maroc a r\u00e9alis\u00e9 depuis le temps des avanc\u00e9es consid\u00e9rables dans le domaine de la gestion des risques en termes d\u2019infrastructures et de solutions acquises<i>\u00ab\u00a0<\/i>. Toutefois pour passer \u00e0 la vitesse sup\u00e9rieure dans ce domaine les d\u00e9partements responsables <i>\u00ab\u00a0<\/i>doivent s\u2019ouvrir sur l\u2019innovation<i>\u201d<\/i>.\u00a0<\/span><\/span><\/span><span lang=\"FR\" style=\"font-size:14.0pt\" xml_lang=\"FR\"><span style=\"font-family:\"Calibri\",sans-serif\"><span style=\"color:black\">L\u2019implication des start-ups marocaines dans la lutte contre les risques naturels donnera au Maroc, selon Mohamed <i>\u00ab\u00a0<\/i>l\u2019avantage de leur agilit\u00e9 \u00e0 d\u00e9velopper une technologie de pointe locale \u00e0 co\u00fbt bas et qui, de surcro\u00eet, pourrait s\u2019exporter en Afrique et dans le monde<i>\u00ab\u00a0<\/i>.<\/span><\/span><\/span><\/span><\/span><\/span><\/p>\n<p class=\"m6200977125162210796gmail-x\" style=\"margin-top:16px; text-align:justify\"><span style=\"font-size:12pt\"><span style=\"background:white\"><span style=\"font-family:\"Times New Roman\",serif\"><span lang=\"FR\" style=\"border:none windowtext 1.0pt; font-size:14.0pt; padding:0cm\" xml_lang=\"FR\"><span style=\"font-family:\"Calibri\",sans-serif\"><span style=\"color:black\">C\u2019est dans cet esprit qu\u2019il a fond\u00e9 la start-up \u00ab\u00a0<\/span><\/span><\/span><span lang=\"FR\" style=\"font-size:14.0pt\" xml_lang=\"FR\"><span style=\"color:black\"><a href=\"http:\/\/prev-dev.com\/\" style=\"color:blue; text-decoration:underline\" target=\"_blank\" rel=\"noopener\"><span style=\"border:none windowtext 1.0pt; font-family:\"Calibri\",sans-serif; padding:0cm\">PREV DEV<\/span><\/a><\/span><\/span><b><i><span lang=\"FR\" style=\"border:none windowtext 1.0pt; font-size:14.0pt; padding:0cm\" xml_lang=\"FR\"><span style=\"font-family:\"Calibri\",sans-serif\"><span style=\"color:black\">\u00ab\u00a0<\/span><\/span><\/span><\/i><\/b> <span lang=\"FR\" style=\"font-size:14.0pt\" xml_lang=\"FR\"><span style=\"font-family:\"Calibri\",sans-serif\"><span style=\"color:black\">avec comme objectif\u00a0le d\u00e9veloppement <span style=\"border:none windowtext 1.0pt; padding:0cm\">de solutions intelligentes pour alerter de fa\u00e7on tr\u00e8s pr\u00e9coce les inondations.\u00a0Se basant sur une exp\u00e9rience de terrain, mais aussi sur une formation solide en management des syst\u00e8mes d\u2019information acquise\u00a0\u00e0 l\u2019Universit\u00e9 Carnegie Mellon de Pittsburgh, Pennsylvanie (1979), et \u00e0 la University of Washington \u00e0 Seattle (2007),\u00a0Mohamed s\u2019est attel\u00e9 avec ses \u00e9quipes, et l\u2019aide d<\/span><\/span><\/span><\/span><span lang=\"FR\" style=\"font-size:14.0pt\" xml_lang=\"FR\"><span style=\"color:black\">e l\u2019<\/span><\/span><span lang=\"FR\" style=\"border:none windowtext 1.0pt; font-size:14.0pt; padding:0cm\" xml_lang=\"FR\"><span style=\"font-family:\"Calibri\",sans-serif\"><span style=\"color:black\">Agence du bassin du Bouregreg et de la Chaouia ainsi que\u00a0le soutien de la coop\u00e9ration suisse, sur le d\u00e9veloppement de la premi\u00e8re version d\u2019un syst\u00e8me qu\u2019il a baptis\u00e9 \u00abINDAR\u00bb (Alerte en langue arabe).<\/span><\/span><\/span><\/span><\/span><\/span><\/p>\n<\/div>\n<div class=\"node_view\"><\/div>\n<\/p><\/div>\n<div data-quickedit-entity-id=\"paragraph\/1604\" class=\"paragraph paragraph--type--image-block paragraph--view-mode--default\">\n<div data-quickedit-field-id=\"paragraph\/1604\/field_para_image\/fr\/default\" class=\"node__media node__media--carousel node__media--right\">\n<div class=\"node__media-container\">\n              <img decoding=\"async\" data-src=\"https:\/\/eumedbridge.eu\/wp-content\/uploads\/2022\/08\/Douar-Khaili-Marrakech-6.jpg\" width=\"800\" height=\"450\" alt=\"\u00ab INDAR \u00bb, un syst\u00e8me intelligent de pr\u00e9diction et d\u2019alerte pr\u00e9coce des inondations soutenu par le programme Diafrikinvest financ\u00e9 par l&#039;UE\" typeof=\"foaf:Image\" class=\"img-responsive lazyload\" src=\"data:image\/svg+xml;base64,PHN2ZyB3aWR0aD0iMSIgaGVpZ2h0PSIxIiB4bWxucz0iaHR0cDovL3d3dy53My5vcmcvMjAwMC9zdmciPjwvc3ZnPg==\" style=\"--smush-placeholder-width: 800px; --smush-placeholder-aspect-ratio: 800\/450;\" \/><\/p>\n<div class=\"media__overlay\">\n<div class=\"row middle-xs\">\n<div class=\"col-xs-12 col-sm-4\">\n<div class=\"media__title\">\u00ab INDAR \u00bb, un syst\u00e8me intelligent de pr\u00e9diction et d\u2019alerte pr\u00e9coce des\u2026<\/div>\n<\/p><\/div>\n<div class=\"col-xs-12 col-sm-4\"><\/div>\n<div class=\"col-xs-12 col-sm-4\">\n<div class=\"media__share text-right\">\n                <a href=\"https:\/\/euneighbours.eu\/sites\/default\/files\/2019-09\/Douar%20Khaili%20Marrakech%20%286%29.jpg\" title=\"\u00ab INDAR \u00bb, un syst\u00e8me intelligent de pr\u00e9diction et d\u2019alerte pr\u00e9coce des inondations soutenu par le programme Diafrikinvest financ\u00e9 par l&#039;UE\" data-colorbox-gallery=\"gallery-image_block-1604-GK_Ag-rU3e0\" class=\"colorbox media__fullscreen\" data-cbox-img-attrs=\"{\"alt\":\"\u00ab INDAR \u00bb, un syst\u00e8me intelligent de pr\u00e9diction et d\u2019alerte pr\u00e9coce des inondations soutenu par le programme Diafrikinvest financ\u00e9 par l&#039;UE\"}\"><br \/>\n          <i class=\"icon icon--fullscreen color--global-hover\"><\/i><br \/>\n        <\/a>\n      <\/div>\n<\/p><\/div>\n<\/p><\/div>\n<\/div><\/div>\n<div class=\"node__media-container\">\n              <img decoding=\"async\" data-src=\"https:\/\/eumedbridge.eu\/wp-content\/uploads\/2022\/08\/Issil-Marrakech-1-14.jpg\" width=\"800\" height=\"450\" alt=\"\u00ab INDAR \u00bb, un syst\u00e8me intelligent de pr\u00e9diction et d\u2019alerte pr\u00e9coce des inondations soutenu par le programme Diafrikinvest financ\u00e9 par l&#039;UE\" typeof=\"foaf:Image\" class=\"img-responsive lazyload\" src=\"data:image\/svg+xml;base64,PHN2ZyB3aWR0aD0iMSIgaGVpZ2h0PSIxIiB4bWxucz0iaHR0cDovL3d3dy53My5vcmcvMjAwMC9zdmciPjwvc3ZnPg==\" style=\"--smush-placeholder-width: 800px; --smush-placeholder-aspect-ratio: 800\/450;\" \/><\/p>\n<div class=\"media__overlay\">\n<div class=\"row middle-xs\">\n<div class=\"col-xs-12 col-sm-4\">\n<div class=\"media__title\">\u00ab INDAR \u00bb, un syst\u00e8me intelligent de pr\u00e9diction et d\u2019alerte pr\u00e9coce des\u2026<\/div>\n<\/p><\/div>\n<div class=\"col-xs-12 col-sm-4\"><\/div>\n<div class=\"col-xs-12 col-sm-4\">\n<div class=\"media__share text-right\">\n                <a href=\"https:\/\/euneighbours.eu\/sites\/default\/files\/2019-09\/Issil%20Marrakech%201%20%2814%29.jpg\" title=\"\u00ab INDAR \u00bb, un syst\u00e8me intelligent de pr\u00e9diction et d\u2019alerte pr\u00e9coce des inondations soutenu par le programme Diafrikinvest financ\u00e9 par l&#039;UE\" data-colorbox-gallery=\"gallery-image_block-1604-GK_Ag-rU3e0\" class=\"colorbox media__fullscreen\" data-cbox-img-attrs=\"{\"alt\":\"\u00ab INDAR \u00bb, un syst\u00e8me intelligent de pr\u00e9diction et d\u2019alerte pr\u00e9coce des inondations soutenu par le programme Diafrikinvest financ\u00e9 par l&#039;UE\"}\"><br \/>\n          <i class=\"icon icon--fullscreen color--global-hover\"><\/i><br \/>\n        <\/a>\n      <\/div>\n<\/p><\/div>\n<\/p><\/div>\n<\/div><\/div>\n<div class=\"node__media-container\">\n              <img decoding=\"async\" data-src=\"https:\/\/eumedbridge.eu\/wp-content\/uploads\/2022\/08\/Issil-Marrakech-3.jpg\" width=\"800\" height=\"450\" alt=\"\u00ab INDAR \u00bb, un syst\u00e8me intelligent de pr\u00e9diction et d\u2019alerte pr\u00e9coce des inondations soutenu par le programme Diafrikinvest financ\u00e9 par l&#039;UE\" typeof=\"foaf:Image\" class=\"img-responsive lazyload\" src=\"data:image\/svg+xml;base64,PHN2ZyB3aWR0aD0iMSIgaGVpZ2h0PSIxIiB4bWxucz0iaHR0cDovL3d3dy53My5vcmcvMjAwMC9zdmciPjwvc3ZnPg==\" style=\"--smush-placeholder-width: 800px; --smush-placeholder-aspect-ratio: 800\/450;\" \/><\/p>\n<div class=\"media__overlay\">\n<div class=\"row middle-xs\">\n<div class=\"col-xs-12 col-sm-4\">\n<div class=\"media__title\">\u00ab INDAR \u00bb, un syst\u00e8me intelligent de pr\u00e9diction et d\u2019alerte pr\u00e9coce des\u2026<\/div>\n<\/p><\/div>\n<div class=\"col-xs-12 col-sm-4\"><\/div>\n<div class=\"col-xs-12 col-sm-4\">\n<div class=\"media__share text-right\">\n                <a href=\"https:\/\/euneighbours.eu\/sites\/default\/files\/2019-09\/Issil%20Marrakech%203.jpg\" title=\"\u00ab INDAR \u00bb, un syst\u00e8me intelligent de pr\u00e9diction et d\u2019alerte pr\u00e9coce des inondations soutenu par le programme Diafrikinvest financ\u00e9 par l&#039;UE\" data-colorbox-gallery=\"gallery-image_block-1604-GK_Ag-rU3e0\" class=\"colorbox media__fullscreen\" data-cbox-img-attrs=\"{\"alt\":\"\u00ab INDAR \u00bb, un syst\u00e8me intelligent de pr\u00e9diction et d\u2019alerte pr\u00e9coce des inondations soutenu par le programme Diafrikinvest financ\u00e9 par l&#039;UE\"}\"><br \/>\n          <i class=\"icon icon--fullscreen color--global-hover\"><\/i><br \/>\n        <\/a>\n      <\/div>\n<\/p><\/div>\n<\/p><\/div>\n<\/div><\/div>\n<div class=\"node__media-container\">\n              <img decoding=\"async\" data-src=\"https:\/\/eumedbridge.eu\/wp-content\/uploads\/2022\/08\/Oualmas-Ourika-15.jpg\" width=\"800\" height=\"450\" alt=\"\u00ab INDAR \u00bb, un syst\u00e8me intelligent de pr\u00e9diction et d\u2019alerte pr\u00e9coce des inondations soutenu par le programme Diafrikinvest financ\u00e9 par l&#039;UE\" typeof=\"foaf:Image\" class=\"img-responsive lazyload\" src=\"data:image\/svg+xml;base64,PHN2ZyB3aWR0aD0iMSIgaGVpZ2h0PSIxIiB4bWxucz0iaHR0cDovL3d3dy53My5vcmcvMjAwMC9zdmciPjwvc3ZnPg==\" style=\"--smush-placeholder-width: 800px; --smush-placeholder-aspect-ratio: 800\/450;\" \/><\/p>\n<div class=\"media__overlay\">\n<div class=\"row middle-xs\">\n<div class=\"col-xs-12 col-sm-4\">\n<div class=\"media__title\">\u00ab INDAR \u00bb, un syst\u00e8me intelligent de pr\u00e9diction et d\u2019alerte pr\u00e9coce des\u2026<\/div>\n<\/p><\/div>\n<div class=\"col-xs-12 col-sm-4\"><\/div>\n<div class=\"col-xs-12 col-sm-4\">\n<div class=\"media__share text-right\">\n                <a href=\"https:\/\/euneighbours.eu\/sites\/default\/files\/2019-09\/Oualmas%20Ourika%2015.jpg\" title=\"\u00ab INDAR \u00bb, un syst\u00e8me intelligent de pr\u00e9diction et d\u2019alerte pr\u00e9coce des inondations soutenu par le programme Diafrikinvest financ\u00e9 par l&#039;UE\" data-colorbox-gallery=\"gallery-image_block-1604-GK_Ag-rU3e0\" class=\"colorbox media__fullscreen\" data-cbox-img-attrs=\"{\"alt\":\"\u00ab INDAR \u00bb, un syst\u00e8me intelligent de pr\u00e9diction et d\u2019alerte pr\u00e9coce des inondations soutenu par le programme Diafrikinvest financ\u00e9 par l&#039;UE\"}\"><br \/>\n          <i class=\"icon icon--fullscreen color--global-hover\"><\/i><br \/>\n        <\/a>\n      <\/div>\n<\/p><\/div>\n<\/p><\/div>\n<\/div><\/div>\n<div class=\"node__media-container\">\n              <img decoding=\"async\" data-src=\"https:\/\/eumedbridge.eu\/wp-content\/uploads\/2022\/08\/Douar-Khaili-Marrakech-2.jpg\" width=\"800\" height=\"450\" alt=\"\u00ab INDAR \u00bb, un syst\u00e8me intelligent de pr\u00e9diction et d\u2019alerte pr\u00e9coce des inondations soutenu par le programme Diafrikinvest financ\u00e9 par l&#039;UE\" typeof=\"foaf:Image\" class=\"img-responsive lazyload\" src=\"data:image\/svg+xml;base64,PHN2ZyB3aWR0aD0iMSIgaGVpZ2h0PSIxIiB4bWxucz0iaHR0cDovL3d3dy53My5vcmcvMjAwMC9zdmciPjwvc3ZnPg==\" style=\"--smush-placeholder-width: 800px; --smush-placeholder-aspect-ratio: 800\/450;\" \/><\/p>\n<div class=\"media__overlay\">\n<div class=\"row middle-xs\">\n<div class=\"col-xs-12 col-sm-4\">\n<div class=\"media__title\">\u00ab INDAR \u00bb, un syst\u00e8me intelligent de pr\u00e9diction et d\u2019alerte pr\u00e9coce des\u2026<\/div>\n<\/p><\/div>\n<div class=\"col-xs-12 col-sm-4\"><\/div>\n<div class=\"col-xs-12 col-sm-4\">\n<div class=\"media__share text-right\">\n                <a href=\"https:\/\/euneighbours.eu\/sites\/default\/files\/2019-09\/Douar%20Khaili%20Marrakech%20%282%29.jpg\" title=\"\u00ab INDAR \u00bb, un syst\u00e8me intelligent de pr\u00e9diction et d\u2019alerte pr\u00e9coce des inondations soutenu par le programme Diafrikinvest financ\u00e9 par l&#039;UE\" data-colorbox-gallery=\"gallery-image_block-1604-GK_Ag-rU3e0\" class=\"colorbox media__fullscreen\" data-cbox-img-attrs=\"{\"alt\":\"\u00ab INDAR \u00bb, un syst\u00e8me intelligent de pr\u00e9diction et d\u2019alerte pr\u00e9coce des inondations soutenu par le programme Diafrikinvest financ\u00e9 par l&#039;UE\"}\"><br \/>\n          <i class=\"icon icon--fullscreen color--global-hover\"><\/i><br \/>\n        <\/a>\n      <\/div>\n<\/p><\/div>\n<\/p><\/div>\n<\/div><\/div>\n<\/p><\/div>\n<div data-quickedit-field-id=\"paragraph\/1604\/field_para_body\/fr\/default\" class=\"node__text\">\n<p class=\"m6200977125162210796gmail-x\" style=\"margin-top:16px; text-align:justify\"><span style=\"font-size:12pt\"><span style=\"background:white\"><span style=\"font-family:\"Times New Roman\",serif\"><b><i><span lang=\"FR\" style=\"border:none windowtext 1.0pt; font-size:14.0pt; padding:0cm\" xml_lang=\"FR\"><span style=\"font-family:\"Calibri\",sans-serif\"><span style=\"color:black\">INDAR\u00a0: Mode d\u2019emploi<\/span><\/span><\/span><\/i><\/b><\/span><\/span><\/span><\/p>\n<p class=\"m6200977125162210796gmail-x\" style=\"margin-top:16px; text-align:justify\"><span style=\"font-size:12pt\"><span style=\"background:white\"><span style=\"font-family:\"Times New Roman\",serif\"><span lang=\"FR\" style=\"border:none windowtext 1.0pt; font-size:14.0pt; padding:0cm\" xml_lang=\"FR\"><span style=\"font-family:\"Calibri\",sans-serif\"><span style=\"color:black\">Pour Mohamed,\u00a0<i>\u00ab\u00a0Dans le domaine de la gestion des risques, chaque seconde a sa valeur. Le fonctionnement d\u2019INDAR devait donc imp\u00e9rativement se focaliser sur la pr\u00e9diction et l\u2019alerte pr\u00e9coce pour r\u00e9duire l\u2019impact des catastrophes sur la population, les infrastructures et l\u2019activit\u00e9 \u00e9conomique\u00a0\u00bb<\/i>.<\/span><\/span><\/span><\/span><\/span><\/span><\/p>\n<p class=\"m6200977125162210796gmail-x\" style=\"margin-top:16px; text-align:justify\"><span style=\"font-size:12pt\"><span style=\"background:white\"><span style=\"font-family:\"Times New Roman\",serif\"><span lang=\"FR\" style=\"border:none windowtext 1.0pt; font-size:14.0pt; padding:0cm\" xml_lang=\"FR\"><span style=\"font-family:\"Calibri\",sans-serif\"><span style=\"color:black\">Gr\u00e2ce \u00e0 ses algorithmes, INDAR proc\u00e8de de fa\u00e7on automatique \u00e0 l\u2019\u00e9valuation des situations hydro-pluviom\u00e9triques dans une zone menac\u00e9e. Si le risque d\u2019inondations est imminent, il \u00e9met de fa\u00e7on anticip\u00e9e et automatique des alertes 48h avant l\u2019occurrence de la crise.<\/span><\/span><\/span><\/span><\/span><\/span><\/p>\n<p class=\"m6200977125162210796gmail-x\" style=\"margin-top:16px; text-align:justify\"><span style=\"font-size:12pt\"><span style=\"background:white\"><span style=\"font-family:\"Times New Roman\",serif\"><span lang=\"FR\" style=\"border:none windowtext 1.0pt; font-size:14.0pt; padding:0cm\" xml_lang=\"FR\"><span style=\"font-family:\"Calibri\",sans-serif\"><span style=\"color:black\">L\u2019avantage\u00a0<i>\u00ab\u00a0est que INDAR offre aux responsables de la gestion des risques suffisamment de temps pour pouvoir intervenir de mani\u00e8re pr\u00e9ventive pour \u00e9vacuer la population menac\u00e9e ou prot\u00e9ger des infrastructures sensibles\u00a0\u00bb<\/i>.<\/span><\/span><\/span><\/span><\/span><\/span><\/p>\n<p class=\"m6200977125162210796gmail-x\" style=\"margin-top:16px; text-align:justify\"><span style=\"font-size:12pt\"><span style=\"background:white\"><span style=\"font-family:\"Times New Roman\",serif\"><span lang=\"FR\" style=\"border:none windowtext 1.0pt; font-size:14.0pt; padding:0cm\" xml_lang=\"FR\"><span style=\"font-family:\"Calibri\",sans-serif\"><span style=\"color:black\">Et pour que ces responsables se fassent une image pr\u00e9cise de ce qui pourrait se produire sur le terrain\u00a0<i>\u00ab\u00a0INDAR permet de visualiser en 2D et 3D et avec\u00a0une g\u00e9olocalisation pr\u00e9cise, les infrastructures strat\u00e9giques menac\u00e9es par les inondations tels que les chemins de fer, les routes, les zones industrielles, etc.\u00a0\u00bb<\/i>\u00a0ajoute Mohamed.<\/span><\/span><\/span><\/span><\/span><\/span><\/p>\n<p class=\"m6200977125162210796gmail-x\" style=\"margin-top:16px; text-align:justify\"><span style=\"font-size:12pt\"><span style=\"background:white\"><span style=\"font-family:\"Times New Roman\",serif\"><span lang=\"FR\" style=\"border:none windowtext 1.0pt; font-size:14.0pt; padding:0cm\" xml_lang=\"FR\"><span style=\"font-family:\"Calibri\",sans-serif\"><span style=\"color:black\">\u00ab\u00a0INDAR\u201d peut \u00e9galement g\u00e9n\u00e9rer un bulletin d\u2019alerte et le dispatcher aupr\u00e8s des personnes et organismes autoris\u00e9s.\u00a0<i>\u00ab\u00a0Cela facilite le travail collaboratif qu\u2019exige l\u2019action de lutte contre les inondations tout en \u00e9vitant la distorsion de l\u2019information\u201d,\u00a0<\/i>affirme Mohamed<i>.<\/i><\/span><\/span><\/span><\/span><\/span><\/span><\/p>\n<p class=\"m6200977125162210796gmail-x\" style=\"margin-top:16px; text-align:justify\"><span style=\"font-size:12pt\"><span style=\"background:white\"><span style=\"font-family:\"Times New Roman\",serif\"><span lang=\"FR\" style=\"border:none windowtext 1.0pt; font-size:14.0pt; padding:0cm\" xml_lang=\"FR\"><span style=\"font-family:\"Calibri\",sans-serif\"><span style=\"color:black\">L\u2019un des plus grand avantage d\u2019INDAR est la mobilit\u00e9 que procure une application t\u00e9l\u00e9chargeable sur le t\u00e9l\u00e9phone.\u00a0<i>\u00ab\u00a0Au Maroc, le suivi technologique des risques se fait g\u00e9n\u00e9ralement depuis un bureau, mais gr\u00e2ce \u00e0 INDAR, les responsables peuvent, \u00e0 n\u2019importe quels lieu et moment, \u00e9valuer la situation et dispatcher les instructions\u00a0\u00bb,\u00a0<\/i>explique Mohamed.<\/span><\/span><\/span><\/span><\/span><\/span><\/p>\n<p class=\"m6200977125162210796gmail-x\" style=\"margin-top:16px; text-align:justify\"><span style=\"font-size:12pt\"><span style=\"background:white\"><span style=\"font-family:\"Times New Roman\",serif\"><span lang=\"FR\" style=\"border:none windowtext 1.0pt; font-size:14.0pt; padding:0cm\" xml_lang=\"FR\"><span style=\"font-family:\"Calibri\",sans-serif\"><span style=\"color:black\">INDAR a montr\u00e9 son efficacit\u00e9 lors des tests avec des datas virtuelles. Reste maintenant \u00e0 r\u00e9ussir des tests dans les conditions r\u00e9elles pour que\u00a0Mohamed et PREV DEV puissent convaincre les responsables de\u00a0l\u2019indispensabilit\u00e9 de leur syst\u00e8me intelligent de pr\u00e9diction et d\u2019alerte pr\u00e9coce.<\/span><\/span><\/span><\/span><\/span><\/span><\/p>\n<p class=\"m6200977125162210796gmail-x\" style=\"margin-top:16px; text-align:justify\"><span style=\"font-size:12pt\"><span style=\"background:white\"><span style=\"font-family:\"Times New Roman\",serif\"><b><i><span lang=\"FR\" style=\"border:none windowtext 1.0pt; font-size:14.0pt; padding:0cm\" xml_lang=\"FR\"><span style=\"font-family:\"Calibri\",sans-serif\"><span style=\"color:black\">Plaidoyer en faveur d&rsquo;INDAR<\/span><\/span><\/span><\/i><\/b><\/span><\/span><\/span><\/p>\n<p class=\"m6200977125162210796gmail-x\" style=\"margin-top:16px; text-align:justify\"><span style=\"font-size:12pt\"><span style=\"background:white\"><span style=\"font-family:\"Times New Roman\",serif\"><span lang=\"FR\" style=\"border:none windowtext 1.0pt; font-size:14.0pt; padding:0cm\" xml_lang=\"FR\"><span style=\"font-family:\"Calibri\",sans-serif\"><span style=\"color:black\">Dans une \u00e9tude publi\u00e9e en 2016, la Banque Mondiale affirme que\u00a0<i>\u00ab\u00a0le risque des catastrophes naturelles au Maroc, y compris des inondations, pr\u00e9sente un caract\u00e8re \u00e0 la fois chronique et s\u00e9v\u00e8re\u00a0\u00bb<\/i>. La Banque\u00a0estime les pertes annuelles moyennes dues aux catastrophes naturelles au Maroc entre 2000 et 2013 \u00e0 au moins 7,8 milliards de dirhams (715 millions d\u2019euros), dont environ 60% \u00e0 cause des inondations.<\/span><\/span><\/span><\/span><\/span><\/span><\/p>\n<p class=\"m6200977125162210796gmail-x\" style=\"margin-top:16px; text-align:justify\"><span style=\"font-size:12pt\"><span style=\"background:white\"><span style=\"font-family:\"Times New Roman\",serif\"><span lang=\"FR\" style=\"border:none windowtext 1.0pt; font-size:14.0pt; padding:0cm\" xml_lang=\"FR\"><span style=\"font-family:\"Calibri\",sans-serif\"><span style=\"color:black\">Outre les inondations qui ont frapp\u00e9 la ville de Guelmim en 2014, le Maroc compte plus de 250 points noirs menac\u00e9s par les inondations,\u00a0<i>\u00ab\u00a0d\u2019o\u00f9 la n\u00e9cessit\u00e9 de d\u00e9ployer un syst\u00e8me comme INDAR dans les zones \u00e0 risque\u201d,\u00a0<\/i>estime Mohamed. <\/span><\/span><\/span><\/span><\/span><\/span><\/p>\n<p class=\"m6200977125162210796gmail-x\" style=\"margin-top:16px; text-align:justify\"><span style=\"font-size:12pt\"><span style=\"background:white\"><span style=\"font-family:\"Times New Roman\",serif\"><span lang=\"FR\" style=\"border:none windowtext 1.0pt; font-size:14.0pt; padding:0cm\" xml_lang=\"FR\"><span style=\"font-family:\"Calibri\",sans-serif\"><span style=\"color:black\">Ses pr\u00e9occupations sont confort\u00e9es par un rapport publi\u00e9 en 2018 par l&rsquo;UNISDR (Bureau des Nations Unies pour la r\u00e9duction des risques des catastrophes). Il y est indiqu\u00e9 que les 20 derni\u00e8res ann\u00e9es ont \u00e9t\u00e9 marqu\u00e9es par une augmentation spectaculaire de 151% des pertes \u00e9conomiques directes r\u00e9sultantes de catastrophes li\u00e9es au climat. <\/span><\/span><\/span><\/span><\/span><\/span><\/p>\n<p class=\"m6200977125162210796gmail-x\" style=\"margin-top:16px; text-align:justify\"><span style=\"font-size:12pt\"><span style=\"background:white\"><span style=\"font-family:\"Times New Roman\",serif\"><span lang=\"FR\" style=\"border:none windowtext 1.0pt; font-size:14.0pt; padding:0cm\" xml_lang=\"FR\"><span style=\"font-family:\"Calibri\",sans-serif\"><span style=\"color:black\">Par ailleurs, le rapport pr\u00e9dit une vuln\u00e9rabilit\u00e9 extr\u00eame de 42% des zones c\u00f4ti\u00e8res marocaines face aux inondations et aux \u00e9rosions \u00e0\u00a0l\u2019horizon de 2030. Ces zones abriteront la majorit\u00e9 de la population (24 millions), la plupart des grandes villes et les infrastructures \u00e9conomiques les plus importantes. R\u00e9sultat\u00a0: plus de pertes et d\u00e9g\u00e2ts sont\u00a0envisageables si on n\u2019acc\u00e9l\u00e8re pas la cadence de mise en place des dispositifs de pr\u00e9vention contre ces fl\u00e9aux.<\/span><\/span><\/span><\/span><\/span><\/span><\/p>\n<p class=\"m6200977125162210796gmail-x\" style=\"margin-top:16px; text-align:justify\"><span style=\"font-size:12pt\"><span style=\"background:white\"><span style=\"font-family:\"Times New Roman\",serif\"><span lang=\"FR\" style=\"border:none windowtext 1.0pt; font-size:14.0pt; padding:0cm\" xml_lang=\"FR\"><span style=\"font-family:\"Calibri\",sans-serif\"><span style=\"color:black\">La Banque mondiale conclut de son c\u00f4t\u00e9 que l&rsquo;aggravation de la situation suite aux inondations affectera principalement les Marocains \u00e0 faible revenu et entravera les efforts de lutte contre la pauvret\u00e9, <\/span><\/span><\/span><span lang=\"FR\" style=\"font-size:14.0pt\" xml_lang=\"FR\"><span style=\"font-family:\"Calibri\",sans-serif\"><span style=\"color:black\">avertissant le gouvernement d\u2019un m\u00e9contentement des Marocains face \u00e0 l\u2019incapacit\u00e9 de r\u00e9duire les risques, qui pourrait rapidement conduire \u00e0 des troubles sociaux.<\/span><\/span><\/span><\/span><\/span><\/span><\/p>\n<p class=\"m6200977125162210796gmail-x\" style=\"margin-top:16px; text-align:justify\"><span style=\"font-size:12pt\"><span style=\"background:white\"><span style=\"font-family:\"Times New Roman\",serif\"><span lang=\"FR\" style=\"border:none windowtext 1.0pt; font-size:14.0pt; padding:0cm\" xml_lang=\"FR\"><span style=\"font-family:\"Calibri\",sans-serif\"><span style=\"color:black\">Pour rem\u00e9dier \u00e0 cette situation, Mohamed pense qu\u2019il\u00a0\u00ab\u00a0faut mettre les nouvelles technologies au centre d\u2019une politique\u00a0int\u00e9gr\u00e9e en mati\u00e8re de gestions des risques et de r\u00e9siliences li\u00e9es aux inondations\u00a0\u00bb.<\/span><\/span><\/span><\/span><\/span><\/span><\/p>\n<\/div>\n<div class=\"node_view\"><\/div>\n<\/p><\/div>\n<div data-quickedit-entity-id=\"paragraph\/1605\" class=\"paragraph paragraph--type--image-block paragraph--view-mode--default\">\n<div data-quickedit-field-id=\"paragraph\/1605\/field_para_image\/fr\/default\" class=\"node__media node__media--carousel node__media--right\">\n<div class=\"node__media-container\">\n              <img decoding=\"async\" data-src=\"https:\/\/eumedbridge.eu\/wp-content\/uploads\/2022\/08\/Mohammed-Tabyaoui002-photo-JALAL-ALMAKHFI.jpg\" width=\"800\" height=\"450\" alt=\"Mohamed Tabyaoui\" typeof=\"foaf:Image\" class=\"img-responsive lazyload\" src=\"data:image\/svg+xml;base64,PHN2ZyB3aWR0aD0iMSIgaGVpZ2h0PSIxIiB4bWxucz0iaHR0cDovL3d3dy53My5vcmcvMjAwMC9zdmciPjwvc3ZnPg==\" style=\"--smush-placeholder-width: 800px; --smush-placeholder-aspect-ratio: 800\/450;\" \/><\/p>\n<div class=\"media__overlay\">\n<div class=\"row middle-xs\">\n<div class=\"col-xs-12 col-sm-4\">\n<div class=\"media__title\">Mohamed Tabyaoui<\/div>\n<\/p><\/div>\n<div class=\"col-xs-12 col-sm-4\"><\/div>\n<div class=\"col-xs-12 col-sm-4\">\n<div class=\"media__share text-right\">\n                <a href=\"https:\/\/euneighbours.eu\/sites\/default\/files\/2019-09\/Mohammed%20Tabyaoui002-photo%20JALAL%20ALMAKHFI.jpg\" title=\"Mohamed Tabyaoui\" data-colorbox-gallery=\"gallery-image_block-1605-GK_Ag-rU3e0\" class=\"colorbox media__fullscreen\" data-cbox-img-attrs=\"{\"alt\":\"Mohamed Tabyaoui\"}\"><br \/>\n          <i class=\"icon icon--fullscreen color--global-hover\"><\/i><br \/>\n        <\/a>\n      <\/div>\n<\/p><\/div>\n<\/p><\/div>\n<\/div><\/div>\n<div class=\"node__media-container\">\n              <img decoding=\"async\" data-src=\"https:\/\/eumedbridge.eu\/wp-content\/uploads\/2022\/08\/Mohammed-Tabyaoui003-photo-JALAL-ALMAKHFI.jpg\" width=\"800\" height=\"450\" alt=\"\u00ab INDAR \u00bb, un syst\u00e8me intelligent de pr\u00e9diction et d\u2019alerte pr\u00e9coce des inondations soutenu par le programme Diafrikinvest financ\u00e9 par l&#039;UE\" typeof=\"foaf:Image\" class=\"img-responsive lazyload\" src=\"data:image\/svg+xml;base64,PHN2ZyB3aWR0aD0iMSIgaGVpZ2h0PSIxIiB4bWxucz0iaHR0cDovL3d3dy53My5vcmcvMjAwMC9zdmciPjwvc3ZnPg==\" style=\"--smush-placeholder-width: 800px; --smush-placeholder-aspect-ratio: 800\/450;\" \/><\/p>\n<div class=\"media__overlay\">\n<div class=\"row middle-xs\">\n<div class=\"col-xs-12 col-sm-4\">\n<div class=\"media__title\">\u00ab INDAR \u00bb, un syst\u00e8me intelligent de pr\u00e9diction et d\u2019alerte pr\u00e9coce des\u2026<\/div>\n<\/p><\/div>\n<div class=\"col-xs-12 col-sm-4\"><\/div>\n<div class=\"col-xs-12 col-sm-4\">\n<div class=\"media__share text-right\">\n                <a href=\"https:\/\/euneighbours.eu\/sites\/default\/files\/2019-09\/Mohammed%20Tabyaoui003-photo%20JALAL%20ALMAKHFI.jpg\" title=\"\u00ab INDAR \u00bb, un syst\u00e8me intelligent de pr\u00e9diction et d\u2019alerte pr\u00e9coce des inondations soutenu par le programme Diafrikinvest financ\u00e9 par l&#039;UE\" data-colorbox-gallery=\"gallery-image_block-1605-GK_Ag-rU3e0\" class=\"colorbox media__fullscreen\" data-cbox-img-attrs=\"{\"alt\":\"\u00ab INDAR \u00bb, un syst\u00e8me intelligent de pr\u00e9diction et d\u2019alerte pr\u00e9coce des inondations soutenu par le programme Diafrikinvest financ\u00e9 par l&#039;UE\"}\"><br \/>\n          <i class=\"icon icon--fullscreen color--global-hover\"><\/i><br \/>\n        <\/a>\n      <\/div>\n<\/p><\/div>\n<\/p><\/div>\n<\/div><\/div>\n<div class=\"node__media-container\">\n              <img decoding=\"async\" data-src=\"https:\/\/eumedbridge.eu\/wp-content\/uploads\/2022\/08\/Mohammed-Tabyaoui010-photo-JALAL-ALMAKHFI.jpg\" width=\"800\" height=\"450\" alt=\"\u00ab INDAR \u00bb, un syst\u00e8me intelligent de pr\u00e9diction et d\u2019alerte pr\u00e9coce des inondations soutenu par le programme Diafrikinvest financ\u00e9 par l&#039;UE\" typeof=\"foaf:Image\" class=\"img-responsive lazyload\" src=\"data:image\/svg+xml;base64,PHN2ZyB3aWR0aD0iMSIgaGVpZ2h0PSIxIiB4bWxucz0iaHR0cDovL3d3dy53My5vcmcvMjAwMC9zdmciPjwvc3ZnPg==\" style=\"--smush-placeholder-width: 800px; --smush-placeholder-aspect-ratio: 800\/450;\" \/><\/p>\n<div class=\"media__overlay\">\n<div class=\"row middle-xs\">\n<div class=\"col-xs-12 col-sm-4\">\n<div class=\"media__title\">\u00ab INDAR \u00bb, un syst\u00e8me intelligent de pr\u00e9diction et d\u2019alerte pr\u00e9coce des\u2026<\/div>\n<\/p><\/div>\n<div class=\"col-xs-12 col-sm-4\"><\/div>\n<div class=\"col-xs-12 col-sm-4\">\n<div class=\"media__share text-right\">\n                <a href=\"https:\/\/euneighbours.eu\/sites\/default\/files\/2019-09\/Mohammed%20Tabyaoui010-photo%20JALAL%20ALMAKHFI.jpg\" title=\"\u00ab INDAR \u00bb, un syst\u00e8me intelligent de pr\u00e9diction et d\u2019alerte pr\u00e9coce des inondations soutenu par le programme Diafrikinvest financ\u00e9 par l&#039;UE\" data-colorbox-gallery=\"gallery-image_block-1605-GK_Ag-rU3e0\" class=\"colorbox media__fullscreen\" data-cbox-img-attrs=\"{\"alt\":\"\u00ab INDAR \u00bb, un syst\u00e8me intelligent de pr\u00e9diction et d\u2019alerte pr\u00e9coce des inondations soutenu par le programme Diafrikinvest financ\u00e9 par l&#039;UE\"}\"><br \/>\n          <i class=\"icon icon--fullscreen color--global-hover\"><\/i><br \/>\n        <\/a>\n      <\/div>\n<\/p><\/div>\n<\/p><\/div>\n<\/div><\/div>\n<div class=\"node__media-container\">\n              <img decoding=\"async\" data-src=\"https:\/\/eumedbridge.eu\/wp-content\/uploads\/2022\/08\/Mohammed-Tabyaoui008-photo-JALAL-ALMAKHFI.jpg\" width=\"800\" height=\"450\" alt=\"Mohamed Tabyaoui\" typeof=\"foaf:Image\" class=\"img-responsive lazyload\" src=\"data:image\/svg+xml;base64,PHN2ZyB3aWR0aD0iMSIgaGVpZ2h0PSIxIiB4bWxucz0iaHR0cDovL3d3dy53My5vcmcvMjAwMC9zdmciPjwvc3ZnPg==\" style=\"--smush-placeholder-width: 800px; --smush-placeholder-aspect-ratio: 800\/450;\" \/><\/p>\n<div class=\"media__overlay\">\n<div class=\"row middle-xs\">\n<div class=\"col-xs-12 col-sm-4\">\n<div class=\"media__title\">Mohamed Tabyaoui<\/div>\n<\/p><\/div>\n<div class=\"col-xs-12 col-sm-4\"><\/div>\n<div class=\"col-xs-12 col-sm-4\">\n<div class=\"media__share text-right\">\n                <a href=\"https:\/\/euneighbours.eu\/sites\/default\/files\/2019-09\/Mohammed%20Tabyaoui008-photo%20JALAL%20ALMAKHFI.jpg\" title=\"Mohamed Tabyaoui\" data-colorbox-gallery=\"gallery-image_block-1605-GK_Ag-rU3e0\" class=\"colorbox media__fullscreen\" data-cbox-img-attrs=\"{\"alt\":\"Mohamed Tabyaoui\"}\"><br \/>\n          <i class=\"icon icon--fullscreen color--global-hover\"><\/i><br \/>\n        <\/a>\n      <\/div>\n<\/p><\/div>\n<\/p><\/div>\n<\/div><\/div>\n<\/p><\/div>\n<div data-quickedit-field-id=\"paragraph\/1605\/field_para_body\/fr\/default\" class=\"node__text\">\n<p class=\"m6200977125162210796gmail-x\" style=\"margin-top:16px; text-align:justify\"><span style=\"font-size:11pt\"><span style=\"line-height:normal\"><span style=\"font-family:Calibri,sans-serif\"><b><span lang=\"FR\" style=\"font-size:14.0pt\" xml_lang=\"FR\">L\u2019apport de l\u2019Union europ\u00e9enne<\/span><\/b><\/span><\/span><\/span><\/p>\n<p class=\"m6200977125162210796gmail-x\" style=\"margin-top:16px; text-align:justify\"><span style=\"font-size:12pt\"><span style=\"background:white\"><span style=\"font-family:\"Times New Roman\",serif\"><i><span lang=\"FR\" style=\"border:none windowtext 1.0pt; font-size:14.0pt; padding:0cm\" xml_lang=\"FR\"><span style=\"font-family:\"Calibri\",sans-serif\"><span style=\"color:black\">\u00ab\u00a0<\/span><\/span><\/span><\/i><span lang=\"FR\" style=\"border:none windowtext 1.0pt; font-size:14.0pt; padding:0cm\" xml_lang=\"FR\"><span style=\"font-family:\"Calibri\",sans-serif\"><span style=\"color:black\">Le nerf de l&rsquo;innovation est l&rsquo;argent\u00a0\u00bb,\u00a0explique Mohamed. L\u2019id\u00e9e du syst\u00e8me INDAR a beau paraitre s\u00e9duisante sur le papier, elle n\u2019aurait jamais pu voir le jour sans l\u2019accompagnement financier de l&rsquo;Union europ\u00e9enne.<\/span><\/span><\/span><\/span><\/span><\/span><\/p>\n<p class=\"m6200977125162210796gmail-x\" style=\"margin-top:16px; text-align:justify\"><span style=\"font-size:12pt\"><span style=\"background:white\"><span style=\"font-family:\"Times New Roman\",serif\"><span lang=\"FR\" style=\"border:none windowtext 1.0pt; font-size:14.0pt; padding:0cm\" xml_lang=\"FR\"><span style=\"font-family:\"Calibri\",sans-serif\"><span style=\"color:black\">En effet, PREV DEV<b><i>\u00a0<\/i><\/b>a b\u00e9n\u00e9fici\u00e9<b><i>\u00a0<\/i><\/b>d&rsquo;une subvention de 20 mille euros qui a servi\u00a0<i>\u00ab\u00a0\u00e0<\/i>\u00a0renforcer la solution d\u2019INDAR en compl\u00e9tant les parties manquantes, \u00e0\u00a0<i>payer les salaires du personnel, \u00e0 tester le prototype et \u00e0 acheter les data n\u00e9cessaires aux tests\u00a0\u00bb,<\/i>\u00a0affirme Mohamed.<\/span><\/span><\/span><\/span><\/span><\/span><\/p>\n<p class=\"m6200977125162210796gmail-x\" style=\"margin-top:16px; text-align:justify\"><span style=\"font-size:12pt\"><span style=\"background:white\"><span style=\"font-family:\"Times New Roman\",serif\"><span lang=\"FR\" style=\"border:none windowtext 1.0pt; font-size:14.0pt; padding:0cm\" xml_lang=\"FR\"><span style=\"font-family:\"Calibri\",sans-serif\"><span style=\"color:black\">L\u2019accompagnement de la startup PREV DEV se fait, \u00e0 l\u2019instar d\u2019autres startups marocaines, \u00e0 travers deux programmes europ\u00e9ens\u00a0: <\/span><\/span><\/span><span lang=\"FR\" style=\"font-size:14.0pt\" xml_lang=\"FR\"><span style=\"color:black\"><a href=\"https:\/\/www.diafrikinvest.com\/fr\" style=\"color:blue; text-decoration:underline\" target=\"_blank\" rel=\"noopener\"><span style=\"border:none windowtext 1.0pt; font-family:\"Calibri\",sans-serif; padding:0cm\">Diafrikinvest\u00a0<\/span><\/a><\/span><\/span><span lang=\"FR\" style=\"border:none windowtext 1.0pt; font-size:14.0pt; padding:0cm\" xml_lang=\"FR\"><span style=\"font-family:\"Calibri\",sans-serif\"><span style=\"color:black\">et <\/span><\/span><\/span><span lang=\"FR\" style=\"font-size:14.0pt\" xml_lang=\"FR\"><span style=\"color:black\"><a href=\"https:\/\/www.thenextsociety.co\/\" style=\"color:blue; text-decoration:underline\" target=\"_blank\" rel=\"noopener\"><span style=\"border:none windowtext 1.0pt; font-family:\"Calibri\",sans-serif; padding:0cm\">The Next Society<\/span><\/a><\/span><\/span><span lang=\"FR\" style=\"border:none windowtext 1.0pt; font-size:14.0pt; padding:0cm\" xml_lang=\"FR\"><span style=\"font-family:\"Calibri\",sans-serif\"><span style=\"color:black\">, qui op\u00e8rent en collaboration avec le programme marocain d&rsquo;acc\u00e9l\u00e9ration \u00ab\u00a0<a href=\"https:\/\/www.startupmarocbooster.com\/\" style=\"color:blue; text-decoration:underline\" target=\"_blank\" rel=\"noopener\">StartUp Maroc Booster\u00a0<\/a>\u00bb g\u00e9r\u00e9 par l\u2019association \u00e0 but non lucratif <\/span><\/span><\/span><span lang=\"FR\" style=\"font-size:14.0pt\" xml_lang=\"FR\"><span style=\"color:black\"><a href=\"https:\/\/www.startupmaroc.org\/\" style=\"color:blue; text-decoration:underline\" target=\"_blank\" rel=\"noopener\"><span style=\"border:none windowtext 1.0pt; font-family:\"Calibri\",sans-serif; padding:0cm\">StartUp Maroc<\/span><\/a><\/span><\/span><span lang=\"FR\" style=\"border:none windowtext 1.0pt; font-size:14.0pt; padding:0cm\" xml_lang=\"FR\"><span style=\"font-family:\"Calibri\",sans-serif\"><span style=\"color:black\">. Cette association est l\u2019une des instances d\u2019incubation et d\u2019accompagnement accr\u00e9dit\u00e9e et lab\u00e9lis\u00e9e par la <\/span><\/span><\/span><span lang=\"FR\" style=\"font-size:14.0pt\" xml_lang=\"FR\"><span style=\"color:black\"><a href=\"http:\/\/www.ccg.ma\/\" style=\"color:blue; text-decoration:underline\" target=\"_blank\" rel=\"noopener\"><span style=\"border:none windowtext 1.0pt; font-family:\"Calibri\",sans-serif; padding:0cm\">CCG (Caisse Centrale de la Garantie)<\/span><\/a><\/span><\/span><span lang=\"FR\" style=\"border:none windowtext 1.0pt; font-size:14.0pt; padding:0cm\" xml_lang=\"FR\"><span style=\"font-family:\"Calibri\",sans-serif\"><span style=\"color:black\"> charg\u00e9e par le gouvernement marocain de stimuler l&rsquo;initiative priv\u00e9e et encourager l\u2019innovation.<\/span><\/span><\/span><\/span><\/span><\/span><\/p>\n<p class=\"m6200977125162210796gmail-x\" style=\"margin-top:16px; text-align:justify\"><span style=\"font-size:12pt\"><span style=\"background:white\"><span style=\"font-family:\"Times New Roman\",serif\"><span lang=\"FR\" style=\"border:none windowtext 1.0pt; font-size:14.0pt; padding:0cm\" xml_lang=\"FR\"><span style=\"font-family:\"Calibri\",sans-serif\"><span style=\"color:black\">L\u2019apport financier de l\u2019Union europ\u00e9enne, via Diafrikinvest\u00a0et The Next Society, d\u00e9passe les 12 millions d\u2019euros sur quatre ann\u00e9es (2017-2021). Un montant important g\u00e9r\u00e9 par le bras financier de la CCG qui porte le nom d\u2019Innov\u2019Invest.<\/span><\/span><\/span><\/span><\/span><\/span><\/p>\n<p class=\"m6200977125162210796gmail-x\" style=\"margin-top:16px; text-align:justify\"><span style=\"font-size:12pt\"><span style=\"background:white\"><span style=\"font-family:\"Times New Roman\",serif\"><span lang=\"FR\" style=\"border:none windowtext 1.0pt; font-size:14.0pt; padding:0cm\" xml_lang=\"FR\"><span style=\"font-family:\"Calibri\",sans-serif\"><span style=\"color:black\">Diafrikinvest est financ\u00e9 par l\u2019UE \u00e0 hauteur de 90% pour un montant de 2,2 millions d\u2019euros, et ce dans le cadre du Dialogue Euro-Africain sur la migration et le d\u00e9veloppement (<\/span><\/span><\/span><span lang=\"FR\" style=\"font-size:14.0pt\" xml_lang=\"FR\"><span style=\"color:black\"><a href=\"https:\/\/www.rabat-process.org\/fr\/\" style=\"color:blue; text-decoration:underline\" target=\"_blank\" rel=\"noopener\"><span style=\"border:none windowtext 1.0pt; font-family:\"Calibri\",sans-serif; padding:0cm\">Processus de Rabat<\/span><\/a><\/span><\/span><span lang=\"FR\" style=\"border:none windowtext 1.0pt; font-size:14.0pt; padding:0cm\" xml_lang=\"FR\"><span style=\"font-family:\"Calibri\",sans-serif\"><span style=\"color:black\">). Il est g\u00e9r\u00e9 par Anima Investment Network qui fait appel \u00e0 StartUp Maroc pour la mise en \u0153uvre de certaines de ses actions.<\/span><\/span><\/span><\/span><\/span><\/span><\/p>\n<p class=\"m6200977125162210796gmail-x\" style=\"margin-top:16px; text-align:justify\"><span style=\"font-size:12pt\"><span style=\"background:white\"><span style=\"font-family:\"Times New Roman\",serif\"><span lang=\"FR\" style=\"border:none windowtext 1.0pt; font-size:14.0pt; padding:0cm\" xml_lang=\"FR\"><span style=\"font-family:\"Calibri\",sans-serif\"><span style=\"color:black\">Le\u00a0programme\u00a0The Next Society, quant \u00e0 lui, est\u00a0soutenu par la Commission europ\u00e9enne et g\u00e9r\u00e9 par StartUp Maroc. Il regroupe aujourd\u2019hui plus de 300 organisations d&rsquo;affaires, d&rsquo;innovation, de recherche et d&rsquo;investissement, 2500 PME et entrepreneurs venant de 30 pays de la\u00a0M\u00e9diterran\u00e9e.\u00a0<\/span><\/span><\/span><span lang=\"FR\" style=\"font-size:14.0pt\" xml_lang=\"FR\"><span style=\"font-family:\"Calibri\",sans-serif\"><span style=\"color:black\">L\u2019ambition du programme The Next Society est de\u00a0<i>\u00ab\u00a0lever les obstacles \u00e0 l\u2019innovation et d\u00e9clencher le potentiel cr\u00e9atif des innovateurs\u00a0\u00bb, \u00ab\u00a0renforcer les \u00e9cosyst\u00e8mes d\u2019innovation et favoriser la cr\u00e9ation de valeur ajout\u00e9e\u201d<\/i>\u00a0ainsi que de<i>\u00a0\u00ab\u00a0<\/i>faire avancer des solutions concr\u00e8tes<i>\u201d<\/i>.<\/span><\/span><\/span><\/span><\/span><\/span><\/p>\n<p class=\"m6200977125162210796gmail-x\" style=\"text-align:justify\"><span style=\"font-size:12pt\"><span style=\"font-family:\"Times New Roman\",serif\"><span lang=\"FR\" style=\"border:none windowtext 1.0pt; font-size:14.0pt; padding:0cm\" xml_lang=\"FR\"><span style=\"font-family:\"Calibri\",sans-serif\">Outre les\u00a0programmes Diafrikinvest et The Next Society, les\u00a0Tr\u00e8s Petites Petites et Moyennes Entreprises (TPE-PME) marocaines comme PREVDEV, peuvent b\u00e9n\u00e9ficier d&rsquo;autres subventions de l\u2019Union Europ\u00e9enne, en l\u2019occurrence celles octroy\u00e9es dans le cadre de\u00a0son <\/span><\/span><span lang=\"FR\" style=\"font-size:14.0pt\" xml_lang=\"FR\"><a href=\"https:\/\/eeas.europa.eu\/delegations\/morocco\/57729\/le-programme-d%E2%80%99appui-%C3%A0-la-comp%C3%A9titivit%C3%A9-et-%C3%A0-la-croissance-verte-du-maroc_fr\" style=\"color:blue; text-decoration:underline\" target=\"_blank\" rel=\"noopener\"><span style=\"border:none windowtext 1.0pt; font-family:\"Calibri\",sans-serif; padding:0cm\">programme d\u2019appui \u00e0 la comp\u00e9titivit\u00e9 et \u00e0 la croissance verte<\/span><\/a><\/span><span lang=\"FR\" style=\"border:none windowtext 1.0pt; font-size:14.0pt; padding:0cm\" xml_lang=\"FR\"><span style=\"font-family:\"Calibri\",sans-serif\">.\u00a0Sign\u00e9 en novembre 2016 avec le gouvernement marocain, ce programme est dot\u00e9 de 105 millions d\u2019Euros et\u00a0mis en place en coop\u00e9ration avec la Conf\u00e9d\u00e9ration G\u00e9n\u00e9rale des Entreprises du Maroc (CGEM), Maroc PME et la Coop\u00e9ration Technique allemande (GIZ).<\/span><\/span><\/span><\/span><\/p>\n<p class=\"m6200977125162210796gmail-x\" style=\"text-align:justify\"><span style=\"font-size:12pt\"><span style=\"font-family:\"Times New Roman\",serif\"><span lang=\"FR\" style=\"font-size:14.0pt\" xml_lang=\"FR\"><span style=\"font-family:\"Calibri\",sans-serif\">En outre, l&rsquo;UE finance le programme \u00ab\u00a0Small Business\u00a0\u00bb de conseil et de financement aux PME (mis en \u0153uvre par la BERD<\/span><\/span><span dir=\"RTL\" lang=\"AR-SA\" style=\"font-size:14.0pt\" xml_lang=\"AR-SA\"><span style=\"font-family:\"Calibri\",sans-serif\">&#8211;<\/span><\/span><span lang=\"FR\" style=\"font-size:14.0pt\" xml_lang=\"FR\"><span style=\"font-family:\"Calibri\",sans-serif\">Banque Europ\u00e9enne pour la Reconstruction et le D\u00e9veloppement) et contribue aux programmes d\u00e9di\u00e9s \u00e0 l&rsquo;efficacit\u00e9 \u00e9nerg\u00e9tique des industries (MORSEFF, <\/span><\/span><span lang=\"FR\" style=\"font-size:14.0pt\" xml_lang=\"FR\"><a href=\"https:\/\/www.google.com\/url?sa=t&#038;rct=j&#038;q=&#038;esrc=s&#038;source=web&#038;cd=2&#038;cad=rja&#038;uact=8&#038;ved=2ahUKEwjZgc2gwKfgAhXNyKQKHRyvCaAQFjABegQICRAC&#038;url=https%3A%2F%2Fwww.switchmed.eu%2Fen%2Fcorners%2Fservice-providers%2Factions%2Fmed-test-ii-countries%2Fcasestudiesmaroc%2Fmt2_maroc_nationalpublication_lowres_fr.pdf&#038;usg=AOvVaw3M8Tnta4hxL3cSn5eQS3xg\" style=\"color:blue; text-decoration:underline\" target=\"_blank\" rel=\"noopener\"><span style=\"font-family:\"Calibri\",sans-serif\">MedTest <\/span><\/a><\/span><span lang=\"FR\" style=\"font-size:14.0pt\" xml_lang=\"FR\"><span style=\"font-family:\"Calibri\",sans-serif\">(<\/span><\/span><span lang=\"FR\" style=\"font-size:14.0pt\" xml_lang=\"FR\"><a href=\"https:\/\/www.google.com\/url?sa=t&#038;rct=j&#038;q=&#038;esrc=s&#038;source=web&#038;cd=1&#038;cad=rja&#038;uact=8&#038;ved=2ahUKEwi9s_GrwKfgAhVGsKQKHd95DX8QFjAAegQIChAB&#038;url=https%3A%2F%2Fwww.switchmed.eu%2Ffr%2Fcountry-hubs%2Fmorocco&#038;usg=AOvVaw0B4St5XpoaAtk0neWDYKTt\" style=\"color:blue; text-decoration:underline\" target=\"_blank\" rel=\"noopener\"><span style=\"font-family:\"Calibri\",sans-serif\">Switchmed<\/span><\/a><\/span><span lang=\"FR\" style=\"font-size:14.0pt\" xml_lang=\"FR\"><span style=\"font-family:\"Calibri\",sans-serif\">).<\/span><\/span><\/span><\/span><\/p>\n<p class=\"m6200977125162210796gmail-x\" style=\"margin-top:16px; text-align:justify\"><span style=\"font-size:12pt\"><span style=\"background:white\"><span style=\"font-family:\"Times New Roman\",serif\"><span lang=\"FR\" style=\"border:none windowtext 1.0pt; font-size:14.0pt; padding:0cm\" xml_lang=\"FR\"><span style=\"font-family:\"Calibri\",sans-serif\"><span style=\"color:black\">L&rsquo;UE estime que, gr\u00e2ce \u00e0 tous ces programmes de soutien locaux et internationaux, les TPE-PME et les innovateurs des pays \u00e9mergents, y compris le Maroc, peuvent cr\u00e9er de la valeur ajout\u00e9e, contribuer \u00e0 r\u00e9soudre les probl\u00e8mes contemporains et inspirer le reste du monde.<\/span><\/span><\/span><\/span><\/span><\/span><\/p>\n<p style=\"margin-top:16px; text-align:justify; margin-bottom:12px\">\u00a0<\/p>\n<p style=\"margin-top:16px; text-align:justify; margin-bottom:12px\"><meta charset=\"utf-8\" \/><b id=\"docs-internal-guid-0d3cceca-7fff-4967-d054-d6c73a1ff346\">INDAR <a href=\"https:\/\/www.youtube.com\/watch?v=_dgKBVJ5iW0&#038;feature=youtu.be\">Video<\/a><\/b><\/p>\n<p style=\"margin-top:16px; text-align:justify; margin-bottom:12px\">\u00a0<\/p>\n<p style=\"margin-top:16px; text-align:justify; margin-bottom:12px\"><meta charset=\"utf-8\" \/><b id=\"docs-internal-guid-35e5f19f-7fff-6f14-47d5-76cc8a5a556b\">Liens EU Neighbours <\/b><\/p>\n<p dir=\"ltr\"><b id=\"docs-internal-guid-7341818b-7fff-bbe4-6e87-6586f1a2eda7\"><a href=\"https:\/\/www.facebook.com\/euneighbours\/videos\/502339710553123\">Facebook<\/a><\/b><\/p>\n<p dir=\"ltr\"><b id=\"docs-internal-guid-7341818b-7fff-bbe4-6e87-6586f1a2eda7\"><a href=\"https:\/\/twitter.com\/euneighbours\/status\/1174666622776303617\">Twitter<\/a><\/b><\/p>\n<p dir=\"ltr\"><b id=\"docs-internal-guid-7341818b-7fff-bbe4-6e87-6586f1a2eda7\"><a href=\"https:\/\/www.linkedin.com\/feed\/update\/urn:li:activity:6580432774732357632\">LinkedIn<\/a><\/b><\/p>\n<p><meta charset=\"utf-8\" \/><b id=\"docs-internal-guid-cedcab4c-7fff-3a8a-896d-e5e2594d1666\"><a href=\"https:\/\/www.instagram.com\/euneighbourssouth\/\">Instagram<\/a><\/b><\/p>\n<p><meta charset=\"utf-8\" \/><b id=\"docs-internal-guid-b5a69775-7fff-96a8-8a8a-48af25598fef\">D\u00e9l\u00e9gation UE<\/b><meta charset=\"utf-8\" \/><\/p>\n<p dir=\"ltr\"><b id=\"docs-internal-guid-f0e778f8-7fff-b839-0c02-980127665a6e\"><a href=\"https:\/\/eeas.europa.eu\/delegations\/morocco_en\">Maroc Web<\/a><\/b><\/p>\n<p dir=\"ltr\"><b id=\"docs-internal-guid-f0e778f8-7fff-b839-0c02-980127665a6e\"><a href=\"https:\/\/www.facebook.com\/DELEGATIONUEauMaroc\/\">Maroc Facebook<\/a><\/b><\/p>\n<\/div>\n<div class=\"node_view\"><\/div>\n<\/p><\/div>\n","protected":false},"featured_media":0,"parent":0,"template":"","story_category":[],"country":[1953],"special_action":[],"custom_tag":[2312,2313,2315,1884,1897,1870],"class_list":["post-204042","story","type-story","status-publish","hentry","country-maroc","custom_tag-developpement-durable","custom_tag-droit-de-lhomme","custom_tag-emploi-et-entrpreuneuriat","custom_tag-environnement-et-changement-climatique","custom_tag-medias","custom_tag-societe-civile"],"acf":[],"yoast_head":"<!-- This site is optimized with the Yoast SEO plugin v26.5 - https:\/\/yoast.com\/wordpress\/plugins\/seo\/ -->\n<title>INDAR : Un syst\u00e8me marocain intelligent de pr\u00e9diction et d\u2019alerte pr\u00e9coce des inondations - Voisins de l&#039;UE<\/title>\n<meta name=\"robots\" content=\"index, follow, max-snippet:-1, max-image-preview:large, max-video-preview:-1\" \/>\n<link rel=\"canonical\" href=\"https:\/\/www.eumedbridge.eu\/fr\/story\/indar-un-systeme-marocain-intelligent-de-prediction-et-dalerte-precoce\/\" \/>\n<meta property=\"og:locale\" content=\"fr_FR\" \/>\n<meta property=\"og:type\" content=\"article\" \/>\n<meta property=\"og:title\" content=\"INDAR : Un syst\u00e8me marocain intelligent de pr\u00e9diction et d\u2019alerte pr\u00e9coce des inondations - Voisins de l&#039;UE\" \/>\n<meta property=\"og:description\" content=\"Contribuer \u00e0 la r\u00e9silience du Maroc contre les inondations est un objectif que s\u2019est fix\u00e9 Mohamed Tabyaoui, expert marocain en gestion des risques naturels, quand il a mis en place \u00ab\u00a0INDAR\u00a0\u00bb, un syst\u00e8me intelligent\u00a0de pr\u00e9diction et d\u2019alerte pr\u00e9coce des inondations. L\u2019id\u00e9e du quinquag\u00e9naire marocain n\u2019a pas manqu\u00e9 d\u2019int\u00e9resser les responsables du programme Diafrikinvest -financ\u00e9 \u00e0 [&hellip;]\" \/>\n<meta property=\"og:url\" content=\"https:\/\/www.eumedbridge.eu\/fr\/story\/indar-un-systeme-marocain-intelligent-de-prediction-et-dalerte-precoce\/\" \/>\n<meta property=\"og:site_name\" content=\"Voisins de l&#039;UE\" \/>\n<meta property=\"article:publisher\" content=\"https:\/\/www.facebook.com\/eumedbridge\/\" \/>\n<meta property=\"article:modified_time\" content=\"2022-08-17T13:29:28+00:00\" \/>\n<meta property=\"og:image\" content=\"https:\/\/www.eumedbridge.eu\/wp-content\/uploads\/2022\/05\/Screen-Shot-2019-09-19-at-09.22.09_0-1024x568.png\" \/>\n\t<meta property=\"og:image:width\" content=\"1024\" \/>\n\t<meta property=\"og:image:height\" content=\"568\" \/>\n\t<meta property=\"og:image:type\" content=\"image\/png\" \/>\n<meta name=\"twitter:card\" content=\"summary_large_image\" \/>\n<meta name=\"twitter:site\" content=\"@eumedbridge\" \/>\n<meta name=\"twitter:label1\" content=\"Dur\u00e9e de lecture estim\u00e9e\" \/>\n\t<meta name=\"twitter:data1\" content=\"10 minutes\" \/>\n<script type=\"application\/ld+json\" class=\"yoast-schema-graph\">{\"@context\":\"https:\/\/schema.org\",\"@graph\":[{\"@type\":\"WebPage\",\"@id\":\"https:\/\/www.eumedbridge.eu\/fr\/story\/indar-un-systeme-marocain-intelligent-de-prediction-et-dalerte-precoce\/\",\"url\":\"https:\/\/www.eumedbridge.eu\/fr\/story\/indar-un-systeme-marocain-intelligent-de-prediction-et-dalerte-precoce\/\",\"name\":\"INDAR : Un syst\u00e8me marocain intelligent de pr\u00e9diction et d\u2019alerte pr\u00e9coce des inondations - Voisins de l'UE\",\"isPartOf\":{\"@id\":\"https:\/\/www.eumedbridge.eu\/#website\"},\"primaryImageOfPage\":{\"@id\":\"https:\/\/www.eumedbridge.eu\/fr\/story\/indar-un-systeme-marocain-intelligent-de-prediction-et-dalerte-precoce\/#primaryimage\"},\"image\":{\"@id\":\"https:\/\/www.eumedbridge.eu\/fr\/story\/indar-un-systeme-marocain-intelligent-de-prediction-et-dalerte-precoce\/#primaryimage\"},\"thumbnailUrl\":\"https:\/\/eumedbridge.eu\/wp-content\/uploads\/2022\/08\/Screen-Shot-2019-09-19-at-09.22.09_1.png\",\"datePublished\":\"2019-09-18T21:00:00+00:00\",\"dateModified\":\"2022-08-17T13:29:28+00:00\",\"breadcrumb\":{\"@id\":\"https:\/\/www.eumedbridge.eu\/fr\/story\/indar-un-systeme-marocain-intelligent-de-prediction-et-dalerte-precoce\/#breadcrumb\"},\"inLanguage\":\"fr-FR\",\"potentialAction\":[{\"@type\":\"ReadAction\",\"target\":[\"https:\/\/www.eumedbridge.eu\/fr\/story\/indar-un-systeme-marocain-intelligent-de-prediction-et-dalerte-precoce\/\"]}]},{\"@type\":\"ImageObject\",\"inLanguage\":\"fr-FR\",\"@id\":\"https:\/\/www.eumedbridge.eu\/fr\/story\/indar-un-systeme-marocain-intelligent-de-prediction-et-dalerte-precoce\/#primaryimage\",\"url\":\"https:\/\/eumedbridge.eu\/wp-content\/uploads\/2022\/08\/Screen-Shot-2019-09-19-at-09.22.09_1.png\",\"contentUrl\":\"https:\/\/eumedbridge.eu\/wp-content\/uploads\/2022\/08\/Screen-Shot-2019-09-19-at-09.22.09_1.png\"},{\"@type\":\"BreadcrumbList\",\"@id\":\"https:\/\/www.eumedbridge.eu\/fr\/story\/indar-un-systeme-marocain-intelligent-de-prediction-et-dalerte-precoce\/#breadcrumb\",\"itemListElement\":[{\"@type\":\"ListItem\",\"position\":1,\"name\":\"Home\",\"item\":\"https:\/\/www.eumedbridge.eu\/fr\/home-page\/\"},{\"@type\":\"ListItem\",\"position\":2,\"name\":\"Histoires\",\"item\":\"https:\/\/www.eumedbridge.eu\/fr\/story\/\"},{\"@type\":\"ListItem\",\"position\":3,\"name\":\"INDAR : Un syst\u00e8me marocain intelligent de pr\u00e9diction et d\u2019alerte pr\u00e9coce des inondations\"}]},{\"@type\":\"WebSite\",\"@id\":\"https:\/\/www.eumedbridge.eu\/#website\",\"url\":\"https:\/\/www.eumedbridge.eu\/\",\"name\":\"EU Medbridge\",\"description\":\"\",\"publisher\":{\"@id\":\"https:\/\/www.eumedbridge.eu\/#organization\"},\"potentialAction\":[{\"@type\":\"SearchAction\",\"target\":{\"@type\":\"EntryPoint\",\"urlTemplate\":\"https:\/\/www.eumedbridge.eu\/?s={search_term_string}\"},\"query-input\":{\"@type\":\"PropertyValueSpecification\",\"valueRequired\":true,\"valueName\":\"search_term_string\"}}],\"inLanguage\":\"fr-FR\"},{\"@type\":\"Organization\",\"@id\":\"https:\/\/www.eumedbridge.eu\/#organization\",\"name\":\"EU Medbridge\",\"url\":\"https:\/\/www.eumedbridge.eu\/\",\"logo\":{\"@type\":\"ImageObject\",\"inLanguage\":\"fr-FR\",\"@id\":\"https:\/\/www.eumedbridge.eu\/#\/schema\/logo\/image\/\",\"url\":\"https:\/\/www.eumedbridge.eu\/wp-content\/uploads\/2021\/12\/Logo.png\",\"contentUrl\":\"https:\/\/www.eumedbridge.eu\/wp-content\/uploads\/2021\/12\/Logo.png\",\"width\":325,\"height\":114,\"caption\":\"EU Medbridge\"},\"image\":{\"@id\":\"https:\/\/www.eumedbridge.eu\/#\/schema\/logo\/image\/\"},\"sameAs\":[\"https:\/\/www.facebook.com\/eumedbridge\/\",\"https:\/\/x.com\/eumedbridge\",\"https:\/\/www.linkedin.com\/company\/eumedbridge\",\"https:\/\/www.youtube.com\/@eumedbridge\",\"https:\/\/www.instagram.com\/eumedbridge\",\"https:\/\/www.flickr.com\/photos\/euneighbours-south\/\"]}]}<\/script>\n<!-- \/ Yoast SEO plugin. -->","yoast_head_json":{"title":"INDAR : Un syst\u00e8me marocain intelligent de pr\u00e9diction et d\u2019alerte pr\u00e9coce des inondations - Voisins de l'UE","robots":{"index":"index","follow":"follow","max-snippet":"max-snippet:-1","max-image-preview":"max-image-preview:large","max-video-preview":"max-video-preview:-1"},"canonical":"https:\/\/www.eumedbridge.eu\/fr\/story\/indar-un-systeme-marocain-intelligent-de-prediction-et-dalerte-precoce\/","og_locale":"fr_FR","og_type":"article","og_title":"INDAR : Un syst\u00e8me marocain intelligent de pr\u00e9diction et d\u2019alerte pr\u00e9coce des inondations - Voisins de l'UE","og_description":"Contribuer \u00e0 la r\u00e9silience du Maroc contre les inondations est un objectif que s\u2019est fix\u00e9 Mohamed Tabyaoui, expert marocain en gestion des risques naturels, quand il a mis en place \u00ab\u00a0INDAR\u00a0\u00bb, un syst\u00e8me intelligent\u00a0de pr\u00e9diction et d\u2019alerte pr\u00e9coce des inondations. L\u2019id\u00e9e du quinquag\u00e9naire marocain n\u2019a pas manqu\u00e9 d\u2019int\u00e9resser les responsables du programme Diafrikinvest -financ\u00e9 \u00e0 [&hellip;]","og_url":"https:\/\/www.eumedbridge.eu\/fr\/story\/indar-un-systeme-marocain-intelligent-de-prediction-et-dalerte-precoce\/","og_site_name":"Voisins de l'UE","article_publisher":"https:\/\/www.facebook.com\/eumedbridge\/","article_modified_time":"2022-08-17T13:29:28+00:00","og_image":[{"width":1024,"height":568,"url":"https:\/\/www.eumedbridge.eu\/wp-content\/uploads\/2022\/05\/Screen-Shot-2019-09-19-at-09.22.09_0-1024x568.png","type":"image\/png"}],"twitter_card":"summary_large_image","twitter_site":"@eumedbridge","twitter_misc":{"Dur\u00e9e de lecture estim\u00e9e":"10 minutes"},"schema":{"@context":"https:\/\/schema.org","@graph":[{"@type":"WebPage","@id":"https:\/\/www.eumedbridge.eu\/fr\/story\/indar-un-systeme-marocain-intelligent-de-prediction-et-dalerte-precoce\/","url":"https:\/\/www.eumedbridge.eu\/fr\/story\/indar-un-systeme-marocain-intelligent-de-prediction-et-dalerte-precoce\/","name":"INDAR : Un syst\u00e8me marocain intelligent de pr\u00e9diction et d\u2019alerte pr\u00e9coce des inondations - Voisins de l'UE","isPartOf":{"@id":"https:\/\/www.eumedbridge.eu\/#website"},"primaryImageOfPage":{"@id":"https:\/\/www.eumedbridge.eu\/fr\/story\/indar-un-systeme-marocain-intelligent-de-prediction-et-dalerte-precoce\/#primaryimage"},"image":{"@id":"https:\/\/www.eumedbridge.eu\/fr\/story\/indar-un-systeme-marocain-intelligent-de-prediction-et-dalerte-precoce\/#primaryimage"},"thumbnailUrl":"https:\/\/eumedbridge.eu\/wp-content\/uploads\/2022\/08\/Screen-Shot-2019-09-19-at-09.22.09_1.png","datePublished":"2019-09-18T21:00:00+00:00","dateModified":"2022-08-17T13:29:28+00:00","breadcrumb":{"@id":"https:\/\/www.eumedbridge.eu\/fr\/story\/indar-un-systeme-marocain-intelligent-de-prediction-et-dalerte-precoce\/#breadcrumb"},"inLanguage":"fr-FR","potentialAction":[{"@type":"ReadAction","target":["https:\/\/www.eumedbridge.eu\/fr\/story\/indar-un-systeme-marocain-intelligent-de-prediction-et-dalerte-precoce\/"]}]},{"@type":"ImageObject","inLanguage":"fr-FR","@id":"https:\/\/www.eumedbridge.eu\/fr\/story\/indar-un-systeme-marocain-intelligent-de-prediction-et-dalerte-precoce\/#primaryimage","url":"https:\/\/eumedbridge.eu\/wp-content\/uploads\/2022\/08\/Screen-Shot-2019-09-19-at-09.22.09_1.png","contentUrl":"https:\/\/eumedbridge.eu\/wp-content\/uploads\/2022\/08\/Screen-Shot-2019-09-19-at-09.22.09_1.png"},{"@type":"BreadcrumbList","@id":"https:\/\/www.eumedbridge.eu\/fr\/story\/indar-un-systeme-marocain-intelligent-de-prediction-et-dalerte-precoce\/#breadcrumb","itemListElement":[{"@type":"ListItem","position":1,"name":"Home","item":"https:\/\/www.eumedbridge.eu\/fr\/home-page\/"},{"@type":"ListItem","position":2,"name":"Histoires","item":"https:\/\/www.eumedbridge.eu\/fr\/story\/"},{"@type":"ListItem","position":3,"name":"INDAR : Un syst\u00e8me marocain intelligent de pr\u00e9diction et d\u2019alerte pr\u00e9coce des inondations"}]},{"@type":"WebSite","@id":"https:\/\/www.eumedbridge.eu\/#website","url":"https:\/\/www.eumedbridge.eu\/","name":"EU Medbridge","description":"","publisher":{"@id":"https:\/\/www.eumedbridge.eu\/#organization"},"potentialAction":[{"@type":"SearchAction","target":{"@type":"EntryPoint","urlTemplate":"https:\/\/www.eumedbridge.eu\/?s={search_term_string}"},"query-input":{"@type":"PropertyValueSpecification","valueRequired":true,"valueName":"search_term_string"}}],"inLanguage":"fr-FR"},{"@type":"Organization","@id":"https:\/\/www.eumedbridge.eu\/#organization","name":"EU Medbridge","url":"https:\/\/www.eumedbridge.eu\/","logo":{"@type":"ImageObject","inLanguage":"fr-FR","@id":"https:\/\/www.eumedbridge.eu\/#\/schema\/logo\/image\/","url":"https:\/\/www.eumedbridge.eu\/wp-content\/uploads\/2021\/12\/Logo.png","contentUrl":"https:\/\/www.eumedbridge.eu\/wp-content\/uploads\/2021\/12\/Logo.png","width":325,"height":114,"caption":"EU Medbridge"},"image":{"@id":"https:\/\/www.eumedbridge.eu\/#\/schema\/logo\/image\/"},"sameAs":["https:\/\/www.facebook.com\/eumedbridge\/","https:\/\/x.com\/eumedbridge","https:\/\/www.linkedin.com\/company\/eumedbridge","https:\/\/www.youtube.com\/@eumedbridge","https:\/\/www.instagram.com\/eumedbridge","https:\/\/www.flickr.com\/photos\/euneighbours-south\/"]}]}},"_links":{"self":[{"href":"https:\/\/www.eumedbridge.eu\/fr\/wp-json\/wp\/v2\/story\/204042","targetHints":{"allow":["GET"]}}],"collection":[{"href":"https:\/\/www.eumedbridge.eu\/fr\/wp-json\/wp\/v2\/story"}],"about":[{"href":"https:\/\/www.eumedbridge.eu\/fr\/wp-json\/wp\/v2\/types\/story"}],"wp:attachment":[{"href":"https:\/\/www.eumedbridge.eu\/fr\/wp-json\/wp\/v2\/media?parent=204042"}],"wp:term":[{"taxonomy":"story_category","embeddable":true,"href":"https:\/\/www.eumedbridge.eu\/fr\/wp-json\/wp\/v2\/story_category?post=204042"},{"taxonomy":"country","embeddable":true,"href":"https:\/\/www.eumedbridge.eu\/fr\/wp-json\/wp\/v2\/country?post=204042"},{"taxonomy":"special_action","embeddable":true,"href":"https:\/\/www.eumedbridge.eu\/fr\/wp-json\/wp\/v2\/special_action?post=204042"},{"taxonomy":"custom_tag","embeddable":true,"href":"https:\/\/www.eumedbridge.eu\/fr\/wp-json\/wp\/v2\/custom_tag?post=204042"}],"curies":[{"name":"wp","href":"https:\/\/api.w.org\/{rel}","templated":true}]}}