{"id":204044,"date":"2019-09-11T00:00:00","date_gmt":"2019-09-10T21:00:00","guid":{"rendered":"https:\/\/eumedbridge.eu\/story\/lusek-et-le-projet-cedro-finance-par-lue-un-partenariat-reve-pour\/"},"modified":"2022-08-17T16:29:33","modified_gmt":"2022-08-17T13:29:33","slug":"lusek-et-le-projet-cedro-finance-par-lue-un-partenariat-reve-pour","status":"publish","type":"story","link":"https:\/\/www.eumedbridge.eu\/fr\/story\/lusek-et-le-projet-cedro-finance-par-lue-un-partenariat-reve-pour\/","title":{"rendered":"L\u2019USEK et le projet CEDRO financ\u00e9 par l\u2019UE, un partenariat r\u00eav\u00e9 pour l\u2019environnement"},"content":{"rendered":"<blockquote>\n<p><span style=\"font-size:11pt\"><span style=\"line-height:115%\"><span style=\"font-family:Arial,sans-serif\"><i>L\u2019Universit\u00e9 Saint-Esprit De Kaslik (USEK) s\u2019associe au projet CEDRO, financ\u00e9 par l\u2019Union europ\u00e9enne, pour mettre en \u0153uvre une strat\u00e9gie relative \u00e0 l\u2019\u00e9nergie durable au niveau de l\u2019Universit\u00e9 et des plans d\u2019action pour att\u00e9nuer le changement climatique. Tout cela apportera des changements positifs \u00e0 l\u2019ensemble de la communaut\u00e9 universitaire.<\/i><\/span><\/span><\/span><\/p>\n<\/blockquote>\n<div data-quickedit-entity-id=\"paragraph\/1574\" class=\"paragraph paragraph--type--image-block paragraph--view-mode--default\">\n<div data-quickedit-field-id=\"paragraph\/1574\/field_para_introduction\/fr\/default\" class=\"node__text\">\n<p><span style=\"font-size:11pt\"><span style=\"line-height:115%\"><span style=\"font-family:Arial,sans-serif\">En ce jour de fin ao\u00fbt, l\u2019Universit\u00e9 Saint-Esprit De Kaslik (USEK) grouille d\u2019\u00e9tudiants qui se d\u00e9placent d\u2019un d\u00e9partement \u00e0 l\u2019autre pour s\u2019inscrire aux cours et se pr\u00e9parer pour le prochain semestre qui commence d\u00e9but septembre. Le campus est en pleine effervescence. Il est aussi rempli d\u2019une \u00e9nergie qui ne peut rayonner que chez les jeunes. Les \u00e9tudiants qui ne se sont pas vus de tout l\u2019\u00e9t\u00e9 se prennent dans les bras, s\u2019embrassent et s\u2019\u00e9changent leurs nouvelles alors qu\u2019ils rencontrent leurs conseillers pour coordonner les cours du semestre d\u2019automne. Ils ne portent aucune attention aux panneaux solaires install\u00e9s sur le b\u00e2timent principal et la facult\u00e9 d\u2019agriculture, dans le cadre de CEDRO, une initiative financ\u00e9e par l\u2019Union europ\u00e9enne (UE).<\/span><\/span><\/span><\/p>\n<\/div>\n<div data-quickedit-field-id=\"paragraph\/1574\/field_para_image\/fr\/default\" class=\"node__media node__media--carousel node__media--right\">\n<div class=\"node__media-container\">\n              <img decoding=\"async\" data-src=\"https:\/\/eumedbridge.eu\/wp-content\/uploads\/2022\/08\/1KM_8254_1.jpg\" width=\"800\" height=\"450\" alt=\"L\u2019USEK et le projet CEDRO financ\u00e9 par l\u2019UE\" typeof=\"foaf:Image\" class=\"img-responsive lazyload\" src=\"data:image\/svg+xml;base64,PHN2ZyB3aWR0aD0iMSIgaGVpZ2h0PSIxIiB4bWxucz0iaHR0cDovL3d3dy53My5vcmcvMjAwMC9zdmciPjwvc3ZnPg==\" style=\"--smush-placeholder-width: 800px; --smush-placeholder-aspect-ratio: 800\/450;\" \/><\/p>\n<div class=\"media__overlay\">\n<div class=\"row middle-xs\">\n<div class=\"col-xs-12 col-sm-4\">\n<div class=\"media__title\">L\u2019USEK et le projet CEDRO financ\u00e9 par l\u2019UE<\/div>\n<\/p><\/div>\n<div class=\"col-xs-12 col-sm-4\"><\/div>\n<div class=\"col-xs-12 col-sm-4\">\n<div class=\"media__share text-right\">\n                <a href=\"https:\/\/euneighbours.eu\/sites\/default\/files\/2019-09\/1KM_8254_1.jpg\" title=\"L\u2019USEK et le projet CEDRO financ\u00e9 par l\u2019UE\" data-colorbox-gallery=\"gallery-image_block-1574-GK_Ag-rU3e0\" class=\"colorbox media__fullscreen\" data-cbox-img-attrs=\"{\"alt\":\"L\u2019USEK et le projet CEDRO financ\u00e9 par l\u2019UE\"}\"><br \/>\n          <i class=\"icon icon--fullscreen color--global-hover\"><\/i><br \/>\n        <\/a>\n      <\/div>\n<\/p><\/div>\n<\/p><\/div>\n<\/div><\/div>\n<div class=\"node__media-container\">\n              <img decoding=\"async\" data-src=\"https:\/\/eumedbridge.eu\/wp-content\/uploads\/2022\/08\/1KM_8256.jpg\" width=\"800\" height=\"450\" alt=\"L\u2019USEK et le projet CEDRO financ\u00e9 par l\u2019UE\" typeof=\"foaf:Image\" class=\"img-responsive lazyload\" src=\"data:image\/svg+xml;base64,PHN2ZyB3aWR0aD0iMSIgaGVpZ2h0PSIxIiB4bWxucz0iaHR0cDovL3d3dy53My5vcmcvMjAwMC9zdmciPjwvc3ZnPg==\" style=\"--smush-placeholder-width: 800px; --smush-placeholder-aspect-ratio: 800\/450;\" \/><\/p>\n<div class=\"media__overlay\">\n<div class=\"row middle-xs\">\n<div class=\"col-xs-12 col-sm-4\">\n<div class=\"media__title\">L\u2019USEK et le projet CEDRO financ\u00e9 par l\u2019UE<\/div>\n<\/p><\/div>\n<div class=\"col-xs-12 col-sm-4\"><\/div>\n<div class=\"col-xs-12 col-sm-4\">\n<div class=\"media__share text-right\">\n                <a href=\"https:\/\/euneighbours.eu\/sites\/default\/files\/2019-09\/1KM_8256.jpg\" title=\"L\u2019USEK et le projet CEDRO financ\u00e9 par l\u2019UE\" data-colorbox-gallery=\"gallery-image_block-1574-GK_Ag-rU3e0\" class=\"colorbox media__fullscreen\" data-cbox-img-attrs=\"{\"alt\":\"L\u2019USEK et le projet CEDRO financ\u00e9 par l\u2019UE\"}\"><br \/>\n          <i class=\"icon icon--fullscreen color--global-hover\"><\/i><br \/>\n        <\/a>\n      <\/div>\n<\/p><\/div>\n<\/p><\/div>\n<\/div><\/div>\n<div class=\"node__media-container\">\n              <img decoding=\"async\" data-src=\"https:\/\/eumedbridge.eu\/wp-content\/uploads\/2022\/08\/PHOTO-2019-08-27-12-09-47.jpg\" width=\"800\" height=\"450\" alt=\"L\u2019USEK et le projet CEDRO financ\u00e9 par l\u2019UE\" typeof=\"foaf:Image\" class=\"img-responsive lazyload\" src=\"data:image\/svg+xml;base64,PHN2ZyB3aWR0aD0iMSIgaGVpZ2h0PSIxIiB4bWxucz0iaHR0cDovL3d3dy53My5vcmcvMjAwMC9zdmciPjwvc3ZnPg==\" style=\"--smush-placeholder-width: 800px; --smush-placeholder-aspect-ratio: 800\/450;\" \/><\/p>\n<div class=\"media__overlay\">\n<div class=\"row middle-xs\">\n<div class=\"col-xs-12 col-sm-4\">\n<div class=\"media__title\">L\u2019USEK et le projet CEDRO financ\u00e9 par l\u2019UE<\/div>\n<\/p><\/div>\n<div class=\"col-xs-12 col-sm-4\"><\/div>\n<div class=\"col-xs-12 col-sm-4\">\n<div class=\"media__share text-right\">\n                <a href=\"https:\/\/euneighbours.eu\/sites\/default\/files\/2019-09\/PHOTO-2019-08-27-12-09-47.jpg\" title=\"L\u2019USEK et le projet CEDRO financ\u00e9 par l\u2019UE\" data-colorbox-gallery=\"gallery-image_block-1574-GK_Ag-rU3e0\" class=\"colorbox media__fullscreen\" data-cbox-img-attrs=\"{\"alt\":\"L\u2019USEK et le projet CEDRO financ\u00e9 par l\u2019UE\"}\"><br \/>\n          <i class=\"icon icon--fullscreen color--global-hover\"><\/i><br \/>\n        <\/a>\n      <\/div>\n<\/p><\/div>\n<\/p><\/div>\n<\/div><\/div>\n<\/p><\/div>\n<div data-quickedit-field-id=\"paragraph\/1574\/field_para_body\/fr\/default\" class=\"node__text\">\n<p><strong><span style=\"font-size:11pt\"><span style=\"line-height:115%\"><span style=\"font-family:Arial,sans-serif\">L\u2019USEK en un clin d\u2019\u0153il<\/span><\/span><\/span><\/strong><\/p>\n<p><span style=\"font-size:11pt\"><span style=\"line-height:115%\"><span style=\"font-family:Arial,sans-serif\">L\u2019USEK est un \u00e9tablissement d\u2019enseignement sup\u00e9rieur catholique priv\u00e9, fond\u00e9 en 1938 par l\u2019Ordre libanais maronite (OLM) et g\u00e9r\u00e9 par ce dernier depuis sa cr\u00e9ation. M\u00eame s\u2019il jouit d\u2019un pass\u00e9 glorieux, il ne se repose pas sur ses lauriers et s\u2019efforce toujours de progresser dans l\u2019avenir en utilisant le pr\u00e9sent comme tremplin, notamment dans le domaine de l\u2019environnement.<\/span><\/span><\/span><\/p>\n<p><span style=\"font-size:11pt\"><span style=\"line-height:115%\"><span style=\"font-family:Arial,sans-serif\">Surplombant la mer M\u00e9diterran\u00e9e, sur la c\u00f4te du Mont Liban, l\u2019Universit\u00e9 poss\u00e8de un campus principal des plus dynamiques, parsem\u00e9 de verdure, et plusieurs b\u00e2timents architecturaux de diff\u00e9rentes \u00e9poques, qui cohabitent en une parfaite harmonie. Sur le campus, la v\u00e9g\u00e9tation luxuriante prot\u00e8ge des effets n\u00e9fastes de l\u2019\u00e9t\u00e9 br\u00fblant du Liban, mais en regardant de plus pr\u00e8s, d\u2019autres signes laissent entrevoir la mise en place d\u2019un programme environnemental plus vaste\u00a0: des poubelles de recyclage, le tri des d\u00e9chets, des projets d\u2019\u00e9co-conception propos\u00e9s par des \u00e9tudiants entrepreneurs, et la liste continue.<\/span><\/span><\/span><\/p>\n<p><span style=\"font-size:11pt\"><span style=\"line-height:115%\"><span style=\"font-family:Arial,sans-serif\">L\u2019USEK est assur\u00e9ment impressionnante pour ce qui est des chiffres, y compris ceux de 2018\u00a0: 7\u00a0386\u00a0\u00e9tudiants, 20\u00a0182\u00a0dipl\u00f4m\u00e9s depuis 2001-2002, 875\u00a0professeurs dont 230 \u00e0 temps plein et 645 \u00e0 temps partiel, 354\u00a0employ\u00e9s administratifs et techniques.<\/span><\/span><\/span><\/p>\n<p><span style=\"font-size:11pt\"><span style=\"line-height:115%\"><span style=\"font-family:Arial,sans-serif\">Le Pape Fran\u00e7ois, dans la deuxi\u00e8me encyclique de son pontificat, Laudato Si, le dit clairement\u00a0: \u00ab\u00a0j\u2019adresse une invitation urgente \u00e0 un nouveau dialogue sur la fa\u00e7on dont nous construisons l\u2019avenir de la plan\u00e8te. Nous avons besoin d\u2019une conversion qui nous unisse tous, parce que le d\u00e9fi environnemental que nous vivons, et ses racines humaines, nous concernent et nous touchent tous.\u00a0\u00bb<\/span><\/span><\/span><\/p>\n<p><span style=\"font-size:11pt\"><span style=\"line-height:115%\"><span style=\"font-family:Arial,sans-serif\">Au-del\u00e0 de ses racines catholiques, l\u2019USEK a pris ce message \u00e0 c\u0153ur et a mis en place un programme environnemental rigoureux \u00ab\u00a0z\u00e9ro d\u00e9chet\u00a0\u00bb, ce qui lui a valu d\u2019\u00eatre \u00e9lue premi\u00e8re universit\u00e9 verte au Liban selon le GreenMetric World University Rankings de l\u2019UI en 2017.<\/span><\/span><\/span><\/p>\n<\/div>\n<div class=\"node_view\"><\/div>\n<\/p><\/div>\n<div data-quickedit-entity-id=\"paragraph\/1575\" class=\"paragraph paragraph--type--image-block paragraph--view-mode--default\">\n<div data-quickedit-field-id=\"paragraph\/1575\/field_para_image\/fr\/default\" class=\"node__media node__media--carousel node__media--right\">\n<div class=\"node__media-container\">\n              <img decoding=\"async\" data-src=\"https:\/\/eumedbridge.eu\/wp-content\/uploads\/2022\/08\/1KM_8267-002.jpg\" width=\"800\" height=\"450\" alt=\"L\u2019USEK et le projet CEDRO financ\u00e9 par l\u2019UE\" typeof=\"foaf:Image\" class=\"img-responsive lazyload\" src=\"data:image\/svg+xml;base64,PHN2ZyB3aWR0aD0iMSIgaGVpZ2h0PSIxIiB4bWxucz0iaHR0cDovL3d3dy53My5vcmcvMjAwMC9zdmciPjwvc3ZnPg==\" style=\"--smush-placeholder-width: 800px; --smush-placeholder-aspect-ratio: 800\/450;\" \/><\/p>\n<div class=\"media__overlay\">\n<div class=\"row middle-xs\">\n<div class=\"col-xs-12 col-sm-4\">\n<div class=\"media__title\">L\u2019USEK et le projet CEDRO financ\u00e9 par l\u2019UE<\/div>\n<\/p><\/div>\n<div class=\"col-xs-12 col-sm-4\"><\/div>\n<div class=\"col-xs-12 col-sm-4\">\n<div class=\"media__share text-right\">\n                <a href=\"https:\/\/euneighbours.eu\/sites\/default\/files\/2019-09\/1KM_8267%20%28002%29.jpg\" title=\"L\u2019USEK et le projet CEDRO financ\u00e9 par l\u2019UE\" data-colorbox-gallery=\"gallery-image_block-1575-GK_Ag-rU3e0\" class=\"colorbox media__fullscreen\" data-cbox-img-attrs=\"{\"alt\":\"L\u2019USEK et le projet CEDRO financ\u00e9 par l\u2019UE\"}\"><br \/>\n          <i class=\"icon icon--fullscreen color--global-hover\"><\/i><br \/>\n        <\/a>\n      <\/div>\n<\/p><\/div>\n<\/p><\/div>\n<\/div><\/div>\n<div class=\"node__media-container\">\n              <img decoding=\"async\" data-src=\"https:\/\/eumedbridge.eu\/wp-content\/uploads\/2022\/08\/PHOTO-2019-08-27-12-09-46.jpg\" width=\"800\" height=\"450\" alt=\"L\u2019USEK et le projet CEDRO financ\u00e9 par l\u2019UE\" typeof=\"foaf:Image\" class=\"img-responsive lazyload\" src=\"data:image\/svg+xml;base64,PHN2ZyB3aWR0aD0iMSIgaGVpZ2h0PSIxIiB4bWxucz0iaHR0cDovL3d3dy53My5vcmcvMjAwMC9zdmciPjwvc3ZnPg==\" style=\"--smush-placeholder-width: 800px; --smush-placeholder-aspect-ratio: 800\/450;\" \/><\/p>\n<div class=\"media__overlay\">\n<div class=\"row middle-xs\">\n<div class=\"col-xs-12 col-sm-4\">\n<div class=\"media__title\">L\u2019USEK et le projet CEDRO financ\u00e9 par l\u2019UE<\/div>\n<\/p><\/div>\n<div class=\"col-xs-12 col-sm-4\"><\/div>\n<div class=\"col-xs-12 col-sm-4\">\n<div class=\"media__share text-right\">\n                <a href=\"https:\/\/euneighbours.eu\/sites\/default\/files\/2019-09\/PHOTO-2019-08-27-12-09-46.jpg\" title=\"L\u2019USEK et le projet CEDRO financ\u00e9 par l\u2019UE\" data-colorbox-gallery=\"gallery-image_block-1575-GK_Ag-rU3e0\" class=\"colorbox media__fullscreen\" data-cbox-img-attrs=\"{\"alt\":\"L\u2019USEK et le projet CEDRO financ\u00e9 par l\u2019UE\"}\"><br \/>\n          <i class=\"icon icon--fullscreen color--global-hover\"><\/i><br \/>\n        <\/a>\n      <\/div>\n<\/p><\/div>\n<\/p><\/div>\n<\/div><\/div>\n<div class=\"node__media-container\">\n              <img decoding=\"async\" data-src=\"https:\/\/eumedbridge.eu\/wp-content\/uploads\/2022\/08\/PHOTO-2019-08-27-12-09-46_2.jpg\" width=\"800\" height=\"450\" alt=\"L\u2019USEK et le projet CEDRO financ\u00e9 par l\u2019UE\" typeof=\"foaf:Image\" class=\"img-responsive lazyload\" src=\"data:image\/svg+xml;base64,PHN2ZyB3aWR0aD0iMSIgaGVpZ2h0PSIxIiB4bWxucz0iaHR0cDovL3d3dy53My5vcmcvMjAwMC9zdmciPjwvc3ZnPg==\" style=\"--smush-placeholder-width: 800px; --smush-placeholder-aspect-ratio: 800\/450;\" \/><\/p>\n<div class=\"media__overlay\">\n<div class=\"row middle-xs\">\n<div class=\"col-xs-12 col-sm-4\">\n<div class=\"media__title\">L\u2019USEK et le projet CEDRO financ\u00e9 par l\u2019UE<\/div>\n<\/p><\/div>\n<div class=\"col-xs-12 col-sm-4\"><\/div>\n<div class=\"col-xs-12 col-sm-4\">\n<div class=\"media__share text-right\">\n                <a href=\"https:\/\/euneighbours.eu\/sites\/default\/files\/2019-09\/PHOTO-2019-08-27-12-09-46_2.jpg\" title=\"L\u2019USEK et le projet CEDRO financ\u00e9 par l\u2019UE\" data-colorbox-gallery=\"gallery-image_block-1575-GK_Ag-rU3e0\" class=\"colorbox media__fullscreen\" data-cbox-img-attrs=\"{\"alt\":\"L\u2019USEK et le projet CEDRO financ\u00e9 par l\u2019UE\"}\"><br \/>\n          <i class=\"icon icon--fullscreen color--global-hover\"><\/i><br \/>\n        <\/a>\n      <\/div>\n<\/p><\/div>\n<\/p><\/div>\n<\/div><\/div>\n<\/p><\/div>\n<div data-quickedit-field-id=\"paragraph\/1575\/field_para_body\/fr\/default\" class=\"node__text\">\n<p><strong><span style=\"font-size:11pt\"><span style=\"line-height:115%\"><span style=\"font-family:Arial,sans-serif\">Le projet CEDRO financ\u00e9 par l\u2019UE<\/span><\/span><\/span><\/strong><\/p>\n<p><span style=\"font-size:11pt\"><span style=\"line-height:115%\"><span style=\"font-family:Arial,sans-serif\">La phase\u00a04 du projet CEDRO \u00e9tait un projet quinquennal (janvier\u00a02014 &#8211; ao\u00fbt\u00a02018) sur les \u00e9nergies renouvelables et l\u2019efficacit\u00e9 \u00e9nerg\u00e9tique, financ\u00e9 par l\u2019UE et mis en \u0153uvre par le<span style=\"background:white\"><span style=\"color:#222222\"> Programme des Nations unies pour le d\u00e9veloppement\u00a0<\/span><\/span>(PNUD). Son principal objectif \u00e9tait de rendre le secteur de l\u2019\u00e9nergie plus vert par l\u2019application de syst\u00e8mes et de mesures d\u2019\u00e9nergie renouvelable et d\u2019efficacit\u00e9 \u00e9nerg\u00e9tique dans les diff\u00e9rents secteurs \u00e9conomiques du Liban.<\/span><\/span><\/span><\/p>\n<p><span style=\"font-size:11pt\"><span style=\"line-height:115%\"><span style=\"font-family:Arial,sans-serif\">Ses objectifs \u00e9taient les suivants\u00a0: i) soutenir le minist\u00e8re des Finances pour contribuer \u00e0 la diminution des charges financi\u00e8res publiques et priv\u00e9es li\u00e9es aux d\u00e9penses \u00e9nerg\u00e9tiques, et accro\u00eetre la s\u00e9curit\u00e9 d\u2019approvisionnement du pays\u00a0; ii) soutenir le minist\u00e8re de l\u2019\u00c9nergie et de l\u2019Eau dans la promotion des \u00e9nergies renouvelables jusqu\u2019\u00e0 12\u00a0% du mix \u00e9nerg\u00e9tique du Liban en 2020 et am\u00e9liorer l\u2019efficacit\u00e9 \u00e9nerg\u00e9tique \u00e0 hauteur de 5\u00a0%\u00a0; iii) promouvoir les sources d\u2019\u00e9nergie renouvelable \u00e0 petite \u00e9chelle dans le cadre de projets de d\u00e9monstration, accompagn\u00e9s d\u2019activit\u00e9s de renforcement des capacit\u00e9s et de sensibilisation, d\u2019une part, et de l\u2019analyse des ressources \u00e9nerg\u00e9tiques renouvelables en termes de potentiel et de recommandations politiques, d\u2019autre part\u00a0; iv) et renforcer la mobilisation en faveur d\u2019une \u00e9conomie verte, en cr\u00e9ant de nouveaux emplois \u00ab\u00a0verts\u00a0\u00bb, en particulier dans le secteur priv\u00e9.<\/span><\/span><\/span><\/p>\n<p><span style=\"font-size:11pt\"><span style=\"line-height:115%\"><span style=\"font-family:Arial,sans-serif\">Le syst\u00e8me install\u00e9 \u00e0 l\u2019USEK a une capacit\u00e9 de 212\u00a0KWc, produit un rendement de 275\u00a0575\u00a0kWh, \u00e9conomise 221\u00a0tonnes d\u2019\u00e9missions de CO<sub>2<\/sub> et dispose d\u2019une surface de 1\u00a0900\u00a0m\u00b2. Cela \u00e9quivaudrait \u00e0 ce que 45\u00a0voitures produisent chaque ann\u00e9e en termes d\u2019\u00e9missions de CO<sub>2<\/sub>, avec une \u00e9conomie de 44\u00a0092\u00a0dollars par an. Le syst\u00e8me a co\u00fbt\u00e9 195\u00a0000\u00a0dollars et a \u00e9t\u00e9 financ\u00e9 \u00e0 hauteur de 50\u00a0% par l\u2019UE et de 50\u00a0% par l\u2019USEK, par l\u2019interm\u00e9diaire du pr\u00eat NEEREA (<i>National Energy Efficiency and Renewable Energy Action<\/i>, Mesures nationales en mati\u00e8re d\u2019efficacit\u00e9 \u00e9nerg\u00e9tique et d\u2019\u00e9nergies renouvelables).<\/span><\/span><\/span><\/p>\n<\/div>\n<div class=\"node_view\"><\/div>\n<\/p><\/div>\n<div data-quickedit-entity-id=\"paragraph\/1576\" class=\"paragraph paragraph--type--image-block paragraph--view-mode--default\">\n<div data-quickedit-field-id=\"paragraph\/1576\/field_para_image\/fr\/default\" class=\"node__media node__media--carousel node__media--right\">\n<div class=\"node__media-container\">\n              <img decoding=\"async\" data-src=\"https:\/\/eumedbridge.eu\/wp-content\/uploads\/2022\/08\/PHOTO-2019-08-27-12-09-37.jpg\" width=\"800\" height=\"450\" alt=\"P\u00e8re Dr Talal Hachem, recteur de l\u2019USEK\" typeof=\"foaf:Image\" class=\"img-responsive lazyload\" src=\"data:image\/svg+xml;base64,PHN2ZyB3aWR0aD0iMSIgaGVpZ2h0PSIxIiB4bWxucz0iaHR0cDovL3d3dy53My5vcmcvMjAwMC9zdmciPjwvc3ZnPg==\" style=\"--smush-placeholder-width: 800px; --smush-placeholder-aspect-ratio: 800\/450;\" \/><\/p>\n<div class=\"media__overlay\">\n<div class=\"row middle-xs\">\n<div class=\"col-xs-12 col-sm-4\">\n<div class=\"media__title\">P\u00e8re Dr Talal Hachem, recteur de l\u2019USEK<\/div>\n<\/p><\/div>\n<div class=\"col-xs-12 col-sm-4\"><\/div>\n<div class=\"col-xs-12 col-sm-4\">\n<div class=\"media__share text-right\">\n                <a href=\"https:\/\/euneighbours.eu\/sites\/default\/files\/2019-09\/PHOTO-2019-08-27-12-09-37.jpg\" title=\"P\u00e8re Dr Talal Hachem, recteur de l\u2019USEK\" data-colorbox-gallery=\"gallery-image_block-1576-GK_Ag-rU3e0\" class=\"colorbox media__fullscreen\" data-cbox-img-attrs=\"{\"alt\":\"P\u00e8re Dr Talal Hachem, recteur de l\u2019USEK\"}\"><br \/>\n          <i class=\"icon icon--fullscreen color--global-hover\"><\/i><br \/>\n        <\/a>\n      <\/div>\n<\/p><\/div>\n<\/p><\/div>\n<\/div><\/div>\n<div class=\"node__media-container\">\n              <img decoding=\"async\" data-src=\"https:\/\/eumedbridge.eu\/wp-content\/uploads\/2022\/08\/PHOTO-2019-08-27-12-09-48.jpg\" width=\"800\" height=\"450\" alt=\"L\u2019USEK et le projet CEDRO financ\u00e9 par l\u2019UE\" typeof=\"foaf:Image\" class=\"img-responsive lazyload\" src=\"data:image\/svg+xml;base64,PHN2ZyB3aWR0aD0iMSIgaGVpZ2h0PSIxIiB4bWxucz0iaHR0cDovL3d3dy53My5vcmcvMjAwMC9zdmciPjwvc3ZnPg==\" style=\"--smush-placeholder-width: 800px; --smush-placeholder-aspect-ratio: 800\/450;\" \/><\/p>\n<div class=\"media__overlay\">\n<div class=\"row middle-xs\">\n<div class=\"col-xs-12 col-sm-4\">\n<div class=\"media__title\">L\u2019USEK et le projet CEDRO financ\u00e9 par l\u2019UE<\/div>\n<\/p><\/div>\n<div class=\"col-xs-12 col-sm-4\"><\/div>\n<div class=\"col-xs-12 col-sm-4\">\n<div class=\"media__share text-right\">\n                <a href=\"https:\/\/euneighbours.eu\/sites\/default\/files\/2019-09\/PHOTO-2019-08-27-12-09-48.jpg\" title=\"L\u2019USEK et le projet CEDRO financ\u00e9 par l\u2019UE\" data-colorbox-gallery=\"gallery-image_block-1576-GK_Ag-rU3e0\" class=\"colorbox media__fullscreen\" data-cbox-img-attrs=\"{\"alt\":\"L\u2019USEK et le projet CEDRO financ\u00e9 par l\u2019UE\"}\"><br \/>\n          <i class=\"icon icon--fullscreen color--global-hover\"><\/i><br \/>\n        <\/a>\n      <\/div>\n<\/p><\/div>\n<\/p><\/div>\n<\/div><\/div>\n<\/p><\/div>\n<div data-quickedit-field-id=\"paragraph\/1576\/field_para_body\/fr\/default\" class=\"node__text\">\n<p><strong><span style=\"font-size:11pt\"><span style=\"line-height:115%\"><span style=\"font-family:Arial,sans-serif\">P\u00e8re Dr Talal Hachem, recteur de l\u2019USEK<\/span><\/span><\/span><\/strong><\/p>\n<p><span style=\"font-size:11pt\"><span style=\"line-height:115%\"><span style=\"font-family:Arial,sans-serif\">N\u00e9 en 1970, le P\u00e8re Talal\u00a0Hachem est le nouveau pr\u00e9sident de l\u2019USEK. Il fait plus jeune que son \u00e2ge, il est affable, il est tr\u00e8s efficace, mais il exerce aussi un leadership \u00ab\u00a0doux\u00a0\u00bb qui lui permet d\u2019obtenir le plein soutien de son personnel &#8211; ah, et il a tendance \u00e0 rire souvent. Le P\u00e8re Hachem a occup\u00e9 plusieurs postes acad\u00e9miques cl\u00e9s \u00e0 l\u2019USEK o\u00f9 il a \u00e9t\u00e9 nomm\u00e9 doyen de la facult\u00e9 de droit en 2013, puis vice-pr\u00e9sident pour la vie communautaire en 2016. En 2019, il a \u00e9t\u00e9 nomm\u00e9 pr\u00e9sident de l\u2019Universit\u00e9.<\/span><\/span><\/span><\/p>\n<p><span style=\"font-size:11pt\"><span style=\"line-height:115%\"><span style=\"font-family:Arial,sans-serif\">En 2013, dans un de ses discours \u00e0 l\u2019Universit\u00e9, le P\u00e8re Hachem le soulignait d\u00e9j\u00e0\u00a0: \u00ab\u00a0les modes de vie urbains influencent grandement toutes les relations que nous \u00e9tablissons les uns avec les autres et avec la terre. N\u00e9anmoins, le d\u00e9veloppement entrepris par la majorit\u00e9 des pays du tiers monde s\u2019est traduit par un ph\u00e9nom\u00e8ne migratoire massif et une expansion urbaine croissante, ce qui a engendr\u00e9 un grave probl\u00e8me environnemental\u00a0\u00bb.<\/span><\/span><\/span><\/p>\n<p><span style=\"font-size:11pt\"><span style=\"line-height:115%\"><span style=\"font-family:Arial,sans-serif\">Le recteur a toujours eu \u00e0 l\u2019esprit la question environnementale, ce qui fait que le CEDRO financ\u00e9 par l\u2019Union europ\u00e9enne correspond parfaitement \u00e0 sa personnalit\u00e9 et \u00e0 son mode de pens\u00e9e. Ce n\u2019est pas un hasard si la premi\u00e8re promotion de jeunes qu\u2019il a dipl\u00f4m\u00e9e avait pour devise \u00ab\u00a0Mettons-nous au travail\u00a0\u00bb, ce qui refl\u00e8te sa philosophie et son mode de pens\u00e9e pragmatique et communautaire. <\/span><\/span><\/span><\/p>\n<p><span style=\"font-size:11pt\"><span style=\"line-height:115%\"><span style=\"font-family:Arial,sans-serif\">\u00ab\u00a0\u00c0 l\u2019USEK, nous estimons que l\u2019Universit\u00e9 n\u2019est pas seulement une question de dipl\u00f4mes et de cours, nous ne sommes pas des robots dipl\u00f4m\u00e9s, mais plut\u00f4t de bons citoyens responsables, des citoyens du monde, et c\u2019est notre travail de les sensibiliser, de les faire grandir et m\u00fbrir\u00a0\u00bb, affirme le P\u00e8re Hachem. \u00ab\u00a0Cela ne concerne pas seulement la petite communaut\u00e9, mais bien la communaut\u00e9 au sens large\u00a0\u00bb, poursuit-il. \u00ab\u00a0Nous voulons que ces valeurs environnementales les accompagnent, qu\u2019elles enrichissent nos \u00e9tudiants. Cet aspect faisait partie de la session d\u2019orientation pour les nouveaux \u00e9tudiants cette ann\u00e9e.\u00a0\u00bb Il ajoute avec attention\u00a0: \u00ab\u00a0Naturellement, cela prend du temps. Tout changement de mentalit\u00e9 n\u00e9cessite du temps, mais cela vient du principe \u00ab\u00a0cela ne d\u00e9pend pas de moi\u00a0\u00bb &#8211; nous devons l\u2019\u00e9radiquer et faire comprendre \u00e0 tous nos \u00e9tudiants, notre personnel et nos professeurs que nous sommes tous impliqu\u00e9s dans ce projet\u00a0\u00bb.<\/span><\/span><\/span><\/p>\n<p><span style=\"font-size:11pt\"><span style=\"line-height:115%\"><span style=\"font-family:Arial,sans-serif\">\u00ab\u00a0Le CEDRO a \u00e9t\u00e9 tr\u00e8s important pour nous parce qu\u2019il a \u00e9t\u00e9 le premier projet pilote qui a permis l\u2019installation d\u2019une infrastructure de traitement des d\u00e9chets solides, le pr\u00e9curseur qui a lanc\u00e9 le reste de nos activit\u00e9s. En fait, nous avons pris des mesures rigoureuses dans le cadre de nos activit\u00e9s environnementales\u00a0: nous n\u2019imprimons plus de cartes d\u2019invitation \u00e0 nos \u00e9v\u00e9nements et, \u00e0 ce stade, nos cartes de visite ne sont plus imprim\u00e9es sur du papier glac\u00e9, qui n\u2019est pas imm\u00e9diatement recyclable. Bien s\u00fbr, les bienfaits se ressentiront dans des centaines d\u2019ann\u00e9es, mais nous, en tant qu\u2019humains, avons besoin de la nature, alors que la nature n\u2019a pas besoin de nous. Et gr\u00e2ce aux r\u00e9seaux sociaux, nous veillons \u00e0 rester en contact avec notre propre communaut\u00e9 d\u2019\u00e9tudiants dipl\u00f4m\u00e9s, par l\u2019interm\u00e9diaire d\u2019activit\u00e9s de sensibilisation.\u00a0\u00bb <\/span><\/span><\/span><\/p>\n<\/div>\n<div class=\"node_view\"><\/div>\n<\/p><\/div>\n<div data-quickedit-entity-id=\"paragraph\/1577\" class=\"paragraph paragraph--type--image-block paragraph--view-mode--default\">\n<div data-quickedit-field-id=\"paragraph\/1577\/field_para_image\/fr\/default\" class=\"node__media node__media--carousel node__media--right\">\n<div class=\"node__media-container\">\n              <img decoding=\"async\" data-src=\"https:\/\/eumedbridge.eu\/wp-content\/uploads\/2022\/08\/PHOTO-2019-08-27-12-09-44_2.jpg\" width=\"800\" height=\"450\" alt=\"Dr. Joseph Al Assad, coordinateur du projet CEDRO \u00e0 l\u2019USEK\" typeof=\"foaf:Image\" class=\"img-responsive lazyload\" src=\"data:image\/svg+xml;base64,PHN2ZyB3aWR0aD0iMSIgaGVpZ2h0PSIxIiB4bWxucz0iaHR0cDovL3d3dy53My5vcmcvMjAwMC9zdmciPjwvc3ZnPg==\" style=\"--smush-placeholder-width: 800px; --smush-placeholder-aspect-ratio: 800\/450;\" \/><\/p>\n<div class=\"media__overlay\">\n<div class=\"row middle-xs\">\n<div class=\"col-xs-12 col-sm-4\">\n<div class=\"media__title\">Dr. Joseph Al Assad, coordinateur du projet CEDRO \u00e0 l\u2019USEK<\/div>\n<\/p><\/div>\n<div class=\"col-xs-12 col-sm-4\"><\/div>\n<div class=\"col-xs-12 col-sm-4\">\n<div class=\"media__share text-right\">\n                <a href=\"https:\/\/euneighbours.eu\/sites\/default\/files\/2019-09\/PHOTO-2019-08-27-12-09-44_2.jpg\" title=\"Dr. Joseph Al Assad, coordinateur du projet CEDRO \u00e0 l\u2019USEK\" data-colorbox-gallery=\"gallery-image_block-1577-GK_Ag-rU3e0\" class=\"colorbox media__fullscreen\" data-cbox-img-attrs=\"{\"alt\":\"Dr. Joseph Al Assad, coordinateur du projet CEDRO \u00e0 l\u2019USEK\"}\"><br \/>\n          <i class=\"icon icon--fullscreen color--global-hover\"><\/i><br \/>\n        <\/a>\n      <\/div>\n<\/p><\/div>\n<\/p><\/div>\n<\/div><\/div>\n<div class=\"node__media-container\">\n              <img decoding=\"async\" data-src=\"https:\/\/eumedbridge.eu\/wp-content\/uploads\/2022\/08\/PHOTO-2019-08-27-12-09-44_1.jpg\" width=\"800\" height=\"450\" alt=\"Dr. Joseph Al Assad, coordinateur du projet CEDRO \u00e0 l\u2019USEK\" typeof=\"foaf:Image\" class=\"img-responsive lazyload\" src=\"data:image\/svg+xml;base64,PHN2ZyB3aWR0aD0iMSIgaGVpZ2h0PSIxIiB4bWxucz0iaHR0cDovL3d3dy53My5vcmcvMjAwMC9zdmciPjwvc3ZnPg==\" style=\"--smush-placeholder-width: 800px; --smush-placeholder-aspect-ratio: 800\/450;\" \/><\/p>\n<div class=\"media__overlay\">\n<div class=\"row middle-xs\">\n<div class=\"col-xs-12 col-sm-4\">\n<div class=\"media__title\">Dr. Joseph Al Assad, coordinateur du projet CEDRO \u00e0 l\u2019USEK<\/div>\n<\/p><\/div>\n<div class=\"col-xs-12 col-sm-4\"><\/div>\n<div class=\"col-xs-12 col-sm-4\">\n<div class=\"media__share text-right\">\n                <a href=\"https:\/\/euneighbours.eu\/sites\/default\/files\/2019-09\/PHOTO-2019-08-27-12-09-44_1.jpg\" title=\"Dr. Joseph Al Assad, coordinateur du projet CEDRO \u00e0 l\u2019USEK\" data-colorbox-gallery=\"gallery-image_block-1577-GK_Ag-rU3e0\" class=\"colorbox media__fullscreen\" data-cbox-img-attrs=\"{\"alt\":\"Dr. Joseph Al Assad, coordinateur du projet CEDRO \u00e0 l\u2019USEK\"}\"><br \/>\n          <i class=\"icon icon--fullscreen color--global-hover\"><\/i><br \/>\n        <\/a>\n      <\/div>\n<\/p><\/div>\n<\/p><\/div>\n<\/div><\/div>\n<div class=\"node__media-container\">\n              <img decoding=\"async\" data-src=\"https:\/\/eumedbridge.eu\/wp-content\/uploads\/2022\/08\/PHOTO-2019-08-27-12-09-47_3.jpg\" width=\"800\" height=\"450\" alt=\"L\u2019USEK et le projet CEDRO financ\u00e9 par l\u2019UE\" typeof=\"foaf:Image\" class=\"img-responsive lazyload\" src=\"data:image\/svg+xml;base64,PHN2ZyB3aWR0aD0iMSIgaGVpZ2h0PSIxIiB4bWxucz0iaHR0cDovL3d3dy53My5vcmcvMjAwMC9zdmciPjwvc3ZnPg==\" style=\"--smush-placeholder-width: 800px; --smush-placeholder-aspect-ratio: 800\/450;\" \/><\/p>\n<div class=\"media__overlay\">\n<div class=\"row middle-xs\">\n<div class=\"col-xs-12 col-sm-4\">\n<div class=\"media__title\">L\u2019USEK et le projet CEDRO financ\u00e9 par l\u2019UE<\/div>\n<\/p><\/div>\n<div class=\"col-xs-12 col-sm-4\"><\/div>\n<div class=\"col-xs-12 col-sm-4\">\n<div class=\"media__share text-right\">\n                <a href=\"https:\/\/euneighbours.eu\/sites\/default\/files\/2019-09\/PHOTO-2019-08-27-12-09-47_3.jpg\" title=\"L\u2019USEK et le projet CEDRO financ\u00e9 par l\u2019UE\" data-colorbox-gallery=\"gallery-image_block-1577-GK_Ag-rU3e0\" class=\"colorbox media__fullscreen\" data-cbox-img-attrs=\"{\"alt\":\"L\u2019USEK et le projet CEDRO financ\u00e9 par l\u2019UE\"}\"><br \/>\n          <i class=\"icon icon--fullscreen color--global-hover\"><\/i><br \/>\n        <\/a>\n      <\/div>\n<\/p><\/div>\n<\/p><\/div>\n<\/div><\/div>\n<\/p><\/div>\n<div data-quickedit-field-id=\"paragraph\/1577\/field_para_body\/fr\/default\" class=\"node__text\">\n<p><strong><span style=\"font-size:11pt\"><span style=\"line-height:115%\"><span style=\"font-family:Arial,sans-serif\">Dr. Joseph Al Assad, coordinateur du projet CEDRO \u00e0 l\u2019USEK<\/span><\/span><\/span><\/strong><\/p>\n<p><span style=\"font-size:11pt\"><span style=\"line-height:115%\"><span style=\"font-family:Arial,sans-serif\">Apr\u00e8s avoir obtenu son doctorat en 2008, le Dr. Joseph Al Assad est devenu professeur adjoint \u00e0 l\u2019USEK o\u00f9 il pr\u00e9side plusieurs d\u00e9partements et est actuellement doyen de la facult\u00e9 d\u2019ing\u00e9nierie de l\u2019USEK, en plus d\u2019\u00eatre membre du <i>Higher Center for Research<\/i> de l\u2019Universit\u00e9. Depuis 2011, M. Al Assad est conseiller au minist\u00e8re de l\u2019\u00c9nergie et de l\u2019Eau et au Centre libanais pour la conversion de l\u2019\u00e9nergie (LCEC). Pourtant, sous ce CV impressionnant se cache une personnalit\u00e9 charmante et d\u00e9vou\u00e9e.<\/span><\/span><\/span><\/p>\n<p><span style=\"font-size:11pt\"><span style=\"line-height:115%\"><span style=\"font-family:Arial,sans-serif\">En personne, il est incroyablement grand, tr\u00e8s ouvert et tout \u00e0 fait disponible, et \u00e0 en juger par le ton de sa voix, il est incroyablement fier du projet CEDRO financ\u00e9 par l\u2019UE et des r\u00e9sultats qui ont \u00e9t\u00e9 obtenus \u00e0 l\u2019USEK.<\/span><\/span><\/span><\/p>\n<p><span style=\"font-size:11pt\"><span style=\"line-height:115%\"><span style=\"font-family:Arial,sans-serif\">\u00ab\u00a0Nos chiffres montrent qu\u2019en 2018, 1\u00a0508\u00a0947\u00a0livres de CO<sub>2<\/sub> ont \u00e9t\u00e9 \u00e9limin\u00e9es, soit l\u2019\u00e9quivalent des \u00e9missions de 151\u00a0voitures particuli\u00e8res ou l\u2019\u00e9nergie produite par 4\u00a0065\u00a0ordinateurs par an. Depuis son lancement, le syst\u00e8me a g\u00e9n\u00e9r\u00e9 528,44\u00a0MWh\u00a0; \u00e0 ce stade nous couvrons 20\u00a0% des besoins de l\u2019Universit\u00e9\u00a0\u00bb. <\/span><\/span><\/span><\/p>\n<p><span style=\"font-size:11pt\"><span style=\"line-height:115%\"><span style=\"font-family:Arial,sans-serif\">Il ajoute ensuite &#8211; en pointant de son balcon vers certaines parties de l\u2019Universit\u00e9\u00a0: \u00ab\u00a0La phase II du projet sera financ\u00e9e \u00e0 hauteur de 1,5\u00a0million de dollars et comprendra la r\u00e9vision de l\u2019ensemble du syst\u00e8me d\u2019\u00e9clairage avec des lampes LED\u00a0&#8211; bien s\u00fbr, la r\u00e9flexion \u00e9tant la suivante\u00a0: quel est l\u2019int\u00e9r\u00eat de produire de l\u2019\u00e9nergie propre si elle est ensuite gaspill\u00e9e dans de mauvaises habitudes de consommation\u00a0? Nous pr\u00e9voyons aussi une nouvelle extension de panneaux solaires qui couvrira le toit du nouveau parking. Cela permettra alors de couvrir 60 \u00e0 70\u00a0% de la consommation de l\u2019Universit\u00e9, l\u2019exc\u00e9dent \u00e9tant r\u00e9inject\u00e9 dans le r\u00e9seau pendant les mois plus calmes\u00a0\u00bb.<\/span><\/span><\/span><\/p>\n<p><span style=\"font-size:11pt\"><span style=\"line-height:115%\"><span style=\"font-family:Arial,sans-serif\">\u00ab\u00a0En fin de compte, ajoute-t-il, nous voulions que toute la communaut\u00e9 de l\u2019USEK s\u2019investisse dans le projet, qu\u2019il n\u2019y ait aucune indiff\u00e9rence, que tous se sentent concern\u00e9s. Le CEDRO est le v\u00e9ritable moteur qui a fait bouger les choses.\u00a0\u00bb<\/span><\/span><\/span><\/p>\n<p>\u00a0<\/p>\n<p><meta charset=\"utf-8\" \/><b id=\"docs-internal-guid-ea7828c2-7fff-bddb-7fb6-cf2d95fa60a7\">Publi\u00e9 dans les m\u00e9dias locaux<\/b><\/p>\n<p><meta charset=\"utf-8\" \/><b id=\"docs-internal-guid-593aca3d-7fff-e2db-54fc-7276dbc9bfc4\"><a href=\"http:\/\/blog.tarekchemaly.com\/2019\/09\/usek-and-eu-funded-cedro-match-made-in.html\">Blog: Tarek Chemaly<\/a><\/b><\/p>\n<p><meta charset=\"utf-8\" \/><b id=\"docs-internal-guid-c2343799-7fff-539c-5b4a-f2cf8f1a600d\"><a href=\"https:\/\/lepetitjournal.com\/beyrouth\/lusek-sassocie-au-projet-cedro-finance-par-lunion-europeenne-265239\">Le Petit Journal de Beyrouth<\/a><\/b><\/p>\n<p><meta charset=\"utf-8\" \/><b id=\"docs-internal-guid-6597cd6a-7fff-1a2b-0ad7-d4586910aa96\">Liens EU Neighbours <\/b><\/p>\n<p><meta charset=\"utf-8\" \/><\/p>\n<p dir=\"ltr\"><b id=\"docs-internal-guid-622ba241-7fff-4d59-f788-afac981dad60\"><a href=\"https:\/\/www.facebook.com\/euneighbours\/videos\/3447122428646324\">Facebook<\/a><\/b><\/p>\n<p dir=\"ltr\"><b id=\"docs-internal-guid-622ba241-7fff-4d59-f788-afac981dad60\"><a href=\"https:\/\/twitter.com\/euneighbours\/status\/1171748008125485056\">Twitter<\/a><\/b><\/p>\n<p dir=\"ltr\"><b id=\"docs-internal-guid-622ba241-7fff-4d59-f788-afac981dad60\"><a href=\"https:\/\/www.linkedin.com\/feed\/update\/urn:li:activity:6577513925942882304\">LinkedIn<\/a><\/b><\/p>\n<p dir=\"ltr\"><meta charset=\"utf-8\" \/><b id=\"docs-internal-guid-a35582e6-7fff-6573-cc4e-e582911c65de\"><a href=\"https:\/\/www.instagram.com\/euneighbourssouth\/\">Instagram<\/a><\/b><\/p>\n<p dir=\"ltr\"><meta charset=\"utf-8\" \/><b id=\"docs-internal-guid-35cf176b-7fff-853e-314b-34163aada817\">D\u00e9l\u00e9gation UE<\/b><meta charset=\"utf-8\" \/><\/p>\n<p dir=\"ltr\"><b id=\"docs-internal-guid-4fbdb8c6-7fff-a141-864c-e30a30aa4a50\"><a href=\"http:\/\/eeas.europa.eu\/delegations\/lebanon\/index_fr.htm\">Liban Web<\/a><\/b><\/p>\n<p dir=\"ltr\"><b id=\"docs-internal-guid-4fbdb8c6-7fff-a141-864c-e30a30aa4a50\"><a href=\"https:\/\/www.facebook.com\/EUinLebanon\/?__tn__=%2Cd%2CP-R&#038;eid=ARCRoIgCfUMsIj5Xi_-bSJHOMrDH5y-817cvmtDkAlknC9RfvmzoPYJHCI-_31SXrLyxP4o7zXiBZaCS\">Liban Facebook<\/a><\/b><\/p>\n<\/div>\n<div class=\"node_view\"><\/div>\n<\/p><\/div>\n","protected":false},"featured_media":0,"parent":0,"template":"","story_category":[],"country":[1949],"special_action":[],"custom_tag":[2312,2315,1884,1970],"class_list":["post-204044","story","type-story","status-publish","hentry","country-liban","custom_tag-developpement-durable","custom_tag-emploi-et-entrpreuneuriat","custom_tag-environnement-et-changement-climatique","custom_tag-jeunesse"],"acf":[],"yoast_head":"<!-- This site is optimized with the Yoast SEO plugin v26.5 - https:\/\/yoast.com\/wordpress\/plugins\/seo\/ -->\n<title>L\u2019USEK et le projet CEDRO financ\u00e9 par l\u2019UE, un partenariat r\u00eav\u00e9 pour l\u2019environnement - Voisins de l&#039;UE<\/title>\n<meta name=\"robots\" content=\"index, follow, max-snippet:-1, max-image-preview:large, max-video-preview:-1\" \/>\n<link rel=\"canonical\" href=\"https:\/\/www.eumedbridge.eu\/fr\/story\/lusek-et-le-projet-cedro-finance-par-lue-un-partenariat-reve-pour\/\" \/>\n<meta property=\"og:locale\" content=\"fr_FR\" \/>\n<meta property=\"og:type\" content=\"article\" \/>\n<meta property=\"og:title\" content=\"L\u2019USEK et le projet CEDRO financ\u00e9 par l\u2019UE, un partenariat r\u00eav\u00e9 pour l\u2019environnement - Voisins de l&#039;UE\" \/>\n<meta property=\"og:description\" content=\"L\u2019Universit\u00e9 Saint-Esprit De Kaslik (USEK) s\u2019associe au projet CEDRO, financ\u00e9 par l\u2019Union europ\u00e9enne, pour mettre en \u0153uvre une strat\u00e9gie relative \u00e0 l\u2019\u00e9nergie durable au niveau de l\u2019Universit\u00e9 et des plans d\u2019action pour att\u00e9nuer le changement climatique. Tout cela apportera des changements positifs \u00e0 l\u2019ensemble de la communaut\u00e9 universitaire. En ce jour de fin ao\u00fbt, l\u2019Universit\u00e9 [&hellip;]\" \/>\n<meta property=\"og:url\" content=\"https:\/\/www.eumedbridge.eu\/fr\/story\/lusek-et-le-projet-cedro-finance-par-lue-un-partenariat-reve-pour\/\" \/>\n<meta property=\"og:site_name\" content=\"Voisins de l&#039;UE\" \/>\n<meta property=\"article:publisher\" content=\"https:\/\/www.facebook.com\/eumedbridge\/\" \/>\n<meta property=\"article:modified_time\" content=\"2022-08-17T13:29:33+00:00\" \/>\n<meta property=\"og:image\" content=\"https:\/\/www.eumedbridge.eu\/wp-content\/uploads\/2022\/05\/1KM_8254_0-scaled.jpg\" \/>\n\t<meta property=\"og:image:width\" content=\"2560\" \/>\n\t<meta property=\"og:image:height\" content=\"1704\" \/>\n\t<meta property=\"og:image:type\" content=\"image\/jpeg\" \/>\n<meta name=\"twitter:card\" content=\"summary_large_image\" \/>\n<meta name=\"twitter:site\" content=\"@eumedbridge\" \/>\n<meta name=\"twitter:label1\" content=\"Dur\u00e9e de lecture estim\u00e9e\" \/>\n\t<meta name=\"twitter:data1\" content=\"10 minutes\" \/>\n<script type=\"application\/ld+json\" class=\"yoast-schema-graph\">{\"@context\":\"https:\/\/schema.org\",\"@graph\":[{\"@type\":\"WebPage\",\"@id\":\"https:\/\/www.eumedbridge.eu\/fr\/story\/lusek-et-le-projet-cedro-finance-par-lue-un-partenariat-reve-pour\/\",\"url\":\"https:\/\/www.eumedbridge.eu\/fr\/story\/lusek-et-le-projet-cedro-finance-par-lue-un-partenariat-reve-pour\/\",\"name\":\"L\u2019USEK et le projet CEDRO financ\u00e9 par l\u2019UE, un partenariat r\u00eav\u00e9 pour l\u2019environnement - Voisins de l'UE\",\"isPartOf\":{\"@id\":\"https:\/\/www.eumedbridge.eu\/#website\"},\"primaryImageOfPage\":{\"@id\":\"https:\/\/www.eumedbridge.eu\/fr\/story\/lusek-et-le-projet-cedro-finance-par-lue-un-partenariat-reve-pour\/#primaryimage\"},\"image\":{\"@id\":\"https:\/\/www.eumedbridge.eu\/fr\/story\/lusek-et-le-projet-cedro-finance-par-lue-un-partenariat-reve-pour\/#primaryimage\"},\"thumbnailUrl\":\"https:\/\/eumedbridge.eu\/wp-content\/uploads\/2022\/08\/1KM_8254_1.jpg\",\"datePublished\":\"2019-09-10T21:00:00+00:00\",\"dateModified\":\"2022-08-17T13:29:33+00:00\",\"breadcrumb\":{\"@id\":\"https:\/\/www.eumedbridge.eu\/fr\/story\/lusek-et-le-projet-cedro-finance-par-lue-un-partenariat-reve-pour\/#breadcrumb\"},\"inLanguage\":\"fr-FR\",\"potentialAction\":[{\"@type\":\"ReadAction\",\"target\":[\"https:\/\/www.eumedbridge.eu\/fr\/story\/lusek-et-le-projet-cedro-finance-par-lue-un-partenariat-reve-pour\/\"]}]},{\"@type\":\"ImageObject\",\"inLanguage\":\"fr-FR\",\"@id\":\"https:\/\/www.eumedbridge.eu\/fr\/story\/lusek-et-le-projet-cedro-finance-par-lue-un-partenariat-reve-pour\/#primaryimage\",\"url\":\"https:\/\/eumedbridge.eu\/wp-content\/uploads\/2022\/08\/1KM_8254_1.jpg\",\"contentUrl\":\"https:\/\/eumedbridge.eu\/wp-content\/uploads\/2022\/08\/1KM_8254_1.jpg\"},{\"@type\":\"BreadcrumbList\",\"@id\":\"https:\/\/www.eumedbridge.eu\/fr\/story\/lusek-et-le-projet-cedro-finance-par-lue-un-partenariat-reve-pour\/#breadcrumb\",\"itemListElement\":[{\"@type\":\"ListItem\",\"position\":1,\"name\":\"Home\",\"item\":\"https:\/\/www.eumedbridge.eu\/fr\/home-page\/\"},{\"@type\":\"ListItem\",\"position\":2,\"name\":\"Histoires\",\"item\":\"https:\/\/www.eumedbridge.eu\/fr\/story\/\"},{\"@type\":\"ListItem\",\"position\":3,\"name\":\"L\u2019USEK et le projet CEDRO financ\u00e9 par l\u2019UE, un partenariat r\u00eav\u00e9 pour l\u2019environnement\"}]},{\"@type\":\"WebSite\",\"@id\":\"https:\/\/www.eumedbridge.eu\/#website\",\"url\":\"https:\/\/www.eumedbridge.eu\/\",\"name\":\"EU Medbridge\",\"description\":\"\",\"publisher\":{\"@id\":\"https:\/\/www.eumedbridge.eu\/#organization\"},\"potentialAction\":[{\"@type\":\"SearchAction\",\"target\":{\"@type\":\"EntryPoint\",\"urlTemplate\":\"https:\/\/www.eumedbridge.eu\/?s={search_term_string}\"},\"query-input\":{\"@type\":\"PropertyValueSpecification\",\"valueRequired\":true,\"valueName\":\"search_term_string\"}}],\"inLanguage\":\"fr-FR\"},{\"@type\":\"Organization\",\"@id\":\"https:\/\/www.eumedbridge.eu\/#organization\",\"name\":\"EU Medbridge\",\"url\":\"https:\/\/www.eumedbridge.eu\/\",\"logo\":{\"@type\":\"ImageObject\",\"inLanguage\":\"fr-FR\",\"@id\":\"https:\/\/www.eumedbridge.eu\/#\/schema\/logo\/image\/\",\"url\":\"https:\/\/www.eumedbridge.eu\/wp-content\/uploads\/2021\/12\/Logo.png\",\"contentUrl\":\"https:\/\/www.eumedbridge.eu\/wp-content\/uploads\/2021\/12\/Logo.png\",\"width\":325,\"height\":114,\"caption\":\"EU Medbridge\"},\"image\":{\"@id\":\"https:\/\/www.eumedbridge.eu\/#\/schema\/logo\/image\/\"},\"sameAs\":[\"https:\/\/www.facebook.com\/eumedbridge\/\",\"https:\/\/x.com\/eumedbridge\",\"https:\/\/www.linkedin.com\/company\/eumedbridge\",\"https:\/\/www.youtube.com\/@eumedbridge\",\"https:\/\/www.instagram.com\/eumedbridge\",\"https:\/\/www.flickr.com\/photos\/euneighbours-south\/\"]}]}<\/script>\n<!-- \/ Yoast SEO plugin. -->","yoast_head_json":{"title":"L\u2019USEK et le projet CEDRO financ\u00e9 par l\u2019UE, un partenariat r\u00eav\u00e9 pour l\u2019environnement - Voisins de l'UE","robots":{"index":"index","follow":"follow","max-snippet":"max-snippet:-1","max-image-preview":"max-image-preview:large","max-video-preview":"max-video-preview:-1"},"canonical":"https:\/\/www.eumedbridge.eu\/fr\/story\/lusek-et-le-projet-cedro-finance-par-lue-un-partenariat-reve-pour\/","og_locale":"fr_FR","og_type":"article","og_title":"L\u2019USEK et le projet CEDRO financ\u00e9 par l\u2019UE, un partenariat r\u00eav\u00e9 pour l\u2019environnement - Voisins de l'UE","og_description":"L\u2019Universit\u00e9 Saint-Esprit De Kaslik (USEK) s\u2019associe au projet CEDRO, financ\u00e9 par l\u2019Union europ\u00e9enne, pour mettre en \u0153uvre une strat\u00e9gie relative \u00e0 l\u2019\u00e9nergie durable au niveau de l\u2019Universit\u00e9 et des plans d\u2019action pour att\u00e9nuer le changement climatique. Tout cela apportera des changements positifs \u00e0 l\u2019ensemble de la communaut\u00e9 universitaire. En ce jour de fin ao\u00fbt, l\u2019Universit\u00e9 [&hellip;]","og_url":"https:\/\/www.eumedbridge.eu\/fr\/story\/lusek-et-le-projet-cedro-finance-par-lue-un-partenariat-reve-pour\/","og_site_name":"Voisins de l'UE","article_publisher":"https:\/\/www.facebook.com\/eumedbridge\/","article_modified_time":"2022-08-17T13:29:33+00:00","og_image":[{"width":2560,"height":1704,"url":"https:\/\/www.eumedbridge.eu\/wp-content\/uploads\/2022\/05\/1KM_8254_0-scaled.jpg","type":"image\/jpeg"}],"twitter_card":"summary_large_image","twitter_site":"@eumedbridge","twitter_misc":{"Dur\u00e9e de lecture estim\u00e9e":"10 minutes"},"schema":{"@context":"https:\/\/schema.org","@graph":[{"@type":"WebPage","@id":"https:\/\/www.eumedbridge.eu\/fr\/story\/lusek-et-le-projet-cedro-finance-par-lue-un-partenariat-reve-pour\/","url":"https:\/\/www.eumedbridge.eu\/fr\/story\/lusek-et-le-projet-cedro-finance-par-lue-un-partenariat-reve-pour\/","name":"L\u2019USEK et le projet CEDRO financ\u00e9 par l\u2019UE, un partenariat r\u00eav\u00e9 pour l\u2019environnement - Voisins de l'UE","isPartOf":{"@id":"https:\/\/www.eumedbridge.eu\/#website"},"primaryImageOfPage":{"@id":"https:\/\/www.eumedbridge.eu\/fr\/story\/lusek-et-le-projet-cedro-finance-par-lue-un-partenariat-reve-pour\/#primaryimage"},"image":{"@id":"https:\/\/www.eumedbridge.eu\/fr\/story\/lusek-et-le-projet-cedro-finance-par-lue-un-partenariat-reve-pour\/#primaryimage"},"thumbnailUrl":"https:\/\/eumedbridge.eu\/wp-content\/uploads\/2022\/08\/1KM_8254_1.jpg","datePublished":"2019-09-10T21:00:00+00:00","dateModified":"2022-08-17T13:29:33+00:00","breadcrumb":{"@id":"https:\/\/www.eumedbridge.eu\/fr\/story\/lusek-et-le-projet-cedro-finance-par-lue-un-partenariat-reve-pour\/#breadcrumb"},"inLanguage":"fr-FR","potentialAction":[{"@type":"ReadAction","target":["https:\/\/www.eumedbridge.eu\/fr\/story\/lusek-et-le-projet-cedro-finance-par-lue-un-partenariat-reve-pour\/"]}]},{"@type":"ImageObject","inLanguage":"fr-FR","@id":"https:\/\/www.eumedbridge.eu\/fr\/story\/lusek-et-le-projet-cedro-finance-par-lue-un-partenariat-reve-pour\/#primaryimage","url":"https:\/\/eumedbridge.eu\/wp-content\/uploads\/2022\/08\/1KM_8254_1.jpg","contentUrl":"https:\/\/eumedbridge.eu\/wp-content\/uploads\/2022\/08\/1KM_8254_1.jpg"},{"@type":"BreadcrumbList","@id":"https:\/\/www.eumedbridge.eu\/fr\/story\/lusek-et-le-projet-cedro-finance-par-lue-un-partenariat-reve-pour\/#breadcrumb","itemListElement":[{"@type":"ListItem","position":1,"name":"Home","item":"https:\/\/www.eumedbridge.eu\/fr\/home-page\/"},{"@type":"ListItem","position":2,"name":"Histoires","item":"https:\/\/www.eumedbridge.eu\/fr\/story\/"},{"@type":"ListItem","position":3,"name":"L\u2019USEK et le projet CEDRO financ\u00e9 par l\u2019UE, un partenariat r\u00eav\u00e9 pour l\u2019environnement"}]},{"@type":"WebSite","@id":"https:\/\/www.eumedbridge.eu\/#website","url":"https:\/\/www.eumedbridge.eu\/","name":"EU Medbridge","description":"","publisher":{"@id":"https:\/\/www.eumedbridge.eu\/#organization"},"potentialAction":[{"@type":"SearchAction","target":{"@type":"EntryPoint","urlTemplate":"https:\/\/www.eumedbridge.eu\/?s={search_term_string}"},"query-input":{"@type":"PropertyValueSpecification","valueRequired":true,"valueName":"search_term_string"}}],"inLanguage":"fr-FR"},{"@type":"Organization","@id":"https:\/\/www.eumedbridge.eu\/#organization","name":"EU Medbridge","url":"https:\/\/www.eumedbridge.eu\/","logo":{"@type":"ImageObject","inLanguage":"fr-FR","@id":"https:\/\/www.eumedbridge.eu\/#\/schema\/logo\/image\/","url":"https:\/\/www.eumedbridge.eu\/wp-content\/uploads\/2021\/12\/Logo.png","contentUrl":"https:\/\/www.eumedbridge.eu\/wp-content\/uploads\/2021\/12\/Logo.png","width":325,"height":114,"caption":"EU Medbridge"},"image":{"@id":"https:\/\/www.eumedbridge.eu\/#\/schema\/logo\/image\/"},"sameAs":["https:\/\/www.facebook.com\/eumedbridge\/","https:\/\/x.com\/eumedbridge","https:\/\/www.linkedin.com\/company\/eumedbridge","https:\/\/www.youtube.com\/@eumedbridge","https:\/\/www.instagram.com\/eumedbridge","https:\/\/www.flickr.com\/photos\/euneighbours-south\/"]}]}},"_links":{"self":[{"href":"https:\/\/www.eumedbridge.eu\/fr\/wp-json\/wp\/v2\/story\/204044","targetHints":{"allow":["GET"]}}],"collection":[{"href":"https:\/\/www.eumedbridge.eu\/fr\/wp-json\/wp\/v2\/story"}],"about":[{"href":"https:\/\/www.eumedbridge.eu\/fr\/wp-json\/wp\/v2\/types\/story"}],"wp:attachment":[{"href":"https:\/\/www.eumedbridge.eu\/fr\/wp-json\/wp\/v2\/media?parent=204044"}],"wp:term":[{"taxonomy":"story_category","embeddable":true,"href":"https:\/\/www.eumedbridge.eu\/fr\/wp-json\/wp\/v2\/story_category?post=204044"},{"taxonomy":"country","embeddable":true,"href":"https:\/\/www.eumedbridge.eu\/fr\/wp-json\/wp\/v2\/country?post=204044"},{"taxonomy":"special_action","embeddable":true,"href":"https:\/\/www.eumedbridge.eu\/fr\/wp-json\/wp\/v2\/special_action?post=204044"},{"taxonomy":"custom_tag","embeddable":true,"href":"https:\/\/www.eumedbridge.eu\/fr\/wp-json\/wp\/v2\/custom_tag?post=204044"}],"curies":[{"name":"wp","href":"https:\/\/api.w.org\/{rel}","templated":true}]}}