{"id":204048,"date":"2019-06-19T00:00:00","date_gmt":"2019-06-18T21:00:00","guid":{"rendered":"https:\/\/eumedbridge.eu\/story\/eu-green-day-ou-comment-initier-les-jeunes-la-protection-de\/"},"modified":"2022-08-17T16:29:42","modified_gmt":"2022-08-17T13:29:42","slug":"eu-green-day-ou-comment-initier-les-jeunes-la-protection-de","status":"publish","type":"story","link":"https:\/\/www.eumedbridge.eu\/fr\/story\/eu-green-day-ou-comment-initier-les-jeunes-la-protection-de\/","title":{"rendered":"\u00ab EU Green Day \u00bb, ou comment initier les jeunes \u00e0 la protection de l\u2019environnement"},"content":{"rendered":"<blockquote>\n<p>L\u2019Union europ\u00e9enne a organis\u00e9 samedi 15 juin, des activit\u00e9s \u00e0 l\u2019hippodrome de Beyrouth pour les petits, avec des jeux sportifs et \u00e9ducatifs, pour leur permettre de d\u00e9couvrir la nature dans tous ces aspects et apprendre \u00e0 prot\u00e9ger l\u2019environnement.<\/p>\n<\/blockquote>\n<div data-quickedit-entity-id=\"paragraph\/1490\" class=\"paragraph paragraph--type--image-block paragraph--view-mode--default\">\n<div data-quickedit-field-id=\"paragraph\/1490\/field_para_image\/fr\/default\" class=\"node__media node__media--carousel node__media--right\">\n<div class=\"node__media-container\">\n              <img decoding=\"async\" data-src=\"https:\/\/eumedbridge.eu\/wp-content\/uploads\/2022\/08\/XNM-01.jpg\" width=\"800\" height=\"450\" alt=\"Le EU Green Day au Liban 2019\" typeof=\"foaf:Image\" class=\"img-responsive lazyload\" src=\"data:image\/svg+xml;base64,PHN2ZyB3aWR0aD0iMSIgaGVpZ2h0PSIxIiB4bWxucz0iaHR0cDovL3d3dy53My5vcmcvMjAwMC9zdmciPjwvc3ZnPg==\" style=\"--smush-placeholder-width: 800px; --smush-placeholder-aspect-ratio: 800\/450;\" \/><\/p>\n<div class=\"media__overlay\">\n<div class=\"row middle-xs\">\n<div class=\"col-xs-12 col-sm-4\">\n<div class=\"media__title\">Le EU Green Day au Liban 2019<\/div>\n<\/p><\/div>\n<div class=\"col-xs-12 col-sm-4\"><\/div>\n<div class=\"col-xs-12 col-sm-4\">\n<div class=\"media__share text-right\">\n                <a href=\"https:\/\/euneighbours.eu\/sites\/default\/files\/2019-06\/XNM%2001.jpg\" title=\"Le EU Green Day au Liban 2019\" data-colorbox-gallery=\"gallery-image_block-1490-GK_Ag-rU3e0\" class=\"colorbox media__fullscreen\" data-cbox-img-attrs=\"{\"alt\":\"Le EU Green Day au Liban 2019\"}\"><br \/>\n          <i class=\"icon icon--fullscreen color--global-hover\"><\/i><br \/>\n        <\/a>\n      <\/div>\n<\/p><\/div>\n<\/p><\/div>\n<\/div><\/div>\n<div class=\"node__media-container\">\n              <img decoding=\"async\" data-src=\"https:\/\/eumedbridge.eu\/wp-content\/uploads\/2022\/08\/IMGL2467.jpg\" width=\"800\" height=\"450\" alt=\"Le EU Green Day au Liban 2019\" typeof=\"foaf:Image\" class=\"img-responsive lazyload\" src=\"data:image\/svg+xml;base64,PHN2ZyB3aWR0aD0iMSIgaGVpZ2h0PSIxIiB4bWxucz0iaHR0cDovL3d3dy53My5vcmcvMjAwMC9zdmciPjwvc3ZnPg==\" style=\"--smush-placeholder-width: 800px; --smush-placeholder-aspect-ratio: 800\/450;\" \/><\/p>\n<div class=\"media__overlay\">\n<div class=\"row middle-xs\">\n<div class=\"col-xs-12 col-sm-4\">\n<div class=\"media__title\">Le EU Green Day au Liban 2019<\/div>\n<\/p><\/div>\n<div class=\"col-xs-12 col-sm-4\"><\/div>\n<div class=\"col-xs-12 col-sm-4\">\n<div class=\"media__share text-right\">\n                <a href=\"https:\/\/euneighbours.eu\/sites\/default\/files\/2019-06\/IMGL2467.jpg\" title=\"Le EU Green Day au Liban 2019\" data-colorbox-gallery=\"gallery-image_block-1490-GK_Ag-rU3e0\" class=\"colorbox media__fullscreen\" data-cbox-img-attrs=\"{\"alt\":\"Le EU Green Day au Liban 2019\"}\"><br \/>\n          <i class=\"icon icon--fullscreen color--global-hover\"><\/i><br \/>\n        <\/a>\n      <\/div>\n<\/p><\/div>\n<\/p><\/div>\n<\/div><\/div>\n<div class=\"node__media-container\">\n              <img decoding=\"async\" data-src=\"https:\/\/eumedbridge.eu\/wp-content\/uploads\/2022\/08\/IMGL2495.jpg\" width=\"800\" height=\"450\" alt=\"Le EU Green Day au Liban 2019\" typeof=\"foaf:Image\" class=\"img-responsive lazyload\" src=\"data:image\/svg+xml;base64,PHN2ZyB3aWR0aD0iMSIgaGVpZ2h0PSIxIiB4bWxucz0iaHR0cDovL3d3dy53My5vcmcvMjAwMC9zdmciPjwvc3ZnPg==\" style=\"--smush-placeholder-width: 800px; --smush-placeholder-aspect-ratio: 800\/450;\" \/><\/p>\n<div class=\"media__overlay\">\n<div class=\"row middle-xs\">\n<div class=\"col-xs-12 col-sm-4\">\n<div class=\"media__title\">Le EU Green Day au Liban 2019<\/div>\n<\/p><\/div>\n<div class=\"col-xs-12 col-sm-4\"><\/div>\n<div class=\"col-xs-12 col-sm-4\">\n<div class=\"media__share text-right\">\n                <a href=\"https:\/\/euneighbours.eu\/sites\/default\/files\/2019-06\/IMGL2495.jpg\" title=\"Le EU Green Day au Liban 2019\" data-colorbox-gallery=\"gallery-image_block-1490-GK_Ag-rU3e0\" class=\"colorbox media__fullscreen\" data-cbox-img-attrs=\"{\"alt\":\"Le EU Green Day au Liban 2019\"}\"><br \/>\n          <i class=\"icon icon--fullscreen color--global-hover\"><\/i><br \/>\n        <\/a>\n      <\/div>\n<\/p><\/div>\n<\/p><\/div>\n<\/div><\/div>\n<div class=\"node__media-container\">\n              <img decoding=\"async\" data-src=\"https:\/\/eumedbridge.eu\/wp-content\/uploads\/2022\/08\/IMGL2317.jpg\" width=\"800\" height=\"450\" alt=\"Le EU Green Day au Liban 2019\" typeof=\"foaf:Image\" class=\"img-responsive lazyload\" src=\"data:image\/svg+xml;base64,PHN2ZyB3aWR0aD0iMSIgaGVpZ2h0PSIxIiB4bWxucz0iaHR0cDovL3d3dy53My5vcmcvMjAwMC9zdmciPjwvc3ZnPg==\" style=\"--smush-placeholder-width: 800px; --smush-placeholder-aspect-ratio: 800\/450;\" \/><\/p>\n<div class=\"media__overlay\">\n<div class=\"row middle-xs\">\n<div class=\"col-xs-12 col-sm-4\">\n<div class=\"media__title\">Le EU Green Day au Liban 2019<\/div>\n<\/p><\/div>\n<div class=\"col-xs-12 col-sm-4\"><\/div>\n<div class=\"col-xs-12 col-sm-4\">\n<div class=\"media__share text-right\">\n                <a href=\"https:\/\/euneighbours.eu\/sites\/default\/files\/2019-06\/IMGL2317.jpg\" title=\"Le EU Green Day au Liban 2019\" data-colorbox-gallery=\"gallery-image_block-1490-GK_Ag-rU3e0\" class=\"colorbox media__fullscreen\" data-cbox-img-attrs=\"{\"alt\":\"Le EU Green Day au Liban 2019\"}\"><br \/>\n          <i class=\"icon icon--fullscreen color--global-hover\"><\/i><br \/>\n        <\/a>\n      <\/div>\n<\/p><\/div>\n<\/p><\/div>\n<\/div><\/div>\n<\/p><\/div>\n<div data-quickedit-field-id=\"paragraph\/1490\/field_para_body\/fr\/default\" class=\"node__text\">\n<p>Pari r\u00e9ussi pour cette deuxi\u00e8me \u00e9dition du \u00ab EU Green Day \u00bb, qui a \u00e9t\u00e9 organis\u00e9e \u00e0 l\u2019hippodrome de Beyrouth, par l\u2019Union europ\u00e9enne (UE), en partenariat avec plusieurs ONGs qui \u0153uvrent \u00e0 la protection et la d\u00e9fense de l\u2019environnement au Liban.<br \/>\n\u00ab Nous voulons cr\u00e9er une prise de conscience \u00e9cologique \u00e0 partir d\u2019un \u00e9v\u00e9nement divertissant et plaisant. L\u2019id\u00e9e est de permettre au public d\u2019avoir des id\u00e9es pour des initiatives personnelles afin de sauvegarder l\u2019environnement \u00bb, affirme Christina Lassen, ambassadrice et chef de la d\u00e9l\u00e9gation de l\u2019UE au Liban. \u00ab Le deuxi\u00e8me point sur lequel nous voulions insister est la promotion des espaces publics verts dans les villes libanaises, qui sont vraiment tr\u00e8s rares. D\u2019o\u00f9 notre choix de l\u2019hippodrome, qui est un espace vert peu connu m\u00eame des Beyrouthins \u00bb, ajoute-t-elle.<br \/>\nPour attirer le plus grand nombre de personnes, \u00ab nous avons fait appel aux \u00e9coles et aux ONGs, pour inviter les enfants et les \u00e9l\u00e8ves, afin de les initier d\u00e8s leur plus jeune \u00e2ge aux probl\u00e8mes environnementaux \u00bb, explique Mme Lassen. En effet, si beaucoup de parents -qui sont probablement avis\u00e9s sur la protection de l\u2019environnement- sont venus avec leurs enfants pour passer une journ\u00e9e agr\u00e9able et ensoleill\u00e9e sous l\u2019ombre des pins parasols en leur donnant en m\u00eame temps la chance de jouer \u00e0 des jeux \u00e9ducatifs et amusants, d\u2019autres sont loin d\u2019avoir ce comportement p\u00e9dagogique. D\u2019o\u00f9 l\u2019id\u00e9e d\u2019inviter de jeunes libanais et syriens, venus de toutes les r\u00e9gions du pays du c\u00e8dre. \u00ab Nous avons plein d\u2019espoir dans la nouvelle g\u00e9n\u00e9ration. C\u2019est \u00e0 elle de faire les changements de mentalit\u00e9 pour une meilleure protection de l\u2019environnement au Liban \u00bb, dit l\u2019ambassadrice europ\u00e9enne.<\/p>\n<p>\nDurant toute la journ\u00e9e du samedi 15 juin, des activit\u00e9s ont \u00e9t\u00e9 organis\u00e9es en pleine nature pour les petits, avec des jeux sportifs et \u00e9ducatifs, pour permettre aux enfants de d\u00e9couvrir la nature dans tous ces aspects. Outre un coin pour la restauration, et un espace de relaxation pour les parents, des concerts ont accompagn\u00e9 les activit\u00e9s en d\u00e9but de soir\u00e9e, en partenariat avec Onomatopeia.<br \/>\nLes jeunes ont pu ainsi visiter les stands des diff\u00e9rentes ONGs qui participent \u00e0 cet \u00e9v\u00e9nement dans une ambiance de bonne humeur pour petits et grands.<\/p>\n<\/div>\n<div class=\"node_view\"><\/div>\n<\/p><\/div>\n<div data-quickedit-entity-id=\"paragraph\/1491\" class=\"paragraph paragraph--type--image-block paragraph--view-mode--default\">\n<div data-quickedit-field-id=\"paragraph\/1491\/field_para_image\/fr\/default\" class=\"node__media node__media--carousel node__media--right\">\n<div class=\"node__media-container\">\n              <img decoding=\"async\" data-src=\"https:\/\/eumedbridge.eu\/wp-content\/uploads\/2022\/08\/IMGL2124.jpg\" width=\"800\" height=\"450\" alt=\"Le EU Green Day au Liban 2019\" typeof=\"foaf:Image\" class=\"img-responsive lazyload\" src=\"data:image\/svg+xml;base64,PHN2ZyB3aWR0aD0iMSIgaGVpZ2h0PSIxIiB4bWxucz0iaHR0cDovL3d3dy53My5vcmcvMjAwMC9zdmciPjwvc3ZnPg==\" style=\"--smush-placeholder-width: 800px; --smush-placeholder-aspect-ratio: 800\/450;\" \/><\/p>\n<div class=\"media__overlay\">\n<div class=\"row middle-xs\">\n<div class=\"col-xs-12 col-sm-4\">\n<div class=\"media__title\">Le EU Green Day au Liban 2019<\/div>\n<\/p><\/div>\n<div class=\"col-xs-12 col-sm-4\"><\/div>\n<div class=\"col-xs-12 col-sm-4\">\n<div class=\"media__share text-right\">\n                <a href=\"https:\/\/euneighbours.eu\/sites\/default\/files\/2019-06\/IMGL2124.jpg\" title=\"Le EU Green Day au Liban 2019\" data-colorbox-gallery=\"gallery-image_block-1491-GK_Ag-rU3e0\" class=\"colorbox media__fullscreen\" data-cbox-img-attrs=\"{\"alt\":\"Le EU Green Day au Liban 2019\"}\"><br \/>\n          <i class=\"icon icon--fullscreen color--global-hover\"><\/i><br \/>\n        <\/a>\n      <\/div>\n<\/p><\/div>\n<\/p><\/div>\n<\/div><\/div>\n<div class=\"node__media-container\">\n              <img decoding=\"async\" data-src=\"https:\/\/eumedbridge.eu\/wp-content\/uploads\/2022\/08\/IMGL2130_1.jpg\" width=\"800\" height=\"450\" alt=\"Le EU Green Day au Liban 2019\" typeof=\"foaf:Image\" class=\"img-responsive lazyload\" src=\"data:image\/svg+xml;base64,PHN2ZyB3aWR0aD0iMSIgaGVpZ2h0PSIxIiB4bWxucz0iaHR0cDovL3d3dy53My5vcmcvMjAwMC9zdmciPjwvc3ZnPg==\" style=\"--smush-placeholder-width: 800px; --smush-placeholder-aspect-ratio: 800\/450;\" \/><\/p>\n<div class=\"media__overlay\">\n<div class=\"row middle-xs\">\n<div class=\"col-xs-12 col-sm-4\">\n<div class=\"media__title\">Le EU Green Day au Liban 2019<\/div>\n<\/p><\/div>\n<div class=\"col-xs-12 col-sm-4\"><\/div>\n<div class=\"col-xs-12 col-sm-4\">\n<div class=\"media__share text-right\">\n                <a href=\"https:\/\/euneighbours.eu\/sites\/default\/files\/2019-06\/IMGL2130_1.jpg\" title=\"Le EU Green Day au Liban 2019\" data-colorbox-gallery=\"gallery-image_block-1491-GK_Ag-rU3e0\" class=\"colorbox media__fullscreen\" data-cbox-img-attrs=\"{\"alt\":\"Le EU Green Day au Liban 2019\"}\"><br \/>\n          <i class=\"icon icon--fullscreen color--global-hover\"><\/i><br \/>\n        <\/a>\n      <\/div>\n<\/p><\/div>\n<\/p><\/div>\n<\/div><\/div>\n<div class=\"node__media-container\">\n              <img decoding=\"async\" data-src=\"https:\/\/eumedbridge.eu\/wp-content\/uploads\/2022\/08\/IMGL2418.jpg\" width=\"800\" height=\"450\" alt=\"Le EU Green Day au Liban 2019\" typeof=\"foaf:Image\" class=\"img-responsive lazyload\" src=\"data:image\/svg+xml;base64,PHN2ZyB3aWR0aD0iMSIgaGVpZ2h0PSIxIiB4bWxucz0iaHR0cDovL3d3dy53My5vcmcvMjAwMC9zdmciPjwvc3ZnPg==\" style=\"--smush-placeholder-width: 800px; --smush-placeholder-aspect-ratio: 800\/450;\" \/><\/p>\n<div class=\"media__overlay\">\n<div class=\"row middle-xs\">\n<div class=\"col-xs-12 col-sm-4\">\n<div class=\"media__title\">Le EU Green Day au Liban 2019<\/div>\n<\/p><\/div>\n<div class=\"col-xs-12 col-sm-4\"><\/div>\n<div class=\"col-xs-12 col-sm-4\">\n<div class=\"media__share text-right\">\n                <a href=\"https:\/\/euneighbours.eu\/sites\/default\/files\/2019-06\/IMGL2418.jpg\" title=\"Le EU Green Day au Liban 2019\" data-colorbox-gallery=\"gallery-image_block-1491-GK_Ag-rU3e0\" class=\"colorbox media__fullscreen\" data-cbox-img-attrs=\"{\"alt\":\"Le EU Green Day au Liban 2019\"}\"><br \/>\n          <i class=\"icon icon--fullscreen color--global-hover\"><\/i><br \/>\n        <\/a>\n      <\/div>\n<\/p><\/div>\n<\/p><\/div>\n<\/div><\/div>\n<div class=\"node__media-container\">\n              <img decoding=\"async\" data-src=\"https:\/\/eumedbridge.eu\/wp-content\/uploads\/2022\/08\/IMGL2569.jpg\" width=\"800\" height=\"450\" alt=\"Le EU Green Day au Liban 2019\" typeof=\"foaf:Image\" class=\"img-responsive lazyload\" src=\"data:image\/svg+xml;base64,PHN2ZyB3aWR0aD0iMSIgaGVpZ2h0PSIxIiB4bWxucz0iaHR0cDovL3d3dy53My5vcmcvMjAwMC9zdmciPjwvc3ZnPg==\" style=\"--smush-placeholder-width: 800px; --smush-placeholder-aspect-ratio: 800\/450;\" \/><\/p>\n<div class=\"media__overlay\">\n<div class=\"row middle-xs\">\n<div class=\"col-xs-12 col-sm-4\">\n<div class=\"media__title\">Le EU Green Day au Liban 2019<\/div>\n<\/p><\/div>\n<div class=\"col-xs-12 col-sm-4\"><\/div>\n<div class=\"col-xs-12 col-sm-4\">\n<div class=\"media__share text-right\">\n                <a href=\"https:\/\/euneighbours.eu\/sites\/default\/files\/2019-06\/IMGL2569.jpg\" title=\"Le EU Green Day au Liban 2019\" data-colorbox-gallery=\"gallery-image_block-1491-GK_Ag-rU3e0\" class=\"colorbox media__fullscreen\" data-cbox-img-attrs=\"{\"alt\":\"Le EU Green Day au Liban 2019\"}\"><br \/>\n          <i class=\"icon icon--fullscreen color--global-hover\"><\/i><br \/>\n        <\/a>\n      <\/div>\n<\/p><\/div>\n<\/p><\/div>\n<\/div><\/div>\n<\/p><\/div>\n<div data-quickedit-field-id=\"paragraph\/1491\/field_para_body\/fr\/default\" class=\"node__text\">\n<p><strong>Abeilles et cigognes<\/strong><br \/>\nAu stand de Dar Onboz, une jeune femme est entour\u00e9e d\u2019un groupe d\u2019enfants. \u00ab Comment fait le cheval qui court ? \u00bb demande-t-elle. \u00ab Clip clop \u00bb, r\u00e9pondent les enfants. \u00ab Et quels sons font les abeilles quand elles volent ? \u00bb \u00ab Bzzzzz \u00bb s\u2019accordent-ils tous ensemble. Une introduction pour leur expliquer l\u2019importance des abeilles dans la nature\u2026<br \/>\nPour Nahida Salha, pr\u00e9sidente de l\u2019association des apiculteurs du Metn-Nord, l\u2019importance d\u2019un tel \u00e9v\u00e9nement n\u2019est pas uniquement la protection des arbres et de la flore en g\u00e9n\u00e9ral, mais de la biodiversit\u00e9 dans son ensemble. \u00ab Le r\u00f4le des abeilles est primordial dans l\u2019\u00e9quilibre de l\u2019\u00e9cosyst\u00e8me. Elles sont les pollinisateurs principaux pour pr\u00e8s de 80% des fleurs et des fruits. Il faut donc les pr\u00e9server \u00e0 tout prix \u00bb, d\u00e9clare Nahida. Au stand de l\u2019association, cours de coloriage, \u00ab face painting \u00bb et autres jeux p\u00e9dagogiques pour expliquer aux enfants ces enjeux importants. L\u2019UE a d\u2019ailleurs soutenu l\u2019association en leur procurant le mat\u00e9riel essentiel pour une production de miel de haute qualit\u00e9.\u00a0<br \/>\nOutre les abeilles, une place importante a \u00e9t\u00e9 consacr\u00e9e cette ann\u00e9e \u00e0 la protection des oiseaux migrateurs. \u00ab Le Liban est consid\u00e9r\u00e9 comme la deuxi\u00e8me plus importante zone de transit pour les oiseaux migrateurs, surtout pour les cigognes \u00bb, estime Roger Saad de l\u2019Association pour la protection des oiseaux au Liban. \u00a0\u00ab Ces oiseaux migrateurs traversent chaque ann\u00e9e 14.000 km dont seulement 200 km au-dessus du Liban, o\u00f9 malheureusement ils sont souvent abattus. Nous voulons donc expliquer aux jeunes que nous devons prendre soin d\u2019eux, et non pas les tuer \u00bb, pr\u00e9cise-t-il, ajoutant : \u00ab On doit les aimer, les observer, les photographier, non les abattre \u00bb. \u00a0<br \/>\nPerla Farhat est une volontaire de Jouzour Loubnan qui collabore avec l\u2019Universit\u00e9 Saint Joseph (USJ). L&rsquo;UE a soutenu cette ONG libanaise par le biais de deux initiatives, l&rsquo;une dans le cadre de ses efforts en faveur du reboisement et l&rsquo;autre dans le cadre du fonds de partenariat pour l&rsquo;\u00e9cosyst\u00e8me, le Critical Ecosystem Partnership Fund, auquel l&rsquo;UE contribue dans le but de garantir la conservation des plantes rares et end\u00e9miques du Liban. Perla explique de son cot\u00e9 \u00e0 son audience compos\u00e9e d\u2019enfants l\u2019importance de pr\u00e9server la nature. \u00ab A quoi on utilise les plantes et les arbres ? \u00bb demande-t-elle. \u00ab Pour faire du taboul\u00e9 \u00bb, r\u00e9pond une petite fille. \u00ab Pour faire une table \u00bb, rench\u00e9rit un petit gar\u00e7on\u2026 Une mani\u00e8re pour Perla de leur expliquer qu\u2019il ne faut pas abuser de la flore, mais de l\u2019utiliser avec mod\u00e9ration.\u00a0<br \/>\n\u00ab Notre objectif c\u2019est l\u2019\u00e9ducation des enfants. Ce sont eux l\u2019avenir du Liban \u00bb, explique Perla. \u00ab Il faut leur inculquer l\u2019amour de la nature d\u00e8s leur plus jeune \u00e2ge. Et leur expliquer comment pr\u00e9server notre riche patrimoine \u00e9cologique, nos arbres, nos plantes, etc. \u00bb, ajoute-t-elle.<\/p>\n<\/div>\n<div class=\"node_view\"><\/div>\n<\/p><\/div>\n<div data-quickedit-entity-id=\"paragraph\/1492\" class=\"paragraph paragraph--type--image-block paragraph--view-mode--default\">\n<div data-quickedit-field-id=\"paragraph\/1492\/field_para_image\/fr\/default\" class=\"node__media node__media--carousel node__media--right\">\n<div class=\"node__media-container\">\n              <img decoding=\"async\" data-src=\"https:\/\/eumedbridge.eu\/wp-content\/uploads\/2022\/08\/IMGL2652.jpg\" width=\"800\" height=\"450\" alt=\"Christina Lassen, ambassadrice et chef de la d\u00e9l\u00e9gation de l\u2019UE au Liban\" typeof=\"foaf:Image\" class=\"img-responsive lazyload\" src=\"data:image\/svg+xml;base64,PHN2ZyB3aWR0aD0iMSIgaGVpZ2h0PSIxIiB4bWxucz0iaHR0cDovL3d3dy53My5vcmcvMjAwMC9zdmciPjwvc3ZnPg==\" style=\"--smush-placeholder-width: 800px; --smush-placeholder-aspect-ratio: 800\/450;\" \/><\/p>\n<div class=\"media__overlay\">\n<div class=\"row middle-xs\">\n<div class=\"col-xs-12 col-sm-4\">\n<div class=\"media__title\">Christina Lassen, ambassadrice et chef de la d\u00e9l\u00e9gation de l\u2019UE au Liban<\/div>\n<\/p><\/div>\n<div class=\"col-xs-12 col-sm-4\"><\/div>\n<div class=\"col-xs-12 col-sm-4\">\n<div class=\"media__share text-right\">\n                <a href=\"https:\/\/euneighbours.eu\/sites\/default\/files\/2019-06\/IMGL2652.jpg\" title=\"Christina Lassen, ambassadrice et chef de la d\u00e9l\u00e9gation de l\u2019UE au Liban\" data-colorbox-gallery=\"gallery-image_block-1492-GK_Ag-rU3e0\" class=\"colorbox media__fullscreen\" data-cbox-img-attrs=\"{\"alt\":\"Christina Lassen, ambassadrice et chef de la d\u00e9l\u00e9gation de l\u2019UE au Liban\"}\"><br \/>\n          <i class=\"icon icon--fullscreen color--global-hover\"><\/i><br \/>\n        <\/a>\n      <\/div>\n<\/p><\/div>\n<\/p><\/div>\n<\/div><\/div>\n<div class=\"node__media-container\">\n              <img decoding=\"async\" data-src=\"https:\/\/eumedbridge.eu\/wp-content\/uploads\/2022\/08\/XNM_9277.jpg\" width=\"800\" height=\"450\" alt=\"Le EU Green Day au Liban 2019\" typeof=\"foaf:Image\" class=\"img-responsive lazyload\" src=\"data:image\/svg+xml;base64,PHN2ZyB3aWR0aD0iMSIgaGVpZ2h0PSIxIiB4bWxucz0iaHR0cDovL3d3dy53My5vcmcvMjAwMC9zdmciPjwvc3ZnPg==\" style=\"--smush-placeholder-width: 800px; --smush-placeholder-aspect-ratio: 800\/450;\" \/><\/p>\n<div class=\"media__overlay\">\n<div class=\"row middle-xs\">\n<div class=\"col-xs-12 col-sm-4\">\n<div class=\"media__title\">Le EU Green Day au Liban 2019<\/div>\n<\/p><\/div>\n<div class=\"col-xs-12 col-sm-4\"><\/div>\n<div class=\"col-xs-12 col-sm-4\">\n<div class=\"media__share text-right\">\n                <a href=\"https:\/\/euneighbours.eu\/sites\/default\/files\/2019-06\/XNM_9277.jpg\" title=\"Le EU Green Day au Liban 2019\" data-colorbox-gallery=\"gallery-image_block-1492-GK_Ag-rU3e0\" class=\"colorbox media__fullscreen\" data-cbox-img-attrs=\"{\"alt\":\"Le EU Green Day au Liban 2019\"}\"><br \/>\n          <i class=\"icon icon--fullscreen color--global-hover\"><\/i><br \/>\n        <\/a>\n      <\/div>\n<\/p><\/div>\n<\/p><\/div>\n<\/div><\/div>\n<div class=\"node__media-container\">\n              <img decoding=\"async\" data-src=\"https:\/\/eumedbridge.eu\/wp-content\/uploads\/2022\/08\/XNM_9241.jpg\" width=\"800\" height=\"450\" alt=\"Le EU Green Day au Liban 2019\" typeof=\"foaf:Image\" class=\"img-responsive lazyload\" src=\"data:image\/svg+xml;base64,PHN2ZyB3aWR0aD0iMSIgaGVpZ2h0PSIxIiB4bWxucz0iaHR0cDovL3d3dy53My5vcmcvMjAwMC9zdmciPjwvc3ZnPg==\" style=\"--smush-placeholder-width: 800px; --smush-placeholder-aspect-ratio: 800\/450;\" \/><\/p>\n<div class=\"media__overlay\">\n<div class=\"row middle-xs\">\n<div class=\"col-xs-12 col-sm-4\">\n<div class=\"media__title\">Le EU Green Day au Liban 2019<\/div>\n<\/p><\/div>\n<div class=\"col-xs-12 col-sm-4\"><\/div>\n<div class=\"col-xs-12 col-sm-4\">\n<div class=\"media__share text-right\">\n                <a href=\"https:\/\/euneighbours.eu\/sites\/default\/files\/2019-06\/XNM_9241.jpg\" title=\"Le EU Green Day au Liban 2019\" data-colorbox-gallery=\"gallery-image_block-1492-GK_Ag-rU3e0\" class=\"colorbox media__fullscreen\" data-cbox-img-attrs=\"{\"alt\":\"Le EU Green Day au Liban 2019\"}\"><br \/>\n          <i class=\"icon icon--fullscreen color--global-hover\"><\/i><br \/>\n        <\/a>\n      <\/div>\n<\/p><\/div>\n<\/p><\/div>\n<\/div><\/div>\n<div class=\"node__media-container\">\n              <img decoding=\"async\" data-src=\"https:\/\/eumedbridge.eu\/wp-content\/uploads\/2022\/08\/XNM_9257.jpg\" width=\"800\" height=\"450\" alt=\"Le EU Green Day au Liban 2019\" typeof=\"foaf:Image\" class=\"img-responsive lazyload\" src=\"data:image\/svg+xml;base64,PHN2ZyB3aWR0aD0iMSIgaGVpZ2h0PSIxIiB4bWxucz0iaHR0cDovL3d3dy53My5vcmcvMjAwMC9zdmciPjwvc3ZnPg==\" style=\"--smush-placeholder-width: 800px; --smush-placeholder-aspect-ratio: 800\/450;\" \/><\/p>\n<div class=\"media__overlay\">\n<div class=\"row middle-xs\">\n<div class=\"col-xs-12 col-sm-4\">\n<div class=\"media__title\">Le EU Green Day au Liban 2019<\/div>\n<\/p><\/div>\n<div class=\"col-xs-12 col-sm-4\"><\/div>\n<div class=\"col-xs-12 col-sm-4\">\n<div class=\"media__share text-right\">\n                <a href=\"https:\/\/euneighbours.eu\/sites\/default\/files\/2019-06\/XNM_9257.jpg\" title=\"Le EU Green Day au Liban 2019\" data-colorbox-gallery=\"gallery-image_block-1492-GK_Ag-rU3e0\" class=\"colorbox media__fullscreen\" data-cbox-img-attrs=\"{\"alt\":\"Le EU Green Day au Liban 2019\"}\"><br \/>\n          <i class=\"icon icon--fullscreen color--global-hover\"><\/i><br \/>\n        <\/a>\n      <\/div>\n<\/p><\/div>\n<\/p><\/div>\n<\/div><\/div>\n<\/p><\/div>\n<div data-quickedit-field-id=\"paragraph\/1492\/field_para_body\/fr\/default\" class=\"node__text\">\n<p><strong>Soutien de l\u2019UE<\/strong><br \/>\nAu stand de Lebanon Mountain Trail (LMT), ou \u00ab Darb el-Jabal \u00bb, l\u2019enthousiasme est \u00e0 son comble. Plusieurs jeux de soci\u00e9t\u00e9 \u00e0 aspect \u00e9ducatif sont organis\u00e9s. On explique aux visiteurs les activit\u00e9s de l\u2019association et son but. \u00ab Le parcours commence de Qobayat au Nord pour finir \u00e0 Marjeyoun au Sud, en traversant 470 km et 75 villages, divis\u00e9 en 27 zones \u00bb, explique Takla Khoueiry. \u00ab Notre but est donc de prot\u00e9ger cette piste, \u00e0 travers un plan d\u2019action avec les municipalit\u00e9s, pour pr\u00e9server le patrimoine \u00e9cologique, gastronomique et culturel du Liban \u00bb, pr\u00e9cise de son cot\u00e9, Mohamad Mourtada. \u00a0A noter que le LMT a aussi b\u00e9n\u00e9fici\u00e9 en partie du soutien de l\u2019UE.<br \/>\nEn effet, l\u2019UE soutient plusieurs ONGs et des projets gouvernementaux li\u00e9s \u00e0 la d\u00e9fense de l\u2019environnement, \u00e0 la pollution de l\u2019air et de la mer, \u00e0 la protection des for\u00eats, et ce afin de pr\u00e9server la tr\u00e8s riche diversit\u00e9 de la flore et de la faune au Liban.<br \/>\n\u00ab Cette initiative et beaucoup de nos projets \u00e9ducatifs relatifs \u00e0 la promotion et la protection d\u2019un environnement sain sont des actions qui visent le long terme. Toutefois il y a plein de crises environnementales urgentes au Liban qui ont besoin de solution rapidement. L\u2019UE est d\u00e9j\u00e0 le plus grand donateur au Liban pour encourager des projets li\u00e9s \u00e0 l\u2019environnement. A titre d\u2019exemple, nous discutons maintenant avec le minist\u00e8re de l\u2019int\u00e9rieur pour former une police de l\u2019environnement. Mais en fin de compte, c\u2019est aux Libanais et au gouvernement de s\u2019impliquer et notre r\u00f4le n\u2019est que de les soutenir et les aider. Mais nous ne pouvons pas le faire \u00e0 la place des Libanais \u00bb, conclut l\u2019ambassadrice Lassen.\u00a0<br \/>\n\u00a0<\/p>\n<p><meta charset=\"utf-8\" \/><b id=\"docs-internal-guid-3ee217ed-7fff-99e0-ce20-4a3319f44161\">Publi\u00e9 dans les m\u00e9dias locaux<\/b><\/p>\n<p><b id=\"docs-internal-guid-1e68713e-7fff-8dae-618b-013573c61fa3\"><a href=\"https:\/\/lepetitjournal.com\/beyrouth\/eugreenday-initier-les-jeunes-la-protection-de-lenvironnement-259941\">Le Petit Journal de Beyrouth<\/a><\/b><\/p>\n<p><meta charset=\"utf-8\" \/><\/p>\n<p dir=\"ltr\"><meta charset=\"utf-8\" \/><b id=\"docs-internal-guid-2015e1e3-7fff-c156-27fa-91554135f0c9\">Liens EU Neighbours<\/b><b> <\/b><\/p>\n<p dir=\"ltr\"><b id=\"docs-internal-guid-b8786a88-7fff-350e-5f46-2b0ada806010\"><a href=\"https:\/\/www.flickr.com\/photos\/euneighbours-south\/albums\/72157709140364692\">Flickr<\/a><\/b><\/p>\n<p dir=\"ltr\">\u00a0<\/p>\n<p dir=\"ltr\"><meta charset=\"utf-8\" \/><meta charset=\"utf-8\" \/><b id=\"docs-internal-guid-4453cfcd-7fff-8473-5bd7-6e2a5b3011ec\"><a href=\"https:\/\/www.facebook.com\/euneighbours\/videos\/345135402787652\">Facebook<\/a><\/b><\/p>\n<p dir=\"ltr\"><b id=\"docs-internal-guid-66edb22c-7fff-ef4c-5324-2fc10a7a24ae\"><a href=\"https:\/\/twitter.com\/euneighbours\/status\/1141294446258139136\">Twitter<\/a><\/b><\/p>\n<p dir=\"ltr\"><b id=\"docs-internal-guid-66edb22c-7fff-ef4c-5324-2fc10a7a24ae\"><a href=\"https:\/\/www.linkedin.com\/feed\/update\/urn:li:activity:6547053294500618240\">LinkedIn<\/a><\/b><\/p>\n<p dir=\"ltr\"><meta charset=\"utf-8\" \/><b id=\"docs-internal-guid-689d24b9-7fff-9a70-89b6-1106b038ff83\"><a href=\"https:\/\/www.euneighbours.eu\/en\/south\/stay-informed\/news\/lebanon-eu-green-day-was-success\">News Alert<\/a><\/b><\/p>\n<p dir=\"ltr\"><meta charset=\"utf-8\" \/><meta charset=\"utf-8\" \/><b id=\"docs-internal-guid-e9cebc2d-7fff-f12a-ef00-960f2bd623d9\">D\u00e9l\u00e9gation UE<\/b><meta charset=\"utf-8\" \/><\/p>\n<p dir=\"ltr\">\u00a0<\/p>\n<p dir=\"ltr\"><meta charset=\"utf-8\" \/><\/p>\n<p dir=\"ltr\"><b id=\"docs-internal-guid-d699602b-7fff-19f3-8b01-759bf6967705\"><a href=\"http:\/\/eeas.europa.eu\/delegations\/lebanon\/index_fr.htm\">Liban Web<\/a><\/b><\/p>\n<p dir=\"ltr\"><b id=\"docs-internal-guid-d699602b-7fff-19f3-8b01-759bf6967705\"><a href=\"https:\/\/www.facebook.com\/EUinLebanon\/?__tn__=%2Cd%2CP-R&#038;eid=ARCRoIgCfUMsIj5Xi_-bSJHOMrDH5y-817cvmtDkAlknC9RfvmzoPYJHCI-_31SXrLyxP4o7zXiBZaCS\">Liban Facebook<\/a><\/b><\/p>\n<p dir=\"ltr\">\u00a0<\/p>\n<\/div>\n<div class=\"node_view\"><\/div>\n<\/p><\/div>\n","protected":false},"featured_media":0,"parent":0,"template":"","story_category":[],"country":[1949],"special_action":[],"custom_tag":[1874,2312,1884,1970,1897,1870],"class_list":["post-204048","story","type-story","status-publish","hentry","country-liban","custom_tag-culture-fr","custom_tag-developpement-durable","custom_tag-environnement-et-changement-climatique","custom_tag-jeunesse","custom_tag-medias","custom_tag-societe-civile"],"acf":[],"yoast_head":"<!-- This site is optimized with the Yoast SEO plugin v26.5 - https:\/\/yoast.com\/wordpress\/plugins\/seo\/ -->\n<title>\u00ab EU Green Day \u00bb, ou comment initier les jeunes \u00e0 la protection de l\u2019environnement - Voisins de l&#039;UE<\/title>\n<meta name=\"robots\" content=\"index, follow, max-snippet:-1, max-image-preview:large, max-video-preview:-1\" \/>\n<link rel=\"canonical\" href=\"https:\/\/www.eumedbridge.eu\/story\/eu-green-day-introducing-young-people-protection-environment\/\" \/>\n<meta property=\"og:locale\" content=\"fr_FR\" \/>\n<meta property=\"og:type\" content=\"article\" \/>\n<meta property=\"og:title\" content=\"\u00ab EU Green Day \u00bb, ou comment initier les jeunes \u00e0 la protection de l\u2019environnement - Voisins de l&#039;UE\" \/>\n<meta property=\"og:description\" content=\"L\u2019Union europ\u00e9enne a organis\u00e9 samedi 15 juin, des activit\u00e9s \u00e0 l\u2019hippodrome de Beyrouth pour les petits, avec des jeux sportifs et \u00e9ducatifs, pour leur permettre de d\u00e9couvrir la nature dans tous ces aspects et apprendre \u00e0 prot\u00e9ger l\u2019environnement. Le EU Green Day au Liban 2019 Le EU Green Day au Liban 2019 Le EU Green [&hellip;]\" \/>\n<meta property=\"og:url\" content=\"https:\/\/www.eumedbridge.eu\/story\/eu-green-day-introducing-young-people-protection-environment\/\" \/>\n<meta property=\"og:site_name\" content=\"Voisins de l&#039;UE\" \/>\n<meta property=\"article:publisher\" content=\"https:\/\/www.facebook.com\/eumedbridge\/\" \/>\n<meta property=\"article:modified_time\" content=\"2022-08-17T13:29:42+00:00\" \/>\n<meta property=\"og:image\" content=\"https:\/\/www.eumedbridge.eu\/wp-content\/uploads\/2022\/05\/IMGL2130_0-scaled.jpg\" \/>\n\t<meta property=\"og:image:width\" content=\"2560\" \/>\n\t<meta property=\"og:image:height\" content=\"1693\" \/>\n\t<meta property=\"og:image:type\" content=\"image\/jpeg\" \/>\n<meta name=\"twitter:card\" content=\"summary_large_image\" \/>\n<meta name=\"twitter:site\" content=\"@eumedbridge\" \/>\n<meta name=\"twitter:label1\" content=\"Dur\u00e9e de lecture estim\u00e9e\" \/>\n\t<meta name=\"twitter:data1\" content=\"7 minutes\" \/>\n<script type=\"application\/ld+json\" class=\"yoast-schema-graph\">{\"@context\":\"https:\/\/schema.org\",\"@graph\":[{\"@type\":\"WebPage\",\"@id\":\"https:\/\/www.eumedbridge.eu\/story\/eu-green-day-introducing-young-people-protection-environment\/\",\"url\":\"https:\/\/www.eumedbridge.eu\/story\/eu-green-day-introducing-young-people-protection-environment\/\",\"name\":\"\u00ab EU Green Day \u00bb, ou comment initier les jeunes \u00e0 la protection de l\u2019environnement - Voisins de l'UE\",\"isPartOf\":{\"@id\":\"https:\/\/www.eumedbridge.eu\/#website\"},\"primaryImageOfPage\":{\"@id\":\"https:\/\/www.eumedbridge.eu\/story\/eu-green-day-introducing-young-people-protection-environment\/#primaryimage\"},\"image\":{\"@id\":\"https:\/\/www.eumedbridge.eu\/story\/eu-green-day-introducing-young-people-protection-environment\/#primaryimage\"},\"thumbnailUrl\":\"https:\/\/eumedbridge.eu\/wp-content\/uploads\/2022\/08\/XNM-01.jpg\",\"datePublished\":\"2019-06-18T21:00:00+00:00\",\"dateModified\":\"2022-08-17T13:29:42+00:00\",\"breadcrumb\":{\"@id\":\"https:\/\/www.eumedbridge.eu\/story\/eu-green-day-introducing-young-people-protection-environment\/#breadcrumb\"},\"inLanguage\":\"fr-FR\",\"potentialAction\":[{\"@type\":\"ReadAction\",\"target\":[\"https:\/\/www.eumedbridge.eu\/story\/eu-green-day-introducing-young-people-protection-environment\/\"]}]},{\"@type\":\"ImageObject\",\"inLanguage\":\"fr-FR\",\"@id\":\"https:\/\/www.eumedbridge.eu\/story\/eu-green-day-introducing-young-people-protection-environment\/#primaryimage\",\"url\":\"https:\/\/eumedbridge.eu\/wp-content\/uploads\/2022\/08\/XNM-01.jpg\",\"contentUrl\":\"https:\/\/eumedbridge.eu\/wp-content\/uploads\/2022\/08\/XNM-01.jpg\"},{\"@type\":\"BreadcrumbList\",\"@id\":\"https:\/\/www.eumedbridge.eu\/story\/eu-green-day-introducing-young-people-protection-environment\/#breadcrumb\",\"itemListElement\":[{\"@type\":\"ListItem\",\"position\":1,\"name\":\"Home\",\"item\":\"https:\/\/www.eumedbridge.eu\/fr\/home-page\/\"},{\"@type\":\"ListItem\",\"position\":2,\"name\":\"Histoires\",\"item\":\"https:\/\/www.eumedbridge.eu\/fr\/story\/\"},{\"@type\":\"ListItem\",\"position\":3,\"name\":\"\u00ab EU Green Day \u00bb, ou comment initier les jeunes \u00e0 la protection de l\u2019environnement\"}]},{\"@type\":\"WebSite\",\"@id\":\"https:\/\/www.eumedbridge.eu\/#website\",\"url\":\"https:\/\/www.eumedbridge.eu\/\",\"name\":\"EU Medbridge\",\"description\":\"\",\"publisher\":{\"@id\":\"https:\/\/www.eumedbridge.eu\/#organization\"},\"potentialAction\":[{\"@type\":\"SearchAction\",\"target\":{\"@type\":\"EntryPoint\",\"urlTemplate\":\"https:\/\/www.eumedbridge.eu\/?s={search_term_string}\"},\"query-input\":{\"@type\":\"PropertyValueSpecification\",\"valueRequired\":true,\"valueName\":\"search_term_string\"}}],\"inLanguage\":\"fr-FR\"},{\"@type\":\"Organization\",\"@id\":\"https:\/\/www.eumedbridge.eu\/#organization\",\"name\":\"EU Medbridge\",\"url\":\"https:\/\/www.eumedbridge.eu\/\",\"logo\":{\"@type\":\"ImageObject\",\"inLanguage\":\"fr-FR\",\"@id\":\"https:\/\/www.eumedbridge.eu\/#\/schema\/logo\/image\/\",\"url\":\"https:\/\/www.eumedbridge.eu\/wp-content\/uploads\/2021\/12\/Logo.png\",\"contentUrl\":\"https:\/\/www.eumedbridge.eu\/wp-content\/uploads\/2021\/12\/Logo.png\",\"width\":325,\"height\":114,\"caption\":\"EU Medbridge\"},\"image\":{\"@id\":\"https:\/\/www.eumedbridge.eu\/#\/schema\/logo\/image\/\"},\"sameAs\":[\"https:\/\/www.facebook.com\/eumedbridge\/\",\"https:\/\/x.com\/eumedbridge\",\"https:\/\/www.linkedin.com\/company\/eumedbridge\",\"https:\/\/www.youtube.com\/@eumedbridge\",\"https:\/\/www.instagram.com\/eumedbridge\",\"https:\/\/www.flickr.com\/photos\/euneighbours-south\/\"]}]}<\/script>\n<!-- \/ Yoast SEO plugin. -->","yoast_head_json":{"title":"\u00ab EU Green Day \u00bb, ou comment initier les jeunes \u00e0 la protection de l\u2019environnement - Voisins de l'UE","robots":{"index":"index","follow":"follow","max-snippet":"max-snippet:-1","max-image-preview":"max-image-preview:large","max-video-preview":"max-video-preview:-1"},"canonical":"https:\/\/www.eumedbridge.eu\/story\/eu-green-day-introducing-young-people-protection-environment\/","og_locale":"fr_FR","og_type":"article","og_title":"\u00ab EU Green Day \u00bb, ou comment initier les jeunes \u00e0 la protection de l\u2019environnement - Voisins de l'UE","og_description":"L\u2019Union europ\u00e9enne a organis\u00e9 samedi 15 juin, des activit\u00e9s \u00e0 l\u2019hippodrome de Beyrouth pour les petits, avec des jeux sportifs et \u00e9ducatifs, pour leur permettre de d\u00e9couvrir la nature dans tous ces aspects et apprendre \u00e0 prot\u00e9ger l\u2019environnement. Le EU Green Day au Liban 2019 Le EU Green Day au Liban 2019 Le EU Green [&hellip;]","og_url":"https:\/\/www.eumedbridge.eu\/story\/eu-green-day-introducing-young-people-protection-environment\/","og_site_name":"Voisins de l'UE","article_publisher":"https:\/\/www.facebook.com\/eumedbridge\/","article_modified_time":"2022-08-17T13:29:42+00:00","og_image":[{"width":2560,"height":1693,"url":"https:\/\/www.eumedbridge.eu\/wp-content\/uploads\/2022\/05\/IMGL2130_0-scaled.jpg","type":"image\/jpeg"}],"twitter_card":"summary_large_image","twitter_site":"@eumedbridge","twitter_misc":{"Dur\u00e9e de lecture estim\u00e9e":"7 minutes"},"schema":{"@context":"https:\/\/schema.org","@graph":[{"@type":"WebPage","@id":"https:\/\/www.eumedbridge.eu\/story\/eu-green-day-introducing-young-people-protection-environment\/","url":"https:\/\/www.eumedbridge.eu\/story\/eu-green-day-introducing-young-people-protection-environment\/","name":"\u00ab EU Green Day \u00bb, ou comment initier les jeunes \u00e0 la protection de l\u2019environnement - Voisins de l'UE","isPartOf":{"@id":"https:\/\/www.eumedbridge.eu\/#website"},"primaryImageOfPage":{"@id":"https:\/\/www.eumedbridge.eu\/story\/eu-green-day-introducing-young-people-protection-environment\/#primaryimage"},"image":{"@id":"https:\/\/www.eumedbridge.eu\/story\/eu-green-day-introducing-young-people-protection-environment\/#primaryimage"},"thumbnailUrl":"https:\/\/eumedbridge.eu\/wp-content\/uploads\/2022\/08\/XNM-01.jpg","datePublished":"2019-06-18T21:00:00+00:00","dateModified":"2022-08-17T13:29:42+00:00","breadcrumb":{"@id":"https:\/\/www.eumedbridge.eu\/story\/eu-green-day-introducing-young-people-protection-environment\/#breadcrumb"},"inLanguage":"fr-FR","potentialAction":[{"@type":"ReadAction","target":["https:\/\/www.eumedbridge.eu\/story\/eu-green-day-introducing-young-people-protection-environment\/"]}]},{"@type":"ImageObject","inLanguage":"fr-FR","@id":"https:\/\/www.eumedbridge.eu\/story\/eu-green-day-introducing-young-people-protection-environment\/#primaryimage","url":"https:\/\/eumedbridge.eu\/wp-content\/uploads\/2022\/08\/XNM-01.jpg","contentUrl":"https:\/\/eumedbridge.eu\/wp-content\/uploads\/2022\/08\/XNM-01.jpg"},{"@type":"BreadcrumbList","@id":"https:\/\/www.eumedbridge.eu\/story\/eu-green-day-introducing-young-people-protection-environment\/#breadcrumb","itemListElement":[{"@type":"ListItem","position":1,"name":"Home","item":"https:\/\/www.eumedbridge.eu\/fr\/home-page\/"},{"@type":"ListItem","position":2,"name":"Histoires","item":"https:\/\/www.eumedbridge.eu\/fr\/story\/"},{"@type":"ListItem","position":3,"name":"\u00ab EU Green Day \u00bb, ou comment initier les jeunes \u00e0 la protection de l\u2019environnement"}]},{"@type":"WebSite","@id":"https:\/\/www.eumedbridge.eu\/#website","url":"https:\/\/www.eumedbridge.eu\/","name":"EU Medbridge","description":"","publisher":{"@id":"https:\/\/www.eumedbridge.eu\/#organization"},"potentialAction":[{"@type":"SearchAction","target":{"@type":"EntryPoint","urlTemplate":"https:\/\/www.eumedbridge.eu\/?s={search_term_string}"},"query-input":{"@type":"PropertyValueSpecification","valueRequired":true,"valueName":"search_term_string"}}],"inLanguage":"fr-FR"},{"@type":"Organization","@id":"https:\/\/www.eumedbridge.eu\/#organization","name":"EU Medbridge","url":"https:\/\/www.eumedbridge.eu\/","logo":{"@type":"ImageObject","inLanguage":"fr-FR","@id":"https:\/\/www.eumedbridge.eu\/#\/schema\/logo\/image\/","url":"https:\/\/www.eumedbridge.eu\/wp-content\/uploads\/2021\/12\/Logo.png","contentUrl":"https:\/\/www.eumedbridge.eu\/wp-content\/uploads\/2021\/12\/Logo.png","width":325,"height":114,"caption":"EU Medbridge"},"image":{"@id":"https:\/\/www.eumedbridge.eu\/#\/schema\/logo\/image\/"},"sameAs":["https:\/\/www.facebook.com\/eumedbridge\/","https:\/\/x.com\/eumedbridge","https:\/\/www.linkedin.com\/company\/eumedbridge","https:\/\/www.youtube.com\/@eumedbridge","https:\/\/www.instagram.com\/eumedbridge","https:\/\/www.flickr.com\/photos\/euneighbours-south\/"]}]}},"_links":{"self":[{"href":"https:\/\/www.eumedbridge.eu\/fr\/wp-json\/wp\/v2\/story\/204048","targetHints":{"allow":["GET"]}}],"collection":[{"href":"https:\/\/www.eumedbridge.eu\/fr\/wp-json\/wp\/v2\/story"}],"about":[{"href":"https:\/\/www.eumedbridge.eu\/fr\/wp-json\/wp\/v2\/types\/story"}],"wp:attachment":[{"href":"https:\/\/www.eumedbridge.eu\/fr\/wp-json\/wp\/v2\/media?parent=204048"}],"wp:term":[{"taxonomy":"story_category","embeddable":true,"href":"https:\/\/www.eumedbridge.eu\/fr\/wp-json\/wp\/v2\/story_category?post=204048"},{"taxonomy":"country","embeddable":true,"href":"https:\/\/www.eumedbridge.eu\/fr\/wp-json\/wp\/v2\/country?post=204048"},{"taxonomy":"special_action","embeddable":true,"href":"https:\/\/www.eumedbridge.eu\/fr\/wp-json\/wp\/v2\/special_action?post=204048"},{"taxonomy":"custom_tag","embeddable":true,"href":"https:\/\/www.eumedbridge.eu\/fr\/wp-json\/wp\/v2\/custom_tag?post=204048"}],"curies":[{"name":"wp","href":"https:\/\/api.w.org\/{rel}","templated":true}]}}