{"id":204049,"date":"2019-06-14T00:00:00","date_gmt":"2019-06-13T21:00:00","guid":{"rendered":"https:\/\/eumedbridge.eu\/story\/le-lebanon-mountain-trail-ce-sentier-travers-la-montagne-du-liban-ma\/"},"modified":"2022-08-17T16:29:44","modified_gmt":"2022-08-17T13:29:44","slug":"le-lebanon-mountain-trail-ce-sentier-travers-la-montagne-du-liban-ma","status":"publish","type":"story","link":"https:\/\/www.eumedbridge.eu\/fr\/story\/le-lebanon-mountain-trail-ce-sentier-travers-la-montagne-du-liban-ma\/","title":{"rendered":"\u201cLe Lebanon Mountain Trail, ce sentier \u00e0 travers la montagne du Liban, m\u2019a permis de trouver ma voie\u201d"},"content":{"rendered":"<blockquote>\n<p><em>La vie de Rita Becassini, 33 ans, a \u00e9t\u00e9 boulevers\u00e9e quand on lui a demand\u00e9 d\u2019organiser une journ\u00e9e de randonn\u00e9e dans son village d\u2019origine Tannourine dans le cadre du Lebanese Mountain Trail (LMT), le plus grand sentier de randonn\u00e9e du pays. Ce sentier parcourt 76 villages libanais du Nord au Sud du Liban. \u00a0Le projet a \u00e9t\u00e9 financ\u00e9 et soutenu en partie par l\u2019Union Europ\u00e9enne (UE).\u00a0<br \/>\nD\u00e9couvrez comment le LMT a chang\u00e9 la vie de Rita : \u00a0 \u00a0\u00a0<\/em><\/p>\n<\/blockquote>\n<div data-quickedit-entity-id=\"paragraph\/1483\" class=\"paragraph paragraph--type--image-block paragraph--view-mode--default\">\n<div data-quickedit-field-id=\"paragraph\/1483\/field_para_image\/fr\/default\" class=\"node__media node__media--carousel node__media--right\">\n<div class=\"node__media-container\">\n              <img decoding=\"async\" data-src=\"https:\/\/eumedbridge.eu\/wp-content\/uploads\/2022\/08\/2018-08-04-Familiarization-Trip-Tannourine-2-Carlos-Bou-Nafeh.jpg\" width=\"800\" height=\"450\" alt=\"\u00a0\u00a9Carlos Bou Nafeh - Le projet LMT a \u00e9t\u00e9 financ\u00e9 et soutenu en partie par l\u2019Union Europ\u00e9enne (UE)\" typeof=\"foaf:Image\" class=\"img-responsive lazyload\" src=\"data:image\/svg+xml;base64,PHN2ZyB3aWR0aD0iMSIgaGVpZ2h0PSIxIiB4bWxucz0iaHR0cDovL3d3dy53My5vcmcvMjAwMC9zdmciPjwvc3ZnPg==\" style=\"--smush-placeholder-width: 800px; --smush-placeholder-aspect-ratio: 800\/450;\" \/><\/p>\n<div class=\"media__overlay\">\n<div class=\"row middle-xs\">\n<div class=\"col-xs-12 col-sm-4\">\n<div class=\"media__title\">\u00a0\u00a9Carlos Bou Nafeh &#8211; Le projet LMT a \u00e9t\u00e9 financ\u00e9 et soutenu en partie par l\u2026<\/div>\n<\/p><\/div>\n<div class=\"col-xs-12 col-sm-4\"><\/div>\n<div class=\"col-xs-12 col-sm-4\">\n<div class=\"media__share text-right\">\n                <a href=\"https:\/\/euneighbours.eu\/sites\/default\/files\/2019-06\/2018-08-04%20-%20Familiarization%20Trip%20-%20Tannourine-2%20-%20Carlos%20Bou%20Nafeh.jpg\" title=\"\u00a0\u00a9Carlos Bou Nafeh - Le projet LMT a \u00e9t\u00e9 financ\u00e9 et soutenu en partie par l\u2019Union Europ\u00e9enne (UE)\" data-colorbox-gallery=\"gallery-image_block-1483-GK_Ag-rU3e0\" class=\"colorbox media__fullscreen\" data-cbox-img-attrs=\"{\"alt\":\"\u00a0\u00a9Carlos Bou Nafeh - Le projet LMT a \u00e9t\u00e9 financ\u00e9 et soutenu en partie par l\u2019Union Europ\u00e9enne (UE)\"}\"><br \/>\n          <i class=\"icon icon--fullscreen color--global-hover\"><\/i><br \/>\n        <\/a>\n      <\/div>\n<\/p><\/div>\n<\/p><\/div>\n<\/div><\/div>\n<div class=\"node__media-container\">\n              <img decoding=\"async\" data-src=\"https:\/\/eumedbridge.eu\/wp-content\/uploads\/2022\/08\/Carlos-Bou-Nafeh-Hiking-1_1.jpg\" width=\"800\" height=\"450\" alt=\"\u00a9Carlos Bou Nafeh -\u00a0Le projet LMT a \u00e9t\u00e9 financ\u00e9 et soutenu en partie par l\u2019Union Europ\u00e9enne (UE)\" typeof=\"foaf:Image\" class=\"img-responsive lazyload\" src=\"data:image\/svg+xml;base64,PHN2ZyB3aWR0aD0iMSIgaGVpZ2h0PSIxIiB4bWxucz0iaHR0cDovL3d3dy53My5vcmcvMjAwMC9zdmciPjwvc3ZnPg==\" style=\"--smush-placeholder-width: 800px; --smush-placeholder-aspect-ratio: 800\/450;\" \/><\/p>\n<div class=\"media__overlay\">\n<div class=\"row middle-xs\">\n<div class=\"col-xs-12 col-sm-4\">\n<div class=\"media__title\">\u00a9Carlos Bou Nafeh &#8211;\u00a0Le projet LMT a \u00e9t\u00e9 financ\u00e9 et soutenu en partie par l\u2026<\/div>\n<\/p><\/div>\n<div class=\"col-xs-12 col-sm-4\"><\/div>\n<div class=\"col-xs-12 col-sm-4\">\n<div class=\"media__share text-right\">\n                <a href=\"https:\/\/euneighbours.eu\/sites\/default\/files\/2019-06\/Carlos%20Bou%20Nafeh%20-%20Hiking%20%281%29_1.jpg\" title=\"\u00a9Carlos Bou Nafeh -\u00a0Le projet LMT a \u00e9t\u00e9 financ\u00e9 et soutenu en partie par l\u2019Union Europ\u00e9enne (UE)\" data-colorbox-gallery=\"gallery-image_block-1483-GK_Ag-rU3e0\" class=\"colorbox media__fullscreen\" data-cbox-img-attrs=\"{\"alt\":\"\u00a9Carlos Bou Nafeh -\u00a0Le projet LMT a \u00e9t\u00e9 financ\u00e9 et soutenu en partie par l\u2019Union Europ\u00e9enne (UE)\"}\"><br \/>\n          <i class=\"icon icon--fullscreen color--global-hover\"><\/i><br \/>\n        <\/a>\n      <\/div>\n<\/p><\/div>\n<\/p><\/div>\n<\/div><\/div>\n<div class=\"node__media-container\">\n              <img decoding=\"async\" data-src=\"https:\/\/eumedbridge.eu\/wp-content\/uploads\/2022\/08\/Khaled-Taleb-1.jpg\" width=\"800\" height=\"450\" alt=\"\u00a9Khaled Taleb -\u00a0Le projet LMT a \u00e9t\u00e9 financ\u00e9 et soutenu en partie par l\u2019Union Europ\u00e9enne (UE)\" typeof=\"foaf:Image\" class=\"img-responsive lazyload\" src=\"data:image\/svg+xml;base64,PHN2ZyB3aWR0aD0iMSIgaGVpZ2h0PSIxIiB4bWxucz0iaHR0cDovL3d3dy53My5vcmcvMjAwMC9zdmciPjwvc3ZnPg==\" style=\"--smush-placeholder-width: 800px; --smush-placeholder-aspect-ratio: 800\/450;\" \/><\/p>\n<div class=\"media__overlay\">\n<div class=\"row middle-xs\">\n<div class=\"col-xs-12 col-sm-4\">\n<div class=\"media__title\">\u00a9Khaled Taleb &#8211;\u00a0Le projet LMT a \u00e9t\u00e9 financ\u00e9 et soutenu en partie par l\u2019Union\u2026<\/div>\n<\/p><\/div>\n<div class=\"col-xs-12 col-sm-4\"><\/div>\n<div class=\"col-xs-12 col-sm-4\">\n<div class=\"media__share text-right\">\n                <a href=\"https:\/\/euneighbours.eu\/sites\/default\/files\/2019-06\/Khaled%20Taleb%20%281%29.jpg\" title=\"\u00a9Khaled Taleb -\u00a0Le projet LMT a \u00e9t\u00e9 financ\u00e9 et soutenu en partie par l\u2019Union Europ\u00e9enne (UE)\" data-colorbox-gallery=\"gallery-image_block-1483-GK_Ag-rU3e0\" class=\"colorbox media__fullscreen\" data-cbox-img-attrs=\"{\"alt\":\"\u00a9Khaled Taleb -\u00a0Le projet LMT a \u00e9t\u00e9 financ\u00e9 et soutenu en partie par l\u2019Union Europ\u00e9enne (UE)\"}\"><br \/>\n          <i class=\"icon icon--fullscreen color--global-hover\"><\/i><br \/>\n        <\/a>\n      <\/div>\n<\/p><\/div>\n<\/p><\/div>\n<\/div><\/div>\n<div class=\"node__media-container\">\n              <img decoding=\"async\" data-src=\"https:\/\/eumedbridge.eu\/wp-content\/uploads\/2022\/08\/Rita-Becassini-2.jpg\" width=\"800\" height=\"450\" alt=\"\u00a9EU - Rita Becassini\" typeof=\"foaf:Image\" class=\"img-responsive lazyload\" src=\"data:image\/svg+xml;base64,PHN2ZyB3aWR0aD0iMSIgaGVpZ2h0PSIxIiB4bWxucz0iaHR0cDovL3d3dy53My5vcmcvMjAwMC9zdmciPjwvc3ZnPg==\" style=\"--smush-placeholder-width: 800px; --smush-placeholder-aspect-ratio: 800\/450;\" \/><\/p>\n<div class=\"media__overlay\">\n<div class=\"row middle-xs\">\n<div class=\"col-xs-12 col-sm-4\">\n<div class=\"media__title\">\u00a9EU &#8211; Rita Becassini<\/div>\n<\/p><\/div>\n<div class=\"col-xs-12 col-sm-4\"><\/div>\n<div class=\"col-xs-12 col-sm-4\">\n<div class=\"media__share text-right\">\n                <a href=\"https:\/\/euneighbours.eu\/sites\/default\/files\/2019-06\/Rita%20Becassini%202%20.JPG\" title=\"\u00a9EU - Rita Becassini\" data-colorbox-gallery=\"gallery-image_block-1483-GK_Ag-rU3e0\" class=\"colorbox media__fullscreen\" data-cbox-img-attrs=\"{\"alt\":\"\u00a9EU - Rita Becassini\"}\"><br \/>\n          <i class=\"icon icon--fullscreen color--global-hover\"><\/i><br \/>\n        <\/a>\n      <\/div>\n<\/p><\/div>\n<\/p><\/div>\n<\/div><\/div>\n<\/p><\/div>\n<div data-quickedit-field-id=\"paragraph\/1483\/field_para_body\/fr\/default\" class=\"node__text\">\n<p>\u00a0\u201cEn 2014, je suis pass\u00e9e par une p\u00e9riode assez sombre de ma vie. A ce moment-l\u00e0 plus rien ne me rendait heureuse. J\u2019\u00e9tais surmen\u00e9e par les \u00e9tudes et le travail, et mon oncle, qui \u00e9tait mon idole, est tomb\u00e9 gravement malade.\u00a0<br \/>\n\u00a0 \u00a0 \u00a0<br \/>\nAlors j\u2019ai demand\u00e9 un mois de repos au boulot, mais en r\u00e9alit\u00e9 je n\u2019y suis jamais retourn\u00e9e. J\u2019ai bien essay\u00e9 de terminer mon dipl\u00f4me mais je n\u2019arrivais pas \u00e0 me concentrer, tout ce que je faisais durant cette p\u00e9riode, c\u2019\u00e9tait mettre mes \u00e9couteurs sur mes oreilles et marcher, durant six, sept heures par jour, sans but pr\u00e9cis.\u00a0<br \/>\n\u00a0 \u00a0 \u00a0<br \/>\nAlors en mai 2015, j\u2019ai fini par me dire que j\u2019avais peut-\u00eatre un probl\u00e8me. Je me suis dit que peut-\u00eatre en rentrant \u00e0 Tannourine d\u2019o\u00f9 je viens et o\u00f9 mes parents vivent, je pourrais me retrouver, comprendre ce qui se passe et \u00e9ventuellement aller mieux. Je suis alors arriv\u00e9e chez ma famille avec mes affaires sous le bras. L\u00e0 ils ont compris que quelque chose de grave se passait, \u00e7a ne me ressemblait pas du tout.<br \/>\n\u00a0 \u00a0 \u00a0<br \/>\nUn soir ma m\u00e8re a insist\u00e9 pour m\u2019amener \u00e0 un spectacle d\u2019op\u00e9ra \u00e0 Tannourine. Elle savait que j\u2019aimais beaucoup \u00e7a et voulait me changer les id\u00e9es. Lors de la soir\u00e9e, je suis tomb\u00e9e sur une dame que j\u2019aime beaucoup. Nous avions travaill\u00e9 ensemble comme les deux seules femmes membres de la municipalit\u00e9 de Tannourine, un poste que mon p\u00e8re avait insist\u00e9 que je prenne en 2010. Pour lui c\u2019\u00e9tait une fiert\u00e9 d\u2019avoir sa fille au sein de la municipalit\u00e9. \u00a0<br \/>\n\u00a0 \u00a0 \u00a0<br \/>\nA l\u2019op\u00e9ra, elle m\u2019a demand\u00e9 o\u00f9 j\u2019en \u00e9tais et je lui ai racont\u00e9 honn\u00eatement que je me sentais perdue. Le lendemain, elle m\u2019a mise en contact avec le nouveau maire de la ville de Tannourine. Il voulait cr\u00e9er un d\u00e9partement de \u00a0\u00ab\u00a0Information Technology\u00a0\u00bb (IT) et moderniser la municipalit\u00e9. Il m\u2019a propos\u00e9 de m\u2019en charger. C\u2019est comme cela que j\u2019ai commenc\u00e9 \u00e0 travailler \u00e0 la municipalit\u00e9, sur des projets qui avaient un impact direct sur la vie de ma communaut\u00e9, et que j\u2019ai commenc\u00e9 \u00e0 aller mieux : j\u2019avais le sentiment que je me rapprochais un peu plus de qui j\u2019\u00e9tais et de ce dont j\u2019avais besoin.<br \/>\n\u00a0 \u00a0 \u00a0<br \/>\nL\u00e0 o\u00f9 les choses ont pris un tournant, c\u2019est quand j\u2019ai rencontr\u00e9 l&rsquo;\u00e9quipe de l\u2019Association du Lebanon Mountain Trail, la LMTA. C\u2019\u00e9tait l\u2019\u00e9t\u00e9 dernier, quand le vice-pr\u00e9sident de la municipalit\u00e9 m&rsquo;a charg\u00e9e de la mise en place du plan d\u2019action d\u00e9velopp\u00e9 entre l\u2019association libanaise et la ville de Tannourine.<br \/>\n\u00a0 \u00a0 \u00a0<br \/>\nLe Lebanon Mountain Trail est le plus long sentier de randonn\u00e9e du pays qui traverse plus de 76 villages et villes du Nord au Sud. \u00a0Une partie du LMT a \u00e9t\u00e9 r\u00e9habilit\u00e9e gr\u00e2ce au soutien de l\u2019Union Europ\u00e9enne. Les membres de l\u2019association organisent des randonn\u00e9es \u201cWalk-Thru\u201d deux fois par an, pour faire d\u00e9couvrir le pays autrement en passant par les r\u00e9gions rurales.<br \/>\n\u00a0 \u00a0 \u00a0<br \/>\nLors des diff\u00e9rentes r\u00e9unions qu\u2019on a eues ensemble, je les entendais parler avec une telle passion que \u00e7a a \u00e9veill\u00e9 ma curiosit\u00e9. Alors quand ils m\u2019ont propos\u00e9 de faire une marche avec eux en ao\u00fbt dernier, j\u2019ai accept\u00e9 bien que n\u2019\u00e9tant pas tr\u00e8s sportive.\u00a0<\/p>\n<p>L\u2019id\u00e9e \u00e9tait de marcher \u00e0 Akoura et Ehmej, 18 kilom\u00e8tres en 2 jours. J\u2019\u00e9tais inqui\u00e8te de pas \u00eatre assez forte physiquement, mais j\u2019ai tent\u00e9 l\u2019aventure car j\u2019adorais l\u2019ambiance et les personnes du LMT.\u00a0Elles \u00e9taient comme ma famille : des personnes authentiques et passionn\u00e9es. Elles m\u2019ont fait sentir que ce chemin de randonn\u00e9e faisait partie de ma propre identit\u00e9, que je pouvais entendre mes anc\u00eatres en parcourant ce chemin. Alors forc\u00e9ment, \u00e7a m\u2019a motiv\u00e9e !\u00a0<\/p>\n<p>J\u2019ai pass\u00e9 un bon moment mais ce qui a vraiment boulevers\u00e9 ma vie, c\u2019est lorsqu\u2019on m\u2019a demand\u00e9 d\u2019organiser l\u2019\u00e9tape de la randonn\u00e9e \u00e0 Tannourine en septembre dernier.\u00a0<br \/>\n\u00a0<\/p>\n<\/div>\n<div class=\"node_view\"><\/div>\n<\/p><\/div>\n<div data-quickedit-entity-id=\"paragraph\/1484\" class=\"paragraph paragraph--type--image-block paragraph--view-mode--default\">\n<div data-quickedit-field-id=\"paragraph\/1484\/field_para_image\/fr\/default\" class=\"node__media node__media--carousel node__media--right\">\n<div class=\"node__media-container\">\n              <img decoding=\"async\" data-src=\"https:\/\/eumedbridge.eu\/wp-content\/uploads\/2022\/08\/Khaled-Taleb-13.jpg\" width=\"800\" height=\"450\" alt=\"\u00a9Khaled Taleb -\u00a0Le projet LMT a \u00e9t\u00e9 financ\u00e9 et soutenu en partie par l\u2019Union Europ\u00e9enne (UE)\" typeof=\"foaf:Image\" class=\"img-responsive lazyload\" src=\"data:image\/svg+xml;base64,PHN2ZyB3aWR0aD0iMSIgaGVpZ2h0PSIxIiB4bWxucz0iaHR0cDovL3d3dy53My5vcmcvMjAwMC9zdmciPjwvc3ZnPg==\" style=\"--smush-placeholder-width: 800px; --smush-placeholder-aspect-ratio: 800\/450;\" \/><\/p>\n<div class=\"media__overlay\">\n<div class=\"row middle-xs\">\n<div class=\"col-xs-12 col-sm-4\">\n<div class=\"media__title\">\u00a9Khaled Taleb &#8211;\u00a0Le projet LMT a \u00e9t\u00e9 financ\u00e9 et soutenu en partie par l\u2019Union\u2026<\/div>\n<\/p><\/div>\n<div class=\"col-xs-12 col-sm-4\"><\/div>\n<div class=\"col-xs-12 col-sm-4\">\n<div class=\"media__share text-right\">\n                <a href=\"https:\/\/euneighbours.eu\/sites\/default\/files\/2019-06\/Khaled%20Taleb%20%2813%29.jpg\" title=\"\u00a9Khaled Taleb -\u00a0Le projet LMT a \u00e9t\u00e9 financ\u00e9 et soutenu en partie par l\u2019Union Europ\u00e9enne (UE)\" data-colorbox-gallery=\"gallery-image_block-1484-GK_Ag-rU3e0\" class=\"colorbox media__fullscreen\" data-cbox-img-attrs=\"{\"alt\":\"\u00a9Khaled Taleb -\u00a0Le projet LMT a \u00e9t\u00e9 financ\u00e9 et soutenu en partie par l\u2019Union Europ\u00e9enne (UE)\"}\"><br \/>\n          <i class=\"icon icon--fullscreen color--global-hover\"><\/i><br \/>\n        <\/a>\n      <\/div>\n<\/p><\/div>\n<\/p><\/div>\n<\/div><\/div>\n<div class=\"node__media-container\">\n              <img decoding=\"async\" data-src=\"https:\/\/eumedbridge.eu\/wp-content\/uploads\/2022\/08\/Khaled-Taleb-4.jpg\" width=\"800\" height=\"450\" alt=\"\u00a9Khaled Taleb -\u00a0Le projet LMT a \u00e9t\u00e9 financ\u00e9 et soutenu en partie par l\u2019Union Europ\u00e9enne (UE)\" typeof=\"foaf:Image\" class=\"img-responsive lazyload\" src=\"data:image\/svg+xml;base64,PHN2ZyB3aWR0aD0iMSIgaGVpZ2h0PSIxIiB4bWxucz0iaHR0cDovL3d3dy53My5vcmcvMjAwMC9zdmciPjwvc3ZnPg==\" style=\"--smush-placeholder-width: 800px; --smush-placeholder-aspect-ratio: 800\/450;\" \/><\/p>\n<div class=\"media__overlay\">\n<div class=\"row middle-xs\">\n<div class=\"col-xs-12 col-sm-4\">\n<div class=\"media__title\">\u00a9Khaled Taleb &#8211;\u00a0Le projet LMT a \u00e9t\u00e9 financ\u00e9 et soutenu en partie par l\u2019Union\u2026<\/div>\n<\/p><\/div>\n<div class=\"col-xs-12 col-sm-4\"><\/div>\n<div class=\"col-xs-12 col-sm-4\">\n<div class=\"media__share text-right\">\n                <a href=\"https:\/\/euneighbours.eu\/sites\/default\/files\/2019-06\/Khaled%20Taleb%20%284%29.jpg\" title=\"\u00a9Khaled Taleb -\u00a0Le projet LMT a \u00e9t\u00e9 financ\u00e9 et soutenu en partie par l\u2019Union Europ\u00e9enne (UE)\" data-colorbox-gallery=\"gallery-image_block-1484-GK_Ag-rU3e0\" class=\"colorbox media__fullscreen\" data-cbox-img-attrs=\"{\"alt\":\"\u00a9Khaled Taleb -\u00a0Le projet LMT a \u00e9t\u00e9 financ\u00e9 et soutenu en partie par l\u2019Union Europ\u00e9enne (UE)\"}\"><br \/>\n          <i class=\"icon icon--fullscreen color--global-hover\"><\/i><br \/>\n        <\/a>\n      <\/div>\n<\/p><\/div>\n<\/p><\/div>\n<\/div><\/div>\n<div class=\"node__media-container\">\n              <img decoding=\"async\" data-src=\"https:\/\/eumedbridge.eu\/wp-content\/uploads\/2022\/08\/Christian-Akhrass-Hiking-in-Ehden.jpg\" width=\"800\" height=\"450\" alt=\"\u00a9Christian Akhrass -\u00a0Le projet LMT a \u00e9t\u00e9 financ\u00e9 et soutenu en partie par l\u2019Union Europ\u00e9enne (UE)\" typeof=\"foaf:Image\" class=\"img-responsive lazyload\" src=\"data:image\/svg+xml;base64,PHN2ZyB3aWR0aD0iMSIgaGVpZ2h0PSIxIiB4bWxucz0iaHR0cDovL3d3dy53My5vcmcvMjAwMC9zdmciPjwvc3ZnPg==\" style=\"--smush-placeholder-width: 800px; --smush-placeholder-aspect-ratio: 800\/450;\" \/><\/p>\n<div class=\"media__overlay\">\n<div class=\"row middle-xs\">\n<div class=\"col-xs-12 col-sm-4\">\n<div class=\"media__title\">\u00a9Christian Akhrass &#8211;\u00a0Le projet LMT a \u00e9t\u00e9 financ\u00e9 et soutenu en partie par l\u2026<\/div>\n<\/p><\/div>\n<div class=\"col-xs-12 col-sm-4\"><\/div>\n<div class=\"col-xs-12 col-sm-4\">\n<div class=\"media__share text-right\">\n                <a href=\"https:\/\/euneighbours.eu\/sites\/default\/files\/2019-06\/Christian%20Akhrass%20-%20Hiking%20in%20Ehden.jpg\" title=\"\u00a9Christian Akhrass -\u00a0Le projet LMT a \u00e9t\u00e9 financ\u00e9 et soutenu en partie par l\u2019Union Europ\u00e9enne (UE)\" data-colorbox-gallery=\"gallery-image_block-1484-GK_Ag-rU3e0\" class=\"colorbox media__fullscreen\" data-cbox-img-attrs=\"{\"alt\":\"\u00a9Christian Akhrass -\u00a0Le projet LMT a \u00e9t\u00e9 financ\u00e9 et soutenu en partie par l\u2019Union Europ\u00e9enne (UE)\"}\"><br \/>\n          <i class=\"icon icon--fullscreen color--global-hover\"><\/i><br \/>\n        <\/a>\n      <\/div>\n<\/p><\/div>\n<\/p><\/div>\n<\/div><\/div>\n<div class=\"node__media-container\">\n              <img decoding=\"async\" data-src=\"https:\/\/eumedbridge.eu\/wp-content\/uploads\/2022\/08\/Phyllis-Neriah-Tsang-Trail-Running.jpg\" width=\"800\" height=\"450\" alt=\"\u00a9Phyllis Neriah Tsang - The LMT project was funded and supported in part by the EU\" typeof=\"foaf:Image\" class=\"img-responsive lazyload\" src=\"data:image\/svg+xml;base64,PHN2ZyB3aWR0aD0iMSIgaGVpZ2h0PSIxIiB4bWxucz0iaHR0cDovL3d3dy53My5vcmcvMjAwMC9zdmciPjwvc3ZnPg==\" style=\"--smush-placeholder-width: 800px; --smush-placeholder-aspect-ratio: 800\/450;\" \/><\/p>\n<div class=\"media__overlay\">\n<div class=\"row middle-xs\">\n<div class=\"col-xs-12 col-sm-4\">\n<div class=\"media__title\">\u00a9Phyllis Neriah Tsang &#8211; The LMT project was funded and supported in part by the\u2026<\/div>\n<\/p><\/div>\n<div class=\"col-xs-12 col-sm-4\"><\/div>\n<div class=\"col-xs-12 col-sm-4\">\n<div class=\"media__share text-right\">\n                <a href=\"https:\/\/euneighbours.eu\/sites\/default\/files\/2019-06\/Phyllis%20Neriah%20Tsang%20-%20Trail%20Running.jpg\" title=\"\u00a9Phyllis Neriah Tsang - The LMT project was funded and supported in part by the EU\" data-colorbox-gallery=\"gallery-image_block-1484-GK_Ag-rU3e0\" class=\"colorbox media__fullscreen\" data-cbox-img-attrs=\"{\"alt\":\"\u00a9Phyllis Neriah Tsang - The LMT project was funded and supported in part by the EU\"}\"><br \/>\n          <i class=\"icon icon--fullscreen color--global-hover\"><\/i><br \/>\n        <\/a>\n      <\/div>\n<\/p><\/div>\n<\/p><\/div>\n<\/div><\/div>\n<\/p><\/div>\n<div data-quickedit-field-id=\"paragraph\/1484\/field_para_body\/fr\/default\" class=\"node__text\">\n<p>Je ne peux pas d\u00e9crire le sentiment qui m\u2019a frapp\u00e9e quand j\u2019ai vu d\u00e9barquer ce bus plein de touristes dans mon village. J\u2019\u00e9tais tellement \u00e9mue. Je ne trouve m\u00eame pas les mots.<\/p>\n<p>Je me suis dit tous ces gens viennent de Beyrouth, parfois m\u00eame de plus loin, pour d\u00e9couvrir mon village, mon chez moi. C\u2019est l\u00e0 que j\u2019ai commenc\u00e9 \u00e0 trouver les r\u00e9ponses \u00e0 mes questions, \u00e0 comprendre qui je suis et ce qui est important pour moi.\u00a0<\/p>\n<p>Depuis que je suis petite mes parents me disent : tu dois r\u00e9ussir, tu viens de Tannourine, plein de personnes c\u00e9l\u00e8bres sont originaires de Tannourine ! Alors en voyant de mes propres yeux l\u2019impact que j\u2019avais contribu\u00e9 \u00e0 cr\u00e9er, sur ma communaut\u00e9, gr\u00e2ce au LMT, je me suis sentie enfin \u00e0 ma place et utile.\u00a0<\/p>\n<p>J\u2019aurai toujours une immense reconnaissance pour les personnes de la LMTA car en voyant leur passion qui est de faire d\u00e9couvrir la diversit\u00e9 libanaise par la randonn\u00e9e, j\u2019ai pu d\u00e9couvrir la mienne. Mon r\u00eave est aujourd\u2019hui d\u2019avoir mon propre \u00ab\u00a0business\u00a0\u00bb\u00a0\u00e0 Tannourine, quelque chose li\u00e9 au LMT, peut-\u00eatre une maison d&rsquo;h\u00f4tes ou une ferme, et montrer au monde entier la beaut\u00e9 de mon village. Je veux montrer qui sont les gens de Tannourine. Je veux faire l\u2019impossible pour mon village.\u00a0<br \/>\n\u00a0 \u00a0 \u00a0<br \/>\nJe veux aussi prouver \u00e0 tous les visiteurs qui viennent \u00e0 Tannourine qu\u2019on a tellement de choses en commun, comme avec les personnes de la LMTA : on vient tous de r\u00e9gions diff\u00e9rentes du Liban, de diff\u00e9rents milieux et pourtant on a tous en commun nos valeurs, notre authenticit\u00e9, notre passion et cet amour pour notre pays.\u00a0<br \/>\n\u00a0 \u00a0 \u00a0<br \/>\nLe LMT m\u2019a appris \u00e0 continuer de marcher lors d\u2019une randonn\u00e9e envers et contre tout, j\u2019ai compris que cette devise s\u2019applique aussi \u00e0 n\u2019importe quel domaine de la vie. Aujourd\u2019hui, je continue \u00e0 marcher 3 fois par semaine, et je ne compte pas m&rsquo;arr\u00eater.\u201d<br \/>\n\u00a0 \u00a0 \u00a0<br \/>\nLe plus long sentier de randonn\u00e9e au Liban s\u2019\u00e9tend d\u2019Andqet, au Nord du Liban, \u00e0 Marjaayoun, au Sud, sur un sentier de 470 km qui traverse plus de 76 villages, \u00e0 une altitude allant de 570 \u00e0 2 073 m\u00e8tres au-dessus du niveau de la mer. \u00a0Ce sentier \u00e9tait emprunt\u00e9 par nos anc\u00eatres \u00e0 l\u2019\u00e9poque o\u00f9 les routes n\u2019existaient pas encore.\u00a0<br \/>\nLes membres de l\u2019association se battent pour la pr\u00e9servation de cet h\u00e9ritage, et aussi pour faire d\u00e9couvrir ce parcours aux Libanais et visiteurs du monde entier. Deux travers\u00e9es du pays sont organis\u00e9es par l\u2019Association chaque ann\u00e9e (la Thru-Walk en avril et la Fall Trek en octobre). Lors de la derni\u00e8re exp\u00e9dition, plus de 200 participants du monde entier sont venus d\u00e9couvrir le Liban et ont contribu\u00e9 \u00e0 redynamiser de nombreuses r\u00e9gions marginalis\u00e9es.\u00a0<br \/>\n\u00a0 \u00a0 \u00a0<br \/>\n\u00a0 \u00a0 \u00a0<br \/>\nDepuis la cr\u00e9ation du LMT en 2007, plus de 60 \u00e9tablissements de tourisme (h\u00f4tels, restaurants\u2026) ont b\u00e9n\u00e9fici\u00e9 de ses retomb\u00e9es, notamment via de la promotion, des \u00e9quipements ou des formations de leurs employ\u00e9s, et des centaines d\u2019emplois ont \u00e9t\u00e9 cr\u00e9\u00e9s \u00e0 travers le pays. \u00a0 \u00a0\u00a0<\/p>\n<p>Au-del\u00e0 d\u2019une simple randonn\u00e9e, \u201c le LMT c\u00e9l\u00e8bre la beaut\u00e9 de la diversit\u00e9 libanaise, insiste Martine Btaich, directrice ex\u00e9cutive de la LMTA. Certains pensent que c\u2019est \u00e0 cause de nos diff\u00e9rences que le pays est un chaos, nous au contraire on pense que ces diff\u00e9rences font la richesse et la beaut\u00e9 du Liban. Ce sentier rassemble les diff\u00e9rentes communaut\u00e9s. Il raconte l\u2019histoire de notre pays, un concentr\u00e9 de biodiversit\u00e9, de montagnes, de patrimoine culinaire et culturel. C\u2019est un appel \u00e0 la protection de cet h\u00e9ritage partag\u00e9 et de nos montagnes.\u201d<br \/>\n\u00a0<\/p>\n<\/div>\n<div class=\"node_view\"><\/div>\n<\/p><\/div>\n<div data-quickedit-entity-id=\"paragraph\/1485\" class=\"paragraph paragraph--type--image-block paragraph--view-mode--default\">\n<div data-quickedit-field-id=\"paragraph\/1485\/field_para_image\/fr\/default\" class=\"node__media node__media--carousel node__media--right\">\n<div class=\"node__media-container\">\n              <img decoding=\"async\" data-src=\"https:\/\/eumedbridge.eu\/wp-content\/uploads\/2022\/08\/2018-08-04-Familiarization-Trip-Qadisha-Valley-Carlos-Bou-Nafeh.jpg\" width=\"800\" height=\"450\" alt=\"\u00a9Carlos Bou Nafeh -\u00a0Le projet LMT a \u00e9t\u00e9 financ\u00e9 et soutenu en partie par l\u2019Union Europ\u00e9enne (UE)\" typeof=\"foaf:Image\" class=\"img-responsive lazyload\" src=\"data:image\/svg+xml;base64,PHN2ZyB3aWR0aD0iMSIgaGVpZ2h0PSIxIiB4bWxucz0iaHR0cDovL3d3dy53My5vcmcvMjAwMC9zdmciPjwvc3ZnPg==\" style=\"--smush-placeholder-width: 800px; --smush-placeholder-aspect-ratio: 800\/450;\" \/><\/p>\n<div class=\"media__overlay\">\n<div class=\"row middle-xs\">\n<div class=\"col-xs-12 col-sm-4\">\n<div class=\"media__title\">\u00a9Carlos Bou Nafeh &#8211;\u00a0Le projet LMT a \u00e9t\u00e9 financ\u00e9 et soutenu en partie par l\u2026<\/div>\n<\/p><\/div>\n<div class=\"col-xs-12 col-sm-4\"><\/div>\n<div class=\"col-xs-12 col-sm-4\">\n<div class=\"media__share text-right\">\n                <a href=\"https:\/\/euneighbours.eu\/sites\/default\/files\/2019-06\/2018-08-04%20-%20Familiarization%20Trip%20-%20Qadisha%20Valley%20-%20Carlos%20Bou%20Nafeh.jpg\" title=\"\u00a9Carlos Bou Nafeh -\u00a0Le projet LMT a \u00e9t\u00e9 financ\u00e9 et soutenu en partie par l\u2019Union Europ\u00e9enne (UE)\" data-colorbox-gallery=\"gallery-image_block-1485-GK_Ag-rU3e0\" class=\"colorbox media__fullscreen\" data-cbox-img-attrs=\"{\"alt\":\"\u00a9Carlos Bou Nafeh -\u00a0Le projet LMT a \u00e9t\u00e9 financ\u00e9 et soutenu en partie par l\u2019Union Europ\u00e9enne (UE)\"}\"><br \/>\n          <i class=\"icon icon--fullscreen color--global-hover\"><\/i><br \/>\n        <\/a>\n      <\/div>\n<\/p><\/div>\n<\/p><\/div>\n<\/div><\/div>\n<div class=\"node__media-container\">\n              <img decoding=\"async\" data-src=\"https:\/\/eumedbridge.eu\/wp-content\/uploads\/2022\/08\/2018-08-04-Familiarization-Trip-Tannourine-1-Carlos-Bou-Nafeh.jpg\" width=\"800\" height=\"450\" alt=\"\u00a0\u00a9Carlos Bou Nafeh -Le projet LMT a \u00e9t\u00e9 financ\u00e9 et soutenu en partie par l\u2019Union Europ\u00e9enne (UE)\" typeof=\"foaf:Image\" class=\"img-responsive lazyload\" src=\"data:image\/svg+xml;base64,PHN2ZyB3aWR0aD0iMSIgaGVpZ2h0PSIxIiB4bWxucz0iaHR0cDovL3d3dy53My5vcmcvMjAwMC9zdmciPjwvc3ZnPg==\" style=\"--smush-placeholder-width: 800px; --smush-placeholder-aspect-ratio: 800\/450;\" \/><\/p>\n<div class=\"media__overlay\">\n<div class=\"row middle-xs\">\n<div class=\"col-xs-12 col-sm-4\">\n<div class=\"media__title\">\u00a0\u00a9Carlos Bou Nafeh -Le projet LMT a \u00e9t\u00e9 financ\u00e9 et soutenu en partie par l\u2026<\/div>\n<\/p><\/div>\n<div class=\"col-xs-12 col-sm-4\"><\/div>\n<div class=\"col-xs-12 col-sm-4\">\n<div class=\"media__share text-right\">\n                <a href=\"https:\/\/euneighbours.eu\/sites\/default\/files\/2019-06\/2018-08-04%20-%20Familiarization%20Trip%20-%20Tannourine-1%20-%20Carlos%20Bou%20Nafeh.jpg\" title=\"\u00a0\u00a9Carlos Bou Nafeh -Le projet LMT a \u00e9t\u00e9 financ\u00e9 et soutenu en partie par l\u2019Union Europ\u00e9enne (UE)\" data-colorbox-gallery=\"gallery-image_block-1485-GK_Ag-rU3e0\" class=\"colorbox media__fullscreen\" data-cbox-img-attrs=\"{\"alt\":\"\u00a0\u00a9Carlos Bou Nafeh -Le projet LMT a \u00e9t\u00e9 financ\u00e9 et soutenu en partie par l\u2019Union Europ\u00e9enne (UE)\"}\"><br \/>\n          <i class=\"icon icon--fullscreen color--global-hover\"><\/i><br \/>\n        <\/a>\n      <\/div>\n<\/p><\/div>\n<\/p><\/div>\n<\/div><\/div>\n<div class=\"node__media-container\">\n              <img decoding=\"async\" data-src=\"https:\/\/eumedbridge.eu\/wp-content\/uploads\/2022\/08\/2018-08-04-Familiarization-Trip-Ehmej-1-Carlos-Bou-Nafeh.jpg\" width=\"800\" height=\"450\" alt=\"\u00a9Carlos Bou Nafeh -\u00a0Le projet LMT a \u00e9t\u00e9 financ\u00e9 et soutenu en partie par l\u2019Union Europ\u00e9enne (UE)\" typeof=\"foaf:Image\" class=\"img-responsive lazyload\" src=\"data:image\/svg+xml;base64,PHN2ZyB3aWR0aD0iMSIgaGVpZ2h0PSIxIiB4bWxucz0iaHR0cDovL3d3dy53My5vcmcvMjAwMC9zdmciPjwvc3ZnPg==\" style=\"--smush-placeholder-width: 800px; --smush-placeholder-aspect-ratio: 800\/450;\" \/><\/p>\n<div class=\"media__overlay\">\n<div class=\"row middle-xs\">\n<div class=\"col-xs-12 col-sm-4\">\n<div class=\"media__title\">\u00a9Carlos Bou Nafeh &#8211;\u00a0Le projet LMT a \u00e9t\u00e9 financ\u00e9 et soutenu en partie par l\u2026<\/div>\n<\/p><\/div>\n<div class=\"col-xs-12 col-sm-4\"><\/div>\n<div class=\"col-xs-12 col-sm-4\">\n<div class=\"media__share text-right\">\n                <a href=\"https:\/\/euneighbours.eu\/sites\/default\/files\/2019-06\/2018-08-04%20-%20Familiarization%20Trip%20-%20Ehmej-1%20-%20Carlos%20Bou%20Nafeh.JPG\" title=\"\u00a9Carlos Bou Nafeh -\u00a0Le projet LMT a \u00e9t\u00e9 financ\u00e9 et soutenu en partie par l\u2019Union Europ\u00e9enne (UE)\" data-colorbox-gallery=\"gallery-image_block-1485-GK_Ag-rU3e0\" class=\"colorbox media__fullscreen\" data-cbox-img-attrs=\"{\"alt\":\"\u00a9Carlos Bou Nafeh -\u00a0Le projet LMT a \u00e9t\u00e9 financ\u00e9 et soutenu en partie par l\u2019Union Europ\u00e9enne (UE)\"}\"><br \/>\n          <i class=\"icon icon--fullscreen color--global-hover\"><\/i><br \/>\n        <\/a>\n      <\/div>\n<\/p><\/div>\n<\/p><\/div>\n<\/div><\/div>\n<div class=\"node__media-container\">\n              <img decoding=\"async\" data-src=\"https:\/\/eumedbridge.eu\/wp-content\/uploads\/2022\/08\/2018-08-04-Familiarization-Trip-Ehmej-2-Carlos-Bou-Nafeh.jpg\" width=\"800\" height=\"450\" alt=\"\u00a9Carlos Bou Nafeh - The LMT project was funded and supported in part by the EU\" typeof=\"foaf:Image\" class=\"img-responsive lazyload\" src=\"data:image\/svg+xml;base64,PHN2ZyB3aWR0aD0iMSIgaGVpZ2h0PSIxIiB4bWxucz0iaHR0cDovL3d3dy53My5vcmcvMjAwMC9zdmciPjwvc3ZnPg==\" style=\"--smush-placeholder-width: 800px; --smush-placeholder-aspect-ratio: 800\/450;\" \/><\/p>\n<div class=\"media__overlay\">\n<div class=\"row middle-xs\">\n<div class=\"col-xs-12 col-sm-4\">\n<div class=\"media__title\">\u00a9Carlos Bou Nafeh &#8211; The LMT project was funded and supported in part by the EU<\/div>\n<\/p><\/div>\n<div class=\"col-xs-12 col-sm-4\"><\/div>\n<div class=\"col-xs-12 col-sm-4\">\n<div class=\"media__share text-right\">\n                <a href=\"https:\/\/euneighbours.eu\/sites\/default\/files\/2019-06\/2018-08-04%20-%20Familiarization%20Trip%20-%20Ehmej-2%20-%20Carlos%20Bou%20Nafeh.JPG\" title=\"\u00a9Carlos Bou Nafeh - The LMT project was funded and supported in part by the EU\" data-colorbox-gallery=\"gallery-image_block-1485-GK_Ag-rU3e0\" class=\"colorbox media__fullscreen\" data-cbox-img-attrs=\"{\"alt\":\"\u00a9Carlos Bou Nafeh - The LMT project was funded and supported in part by the EU\"}\"><br \/>\n          <i class=\"icon icon--fullscreen color--global-hover\"><\/i><br \/>\n        <\/a>\n      <\/div>\n<\/p><\/div>\n<\/p><\/div>\n<\/div><\/div>\n<\/p><\/div>\n<div data-quickedit-field-id=\"paragraph\/1485\/field_para_body\/fr\/default\" class=\"node__text\">\n<p>Dans le cadre du programme AFKAR III de OMSAR financ\u00e9 par l\u2019Union europ\u00e9enne, les sections 3 \u00e0 10 ont \u00e9t\u00e9 r\u00e9habilit\u00e9es entre 2016 et 2018, soit pr\u00e8s de 70 km entre la r\u00e9gion entre El Qemmamine et el Aquoura.<br \/>\nElle a notamment install\u00e9 le long du sentier 10 panneaux de signalisation qui affichent des informations touristiques, culturelles, g\u00e9ologiques. Elle a travaill\u00e9 avec les acteurs locaux et les municipalit\u00e9s, afin d\u2019assurer la p\u00e9rennit\u00e9 du sentier, sa maintenance et sa promotion en tant que produit touristique pour les villages et les villes qu\u2019il traverse. \u201cPour la premi\u00e8re fois, nous avons pu d\u00e9velopper une m\u00e9thodologie pour travailler avec les acteurs locaux, explique Martine Btaich, m\u00e9thodologie que nous allons pouvoir r\u00e9pliquer sur le reste du sentier.\u00a0\u00bb\u00a0<br \/>\nL\u2019association a ainsi pu organiser des formations avec des professionnels du tourisme pour assurer une certaine qualit\u00e9 d&rsquo;accueil dans les maisons d&rsquo;h\u00f4te. Elle a aussi form\u00e9 les guides locaux pour d\u00e9velopper leurs techniques de communication et accro\u00eetre leurs connaissances sur la g\u00e9ologie, la faune, la flore et la m\u00e9t\u00e9orologie.<br \/>\n\u00a0<br \/>\nElle a \u00e9galement implant\u00e9 un programme d&rsquo;\u00e9ducation environnementale, \u201cTrail to Every Classroom\u201d, dans 9 \u00e9coles situ\u00e9es le long des sections 3 \u00e0 10 du LMT. 17 professeurs et plus de 350 \u00e9l\u00e8ves ont ainsi b\u00e9n\u00e9fici\u00e9 de cette formation. L&rsquo;id\u00e9e est d\u2019encourager les jeunes \u00e0 marcher sur le sentier et d\u00e9couvrir les montagnes du Liban. Au travers d&rsquo;activit\u00e9s ludiques, les \u00e9l\u00e8ves ont pu apprendre le cycle de la vie, la pollution de l\u2019eau, visible et invisible, les techniques de chasse responsables et irresponsables, le recyclage, le compost, la reforestation, etc. A noter que ce programme est \u00e9galement implant\u00e9 sur d\u2019autres sections du LMT, hors fonds de l\u2019Union europ\u00e9enne.<br \/>\n\u00a0<br \/>\n\u201cLe LMT m\u2019a donn\u00e9 l\u2019espoir qu\u2019il y a encore quelque chose de magnifique dans notre pays, poursuit la directrice ex\u00e9cutive de l\u2019association, quelque chose qui m\u00e9rite qu\u2019on se batte pour lui. \u00c7a m\u2019a aid\u00e9 \u00e0 me r\u00e9concilier comme beaucoup d\u2019autres membres de l\u2019association avec ce pays, un peu sp\u00e9cial, qui est le n\u00f4tre\u201d.\u00a0<br \/>\n\u00a0<\/p>\n<p><meta charset=\"utf-8\" \/><b id=\"docs-internal-guid-f4f180e6-7fff-dd72-cdcc-9dee3dff9b69\">Liens EU Neighbours <\/b><\/p>\n<p><meta charset=\"utf-8\" \/><b id=\"docs-internal-guid-19827522-7fff-9097-704b-75a4d6daef26\"><a href=\"https:\/\/www.flickr.com\/photos\/euneighbours-south\/albums\/72157709045907653\">Flickr<\/a><\/b><\/p>\n<p dir=\"ltr\"><meta charset=\"utf-8\" \/><b id=\"docs-internal-guid-2bed086b-7fff-0b19-b6c8-9569747bbec1\"><a href=\"https:\/\/www.facebook.com\/euneighbours\/videos\/454982411932210\">Facebook<\/a><\/b><\/p>\n<p dir=\"ltr\"><b id=\"docs-internal-guid-130da23d-7fff-c96b-ead6-d943a64be4c5\"><a href=\"https:\/\/twitter.com\/euneighbours\/status\/1139528841221804039\">Twitter<\/a><\/b><\/p>\n<p dir=\"ltr\"><b id=\"docs-internal-guid-130da23d-7fff-c96b-ead6-d943a64be4c5\"><a href=\"https:\/\/www.linkedin.com\/feed\/update\/urn:li:activity:6545294840006090752\">LinkedIn<\/a><\/b><\/p>\n<p><meta charset=\"utf-8\" \/><b id=\"docs-internal-guid-2d903727-7fff-fddc-1c3c-494595665b0e\">Publi\u00e9 dans les m\u00e9dias locaux<\/b><\/p>\n<p><meta charset=\"utf-8\" \/><\/p>\n<p dir=\"ltr\"><b id=\"docs-internal-guid-73f5bbb0-7fff-af17-1144-d9922b88ff8b\"><a href=\"http:\/\/labnehandfacts.com\/media-2\/rita-becassini-33-ans-lmt\/\">Labneh&#038;Facts<\/a> <\/b><\/p>\n<p dir=\"ltr\"><b id=\"docs-internal-guid-73f5bbb0-7fff-af17-1144-d9922b88ff8b\"><a href=\"https:\/\/www.instagram.com\/p\/ByujUwQlPgd\/\">Labneh&#038;Facts Instagram<\/a><\/b><\/p>\n<p dir=\"ltr\"><meta charset=\"utf-8\" \/><b id=\"docs-internal-guid-b15f7bcd-7fff-3cd8-798c-610757670dad\"><a href=\"https:\/\/lepetitjournal.com\/beyrouth\/le-lebanon-mountain-trail-ma-permis-de-trouver-ma-voie-259875\">Le Petit Journal de Beyrouth<\/a><\/b><\/p>\n<p dir=\"ltr\">\u00a0<\/p>\n<p><meta charset=\"utf-8\" \/><meta charset=\"utf-8\" \/><b id=\"docs-internal-guid-b7dce1ce-7fff-88f2-c7fe-a509b6b49466\">D\u00e9l\u00e9gation UE<\/b><\/p>\n<p><meta charset=\"utf-8\" \/><\/p>\n<p dir=\"ltr\"><meta charset=\"utf-8\" \/><\/p>\n<p dir=\"ltr\"><b id=\"docs-internal-guid-1bf60f7b-7fff-d8fb-9edf-2555b3c4f0c7\"><a href=\"http:\/\/eeas.europa.eu\/delegations\/lebanon\/index_fr.htm\">Liban Web<\/a><\/b><\/p>\n<p dir=\"ltr\"><b id=\"docs-internal-guid-1bf60f7b-7fff-d8fb-9edf-2555b3c4f0c7\"><a href=\"https:\/\/www.facebook.com\/EUinLebanon\/?__tn__=%2Cd%2CP-R&#038;eid=ARCRoIgCfUMsIj5Xi_-bSJHOMrDH5y-817cvmtDkAlknC9RfvmzoPYJHCI-_31SXrLyxP4o7zXiBZaCS\">Liban Facebook<\/a><\/b><\/p>\n<p dir=\"ltr\">\u00a0<\/p>\n<p style=\"margin:0cm 0cm 0.0001pt\"><strong>Vid\u00e9os sur des projets financ\u00e9s par OMSAR \/ EU<\/strong><\/p>\n<p style=\"margin:0cm 0cm 0.0001pt\">\u00a0<\/p>\n<p style=\"margin:0cm 0cm 0.0001pt\"><span style=\"font-size:11pt\"><span style=\"font-family:Calibri,sans-serif\"><span lang=\"EN-US\" style=\"font-family:\"Tw Cen MT\",sans-serif\" xml_lang=\"EN-US\">Trail Development\u00a0<\/span><span style=\"font-family:\"Tw Cen MT\",sans-serif\"><a href=\"https:\/\/www.youtube.com\/watch?v=WCCFDXYyRoI\" style=\"color:#0563c1; text-decoration:underline\">https:\/\/www.youtube.com\/watch?v=WCCFDXYyRoI<\/a><\/span>\u00a0<\/span><\/span><\/p>\n<p style=\"margin:0cm 0cm 0.0001pt\"><span style=\"font-size:11pt\"><span style=\"font-family:Calibri,sans-serif\"><span lang=\"EN-US\" style=\"font-family:\"Tw Cen MT\",sans-serif\" xml_lang=\"EN-US\">Community Development\u00a0<\/span><span style=\"font-family:\"Tw Cen MT\",sans-serif\"><a href=\"https:\/\/www.youtube.com\/watch?v=datW6wK1Ai8&#038;t=70s\" style=\"color:#0563c1; text-decoration:underline\">https:\/\/www.youtube.com\/watch?v=datW6wK1Ai8&#038;t=70s<\/a><\/span><\/span><\/span><\/p>\n<p style=\"margin:0cm 0cm 0.0001pt\"><span style=\"font-size:11pt\"><span style=\"font-family:Calibri,sans-serif\"><span lang=\"EN-US\" style=\"font-family:\"Tw Cen MT\",sans-serif\" xml_lang=\"EN-US\">Education\u00a0<\/span><span style=\"font-family:\"Tw Cen MT\",sans-serif\"><a href=\"https:\/\/www.youtube.com\/watch?v=eb-5qwHu88I\" style=\"color:#0563c1; text-decoration:underline\">https:\/\/www.youtube.com\/watch?v=eb-5qwHu88I<\/a><\/span><\/span><\/span><\/p>\n<p style=\"margin:0cm 0cm 0.0001pt\">\u00a0<\/p>\n<p style=\"margin:0cm 0cm 0.0001pt\"><strong>7 initiatives soutenues dans le cadre du projet UE au moyen de petites subventions<\/strong><\/p>\n<p style=\"margin:0cm 0cm 0.0001pt\">\u00a0<\/p>\n<p style=\"margin:0cm 0cm 0.0001pt\"><span style=\"font-size:11pt\"><span style=\"font-family:Calibri,sans-serif\"><span style=\"font-family:\"Tw Cen MT\",sans-serif\">1- Wadi el Zouhour\u00a0<a href=\"https:\/\/www.youtube.com\/watch?v=Hy6-9bh9faE\" style=\"color:#0563c1; text-decoration:underline\">https:\/\/www.youtube.com\/watch?v=Hy6-9bh9faE<\/a>\u00a0<\/span><\/span><\/span><\/p>\n<p style=\"margin:0cm 0cm 0.0001pt\"><span style=\"font-size:11pt\"><span style=\"font-family:Calibri,sans-serif\"><span style=\"font-family:\"Tw Cen MT\",sans-serif\">2- Mrebbine\u00a0<a href=\"https:\/\/www.youtube.com\/watch?v=Ye4PR4hIO74\" style=\"color:#0563c1; text-decoration:underline\">https:\/\/www.youtube.com\/watch?v=Ye4PR4hIO74<\/a><\/span><\/span><\/span><\/p>\n<p style=\"margin:0cm 0cm 0.0001pt\"><span style=\"font-size:11pt\"><span style=\"font-family:Calibri,sans-serif\"><span lang=\"EN-US\" style=\"font-family:\"Tw Cen MT\",sans-serif\" xml_lang=\"EN-US\">3- Discover the Forest\u00a0<\/span><span style=\"font-family:\"Tw Cen MT\",sans-serif\"><a href=\"https:\/\/www.youtube.com\/watch?v=99DiY4tK7To\" style=\"color:#0563c1; text-decoration:underline\">https:\/\/www.youtube.com\/watch?v=99DiY4tK7To<\/a><\/span><\/span><\/span><\/p>\n<p style=\"margin:0cm 0cm 0.0001pt\"><span style=\"font-size:11pt\"><span style=\"font-family:Calibri,sans-serif\"><span lang=\"EN-US\" style=\"font-family:\"Tw Cen MT\",sans-serif\" xml_lang=\"EN-US\">4- The Farmhouse\u00a0<\/span><span style=\"font-family:\"Tw Cen MT\",sans-serif\"><a href=\"https:\/\/www.youtube.com\/watch?v=YL-Km7L6iU0\" style=\"color:#0563c1; text-decoration:underline\">https:\/\/www.youtube.com\/watch?v=YL-Km7L6iU0<\/a><\/span><\/span><\/span><\/p>\n<p style=\"margin:0cm 0cm 0.0001pt\"><span style=\"font-size:11pt\"><span style=\"font-family:Calibri,sans-serif\"><span lang=\"EN-US\" style=\"font-family:\"Tw Cen MT\",sans-serif\" xml_lang=\"EN-US\">5- Chillyard in Behwaita\u00a0<\/span><span style=\"font-family:\"Tw Cen MT\",sans-serif\"><a href=\"https:\/\/www.youtube.com\/watch?v=xIrxIrP-n0k\" style=\"color:#0563c1; text-decoration:underline\">https:\/\/www.youtube.com\/watch?v=xIrxIrP-n0k<\/a><\/span><\/span><\/span><\/p>\n<p style=\"margin:0cm 0cm 0.0001pt\"><span style=\"font-size:11pt\"><span style=\"font-family:Calibri,sans-serif\"><span lang=\"EN-US\" style=\"font-family:\"Tw Cen MT\",sans-serif\" xml_lang=\"EN-US\">6- El Jebbeh Harvest\u00a0<\/span><span style=\"font-family:\"Tw Cen MT\",sans-serif\"><a href=\"https:\/\/www.youtube.com\/watch?v=cvqLbZewk5o\" style=\"color:#0563c1; text-decoration:underline\">https:\/\/www.youtube.com\/watch?v=cvqLbZewk5o<\/a><\/span><\/span><\/span><\/p>\n<p style=\"margin:0cm 0cm 0.0001pt\"><span style=\"font-size:11pt\"><span style=\"font-family:Calibri,sans-serif\"><span lang=\"EN-US\" style=\"font-family:\"Tw Cen MT\",sans-serif\" xml_lang=\"EN-US\">7- The Mosaic House\u00a0<\/span><span style=\"font-family:\"Tw Cen MT\",sans-serif\"><a href=\"https:\/\/www.youtube.com\/watch?v=oCK-0yGo828\" style=\"color:#0563c1; text-decoration:underline\">https:\/\/www.youtube.com\/watch?v=oCK-0yGo828<\/a><\/span><\/span><\/span><\/p>\n<\/div>\n<div class=\"node_view\"><\/div>\n<\/p><\/div>\n","protected":false},"featured_media":0,"parent":0,"template":"","story_category":[],"country":[1949],"special_action":[],"custom_tag":[2312,2315,1884,1970,1897,1870],"class_list":["post-204049","story","type-story","status-publish","hentry","country-liban","custom_tag-developpement-durable","custom_tag-emploi-et-entrpreuneuriat","custom_tag-environnement-et-changement-climatique","custom_tag-jeunesse","custom_tag-medias","custom_tag-societe-civile"],"acf":[],"yoast_head":"<!-- This site is optimized with the Yoast SEO plugin v26.5 - https:\/\/yoast.com\/wordpress\/plugins\/seo\/ -->\n<title>\u201cLe Lebanon Mountain Trail, ce sentier \u00e0 travers la montagne du Liban, m\u2019a permis de trouver ma voie\u201d - Voisins de l&#039;UE<\/title>\n<meta name=\"robots\" content=\"index, follow, max-snippet:-1, max-image-preview:large, max-video-preview:-1\" \/>\n<link rel=\"canonical\" href=\"https:\/\/www.eumedbridge.eu\/story\/lebanon-mountain-trail-track-through-mountains-lebanon-helped-me-find-my\/\" \/>\n<meta property=\"og:locale\" content=\"fr_FR\" \/>\n<meta property=\"og:type\" content=\"article\" \/>\n<meta property=\"og:title\" content=\"\u201cLe Lebanon Mountain Trail, ce sentier \u00e0 travers la montagne du Liban, m\u2019a permis de trouver ma voie\u201d - Voisins de l&#039;UE\" \/>\n<meta property=\"og:description\" content=\"La vie de Rita Becassini, 33 ans, a \u00e9t\u00e9 boulevers\u00e9e quand on lui a demand\u00e9 d\u2019organiser une journ\u00e9e de randonn\u00e9e dans son village d\u2019origine Tannourine dans le cadre du Lebanese Mountain Trail (LMT), le plus grand sentier de randonn\u00e9e du pays. Ce sentier parcourt 76 villages libanais du Nord au Sud du Liban. \u00a0Le projet [&hellip;]\" \/>\n<meta property=\"og:url\" content=\"https:\/\/www.eumedbridge.eu\/story\/lebanon-mountain-trail-track-through-mountains-lebanon-helped-me-find-my\/\" \/>\n<meta property=\"og:site_name\" content=\"Voisins de l&#039;UE\" \/>\n<meta property=\"article:publisher\" content=\"https:\/\/www.facebook.com\/eumedbridge\/\" \/>\n<meta property=\"article:modified_time\" content=\"2022-08-17T13:29:44+00:00\" \/>\n<meta property=\"og:image\" content=\"https:\/\/www.eumedbridge.eu\/wp-content\/uploads\/2022\/05\/Carlos-Bou-Nafeh-Hiking-1_0-1024x682.jpg\" \/>\n\t<meta property=\"og:image:width\" content=\"1024\" \/>\n\t<meta property=\"og:image:height\" content=\"682\" \/>\n\t<meta property=\"og:image:type\" content=\"image\/jpeg\" \/>\n<meta name=\"twitter:card\" content=\"summary_large_image\" \/>\n<meta name=\"twitter:site\" content=\"@eumedbridge\" \/>\n<meta name=\"twitter:label1\" content=\"Dur\u00e9e de lecture estim\u00e9e\" \/>\n\t<meta name=\"twitter:data1\" content=\"11 minutes\" \/>\n<script type=\"application\/ld+json\" class=\"yoast-schema-graph\">{\"@context\":\"https:\/\/schema.org\",\"@graph\":[{\"@type\":\"WebPage\",\"@id\":\"https:\/\/www.eumedbridge.eu\/story\/lebanon-mountain-trail-track-through-mountains-lebanon-helped-me-find-my\/\",\"url\":\"https:\/\/www.eumedbridge.eu\/story\/lebanon-mountain-trail-track-through-mountains-lebanon-helped-me-find-my\/\",\"name\":\"\u201cLe Lebanon Mountain Trail, ce sentier \u00e0 travers la montagne du Liban, m\u2019a permis de trouver ma voie\u201d - Voisins de l'UE\",\"isPartOf\":{\"@id\":\"https:\/\/www.eumedbridge.eu\/#website\"},\"primaryImageOfPage\":{\"@id\":\"https:\/\/www.eumedbridge.eu\/story\/lebanon-mountain-trail-track-through-mountains-lebanon-helped-me-find-my\/#primaryimage\"},\"image\":{\"@id\":\"https:\/\/www.eumedbridge.eu\/story\/lebanon-mountain-trail-track-through-mountains-lebanon-helped-me-find-my\/#primaryimage\"},\"thumbnailUrl\":\"https:\/\/eumedbridge.eu\/wp-content\/uploads\/2022\/08\/2018-08-04-Familiarization-Trip-Tannourine-2-Carlos-Bou-Nafeh.jpg\",\"datePublished\":\"2019-06-13T21:00:00+00:00\",\"dateModified\":\"2022-08-17T13:29:44+00:00\",\"breadcrumb\":{\"@id\":\"https:\/\/www.eumedbridge.eu\/story\/lebanon-mountain-trail-track-through-mountains-lebanon-helped-me-find-my\/#breadcrumb\"},\"inLanguage\":\"fr-FR\",\"potentialAction\":[{\"@type\":\"ReadAction\",\"target\":[\"https:\/\/www.eumedbridge.eu\/story\/lebanon-mountain-trail-track-through-mountains-lebanon-helped-me-find-my\/\"]}]},{\"@type\":\"ImageObject\",\"inLanguage\":\"fr-FR\",\"@id\":\"https:\/\/www.eumedbridge.eu\/story\/lebanon-mountain-trail-track-through-mountains-lebanon-helped-me-find-my\/#primaryimage\",\"url\":\"https:\/\/eumedbridge.eu\/wp-content\/uploads\/2022\/08\/2018-08-04-Familiarization-Trip-Tannourine-2-Carlos-Bou-Nafeh.jpg\",\"contentUrl\":\"https:\/\/eumedbridge.eu\/wp-content\/uploads\/2022\/08\/2018-08-04-Familiarization-Trip-Tannourine-2-Carlos-Bou-Nafeh.jpg\"},{\"@type\":\"BreadcrumbList\",\"@id\":\"https:\/\/www.eumedbridge.eu\/story\/lebanon-mountain-trail-track-through-mountains-lebanon-helped-me-find-my\/#breadcrumb\",\"itemListElement\":[{\"@type\":\"ListItem\",\"position\":1,\"name\":\"Home\",\"item\":\"https:\/\/www.eumedbridge.eu\/fr\/home-page\/\"},{\"@type\":\"ListItem\",\"position\":2,\"name\":\"Histoires\",\"item\":\"https:\/\/www.eumedbridge.eu\/fr\/story\/\"},{\"@type\":\"ListItem\",\"position\":3,\"name\":\"\u201cLe Lebanon Mountain Trail, ce sentier \u00e0 travers la montagne du Liban, m\u2019a permis de trouver ma voie\u201d\"}]},{\"@type\":\"WebSite\",\"@id\":\"https:\/\/www.eumedbridge.eu\/#website\",\"url\":\"https:\/\/www.eumedbridge.eu\/\",\"name\":\"EU Medbridge\",\"description\":\"\",\"publisher\":{\"@id\":\"https:\/\/www.eumedbridge.eu\/#organization\"},\"potentialAction\":[{\"@type\":\"SearchAction\",\"target\":{\"@type\":\"EntryPoint\",\"urlTemplate\":\"https:\/\/www.eumedbridge.eu\/?s={search_term_string}\"},\"query-input\":{\"@type\":\"PropertyValueSpecification\",\"valueRequired\":true,\"valueName\":\"search_term_string\"}}],\"inLanguage\":\"fr-FR\"},{\"@type\":\"Organization\",\"@id\":\"https:\/\/www.eumedbridge.eu\/#organization\",\"name\":\"EU Medbridge\",\"url\":\"https:\/\/www.eumedbridge.eu\/\",\"logo\":{\"@type\":\"ImageObject\",\"inLanguage\":\"fr-FR\",\"@id\":\"https:\/\/www.eumedbridge.eu\/#\/schema\/logo\/image\/\",\"url\":\"https:\/\/www.eumedbridge.eu\/wp-content\/uploads\/2021\/12\/Logo.png\",\"contentUrl\":\"https:\/\/www.eumedbridge.eu\/wp-content\/uploads\/2021\/12\/Logo.png\",\"width\":325,\"height\":114,\"caption\":\"EU Medbridge\"},\"image\":{\"@id\":\"https:\/\/www.eumedbridge.eu\/#\/schema\/logo\/image\/\"},\"sameAs\":[\"https:\/\/www.facebook.com\/eumedbridge\/\",\"https:\/\/x.com\/eumedbridge\",\"https:\/\/www.linkedin.com\/company\/eumedbridge\",\"https:\/\/www.youtube.com\/@eumedbridge\",\"https:\/\/www.instagram.com\/eumedbridge\",\"https:\/\/www.flickr.com\/photos\/euneighbours-south\/\"]}]}<\/script>\n<!-- \/ Yoast SEO plugin. -->","yoast_head_json":{"title":"\u201cLe Lebanon Mountain Trail, ce sentier \u00e0 travers la montagne du Liban, m\u2019a permis de trouver ma voie\u201d - Voisins de l'UE","robots":{"index":"index","follow":"follow","max-snippet":"max-snippet:-1","max-image-preview":"max-image-preview:large","max-video-preview":"max-video-preview:-1"},"canonical":"https:\/\/www.eumedbridge.eu\/story\/lebanon-mountain-trail-track-through-mountains-lebanon-helped-me-find-my\/","og_locale":"fr_FR","og_type":"article","og_title":"\u201cLe Lebanon Mountain Trail, ce sentier \u00e0 travers la montagne du Liban, m\u2019a permis de trouver ma voie\u201d - Voisins de l'UE","og_description":"La vie de Rita Becassini, 33 ans, a \u00e9t\u00e9 boulevers\u00e9e quand on lui a demand\u00e9 d\u2019organiser une journ\u00e9e de randonn\u00e9e dans son village d\u2019origine Tannourine dans le cadre du Lebanese Mountain Trail (LMT), le plus grand sentier de randonn\u00e9e du pays. Ce sentier parcourt 76 villages libanais du Nord au Sud du Liban. \u00a0Le projet [&hellip;]","og_url":"https:\/\/www.eumedbridge.eu\/story\/lebanon-mountain-trail-track-through-mountains-lebanon-helped-me-find-my\/","og_site_name":"Voisins de l'UE","article_publisher":"https:\/\/www.facebook.com\/eumedbridge\/","article_modified_time":"2022-08-17T13:29:44+00:00","og_image":[{"width":1024,"height":682,"url":"https:\/\/www.eumedbridge.eu\/wp-content\/uploads\/2022\/05\/Carlos-Bou-Nafeh-Hiking-1_0-1024x682.jpg","type":"image\/jpeg"}],"twitter_card":"summary_large_image","twitter_site":"@eumedbridge","twitter_misc":{"Dur\u00e9e de lecture estim\u00e9e":"11 minutes"},"schema":{"@context":"https:\/\/schema.org","@graph":[{"@type":"WebPage","@id":"https:\/\/www.eumedbridge.eu\/story\/lebanon-mountain-trail-track-through-mountains-lebanon-helped-me-find-my\/","url":"https:\/\/www.eumedbridge.eu\/story\/lebanon-mountain-trail-track-through-mountains-lebanon-helped-me-find-my\/","name":"\u201cLe Lebanon Mountain Trail, ce sentier \u00e0 travers la montagne du Liban, m\u2019a permis de trouver ma voie\u201d - Voisins de l'UE","isPartOf":{"@id":"https:\/\/www.eumedbridge.eu\/#website"},"primaryImageOfPage":{"@id":"https:\/\/www.eumedbridge.eu\/story\/lebanon-mountain-trail-track-through-mountains-lebanon-helped-me-find-my\/#primaryimage"},"image":{"@id":"https:\/\/www.eumedbridge.eu\/story\/lebanon-mountain-trail-track-through-mountains-lebanon-helped-me-find-my\/#primaryimage"},"thumbnailUrl":"https:\/\/eumedbridge.eu\/wp-content\/uploads\/2022\/08\/2018-08-04-Familiarization-Trip-Tannourine-2-Carlos-Bou-Nafeh.jpg","datePublished":"2019-06-13T21:00:00+00:00","dateModified":"2022-08-17T13:29:44+00:00","breadcrumb":{"@id":"https:\/\/www.eumedbridge.eu\/story\/lebanon-mountain-trail-track-through-mountains-lebanon-helped-me-find-my\/#breadcrumb"},"inLanguage":"fr-FR","potentialAction":[{"@type":"ReadAction","target":["https:\/\/www.eumedbridge.eu\/story\/lebanon-mountain-trail-track-through-mountains-lebanon-helped-me-find-my\/"]}]},{"@type":"ImageObject","inLanguage":"fr-FR","@id":"https:\/\/www.eumedbridge.eu\/story\/lebanon-mountain-trail-track-through-mountains-lebanon-helped-me-find-my\/#primaryimage","url":"https:\/\/eumedbridge.eu\/wp-content\/uploads\/2022\/08\/2018-08-04-Familiarization-Trip-Tannourine-2-Carlos-Bou-Nafeh.jpg","contentUrl":"https:\/\/eumedbridge.eu\/wp-content\/uploads\/2022\/08\/2018-08-04-Familiarization-Trip-Tannourine-2-Carlos-Bou-Nafeh.jpg"},{"@type":"BreadcrumbList","@id":"https:\/\/www.eumedbridge.eu\/story\/lebanon-mountain-trail-track-through-mountains-lebanon-helped-me-find-my\/#breadcrumb","itemListElement":[{"@type":"ListItem","position":1,"name":"Home","item":"https:\/\/www.eumedbridge.eu\/fr\/home-page\/"},{"@type":"ListItem","position":2,"name":"Histoires","item":"https:\/\/www.eumedbridge.eu\/fr\/story\/"},{"@type":"ListItem","position":3,"name":"\u201cLe Lebanon Mountain Trail, ce sentier \u00e0 travers la montagne du Liban, m\u2019a permis de trouver ma voie\u201d"}]},{"@type":"WebSite","@id":"https:\/\/www.eumedbridge.eu\/#website","url":"https:\/\/www.eumedbridge.eu\/","name":"EU Medbridge","description":"","publisher":{"@id":"https:\/\/www.eumedbridge.eu\/#organization"},"potentialAction":[{"@type":"SearchAction","target":{"@type":"EntryPoint","urlTemplate":"https:\/\/www.eumedbridge.eu\/?s={search_term_string}"},"query-input":{"@type":"PropertyValueSpecification","valueRequired":true,"valueName":"search_term_string"}}],"inLanguage":"fr-FR"},{"@type":"Organization","@id":"https:\/\/www.eumedbridge.eu\/#organization","name":"EU Medbridge","url":"https:\/\/www.eumedbridge.eu\/","logo":{"@type":"ImageObject","inLanguage":"fr-FR","@id":"https:\/\/www.eumedbridge.eu\/#\/schema\/logo\/image\/","url":"https:\/\/www.eumedbridge.eu\/wp-content\/uploads\/2021\/12\/Logo.png","contentUrl":"https:\/\/www.eumedbridge.eu\/wp-content\/uploads\/2021\/12\/Logo.png","width":325,"height":114,"caption":"EU Medbridge"},"image":{"@id":"https:\/\/www.eumedbridge.eu\/#\/schema\/logo\/image\/"},"sameAs":["https:\/\/www.facebook.com\/eumedbridge\/","https:\/\/x.com\/eumedbridge","https:\/\/www.linkedin.com\/company\/eumedbridge","https:\/\/www.youtube.com\/@eumedbridge","https:\/\/www.instagram.com\/eumedbridge","https:\/\/www.flickr.com\/photos\/euneighbours-south\/"]}]}},"_links":{"self":[{"href":"https:\/\/www.eumedbridge.eu\/fr\/wp-json\/wp\/v2\/story\/204049","targetHints":{"allow":["GET"]}}],"collection":[{"href":"https:\/\/www.eumedbridge.eu\/fr\/wp-json\/wp\/v2\/story"}],"about":[{"href":"https:\/\/www.eumedbridge.eu\/fr\/wp-json\/wp\/v2\/types\/story"}],"wp:attachment":[{"href":"https:\/\/www.eumedbridge.eu\/fr\/wp-json\/wp\/v2\/media?parent=204049"}],"wp:term":[{"taxonomy":"story_category","embeddable":true,"href":"https:\/\/www.eumedbridge.eu\/fr\/wp-json\/wp\/v2\/story_category?post=204049"},{"taxonomy":"country","embeddable":true,"href":"https:\/\/www.eumedbridge.eu\/fr\/wp-json\/wp\/v2\/country?post=204049"},{"taxonomy":"special_action","embeddable":true,"href":"https:\/\/www.eumedbridge.eu\/fr\/wp-json\/wp\/v2\/special_action?post=204049"},{"taxonomy":"custom_tag","embeddable":true,"href":"https:\/\/www.eumedbridge.eu\/fr\/wp-json\/wp\/v2\/custom_tag?post=204049"}],"curies":[{"name":"wp","href":"https:\/\/api.w.org\/{rel}","templated":true}]}}