{"id":204070,"date":"2018-10-29T00:00:00","date_gmt":"2018-10-28T22:00:00","guid":{"rendered":"https:\/\/eumedbridge.eu\/story\/jeunesse-nomade-comment-se-debarrasser-des-cliches-discriminatoires\/"},"modified":"2022-08-17T16:30:38","modified_gmt":"2022-08-17T13:30:38","slug":"jeunesse-nomade-comment-se-debarrasser-des-cliches-discriminatoires","status":"publish","type":"story","link":"https:\/\/www.eumedbridge.eu\/fr\/story\/jeunesse-nomade-comment-se-debarrasser-des-cliches-discriminatoires\/","title":{"rendered":"Jeunesse Nomade: Comment se d\u00e9barrasser des clich\u00e9s discriminatoires"},"content":{"rendered":"<blockquote>\n<p lang=\"fr\" style=\"margin:0in\" xml_lang=\"fr\"><span style=\"font-size:12.0pt\"><span style=\"font-family:Arial\"><span style=\"color:black\">De jeunes tunisiens ont pris part \u00e0 un spectacle bouleversant et spontan\u00e9 qui m\u00e9lange th\u00e9\u00e2tre, danse, chant, musique et vid\u00e9o, \u00e0 Bruxelles. Une performance sc\u00e9nique touchante et hors du commun, r\u00e9alis\u00e9e dans le cadre du programme Erasmus+, financ\u00e9 par l\u2019Union europ\u00e9enne, sur la th\u00e9matique : \u00abProbl\u00e8mes des migrants\u00bb. Ce projet \u00abJeunesse nomade\u00bb rassemble des jeunes issus des maisons de jeunes, mais aussi de centres d\u2019accueil pour demandeurs d\u2019asile.\u00a0<\/span><\/span><\/span><\/p>\n<p lang=\"fr\" style=\"margin:0in\" xml_lang=\"fr\"><span style=\"font-size:12.0pt\"><span style=\"font-family:Arial\"><span style=\"color:black\">A cet effet, ces tunisiens ont\u00a0particip\u00e9\u00a0\u00e0 un \u00e9change en Belgique (12 jeunes et 3 accompagnateurs) et un s\u00e9minaire pour les animateurs (6 animateurs). Les deux actions se sont d\u00e9roul\u00e9es du 29 juillet au 6 ao\u00fbt 2018.<\/span><\/span><\/span><\/p>\n<p lang=\"fr\" style=\"margin:0in\" xml_lang=\"fr\"><span style=\"font-size:12.0pt\"><span style=\"font-family:Arial\"><span style=\"color:black\">Le projet, financ\u00e9 par l\u2019UE, aspire \u00e0 rendre la communication plus accessible entre les associations locales de jeunesse aux jeunes r\u00e9sidents des centres d\u2019accueil pour demandeurs d\u2019asile issus d\u2019Afrique ou de la r\u00e9gion MENA. Il a accouch\u00e9 d\u2019un spectacle qui interroge sur un fonctionnement plus humain des soci\u00e9t\u00e9s cosmopolites o\u00f9 le sens du mot accueil rev\u00eat une connotation encore probl\u00e9matique. Le spectacle, donn\u00e9 en repr\u00e9sentation, raconte les itin\u00e9raires migratoires ainsi que les questionnements de la jeunesse sur l\u2019accueil des jeunes migrants et demandeurs d\u2019asile. Nous les avons rencontr\u00e9s apr\u00e8s leur retour en Tunisie.<\/span><\/span><\/span><\/p>\n<\/blockquote>\n<div data-quickedit-entity-id=\"paragraph\/1040\" class=\"paragraph paragraph--type--image-block paragraph--view-mode--default\">\n<div data-quickedit-field-id=\"paragraph\/1040\/field_para_image\/fr\/default\" class=\"node__media node__media--carousel node__media--right\">\n<div class=\"node__media-container\">\n              <img decoding=\"async\" data-src=\"https:\/\/eumedbridge.eu\/wp-content\/uploads\/2022\/08\/PHOTO-BELGIQUE_1.jpg\" width=\"800\" height=\"450\" alt=\"Jeunesse Nomade\" typeof=\"foaf:Image\" class=\"img-responsive lazyload\" src=\"data:image\/svg+xml;base64,PHN2ZyB3aWR0aD0iMSIgaGVpZ2h0PSIxIiB4bWxucz0iaHR0cDovL3d3dy53My5vcmcvMjAwMC9zdmciPjwvc3ZnPg==\" style=\"--smush-placeholder-width: 800px; --smush-placeholder-aspect-ratio: 800\/450;\" \/><\/p>\n<div class=\"media__overlay\">\n<div class=\"row middle-xs\">\n<div class=\"col-xs-12 col-sm-4\">\n<div class=\"media__title\">Jeunesse Nomade<\/div>\n<\/p><\/div>\n<div class=\"col-xs-12 col-sm-4\"><\/div>\n<div class=\"col-xs-12 col-sm-4\">\n<div class=\"media__share text-right\">\n                <a href=\"https:\/\/euneighbours.eu\/sites\/default\/files\/2018-10\/PHOTO-BELGIQUE_1.JPG\" title=\"Jeunesse Nomade\" data-colorbox-gallery=\"gallery-image_block-1040-GK_Ag-rU3e0\" class=\"colorbox media__fullscreen\" data-cbox-img-attrs=\"{\"alt\":\"Jeunesse Nomade\"}\"><br \/>\n          <i class=\"icon icon--fullscreen color--global-hover\"><\/i><br \/>\n        <\/a>\n      <\/div>\n<\/p><\/div>\n<\/p><\/div>\n<\/div><\/div>\n<div class=\"node__media-container\">\n              <img decoding=\"async\" data-src=\"https:\/\/eumedbridge.eu\/wp-content\/uploads\/2022\/08\/photo2.jpg\" width=\"800\" height=\"450\" alt=\"Jeunesse Nomade\" typeof=\"foaf:Image\" class=\"img-responsive lazyload\" src=\"data:image\/svg+xml;base64,PHN2ZyB3aWR0aD0iMSIgaGVpZ2h0PSIxIiB4bWxucz0iaHR0cDovL3d3dy53My5vcmcvMjAwMC9zdmciPjwvc3ZnPg==\" style=\"--smush-placeholder-width: 800px; --smush-placeholder-aspect-ratio: 800\/450;\" \/><\/p>\n<div class=\"media__overlay\">\n<div class=\"row middle-xs\">\n<div class=\"col-xs-12 col-sm-4\">\n<div class=\"media__title\">Jeunesse Nomade<\/div>\n<\/p><\/div>\n<div class=\"col-xs-12 col-sm-4\"><\/div>\n<div class=\"col-xs-12 col-sm-4\">\n<div class=\"media__share text-right\">\n                <a href=\"https:\/\/euneighbours.eu\/sites\/default\/files\/2018-10\/photo2.jpg\" title=\"Jeunesse Nomade\" data-colorbox-gallery=\"gallery-image_block-1040-GK_Ag-rU3e0\" class=\"colorbox media__fullscreen\" data-cbox-img-attrs=\"{\"alt\":\"Jeunesse Nomade\"}\"><br \/>\n          <i class=\"icon icon--fullscreen color--global-hover\"><\/i><br \/>\n        <\/a>\n      <\/div>\n<\/p><\/div>\n<\/p><\/div>\n<\/div><\/div>\n<div class=\"node__media-container\">\n              <img decoding=\"async\" data-src=\"https:\/\/eumedbridge.eu\/wp-content\/uploads\/2022\/08\/DSC0181.jpg\" width=\"800\" height=\"450\" alt=\"Jeunesse Nomade\" typeof=\"foaf:Image\" class=\"img-responsive lazyload\" src=\"data:image\/svg+xml;base64,PHN2ZyB3aWR0aD0iMSIgaGVpZ2h0PSIxIiB4bWxucz0iaHR0cDovL3d3dy53My5vcmcvMjAwMC9zdmciPjwvc3ZnPg==\" style=\"--smush-placeholder-width: 800px; --smush-placeholder-aspect-ratio: 800\/450;\" \/><\/p>\n<div class=\"media__overlay\">\n<div class=\"row middle-xs\">\n<div class=\"col-xs-12 col-sm-4\">\n<div class=\"media__title\">Jeunesse Nomade<\/div>\n<\/p><\/div>\n<div class=\"col-xs-12 col-sm-4\"><\/div>\n<div class=\"col-xs-12 col-sm-4\">\n<div class=\"media__share text-right\">\n                <a href=\"https:\/\/euneighbours.eu\/sites\/default\/files\/2018-10\/DSC0181.JPG\" title=\"Jeunesse Nomade\" data-colorbox-gallery=\"gallery-image_block-1040-GK_Ag-rU3e0\" class=\"colorbox media__fullscreen\" data-cbox-img-attrs=\"{\"alt\":\"Jeunesse Nomade\"}\"><br \/>\n          <i class=\"icon icon--fullscreen color--global-hover\"><\/i><br \/>\n        <\/a>\n      <\/div>\n<\/p><\/div>\n<\/p><\/div>\n<\/div><\/div>\n<\/p><\/div>\n<div data-quickedit-field-id=\"paragraph\/1040\/field_para_body\/fr\/default\" class=\"node__text\">\n<p lang=\"fr\" style=\"margin:0in\" xml_lang=\"fr\"><span style=\"font-size:12.0pt\"><span style=\"font-family:Arial\"><span style=\"color:black\"><span style=\"font-weight:bold\">Faire bouger le monde<\/span><\/span><\/span><\/span><\/p>\n<p lang=\"fr\" style=\"margin:0in\" xml_lang=\"fr\"><span style=\"font-size:12.0pt\"><span style=\"font-family:Arial\"><span style=\"color:black\">Ils ont entre 17 et 21 ans et veulent faire bouger le monde sur les questions li\u00e9es \u00e0 la migration. Ils \u00e9taient \u00e0 Bruxelles avec le projet \u00abJeunesse nomade\u00bb et ils sont revenus avec l\u2019espoir de plus de justice sociale, de d\u00e9mocratie participative et culturelle et pour une place \u00e0 tous les jeunes dans la soci\u00e9t\u00e9, ind\u00e9pendamment de leurs origines sociales, culturelles et de leurs nationalit\u00e9s.<\/span><\/span><\/span><\/p>\n<p lang=\"fr\" style=\"margin:0in\" xml_lang=\"fr\"><span style=\"font-size:12.0pt\"><span style=\"font-family:Arial\"><span style=\"color:black\">A travers des \u00e9changes construits autour des exercices th\u00e9\u00e2traux, des ateliers de danse et de musique, ils ont non seulement pris la parole sur ce sujet, mais se sont aussi \u00abmis en sc\u00e8ne\u00bb \u00e0 travers diff\u00e9rentes situations d\u2019in\u00e9galit\u00e9 entre migrants et conditions de s\u00e9jour dans le pays d\u2019accueil. Sous la direction d\u2019un metteur en sc\u00e8ne, le groupe a \u00e9t\u00e9 appel\u00e9 \u00e0 cr\u00e9er des contenus artistiques avec l\u2019aide d\u2019artistes professionnels d\u00e9bouchant sur une performance sc\u00e9nique touchante et hors du commun.<\/span><\/span><\/span><\/p>\n<p lang=\"fr\" style=\"margin:0in\" xml_lang=\"fr\"><span style=\"font-size:12.0pt\"><span style=\"font-family:Arial\"><span style=\"color:black\">En effet, les participants ont \u00e9t\u00e9 invit\u00e9s \u00e0 partager leurs interpr\u00e9tations et analyses \u00e0 propos de l\u2019immigration, en plus d\u2019\u00eatre convi\u00e9s, lors du forum, \u00e0 monter sur sc\u00e8ne pour donner la r\u00e9plique \u00e0 leurs coll\u00e8gues et proposer des solutions alternatives \u00e0 certaines situations.<\/span><\/span><\/span><\/p>\n<p lang=\"fr\" style=\"margin:0in\" xml_lang=\"fr\"><span style=\"font-size:12.0pt\"><span style=\"font-family:Arial\"><span style=\"color:black\">Ils ont, au cours de ce s\u00e9jour \u00e0 Bruxelles, scrut\u00e9 diff\u00e9rents horizons et se sont donn\u00e9 pour mission d\u2019explorer, sentir, ressentir, offrir, recevoir, transmettre leurs inqui\u00e9tudes, leurs soucis, leurs perceptions et leurs r\u00eaves &#8230; \u00e0 la rencontre des diff\u00e9rents publics.<\/span><\/span><\/span><\/p>\n<p lang=\"fr\" style=\"margin:0in\" xml_lang=\"fr\"><span style=\"font-size:12.0pt\"><span style=\"font-family:Arial\"><span style=\"color:black\">\u00abJeunesse nomade\u00bb est un projet \u00e0 visage humain cherchant \u00e0 int\u00e9grer les jeunes du MENA vivant dans des centres pour demandeurs d\u2019asile dans un r\u00e9seau de pairs de mani\u00e8re \u00e0 pr\u00e9parer \u00abl\u2019apr\u00e8s-centre\u00bb et leur int\u00e9gration dans la soci\u00e9t\u00e9.<\/span><\/span><\/span><\/p>\n<\/div>\n<div class=\"node_view\"><\/div>\n<\/p><\/div>\n<div data-quickedit-entity-id=\"paragraph\/1041\" class=\"paragraph paragraph--type--image-block paragraph--view-mode--default\">\n<div data-quickedit-field-id=\"paragraph\/1041\/field_para_image\/fr\/default\" class=\"node__media node__media--carousel node__media--right\">\n<div class=\"node__media-container\">\n              <img decoding=\"async\" data-src=\"https:\/\/eumedbridge.eu\/wp-content\/uploads\/2022\/08\/DSC0021.jpg\" width=\"800\" height=\"450\" alt=\"Jeunesse Nomade\" typeof=\"foaf:Image\" class=\"img-responsive lazyload\" src=\"data:image\/svg+xml;base64,PHN2ZyB3aWR0aD0iMSIgaGVpZ2h0PSIxIiB4bWxucz0iaHR0cDovL3d3dy53My5vcmcvMjAwMC9zdmciPjwvc3ZnPg==\" style=\"--smush-placeholder-width: 800px; --smush-placeholder-aspect-ratio: 800\/450;\" \/><\/p>\n<div class=\"media__overlay\">\n<div class=\"row middle-xs\">\n<div class=\"col-xs-12 col-sm-4\">\n<div class=\"media__title\">Jeunesse Nomade<\/div>\n<\/p><\/div>\n<div class=\"col-xs-12 col-sm-4\"><\/div>\n<div class=\"col-xs-12 col-sm-4\">\n<div class=\"media__share text-right\">\n                <a href=\"https:\/\/euneighbours.eu\/sites\/default\/files\/2018-10\/DSC0021.JPG\" title=\"Jeunesse Nomade\" data-colorbox-gallery=\"gallery-image_block-1041-GK_Ag-rU3e0\" class=\"colorbox media__fullscreen\" data-cbox-img-attrs=\"{\"alt\":\"Jeunesse Nomade\"}\"><br \/>\n          <i class=\"icon icon--fullscreen color--global-hover\"><\/i><br \/>\n        <\/a>\n      <\/div>\n<\/p><\/div>\n<\/p><\/div>\n<\/div><\/div>\n<div class=\"node__media-container\">\n              <img decoding=\"async\" data-src=\"https:\/\/eumedbridge.eu\/wp-content\/uploads\/2022\/08\/DSC0060.jpg\" width=\"800\" height=\"450\" alt=\"Jeunesse Nomade\" typeof=\"foaf:Image\" class=\"img-responsive lazyload\" src=\"data:image\/svg+xml;base64,PHN2ZyB3aWR0aD0iMSIgaGVpZ2h0PSIxIiB4bWxucz0iaHR0cDovL3d3dy53My5vcmcvMjAwMC9zdmciPjwvc3ZnPg==\" style=\"--smush-placeholder-width: 800px; --smush-placeholder-aspect-ratio: 800\/450;\" \/><\/p>\n<div class=\"media__overlay\">\n<div class=\"row middle-xs\">\n<div class=\"col-xs-12 col-sm-4\">\n<div class=\"media__title\">Jeunesse Nomade<\/div>\n<\/p><\/div>\n<div class=\"col-xs-12 col-sm-4\"><\/div>\n<div class=\"col-xs-12 col-sm-4\">\n<div class=\"media__share text-right\">\n                <a href=\"https:\/\/euneighbours.eu\/sites\/default\/files\/2018-10\/DSC0060.JPG\" title=\"Jeunesse Nomade\" data-colorbox-gallery=\"gallery-image_block-1041-GK_Ag-rU3e0\" class=\"colorbox media__fullscreen\" data-cbox-img-attrs=\"{\"alt\":\"Jeunesse Nomade\"}\"><br \/>\n          <i class=\"icon icon--fullscreen color--global-hover\"><\/i><br \/>\n        <\/a>\n      <\/div>\n<\/p><\/div>\n<\/p><\/div>\n<\/div><\/div>\n<div class=\"node__media-container\">\n              <img decoding=\"async\" data-src=\"https:\/\/eumedbridge.eu\/wp-content\/uploads\/2022\/08\/DSC0203.jpg\" width=\"800\" height=\"450\" alt=\"Jeunesse Nomade\" typeof=\"foaf:Image\" class=\"img-responsive lazyload\" src=\"data:image\/svg+xml;base64,PHN2ZyB3aWR0aD0iMSIgaGVpZ2h0PSIxIiB4bWxucz0iaHR0cDovL3d3dy53My5vcmcvMjAwMC9zdmciPjwvc3ZnPg==\" style=\"--smush-placeholder-width: 800px; --smush-placeholder-aspect-ratio: 800\/450;\" \/><\/p>\n<div class=\"media__overlay\">\n<div class=\"row middle-xs\">\n<div class=\"col-xs-12 col-sm-4\">\n<div class=\"media__title\">Jeunesse Nomade<\/div>\n<\/p><\/div>\n<div class=\"col-xs-12 col-sm-4\"><\/div>\n<div class=\"col-xs-12 col-sm-4\">\n<div class=\"media__share text-right\">\n                <a href=\"https:\/\/euneighbours.eu\/sites\/default\/files\/2018-10\/DSC0203.JPG\" title=\"Jeunesse Nomade\" data-colorbox-gallery=\"gallery-image_block-1041-GK_Ag-rU3e0\" class=\"colorbox media__fullscreen\" data-cbox-img-attrs=\"{\"alt\":\"Jeunesse Nomade\"}\"><br \/>\n          <i class=\"icon icon--fullscreen color--global-hover\"><\/i><br \/>\n        <\/a>\n      <\/div>\n<\/p><\/div>\n<\/p><\/div>\n<\/div><\/div>\n<\/p><\/div>\n<div data-quickedit-field-id=\"paragraph\/1041\/field_para_body\/fr\/default\" class=\"node__text\">\n<p lang=\"fr\" style=\"margin:0in\" xml_lang=\"fr\"><span style=\"font-size:12.0pt\"><span style=\"font-family:Arial\"><span style=\"color:black\"><span style=\"font-weight:bold\">Il a chang\u00e9 sa fa\u00e7on de voir les choses <\/span><\/span><\/span><\/span><\/p>\n<p lang=\"fr\" style=\"margin:0in\" xml_lang=\"fr\"><span style=\"font-size:12.0pt\"><span style=\"font-family:Arial\"><span style=\"color:black\">C\u2019est la premi\u00e8re fois que cet \u00e9tudiant, Aymen Khiari, 19 ans, l\u2019un des b\u00e9n\u00e9ficiaires du projet, participe \u00e0 ce genre de projet qui a chang\u00e9 sa fa\u00e7on de voir les choses.<\/span><\/span><\/span><\/p>\n<p lang=\"fr\" style=\"margin:0in\" xml_lang=\"fr\"><span style=\"font-size:12.0pt\"><span style=\"font-family:Arial\"><span style=\"color:black\">Il a camp\u00e9 le r\u00f4le de Yassine, dans une pi\u00e8ce, un jeune qui tombe amoureux d\u2019une fille. Un jour, alors qu\u2019ils devaient se voir, il est parti sans revenir, sans donner de nouvelles, d\u2019o\u00f9 l\u2019inqui\u00e9tude sur son sort. <span style=\"font-style:italic\">\u00abIl y a ceux qui vont penser qu\u2019il a abandonn\u00e9 sa dulcin\u00e9e pour une autre, ceux qui diront qu\u2019une force majeure l\u2019a emp\u00each\u00e9 de revenir, ce qui fait que le public va s\u2019interroger\u00bb,<\/span> explique Aymen. <span style=\"font-style:italic\">\u00abOn a jou\u00e9 plusieurs sayn\u00e8tes dans la pi\u00e8ce, \u00e0 m\u00eame d\u2019orienter le public dans sa r\u00e9flexion. Par exemple, on a jou\u00e9 une sayn\u00e8te o\u00f9 Yassine appara\u00eet comme un jihadiste-kamikaze qui a perp\u00e9tr\u00e9 un attentat et c\u2019est pour cela qu\u2019il n\u2019est plus revenu, dans une autre sayn\u00e8te Yassine appara\u00eet comme quelqu\u2019un de bon, loin de cet embrigadement extr\u00e9miste, pour enfin montrer dans une sc\u00e8ne tourn\u00e9e en vid\u00e9o et projet\u00e9e \u00e0 la fin de la pi\u00e8ce qui montre que Yassine est un immigr\u00e9 irr\u00e9gulier qui n\u2019a pas pu obtenir des papiers et c\u2019est pourquoi il n\u2019a pas pu revenir \u00e0 sa bien-aim\u00e9e\u00bb, <\/span>souligne Aymen. <span style=\"font-style:italic\">\u00abC\u2019est une approche th\u00e9\u00e2trale qui touche les gens par cette jonction du social et du sentimental\u00bb,<\/span> explique-t-il.<\/span><\/span><\/span><\/p>\n<p lang=\"fr\" style=\"margin:0in\" xml_lang=\"fr\"><span style=\"font-size:12.0pt\"><span style=\"font-family:Arial\"><span style=\"color:black\">Cette exp\u00e9rience th\u00e9\u00e2trale forum avec la participation des jeunes issus de l\u2019immigration a permis \u00e0 Aymen de poser un autre regard sur les r\u00e9f\u00e9rents identitaires, notamment ceux associ\u00e9s \u00e0 l\u2019appartenance ethnoculturelle des personnes \u00absocialement\u00a0invisibles\u00bb.<\/span><\/span><\/span><\/p>\n<p lang=\"fr\" style=\"margin:0in\" xml_lang=\"fr\"><span style=\"font-size:12.0pt\"><span style=\"font-family:Arial\"><span style=\"color:black\">\u00ab<span style=\"font-style:italic\">Je suis parti \u00e0 Bruxelles avec le pr\u00e9jug\u00e9 que les occidentaux n\u2019aiment pas les musulmans. D\u2019ailleurs, quand on nous a r\u00e9partis en groupes, il y avait une jeune belge qui voulait dominer le groupe, alors je me suis comport\u00e9 comme elle, en voulant imposer ma vision des choses. Mais quand on a eu l\u2019occasion de discuter nos points de vue, on a pu dissiper de part et d\u2019autre certains pr\u00e9jug\u00e9s\u00bb,<\/span> affirme-t-il. <span style=\"font-style:italic\">\u00abJ\u2019ai appris comment les occidentaux pensent et j\u2019ai pu transmettre notre fa\u00e7on de voir les choses\u00bb<\/span>, ajoute-t-il.<\/span><\/span><\/span><\/p>\n<p lang=\"fr\" style=\"margin:0in\" xml_lang=\"fr\"><span style=\"font-size:12.0pt\"><span style=\"font-family:Arial\"><span style=\"color:black\">Gr\u00e2ce \u00e0 cet \u00e9change en groupe, Aymen avoue prendre conscience qu\u2019en \u00e9tiquetant les jeunes issus de l\u2019immigration,\u00a0on favorise l\u2019exclusion sociale de ces individus comme \u00e9tant d\u2019abord et avant tout issus de la diversit\u00e9. En c\u00f4toyant de pr\u00e8s pendant des jours des jeunes migrants de Syrie, du Niger, du Maroc et autres, Aymen reconna\u00eet\u00a0: <span style=\"font-style:italic\">\u00abL\u2019exclusion de l\u2019espace public de ces individus et la non-reconnaissance de leurs exp\u00e9riences et de leurs savoirs, alors qu\u2019ils devaient \u00eatre per\u00e7us en tant que citoyens actifs et reconnus, fait davantage le lit de la peur de l\u2019autre et complique le processus de l\u2019int\u00e9gration et de la compr\u00e9hension\u00bb<\/span>.<\/span><\/span><\/span><\/p>\n<p lang=\"fr\" style=\"margin:0in\" xml_lang=\"fr\"><span style=\"font-size:12.0pt\"><span style=\"font-family:Arial\"><span style=\"color:black\">De retour \u00e0 Tunis, il admet fi\u00e8rement avoir pu se d\u00e9barrasser de ces clich\u00e9s li\u00e9s \u00e0 diverses situations de discrimination. Il est d\u00e9sormais plus outill\u00e9 pour \u00eatre porteur de la voix de ces individus d\u2019appartenance diff\u00e9rente, socialement peu sollicit\u00e9s et surtout, rarement entendus.<\/span><\/span><\/span><\/p>\n<\/div>\n<div class=\"node_view\"><\/div>\n<\/p><\/div>\n<div data-quickedit-entity-id=\"paragraph\/1042\" class=\"paragraph paragraph--type--image-block paragraph--view-mode--default\">\n<div data-quickedit-field-id=\"paragraph\/1042\/field_para_image\/fr\/default\" class=\"node__media node__media--carousel node__media--right\">\n<div class=\"node__media-container\">\n              <img decoding=\"async\" data-src=\"https:\/\/eumedbridge.eu\/wp-content\/uploads\/2022\/08\/DSC0025.jpg\" width=\"800\" height=\"450\" alt=\"Jeunesse Nomade\" typeof=\"foaf:Image\" class=\"img-responsive lazyload\" src=\"data:image\/svg+xml;base64,PHN2ZyB3aWR0aD0iMSIgaGVpZ2h0PSIxIiB4bWxucz0iaHR0cDovL3d3dy53My5vcmcvMjAwMC9zdmciPjwvc3ZnPg==\" style=\"--smush-placeholder-width: 800px; --smush-placeholder-aspect-ratio: 800\/450;\" \/><\/p>\n<div class=\"media__overlay\">\n<div class=\"row middle-xs\">\n<div class=\"col-xs-12 col-sm-4\">\n<div class=\"media__title\">Jeunesse Nomade<\/div>\n<\/p><\/div>\n<div class=\"col-xs-12 col-sm-4\"><\/div>\n<div class=\"col-xs-12 col-sm-4\">\n<div class=\"media__share text-right\">\n                <a href=\"https:\/\/euneighbours.eu\/sites\/default\/files\/2018-10\/DSC0025.JPG\" title=\"Jeunesse Nomade\" data-colorbox-gallery=\"gallery-image_block-1042-GK_Ag-rU3e0\" class=\"colorbox media__fullscreen\" data-cbox-img-attrs=\"{\"alt\":\"Jeunesse Nomade\"}\"><br \/>\n          <i class=\"icon icon--fullscreen color--global-hover\"><\/i><br \/>\n        <\/a>\n      <\/div>\n<\/p><\/div>\n<\/p><\/div>\n<\/div><\/div>\n<div class=\"node__media-container\">\n              <img decoding=\"async\" data-src=\"https:\/\/eumedbridge.eu\/wp-content\/uploads\/2022\/08\/DSCF0119.jpg\" width=\"800\" height=\"450\" alt=\"Jeunesse Nomade\" typeof=\"foaf:Image\" class=\"img-responsive lazyload\" src=\"data:image\/svg+xml;base64,PHN2ZyB3aWR0aD0iMSIgaGVpZ2h0PSIxIiB4bWxucz0iaHR0cDovL3d3dy53My5vcmcvMjAwMC9zdmciPjwvc3ZnPg==\" style=\"--smush-placeholder-width: 800px; --smush-placeholder-aspect-ratio: 800\/450;\" \/><\/p>\n<div class=\"media__overlay\">\n<div class=\"row middle-xs\">\n<div class=\"col-xs-12 col-sm-4\">\n<div class=\"media__title\">Jeunesse Nomade<\/div>\n<\/p><\/div>\n<div class=\"col-xs-12 col-sm-4\"><\/div>\n<div class=\"col-xs-12 col-sm-4\">\n<div class=\"media__share text-right\">\n                <a href=\"https:\/\/euneighbours.eu\/sites\/default\/files\/2018-10\/DSCF0119.JPG\" title=\"Jeunesse Nomade\" data-colorbox-gallery=\"gallery-image_block-1042-GK_Ag-rU3e0\" class=\"colorbox media__fullscreen\" data-cbox-img-attrs=\"{\"alt\":\"Jeunesse Nomade\"}\"><br \/>\n          <i class=\"icon icon--fullscreen color--global-hover\"><\/i><br \/>\n        <\/a>\n      <\/div>\n<\/p><\/div>\n<\/p><\/div>\n<\/div><\/div>\n<div class=\"node__media-container\">\n              <img decoding=\"async\" data-src=\"https:\/\/eumedbridge.eu\/wp-content\/uploads\/2022\/08\/DSCF0170.jpg\" width=\"800\" height=\"450\" alt=\"Jeunesse Nomade\" typeof=\"foaf:Image\" class=\"img-responsive lazyload\" src=\"data:image\/svg+xml;base64,PHN2ZyB3aWR0aD0iMSIgaGVpZ2h0PSIxIiB4bWxucz0iaHR0cDovL3d3dy53My5vcmcvMjAwMC9zdmciPjwvc3ZnPg==\" style=\"--smush-placeholder-width: 800px; --smush-placeholder-aspect-ratio: 800\/450;\" \/><\/p>\n<div class=\"media__overlay\">\n<div class=\"row middle-xs\">\n<div class=\"col-xs-12 col-sm-4\">\n<div class=\"media__title\">Jeunesse Nomade<\/div>\n<\/p><\/div>\n<div class=\"col-xs-12 col-sm-4\"><\/div>\n<div class=\"col-xs-12 col-sm-4\">\n<div class=\"media__share text-right\">\n                <a href=\"https:\/\/euneighbours.eu\/sites\/default\/files\/2018-10\/DSCF0170.JPG\" title=\"Jeunesse Nomade\" data-colorbox-gallery=\"gallery-image_block-1042-GK_Ag-rU3e0\" class=\"colorbox media__fullscreen\" data-cbox-img-attrs=\"{\"alt\":\"Jeunesse Nomade\"}\"><br \/>\n          <i class=\"icon icon--fullscreen color--global-hover\"><\/i><br \/>\n        <\/a>\n      <\/div>\n<\/p><\/div>\n<\/p><\/div>\n<\/div><\/div>\n<\/p><\/div>\n<div data-quickedit-field-id=\"paragraph\/1042\/field_para_body\/fr\/default\" class=\"node__text\">\n<p lang=\"fr\" style=\"margin:0in\" xml_lang=\"fr\"><span style=\"font-size:12.0pt\"><span style=\"font-family:Arial\"><span style=\"color:black\"><span style=\"font-weight:bold\">Porteur de la voix des migrants<\/span><\/span><\/span><\/span><\/p>\n<p lang=\"fr\" style=\"margin-top:0pt; margin-bottom:10pt\" xml_lang=\"fr\"><span style=\"font-size:12.0pt\"><span style=\"font-family:Arial\"><span style=\"color:black\">Un autre b\u00e9n\u00e9ficiaire du programme, Ahmed Kouba\u00e2, 19 ans, a particip\u00e9 \u00e0 l\u2019atelier du groupe m\u00e9dias. Il revient en Tunisie apr\u00e8s avoir aff\u00fbt\u00e9 ses comp\u00e9tences en vid\u00e9o. <span style=\"font-style:italic\">\u00abOn filme, on tourne et on fait le montage vid\u00e9o des coulisses\u00bb<\/span>, une sorte de \u00abmaking of\u00bb, assure-t-il. <span style=\"font-style:italic\">\u00abOn a film\u00e9 les histoires propos\u00e9es par les autres jeunes qu\u2019on a pr\u00e9sent\u00e9s dans un journal d\u2019infos\u00bb,<\/span> souligne-t-il.<\/span><\/span><\/span><\/p>\n<p lang=\"fr\" style=\"margin-top:0pt; margin-bottom:10pt\" xml_lang=\"fr\"><span style=\"font-size:12.0pt\"><span style=\"font-family:Arial\"><span style=\"color:black\">Par le biais d\u2019une cha\u00eene op\u00e9rant sur Youtube, la mission d\u2019Ahmed et ses confr\u00e8res est de proposer la fin de la pi\u00e8ce dans une vid\u00e9o \u00e0 visionner sur les r\u00e9seaux sociaux. <span style=\"font-style:italic\">\u00abQuand le rideau tombe, les spectateurs peuvent d\u00e9couvrir la fin de l\u2019histoire, film\u00e9e, mais non jou\u00e9e, sur Youtube\u00bb,<\/span> indique-t-il. <span style=\"font-style:italic\">\u00abLe nombre de vues \u00e9tait assez important\u00bb, <\/span>affirme-t-il.<\/span><\/span><\/span><\/p>\n<p lang=\"fr\" style=\"margin:0in\" xml_lang=\"fr\"><span style=\"font-size:12.0pt\"><span style=\"font-family:Arial\"><span style=\"color:black\">Le th\u00e9\u00e2tre-forum avec cette extension du sc\u00e9nario par la vid\u00e9o, devient un outil de r\u00e9flexion et d\u2019intervention aupr\u00e8s des jeunes issus de l\u2019immigration, assure-t-il. Plus sp\u00e9cifiquement, <span style=\"font-style:italic\">\u00abnous pr\u00e9sentons diff\u00e9rents actes \u00e0 poser qui r\u00e9pondent aux enjeux li\u00e9s \u00e0 la reconnaissance et \u00e0 l\u2019expression de la complexit\u00e9 identitaire des jeunes en contexte de diversit\u00e9\u00bb,<\/span> rappelle-t-il.<\/span><\/span><\/span><\/p>\n<p lang=\"fr\" style=\"margin:0in\" xml_lang=\"fr\"><span style=\"font-size:12.0pt\"><span style=\"font-family:Arial\"><span style=\"color:black\">Cette exp\u00e9rience a forg\u00e9 la personnalit\u00e9 d\u2019Ahmed. De retour en Tunisie, il se sent plus apte \u00e0 transmettre les messages associ\u00e9s \u00e0 la prise de parole, au d\u00e9veloppement d\u2019un regard r\u00e9flexif et \u00e0 la conscientisation individuelle et collective.<\/span><\/span><\/span><\/p>\n<p lang=\"fr\" style=\"margin:0in\" xml_lang=\"fr\"><span style=\"font-size:12.0pt\"><span style=\"font-family:Arial\"><span style=\"color:black\">\u00a0<\/span><\/span><\/span><\/p>\n<p lang=\"fr\" style=\"margin:0in\" xml_lang=\"fr\"><span style=\"font-size:12.0pt\"><span style=\"font-family:Arial\"><span style=\"color:black\"><span style=\"font-weight:bold\">D\u00e9veloppement des comp\u00e9tences<\/span><\/span><\/span><\/span><\/p>\n<p lang=\"fr\" style=\"margin:0in\" xml_lang=\"fr\"><span style=\"font-size:12.0pt\"><span style=\"font-family:Arial\"><span style=\"color:black\">Malek Chaafi, 18 ans, \u00e9l\u00e8ve en troisi\u00e8me ann\u00e9e technique, abonde dans le m\u00eame sens. \u00ab<span style=\"font-style:italic\">Cette participation m\u2019a donn\u00e9 un plus, c\u2019est la premi\u00e8re fois que je pars en Europe. Dans ma t\u00eate, je pensais qu\u2019en Tunisie, on avait tout et que les europ\u00e9ens ne nous d\u00e9passaient en rien. Mais je me trompais sur toute la ligne. Effectivement, apr\u00e8s cette exp\u00e9rience, je sens avoir d\u00e9velopp\u00e9 mes capacit\u00e9s dans des domaines qui m\u2019\u00e9taient jusque-l\u00e0 m\u00e9connus: photographie, technique de la vid\u00e9o et montage\u00bb,<\/span> avoue-t-il.<\/span><\/span><\/span><\/p>\n<p lang=\"fr\" style=\"margin:0in\" xml_lang=\"fr\"><span style=\"font-size:12.0pt\"><span style=\"font-family:Arial\"><span style=\"color:black\">Parmi les obstacles qu\u2019il a pu surmonter, gr\u00e2ce au projet, figure la peur de ne pouvoir communiquer en fran\u00e7ais. <span style=\"font-style:italic\">\u00abAu d\u00e9part, j\u2019avais peur de parler en fran\u00e7ais, mais avec le contact quotidien avec les belges\u00a0et autres jeunes francophones, j\u2019ai pu surmonter ce handicap de langue\u00bb,<\/span> affirme-t-il.<\/span><\/span><\/span><\/p>\n<p lang=\"fr\" style=\"margin:0in\" xml_lang=\"fr\"><span style=\"font-size:12.0pt\"><span style=\"font-family:Arial\"><span style=\"color:black\">Mais ce n\u2019est pas tout, Ahmed est aujourd\u2019hui fier de compter parmi ses copains de nouveaux amis issus de plusieurs nationalit\u00e9s. <span style=\"font-style:italic\">\u00abEn sept jours, j\u2019ai tiss\u00e9 de nouvelles relations. Apr\u00e8s mon retour au bercail, j\u2019ai maintenu le contact avec eux. Je les sens proches de moi et leur devenir m\u2019interpelle\u00bb, <\/span>conclut-il.<\/span><\/span><\/span><\/p>\n<p lang=\"fr\" style=\"margin:0in\" xml_lang=\"fr\"><span style=\"font-size:12.0pt\"><span style=\"font-family:Arial\"><span style=\"color:black\">\u00a0<\/span><\/span><\/span><\/p>\n<p lang=\"fr\" style=\"margin:0in\" xml_lang=\"fr\"><span style=\"font-size:12.0pt\"><span style=\"font-family:Arial\"><span style=\"color:black\"><span style=\"font-weight:bold\">Ne pas juger les gens avant de les conna\u00eetre\u00a0<\/span><\/span><\/span><\/span><\/p>\n<p lang=\"fr\" style=\"margin:0in\" xml_lang=\"fr\"><span style=\"font-size:12.0pt\"><span style=\"font-family:Arial\"><span style=\"color:black\">Far\u00e8s Saffer, \u00e9l\u00e8ve de 18 ans en terminale, pensait avant de partir en Belgique que ceux qui \u00e9migrent \u00absont ceux qui sont au ch\u00f4mage\u00bb. Mais \u00e0 travers les tranches de vie qu\u2019il a pu recueillir durant son s\u00e9jour aupr\u00e8s des jeunes immigr\u00e9s, <span style=\"font-style:italic\">\u00abla pr\u00e9carit\u00e9 n\u2019\u00e9tait pas le seul motif qui pousse autant de jeunes \u00e0 partir\u00bb,<\/span> explique-t-il. \u00ab<span style=\"font-style:italic\">Je reviens dans mon pays, le c\u0153ur plein d\u2019histoires douloureuses, j\u2019ai appris \u00e0 ne pas juger les gens sans les conna\u00eetre\u00bb,<\/span> souligne-t-il. <span style=\"font-style:italic\">\u00abLe d\u00e9bat, le conflit d\u2019id\u00e9es, l\u2019argumentation, la contre-argumentation, tout cela stimule, \u00e9veille, enrichit, pr\u00e9pare le participant \u00e0 agir dans la vie r\u00e9elle\u00bb<\/span>, souligne-t-il. <span style=\"font-style:italic\">\u00abLe jour du d\u00e9part \u00e9tait un moment charg\u00e9 d\u2019\u00e9motions. Nous avons arros\u00e9 la s\u00e9paration de nos larmes\u00a0\u00bb, <\/span>indique-t-il.<\/span><\/span><\/span><\/p>\n<p lang=\"fr\" style=\"margin:0in\" xml_lang=\"fr\"><span style=\"font-size:12.0pt\"><span style=\"font-family:Arial\"><span style=\"color:black\">Mais en quoi consiste ce projet qui a titill\u00e9 autant ces jeunes au point de changer leur regard sur l\u2019immigration et l\u2019int\u00e9gration\u00a0et a favoris\u00e9 la transition d\u2019appartenances ethnoculturelles en identit\u00e9\u00a0?<\/span><\/span><\/span><\/p>\n<\/div>\n<div class=\"node_view\"><\/div>\n<\/p><\/div>\n<div data-quickedit-entity-id=\"paragraph\/1043\" class=\"paragraph paragraph--type--image-block paragraph--view-mode--default\">\n<div data-quickedit-field-id=\"paragraph\/1043\/field_para_image\/fr\/default\" class=\"node__media node__media--carousel node__media--right\">\n<div class=\"node__media-container\">\n              <img decoding=\"async\" data-src=\"https:\/\/eumedbridge.eu\/wp-content\/uploads\/2022\/08\/DSCF0075.jpg\" width=\"800\" height=\"450\" alt=\"Jeunesse Nomade\" typeof=\"foaf:Image\" class=\"img-responsive lazyload\" src=\"data:image\/svg+xml;base64,PHN2ZyB3aWR0aD0iMSIgaGVpZ2h0PSIxIiB4bWxucz0iaHR0cDovL3d3dy53My5vcmcvMjAwMC9zdmciPjwvc3ZnPg==\" style=\"--smush-placeholder-width: 800px; --smush-placeholder-aspect-ratio: 800\/450;\" \/><\/p>\n<div class=\"media__overlay\">\n<div class=\"row middle-xs\">\n<div class=\"col-xs-12 col-sm-4\">\n<div class=\"media__title\">Jeunesse Nomade<\/div>\n<\/p><\/div>\n<div class=\"col-xs-12 col-sm-4\"><\/div>\n<div class=\"col-xs-12 col-sm-4\">\n<div class=\"media__share text-right\">\n                <a href=\"https:\/\/euneighbours.eu\/sites\/default\/files\/2018-10\/DSCF0075.JPG\" title=\"Jeunesse Nomade\" data-colorbox-gallery=\"gallery-image_block-1043-GK_Ag-rU3e0\" class=\"colorbox media__fullscreen\" data-cbox-img-attrs=\"{\"alt\":\"Jeunesse Nomade\"}\"><br \/>\n          <i class=\"icon icon--fullscreen color--global-hover\"><\/i><br \/>\n        <\/a>\n      <\/div>\n<\/p><\/div>\n<\/p><\/div>\n<\/div><\/div>\n<div class=\"node__media-container\">\n              <img decoding=\"async\" data-src=\"https:\/\/eumedbridge.eu\/wp-content\/uploads\/2022\/08\/DSCF0082.jpg\" width=\"800\" height=\"450\" alt=\"Jeunesse Nomade\" typeof=\"foaf:Image\" class=\"img-responsive lazyload\" src=\"data:image\/svg+xml;base64,PHN2ZyB3aWR0aD0iMSIgaGVpZ2h0PSIxIiB4bWxucz0iaHR0cDovL3d3dy53My5vcmcvMjAwMC9zdmciPjwvc3ZnPg==\" style=\"--smush-placeholder-width: 800px; --smush-placeholder-aspect-ratio: 800\/450;\" \/><\/p>\n<div class=\"media__overlay\">\n<div class=\"row middle-xs\">\n<div class=\"col-xs-12 col-sm-4\">\n<div class=\"media__title\">Jeunesse Nomade<\/div>\n<\/p><\/div>\n<div class=\"col-xs-12 col-sm-4\"><\/div>\n<div class=\"col-xs-12 col-sm-4\">\n<div class=\"media__share text-right\">\n                <a href=\"https:\/\/euneighbours.eu\/sites\/default\/files\/2018-10\/DSCF0082.JPG\" title=\"Jeunesse Nomade\" data-colorbox-gallery=\"gallery-image_block-1043-GK_Ag-rU3e0\" class=\"colorbox media__fullscreen\" data-cbox-img-attrs=\"{\"alt\":\"Jeunesse Nomade\"}\"><br \/>\n          <i class=\"icon icon--fullscreen color--global-hover\"><\/i><br \/>\n        <\/a>\n      <\/div>\n<\/p><\/div>\n<\/p><\/div>\n<\/div><\/div>\n<div class=\"node__media-container\">\n              <img decoding=\"async\" data-src=\"https:\/\/eumedbridge.eu\/wp-content\/uploads\/2022\/08\/DSCF0170_0.jpg\" width=\"800\" height=\"450\" alt=\"Jeunesse Nomade\" typeof=\"foaf:Image\" class=\"img-responsive lazyload\" src=\"data:image\/svg+xml;base64,PHN2ZyB3aWR0aD0iMSIgaGVpZ2h0PSIxIiB4bWxucz0iaHR0cDovL3d3dy53My5vcmcvMjAwMC9zdmciPjwvc3ZnPg==\" style=\"--smush-placeholder-width: 800px; --smush-placeholder-aspect-ratio: 800\/450;\" \/><\/p>\n<div class=\"media__overlay\">\n<div class=\"row middle-xs\">\n<div class=\"col-xs-12 col-sm-4\">\n<div class=\"media__title\">Jeunesse Nomade<\/div>\n<\/p><\/div>\n<div class=\"col-xs-12 col-sm-4\"><\/div>\n<div class=\"col-xs-12 col-sm-4\">\n<div class=\"media__share text-right\">\n                <a href=\"https:\/\/euneighbours.eu\/sites\/default\/files\/2018-10\/DSCF0170_0.JPG\" title=\"Jeunesse Nomade\" data-colorbox-gallery=\"gallery-image_block-1043-GK_Ag-rU3e0\" class=\"colorbox media__fullscreen\" data-cbox-img-attrs=\"{\"alt\":\"Jeunesse Nomade\"}\"><br \/>\n          <i class=\"icon icon--fullscreen color--global-hover\"><\/i><br \/>\n        <\/a>\n      <\/div>\n<\/p><\/div>\n<\/p><\/div>\n<\/div><\/div>\n<div class=\"node__media-container\">\n              <img decoding=\"async\" data-src=\"https:\/\/eumedbridge.eu\/wp-content\/uploads\/2022\/08\/DSCF0178.jpg\" width=\"800\" height=\"450\" alt=\"Jeunesse Nomade\" typeof=\"foaf:Image\" class=\"img-responsive lazyload\" src=\"data:image\/svg+xml;base64,PHN2ZyB3aWR0aD0iMSIgaGVpZ2h0PSIxIiB4bWxucz0iaHR0cDovL3d3dy53My5vcmcvMjAwMC9zdmciPjwvc3ZnPg==\" style=\"--smush-placeholder-width: 800px; --smush-placeholder-aspect-ratio: 800\/450;\" \/><\/p>\n<div class=\"media__overlay\">\n<div class=\"row middle-xs\">\n<div class=\"col-xs-12 col-sm-4\">\n<div class=\"media__title\">Jeunesse Nomade<\/div>\n<\/p><\/div>\n<div class=\"col-xs-12 col-sm-4\"><\/div>\n<div class=\"col-xs-12 col-sm-4\">\n<div class=\"media__share text-right\">\n                <a href=\"https:\/\/euneighbours.eu\/sites\/default\/files\/2018-10\/DSCF0178.JPG\" title=\"Jeunesse Nomade\" data-colorbox-gallery=\"gallery-image_block-1043-GK_Ag-rU3e0\" class=\"colorbox media__fullscreen\" data-cbox-img-attrs=\"{\"alt\":\"Jeunesse Nomade\"}\"><br \/>\n          <i class=\"icon icon--fullscreen color--global-hover\"><\/i><br \/>\n        <\/a>\n      <\/div>\n<\/p><\/div>\n<\/p><\/div>\n<\/div><\/div>\n<\/p><\/div>\n<div data-quickedit-field-id=\"paragraph\/1043\/field_para_body\/fr\/default\" class=\"node__text\">\n<p lang=\"fr\" xml_lang=\"fr\"><span><span><span><strong>Corriger des situations<\/strong><\/span><\/span><\/span><\/p>\n<p lang=\"fr\" xml_lang=\"fr\"><span><span><span>Houcem Lajjem, l\u2019un des animateurs qui ont accompagn\u00e9 ces jeunes, r\u00e9v\u00e8le que le th\u00e9\u00e2tre forum ou th\u00e9\u00e2tre des opprim\u00e9s est une notion qui est apparue dans les ann\u00e9es soixante-dix, <em>\u00abune technique dont l\u2019objectif est le changement plut\u00f4t que l\u2019artistique. Le th\u00e9\u00e2tre-forum sert \u00e0 corriger des situations et o\u00f9 le public est consid\u00e9r\u00e9 comme spect-acteur\u00bb<\/em>, explique-il.<\/span><\/span><\/span><\/p>\n<p lang=\"fr\" xml_lang=\"fr\"><span><span><span><em>\u00a0\u00abLe stage du th\u00e9\u00e2tre-forum, tenu \u00e0 Bruxelles, \u00e9tait de cinq jours aux termes desquels on a accouch\u00e9 d\u2019une pi\u00e8ce\u00bb<\/em>, indique-t-il. Selon lui, c\u2019est une technique qui n\u2019est pas compliqu\u00e9e, <em>\u00abcinq jours de r\u00e9p\u00e9tition pour livrer \u00e0 la fin une pi\u00e8ce qui dure 45 minutes et qui comporte trois sc\u00e8nes collectives et cinq sayn\u00e8tes\u00bb<\/em>.<\/span><\/span><\/span><\/p>\n<p lang=\"fr\" xml_lang=\"fr\"><span><span><span>En ce qui concerne la participation tunisienne, il a pr\u00e9cis\u00e9 que l\u2019atelier th\u00e9\u00e2tre comportait 23 jeunes, dont sept tunisiens, <em>\u00able reste des jeunes avait \u00e9t\u00e9 r\u00e9parti dans les autres ateliers\u00a0; photo, danse, musique, chant\u2026\u00bb<\/em>. \u00ab<em>Ce groupe \u00e9tait un peu sp\u00e9cial, en majorit\u00e9 des mineurs qui voyageaient pour la premi\u00e8re fois. Il n\u2019emp\u00eache que la forte implication des tunisiens a laiss\u00e9 une bonne impression\u00bb,<\/em> affirme-t-il, tout en reconnaissant que <em>\u00able rythme \u00e9tait assez soutenu\u00bb<\/em>.<\/span><\/span><\/span><\/p>\n<p lang=\"fr\" xml_lang=\"fr\"><span><span><span>\u00a0<\/span><\/span><\/span><\/p>\n<p lang=\"fr\" xml_lang=\"fr\"><span><span><span><strong>Une rotation b\u00e9n\u00e9fique<\/strong><\/span><\/span><\/span><\/p>\n<p lang=\"fr\" xml_lang=\"fr\"><span><span><span>Houceme c\u00e8de la parole \u00e0 son coll\u00e8gue, Mohamed La\u00e2bidi, un autre animateur qui a eu \u00e0 sa charge la d\u00e9licate mission d\u2019animer ce groupe. <em>\u00abLa mani\u00e8re de r\u00e9partir le groupe, de fa\u00e7on \u00e0 ce que les jeunes tunisiens participent \u00e0 tous les ateliers, leur a permis de s\u2019initier au chant, \u00e0 la musique, \u00e0 la photo et \u00e0 la vid\u00e9o. Cette rotation a \u00e9t\u00e9 b\u00e9n\u00e9fique sur le plan du d\u00e9veloppement de leurs comp\u00e9tences, mais a aussi favoris\u00e9 le contact avec les jeunes issus de diverses nationalit\u00e9s, tels que des nig\u00e9riens, des kenyans et autres\u00bb<\/em>, souligne-t-il.<\/span><\/span><\/span><\/p>\n<p lang=\"fr\" xml_lang=\"fr\"><span><span><span>Il affirme que l\u2019\u0153uvre collaborative produite pendant ce s\u00e9jour avec la participation d\u2019immigr\u00e9s irr\u00e9guliers a laiss\u00e9 un grand impact\u00a0aupr\u00e8s du public. <em>\u00abL\u2019originalit\u00e9 de cette exp\u00e9rience est que le probl\u00e8me peut \u00eatre v\u00e9cu en Tunisie et la solution peut venir d\u2019Europe et vice-versa\u00bb<\/em> indique-t-il. Car, selon lui, la solution peut provenir de l\u2019autre, que nous repoussons \u00e0 tort, car vu sous un autre angle, le probl\u00e8me pourrait \u00eatre r\u00e9solu.<\/span><\/span><\/span><\/p>\n<p lang=\"fr\" xml_lang=\"fr\"><span><span><span>\u00a0<\/span><\/span><\/span><\/p>\n<p lang=\"fr\" xml_lang=\"fr\"><span><span><span>Pour sa part, M<span>me<\/span> Chelly, pr\u00e9sidente de l\u2019association Th\u00e9\u00e2tre du Forum-Tunisie, revient sur la gen\u00e8se du projet \u00abJeunesse nomade\u00bb, un projet financ\u00e9 par l\u2019Union europ\u00e9enne, qui est dans sa deuxi\u00e8me phase, \u00e0 travers le programme Erasmus+.<\/span><\/span><\/span><\/p>\n<p lang=\"fr\" xml_lang=\"fr\"><span><span><span>L\u2019ann\u00e9e derni\u00e8re il a eu lieu en Belgique avec uniquement les belges et les immigr\u00e9s en Belgique. Cependant, la F\u00e9d\u00e9ration des maisons de jeunes belges a d\u00e9cid\u00e9 d\u2019impliquer d\u2019autres intervenants pour renforcer le projet avec un partenaire fran\u00e7ais et un partenaire tunisien. En tant qu\u2019association, \u00ab<em>nous avons repr\u00e9sent\u00e9 la Tunisie avec 12 jeunes dont l\u2019\u00e2ge varie entre 17 et 21 ans\u00bb<\/em>. <em>\u00abL\u2019objectif du projet est de r\u00e9ussir l\u2019int\u00e9gration des immigr\u00e9s qui se trouvent sur le sol belge \u00e0 travers une production artistique collaborative, \u00e0 m\u00eame de faciliter leur int\u00e9gration dans l\u2019espace europ\u00e9en\u00bb,<\/em> explique-t-elle. L\u2019id\u00e9e \u00e9tait d\u2019int\u00e9grer un groupe de jeunes arabes pour faciliter cette int\u00e9gration et pour leur dire qu\u2019ils ne sont pas seuls dans le pays d\u2019accueil\u00a0et pour que l\u2019\u00e9change soit plus large, affirme-t-elle.<\/span><\/span><\/span><\/p>\n<p lang=\"fr\" xml_lang=\"fr\"><span><span><span><em>\u00abIl s\u2019agit d\u2019une grande production artistique qui a englob\u00e9 70 jeunes, r\u00e9partis sur plusieurs ateliers, \u00e0 savoir th\u00e9\u00e2tre, musique, danse, selon le principe du th\u00e9\u00e2tre-forum, qui est la sp\u00e9cialit\u00e9 de notre association\u00bb<\/em>, indique-t-elle. Et d\u2019ajouter que\u00a0: <em>\u00abLe groupe est parvenu \u00e0 cerner quelques probl\u00e9matiques dont la non-int\u00e9gration dans le milieu belge pour des raisons d\u2019ob\u00e9dience religieuse, de culture, d\u2019appartenance ethnique\u00bb<\/em>.<\/span><\/span><\/span><\/p>\n<p lang=\"fr\" xml_lang=\"fr\"><span><span><span>Les jeunes, dans leurs interactions, ont trouv\u00e9 plusieurs solutions, telles que la cohabitation pacifique, la tol\u00e9rance ou le dialogue des religions, ce qui a fait en sorte qu\u2019un d\u00e9but de prise de conscience de la nature de ces probl\u00e8mes a commenc\u00e9 \u00e0 prendre forme\u00a0et a permis d\u2019ouvrir un d\u00e9bat avec le public \u00e0 propos des probl\u00e8mes d\u2019int\u00e9gration en Belgique. <em>\u00abLa pi\u00e8ce, jou\u00e9e en fran\u00e7ais, a \u00e9t\u00e9 pr\u00e9sent\u00e9e quatre fois. La participation du groupe tunisien a eu un bon accueil, car les jeunes participants tunisiens, qui sont tous membres de l\u2019association, \u00e9taient initi\u00e9s \u00e0 cette technique qu\u2019ils ont partag\u00e9e avec les autres jeunes, ils ont pu soulever leurs pr\u00e9occupations de mani\u00e8re simple et facile, sans obstacles\u00bb<\/em>, t\u00e9moigne fi\u00e8rement, M<span>me<\/span> Chelly. <em>\u00abD\u00e8s le premier jour, on a d\u00e9fini le sujet pour faciliter le travail des jeunes, il fallait travailler \u00e0 partir d\u2019histoires qu\u2019ils ont v\u00e9cues ou que quelqu\u2019un d\u2019autre a v\u00e9cues, en mode d\u2019improvisation, \u00e9crire le sc\u00e9nario, d\u00e9finir les personnages, les dialogues et entamer les r\u00e9p\u00e9titions\u00bb<\/em>, ajoute-elle. Ensuite, <em>\u00able grand groupe a \u00e9t\u00e9 r\u00e9parti en plusieurs sous-groupes\u00a0; le groupe du th\u00e9\u00e2tre s\u2019est divis\u00e9 en sous-groupes avec une histoire propre \u00e0 chaque ensemble dont un multinational comportant des jeunes demandeurs d\u2019asile en l\u2019occurrence des syriens, des afghans avec la participation des belges et des fran\u00e7ais\u00bb,<\/em> souligne M<span>me<\/span> Chelly. <em>\u00abChaque groupe a travaill\u00e9 une sayn\u00e8te, en pr\u00e9sence d\u2019un formateur en th\u00e9\u00e2tre-forum. A la lumi\u00e8re des pi\u00e8ces, un arrangement musical sp\u00e9cifique a \u00e9t\u00e9 r\u00e9alis\u00e9, avec une chor\u00e9graphie comportant des tableaux de danse\u00bb, <\/em>souligne-t-elle.<\/span><\/span><\/span><\/p>\n<p lang=\"fr\" xml_lang=\"fr\"><span><span><span>Aymen reprend la parole pour exprimer son souhait de poursuivre cette exp\u00e9rience en Tunisie ou ailleurs en Europe. <em>\u00abOn souhaite revenir l\u2019ann\u00e9e prochaine en Belgique ou ailleurs en Europe. On a am\u00e9lior\u00e9 notre niveau de langue, on a chang\u00e9 \u00e0 90% la mentalit\u00e9 de ceux qui ont vu le spectacle et de retour en Tunisie, on s\u2019emploie \u00e0 trouver des solutions d\u2019int\u00e9gration aux immigr\u00e9s en Tunisie<\/em>\u00bb, conclut Far\u00e8s Saffer.<\/span><\/span><\/span><\/p>\n<p lang=\"fr\" xml_lang=\"fr\"><span><span><span>Gr\u00e2ce aux projets financ\u00e9s par l\u2019EU, les jeunes tunisiens ont pu poser un nouveau regard sur les questions li\u00e9es \u00e0 l\u2019immigration et \u00e0 l\u2019int\u00e9gration, et sur les r\u00e9f\u00e9rents identitaires, notamment ceux associ\u00e9s \u00e0 l\u2019appartenance ethnoculturelle des personnes \u00absocialement\u00a0invisibles\u00bb.<\/span><\/span><\/span><\/p>\n<p lang=\"fr\" xml_lang=\"fr\">\u00a0<\/p>\n<p><span><span><span>Lien YouTube: <\/span><a href=\"https:\/\/www.youtube.com\/watch?v=-QsUiCylzUQ\">https:\/\/www.youtube.com\/watch?v=-QsUiCylzUQ<\/a><\/span><\/span><\/p>\n<p><strong><a href=\"http:\/\/www.lapresse.tn\/component\/societe\/?task=article&#038;id=156521\">La presse de Tunisie<\/a><\/strong><\/p>\n<\/div>\n<div class=\"node_view\"><\/div>\n<\/p><\/div>\n","protected":false},"featured_media":0,"parent":0,"template":"","story_category":[],"country":[1955],"special_action":[],"custom_tag":[1874,2312,1970,1897,1870],"class_list":["post-204070","story","type-story","status-publish","hentry","country-tunisie","custom_tag-culture-fr","custom_tag-developpement-durable","custom_tag-jeunesse","custom_tag-medias","custom_tag-societe-civile"],"acf":[],"yoast_head":"<!-- This site is optimized with the Yoast SEO plugin v26.5 - https:\/\/yoast.com\/wordpress\/plugins\/seo\/ -->\n<title>Jeunesse Nomade: Comment se d\u00e9barrasser des clich\u00e9s discriminatoires - Voisins de l&#039;UE<\/title>\n<meta name=\"robots\" content=\"index, follow, max-snippet:-1, max-image-preview:large, max-video-preview:-1\" \/>\n<link rel=\"canonical\" href=\"https:\/\/www.eumedbridge.eu\/fr\/story\/jeunesse-nomade-comment-se-debarrasser-des-cliches-discriminatoires\/\" \/>\n<meta property=\"og:locale\" content=\"fr_FR\" \/>\n<meta property=\"og:type\" content=\"article\" \/>\n<meta property=\"og:title\" content=\"Jeunesse Nomade: Comment se d\u00e9barrasser des clich\u00e9s discriminatoires - Voisins de l&#039;UE\" \/>\n<meta property=\"og:description\" content=\"De jeunes tunisiens ont pris part \u00e0 un spectacle bouleversant et spontan\u00e9 qui m\u00e9lange th\u00e9\u00e2tre, danse, chant, musique et vid\u00e9o, \u00e0 Bruxelles. Une performance sc\u00e9nique touchante et hors du commun, r\u00e9alis\u00e9e dans le cadre du programme Erasmus+, financ\u00e9 par l\u2019Union europ\u00e9enne, sur la th\u00e9matique : \u00abProbl\u00e8mes des migrants\u00bb. Ce projet \u00abJeunesse nomade\u00bb rassemble des jeunes [&hellip;]\" \/>\n<meta property=\"og:url\" content=\"https:\/\/www.eumedbridge.eu\/fr\/story\/jeunesse-nomade-comment-se-debarrasser-des-cliches-discriminatoires\/\" \/>\n<meta property=\"og:site_name\" content=\"Voisins de l&#039;UE\" \/>\n<meta property=\"article:publisher\" content=\"https:\/\/www.facebook.com\/eumedbridge\/\" \/>\n<meta property=\"article:modified_time\" content=\"2022-08-17T13:30:38+00:00\" \/>\n<meta property=\"og:image\" content=\"https:\/\/www.eumedbridge.eu\/wp-content\/uploads\/2022\/05\/DSC0203_1-scaled.jpg\" \/>\n\t<meta property=\"og:image:width\" content=\"2560\" \/>\n\t<meta property=\"og:image:height\" content=\"1707\" \/>\n\t<meta property=\"og:image:type\" content=\"image\/jpeg\" \/>\n<meta name=\"twitter:card\" content=\"summary_large_image\" \/>\n<meta name=\"twitter:site\" content=\"@eumedbridge\" \/>\n<meta name=\"twitter:label1\" content=\"Dur\u00e9e de lecture estim\u00e9e\" \/>\n\t<meta name=\"twitter:data1\" content=\"14 minutes\" \/>\n<script type=\"application\/ld+json\" class=\"yoast-schema-graph\">{\"@context\":\"https:\/\/schema.org\",\"@graph\":[{\"@type\":\"WebPage\",\"@id\":\"https:\/\/www.eumedbridge.eu\/fr\/story\/jeunesse-nomade-comment-se-debarrasser-des-cliches-discriminatoires\/\",\"url\":\"https:\/\/www.eumedbridge.eu\/fr\/story\/jeunesse-nomade-comment-se-debarrasser-des-cliches-discriminatoires\/\",\"name\":\"Jeunesse Nomade: Comment se d\u00e9barrasser des clich\u00e9s discriminatoires - Voisins de l'UE\",\"isPartOf\":{\"@id\":\"https:\/\/www.eumedbridge.eu\/#website\"},\"primaryImageOfPage\":{\"@id\":\"https:\/\/www.eumedbridge.eu\/fr\/story\/jeunesse-nomade-comment-se-debarrasser-des-cliches-discriminatoires\/#primaryimage\"},\"image\":{\"@id\":\"https:\/\/www.eumedbridge.eu\/fr\/story\/jeunesse-nomade-comment-se-debarrasser-des-cliches-discriminatoires\/#primaryimage\"},\"thumbnailUrl\":\"https:\/\/eumedbridge.eu\/wp-content\/uploads\/2022\/08\/PHOTO-BELGIQUE_1.jpg\",\"datePublished\":\"2018-10-28T22:00:00+00:00\",\"dateModified\":\"2022-08-17T13:30:38+00:00\",\"breadcrumb\":{\"@id\":\"https:\/\/www.eumedbridge.eu\/fr\/story\/jeunesse-nomade-comment-se-debarrasser-des-cliches-discriminatoires\/#breadcrumb\"},\"inLanguage\":\"fr-FR\",\"potentialAction\":[{\"@type\":\"ReadAction\",\"target\":[\"https:\/\/www.eumedbridge.eu\/fr\/story\/jeunesse-nomade-comment-se-debarrasser-des-cliches-discriminatoires\/\"]}]},{\"@type\":\"ImageObject\",\"inLanguage\":\"fr-FR\",\"@id\":\"https:\/\/www.eumedbridge.eu\/fr\/story\/jeunesse-nomade-comment-se-debarrasser-des-cliches-discriminatoires\/#primaryimage\",\"url\":\"https:\/\/eumedbridge.eu\/wp-content\/uploads\/2022\/08\/PHOTO-BELGIQUE_1.jpg\",\"contentUrl\":\"https:\/\/eumedbridge.eu\/wp-content\/uploads\/2022\/08\/PHOTO-BELGIQUE_1.jpg\"},{\"@type\":\"BreadcrumbList\",\"@id\":\"https:\/\/www.eumedbridge.eu\/fr\/story\/jeunesse-nomade-comment-se-debarrasser-des-cliches-discriminatoires\/#breadcrumb\",\"itemListElement\":[{\"@type\":\"ListItem\",\"position\":1,\"name\":\"Home\",\"item\":\"https:\/\/www.eumedbridge.eu\/fr\/home-page\/\"},{\"@type\":\"ListItem\",\"position\":2,\"name\":\"Histoires\",\"item\":\"https:\/\/www.eumedbridge.eu\/fr\/story\/\"},{\"@type\":\"ListItem\",\"position\":3,\"name\":\"Jeunesse Nomade: Comment se d\u00e9barrasser des clich\u00e9s discriminatoires\"}]},{\"@type\":\"WebSite\",\"@id\":\"https:\/\/www.eumedbridge.eu\/#website\",\"url\":\"https:\/\/www.eumedbridge.eu\/\",\"name\":\"EU Medbridge\",\"description\":\"\",\"publisher\":{\"@id\":\"https:\/\/www.eumedbridge.eu\/#organization\"},\"potentialAction\":[{\"@type\":\"SearchAction\",\"target\":{\"@type\":\"EntryPoint\",\"urlTemplate\":\"https:\/\/www.eumedbridge.eu\/?s={search_term_string}\"},\"query-input\":{\"@type\":\"PropertyValueSpecification\",\"valueRequired\":true,\"valueName\":\"search_term_string\"}}],\"inLanguage\":\"fr-FR\"},{\"@type\":\"Organization\",\"@id\":\"https:\/\/www.eumedbridge.eu\/#organization\",\"name\":\"EU Medbridge\",\"url\":\"https:\/\/www.eumedbridge.eu\/\",\"logo\":{\"@type\":\"ImageObject\",\"inLanguage\":\"fr-FR\",\"@id\":\"https:\/\/www.eumedbridge.eu\/#\/schema\/logo\/image\/\",\"url\":\"https:\/\/www.eumedbridge.eu\/wp-content\/uploads\/2021\/12\/Logo.png\",\"contentUrl\":\"https:\/\/www.eumedbridge.eu\/wp-content\/uploads\/2021\/12\/Logo.png\",\"width\":325,\"height\":114,\"caption\":\"EU Medbridge\"},\"image\":{\"@id\":\"https:\/\/www.eumedbridge.eu\/#\/schema\/logo\/image\/\"},\"sameAs\":[\"https:\/\/www.facebook.com\/eumedbridge\/\",\"https:\/\/x.com\/eumedbridge\",\"https:\/\/www.linkedin.com\/company\/eumedbridge\",\"https:\/\/www.youtube.com\/@eumedbridge\",\"https:\/\/www.instagram.com\/eumedbridge\",\"https:\/\/www.flickr.com\/photos\/euneighbours-south\/\"]}]}<\/script>\n<!-- \/ Yoast SEO plugin. -->","yoast_head_json":{"title":"Jeunesse Nomade: Comment se d\u00e9barrasser des clich\u00e9s discriminatoires - Voisins de l'UE","robots":{"index":"index","follow":"follow","max-snippet":"max-snippet:-1","max-image-preview":"max-image-preview:large","max-video-preview":"max-video-preview:-1"},"canonical":"https:\/\/www.eumedbridge.eu\/fr\/story\/jeunesse-nomade-comment-se-debarrasser-des-cliches-discriminatoires\/","og_locale":"fr_FR","og_type":"article","og_title":"Jeunesse Nomade: Comment se d\u00e9barrasser des clich\u00e9s discriminatoires - Voisins de l'UE","og_description":"De jeunes tunisiens ont pris part \u00e0 un spectacle bouleversant et spontan\u00e9 qui m\u00e9lange th\u00e9\u00e2tre, danse, chant, musique et vid\u00e9o, \u00e0 Bruxelles. Une performance sc\u00e9nique touchante et hors du commun, r\u00e9alis\u00e9e dans le cadre du programme Erasmus+, financ\u00e9 par l\u2019Union europ\u00e9enne, sur la th\u00e9matique : \u00abProbl\u00e8mes des migrants\u00bb. Ce projet \u00abJeunesse nomade\u00bb rassemble des jeunes [&hellip;]","og_url":"https:\/\/www.eumedbridge.eu\/fr\/story\/jeunesse-nomade-comment-se-debarrasser-des-cliches-discriminatoires\/","og_site_name":"Voisins de l'UE","article_publisher":"https:\/\/www.facebook.com\/eumedbridge\/","article_modified_time":"2022-08-17T13:30:38+00:00","og_image":[{"width":2560,"height":1707,"url":"https:\/\/www.eumedbridge.eu\/wp-content\/uploads\/2022\/05\/DSC0203_1-scaled.jpg","type":"image\/jpeg"}],"twitter_card":"summary_large_image","twitter_site":"@eumedbridge","twitter_misc":{"Dur\u00e9e de lecture estim\u00e9e":"14 minutes"},"schema":{"@context":"https:\/\/schema.org","@graph":[{"@type":"WebPage","@id":"https:\/\/www.eumedbridge.eu\/fr\/story\/jeunesse-nomade-comment-se-debarrasser-des-cliches-discriminatoires\/","url":"https:\/\/www.eumedbridge.eu\/fr\/story\/jeunesse-nomade-comment-se-debarrasser-des-cliches-discriminatoires\/","name":"Jeunesse Nomade: Comment se d\u00e9barrasser des clich\u00e9s discriminatoires - Voisins de l'UE","isPartOf":{"@id":"https:\/\/www.eumedbridge.eu\/#website"},"primaryImageOfPage":{"@id":"https:\/\/www.eumedbridge.eu\/fr\/story\/jeunesse-nomade-comment-se-debarrasser-des-cliches-discriminatoires\/#primaryimage"},"image":{"@id":"https:\/\/www.eumedbridge.eu\/fr\/story\/jeunesse-nomade-comment-se-debarrasser-des-cliches-discriminatoires\/#primaryimage"},"thumbnailUrl":"https:\/\/eumedbridge.eu\/wp-content\/uploads\/2022\/08\/PHOTO-BELGIQUE_1.jpg","datePublished":"2018-10-28T22:00:00+00:00","dateModified":"2022-08-17T13:30:38+00:00","breadcrumb":{"@id":"https:\/\/www.eumedbridge.eu\/fr\/story\/jeunesse-nomade-comment-se-debarrasser-des-cliches-discriminatoires\/#breadcrumb"},"inLanguage":"fr-FR","potentialAction":[{"@type":"ReadAction","target":["https:\/\/www.eumedbridge.eu\/fr\/story\/jeunesse-nomade-comment-se-debarrasser-des-cliches-discriminatoires\/"]}]},{"@type":"ImageObject","inLanguage":"fr-FR","@id":"https:\/\/www.eumedbridge.eu\/fr\/story\/jeunesse-nomade-comment-se-debarrasser-des-cliches-discriminatoires\/#primaryimage","url":"https:\/\/eumedbridge.eu\/wp-content\/uploads\/2022\/08\/PHOTO-BELGIQUE_1.jpg","contentUrl":"https:\/\/eumedbridge.eu\/wp-content\/uploads\/2022\/08\/PHOTO-BELGIQUE_1.jpg"},{"@type":"BreadcrumbList","@id":"https:\/\/www.eumedbridge.eu\/fr\/story\/jeunesse-nomade-comment-se-debarrasser-des-cliches-discriminatoires\/#breadcrumb","itemListElement":[{"@type":"ListItem","position":1,"name":"Home","item":"https:\/\/www.eumedbridge.eu\/fr\/home-page\/"},{"@type":"ListItem","position":2,"name":"Histoires","item":"https:\/\/www.eumedbridge.eu\/fr\/story\/"},{"@type":"ListItem","position":3,"name":"Jeunesse Nomade: Comment se d\u00e9barrasser des clich\u00e9s discriminatoires"}]},{"@type":"WebSite","@id":"https:\/\/www.eumedbridge.eu\/#website","url":"https:\/\/www.eumedbridge.eu\/","name":"EU Medbridge","description":"","publisher":{"@id":"https:\/\/www.eumedbridge.eu\/#organization"},"potentialAction":[{"@type":"SearchAction","target":{"@type":"EntryPoint","urlTemplate":"https:\/\/www.eumedbridge.eu\/?s={search_term_string}"},"query-input":{"@type":"PropertyValueSpecification","valueRequired":true,"valueName":"search_term_string"}}],"inLanguage":"fr-FR"},{"@type":"Organization","@id":"https:\/\/www.eumedbridge.eu\/#organization","name":"EU Medbridge","url":"https:\/\/www.eumedbridge.eu\/","logo":{"@type":"ImageObject","inLanguage":"fr-FR","@id":"https:\/\/www.eumedbridge.eu\/#\/schema\/logo\/image\/","url":"https:\/\/www.eumedbridge.eu\/wp-content\/uploads\/2021\/12\/Logo.png","contentUrl":"https:\/\/www.eumedbridge.eu\/wp-content\/uploads\/2021\/12\/Logo.png","width":325,"height":114,"caption":"EU Medbridge"},"image":{"@id":"https:\/\/www.eumedbridge.eu\/#\/schema\/logo\/image\/"},"sameAs":["https:\/\/www.facebook.com\/eumedbridge\/","https:\/\/x.com\/eumedbridge","https:\/\/www.linkedin.com\/company\/eumedbridge","https:\/\/www.youtube.com\/@eumedbridge","https:\/\/www.instagram.com\/eumedbridge","https:\/\/www.flickr.com\/photos\/euneighbours-south\/"]}]}},"_links":{"self":[{"href":"https:\/\/www.eumedbridge.eu\/fr\/wp-json\/wp\/v2\/story\/204070","targetHints":{"allow":["GET"]}}],"collection":[{"href":"https:\/\/www.eumedbridge.eu\/fr\/wp-json\/wp\/v2\/story"}],"about":[{"href":"https:\/\/www.eumedbridge.eu\/fr\/wp-json\/wp\/v2\/types\/story"}],"wp:attachment":[{"href":"https:\/\/www.eumedbridge.eu\/fr\/wp-json\/wp\/v2\/media?parent=204070"}],"wp:term":[{"taxonomy":"story_category","embeddable":true,"href":"https:\/\/www.eumedbridge.eu\/fr\/wp-json\/wp\/v2\/story_category?post=204070"},{"taxonomy":"country","embeddable":true,"href":"https:\/\/www.eumedbridge.eu\/fr\/wp-json\/wp\/v2\/country?post=204070"},{"taxonomy":"special_action","embeddable":true,"href":"https:\/\/www.eumedbridge.eu\/fr\/wp-json\/wp\/v2\/special_action?post=204070"},{"taxonomy":"custom_tag","embeddable":true,"href":"https:\/\/www.eumedbridge.eu\/fr\/wp-json\/wp\/v2\/custom_tag?post=204070"}],"curies":[{"name":"wp","href":"https:\/\/api.w.org\/{rel}","templated":true}]}}