{"id":204076,"date":"2018-08-14T00:00:00","date_gmt":"2018-08-13T21:00:00","guid":{"rendered":"https:\/\/eumedbridge.eu\/story\/mazaya-une-ecole-tout-en-musique\/"},"modified":"2022-08-17T16:30:51","modified_gmt":"2022-08-17T13:30:51","slug":"mazaya-une-ecole-tout-en-musique","status":"publish","type":"story","link":"https:\/\/www.eumedbridge.eu\/fr\/story\/mazaya-une-ecole-tout-en-musique\/","title":{"rendered":"Mazaya, une \u00e9cole tout en musique"},"content":{"rendered":"<blockquote>\n<p><span style=\"font-size:12pt\"><span style=\"font-family:Cambria,serif\"><i><span lang=\"FR\" style=\"font-family:\"Times New Roman\",serif\" xml_lang=\"FR\"><span style=\"color:black\">Depuis 2012, le projet Mazaya dispense \u00e0 des enfants \u00e9lev\u00e9s dans des conditions d\u00e9favorables et en rupture scolaire, une double formation combinant \u00e9ducation scolaire et cursus musical professionnel. Financ\u00e9 par l\u2019UE, ce projet pr\u00e9sente une double vocation\u00a0: sociale et culturelle.<\/span><\/span><\/i><\/span><\/span><\/p>\n<\/blockquote>\n<div data-quickedit-entity-id=\"paragraph\/1002\" class=\"paragraph paragraph--type--image-block paragraph--view-mode--default\">\n<div data-quickedit-field-id=\"paragraph\/1002\/field_para_introduction\/fr\/default\" class=\"node__text\">\n<p style=\"margin-top:.1pt; margin-right:0cm; margin-bottom:.1pt; margin-left:0cm; margin:0cm 0cm 10pt\"><span style=\"font-size:12pt\"><span style=\"font-family:Cambria,serif\"><span lang=\"FR\" style=\"font-family:\"Times New Roman\",serif\" xml_lang=\"FR\"><span style=\"color:black\">Dimanche 24 juin, Auditorium de l\u2019\u00c9cole internationale de musique et de danse (EIMD), Rabat. <\/span><\/span><\/span><\/span><\/p>\n<p style=\"margin-top:.1pt; margin-right:0cm; margin-bottom:.1pt; margin-left:0cm; margin:0cm 0cm 10pt\">\u00a0<\/p>\n<p style=\"margin-top:.1pt; margin-right:0cm; margin-bottom:.1pt; margin-left:0cm; margin:0cm 0cm 10pt\"><span style=\"font-size:12pt\"><span style=\"font-family:Cambria,serif\"><span lang=\"FR\" style=\"font-family:\"Times New Roman\",serif\" xml_lang=\"FR\"><span style=\"color:black\">L\u2019excitation est palpable \u00e0 quelques heures du concert de fin d\u2019ann\u00e9e des \u00e9l\u00e8ves de Mazaya. C\u2019est qu\u2019aujourd\u2019hui, il s\u2019agit d\u2019un \u00e9v\u00e9nement particulier, qui regroupe les \u00e9tudiants des trois promotions. Instrumentistes \u00e0 cordes, vents et percussions, chanteurs de chorale, d\u00e9butants ou avanc\u00e9s, ils se produisent sur sc\u00e8ne pour le plus grand plaisir de leurs parents ainsi que d\u2019un public venu sp\u00e9cialement applaudir ces musiciens hors-norme.<\/span><\/span><\/span><\/span><\/p>\n<\/div>\n<div data-quickedit-field-id=\"paragraph\/1002\/field_para_image\/fr\/default\" class=\"node__media node__media--carousel node__media--right\">\n<div class=\"node__media-container\">\n              <img decoding=\"async\" data-src=\"https:\/\/eumedbridge.eu\/wp-content\/uploads\/2022\/08\/Mazaya-UE-4.jpg\" width=\"800\" height=\"450\" alt=\"Pendant le concert de Mazaya\" typeof=\"foaf:Image\" class=\"img-responsive lazyload\" src=\"data:image\/svg+xml;base64,PHN2ZyB3aWR0aD0iMSIgaGVpZ2h0PSIxIiB4bWxucz0iaHR0cDovL3d3dy53My5vcmcvMjAwMC9zdmciPjwvc3ZnPg==\" style=\"--smush-placeholder-width: 800px; --smush-placeholder-aspect-ratio: 800\/450;\" \/><\/p>\n<div class=\"media__overlay\">\n<div class=\"row middle-xs\">\n<div class=\"col-xs-12 col-sm-4\">\n<div class=\"media__title\">Pendant le concert de Mazaya<\/div>\n<\/p><\/div>\n<div class=\"col-xs-12 col-sm-4\"><\/div>\n<div class=\"col-xs-12 col-sm-4\">\n<div class=\"media__share text-right\">\n                <a href=\"https:\/\/euneighbours.eu\/sites\/default\/files\/2018-08\/Mazaya%20-%20UE%204.jpg\" title=\"Pendant le concert de Mazaya\" data-colorbox-gallery=\"gallery-image_block-1002-GK_Ag-rU3e0\" class=\"colorbox media__fullscreen\" data-cbox-img-attrs=\"{\"alt\":\"Pendant le concert de Mazaya\"}\"><br \/>\n          <i class=\"icon icon--fullscreen color--global-hover\"><\/i><br \/>\n        <\/a>\n      <\/div>\n<\/p><\/div>\n<\/p><\/div>\n<\/div><\/div>\n<div class=\"node__media-container\">\n              <img decoding=\"async\" data-src=\"https:\/\/eumedbridge.eu\/wp-content\/uploads\/2022\/08\/Mazaya-UE-8.jpg\" width=\"800\" height=\"450\" alt=\"Pendant le concert de Mazaya\" typeof=\"foaf:Image\" class=\"img-responsive lazyload\" src=\"data:image\/svg+xml;base64,PHN2ZyB3aWR0aD0iMSIgaGVpZ2h0PSIxIiB4bWxucz0iaHR0cDovL3d3dy53My5vcmcvMjAwMC9zdmciPjwvc3ZnPg==\" style=\"--smush-placeholder-width: 800px; --smush-placeholder-aspect-ratio: 800\/450;\" \/><\/p>\n<div class=\"media__overlay\">\n<div class=\"row middle-xs\">\n<div class=\"col-xs-12 col-sm-4\">\n<div class=\"media__title\">Pendant le concert de Mazaya<\/div>\n<\/p><\/div>\n<div class=\"col-xs-12 col-sm-4\"><\/div>\n<div class=\"col-xs-12 col-sm-4\">\n<div class=\"media__share text-right\">\n                <a href=\"https:\/\/euneighbours.eu\/sites\/default\/files\/2018-08\/Mazaya%20-%20UE%208.jpg\" title=\"Pendant le concert de Mazaya\" data-colorbox-gallery=\"gallery-image_block-1002-GK_Ag-rU3e0\" class=\"colorbox media__fullscreen\" data-cbox-img-attrs=\"{\"alt\":\"Pendant le concert de Mazaya\"}\"><br \/>\n          <i class=\"icon icon--fullscreen color--global-hover\"><\/i><br \/>\n        <\/a>\n      <\/div>\n<\/p><\/div>\n<\/p><\/div>\n<\/div><\/div>\n<div class=\"node__media-container\">\n              <img decoding=\"async\" data-src=\"https:\/\/eumedbridge.eu\/wp-content\/uploads\/2022\/08\/Mazaya-UE-10.jpg\" width=\"800\" height=\"450\" alt=\"Les parents fiers des \u00e9l\u00e8ves de Mazaya\" typeof=\"foaf:Image\" class=\"img-responsive lazyload\" src=\"data:image\/svg+xml;base64,PHN2ZyB3aWR0aD0iMSIgaGVpZ2h0PSIxIiB4bWxucz0iaHR0cDovL3d3dy53My5vcmcvMjAwMC9zdmciPjwvc3ZnPg==\" style=\"--smush-placeholder-width: 800px; --smush-placeholder-aspect-ratio: 800\/450;\" \/><\/p>\n<div class=\"media__overlay\">\n<div class=\"row middle-xs\">\n<div class=\"col-xs-12 col-sm-4\">\n<div class=\"media__title\">Les parents fiers des \u00e9l\u00e8ves de Mazaya<\/div>\n<\/p><\/div>\n<div class=\"col-xs-12 col-sm-4\"><\/div>\n<div class=\"col-xs-12 col-sm-4\">\n<div class=\"media__share text-right\">\n                <a href=\"https:\/\/euneighbours.eu\/sites\/default\/files\/2018-08\/Mazaya%20-%20UE%2010.jpg\" title=\"Les parents fiers des \u00e9l\u00e8ves de Mazaya\" data-colorbox-gallery=\"gallery-image_block-1002-GK_Ag-rU3e0\" class=\"colorbox media__fullscreen\" data-cbox-img-attrs=\"{\"alt\":\"Les parents fiers des \u00e9l\u00e8ves de Mazaya\"}\"><br \/>\n          <i class=\"icon icon--fullscreen color--global-hover\"><\/i><br \/>\n        <\/a>\n      <\/div>\n<\/p><\/div>\n<\/p><\/div>\n<\/div><\/div>\n<div class=\"node__media-container\">\n              <img decoding=\"async\" data-src=\"https:\/\/eumedbridge.eu\/wp-content\/uploads\/2022\/08\/MAZAYA-UE-GIF-3.gif\" width=\"800\" height=\"450\" alt=\"Musicien concentr\u00e9\" typeof=\"foaf:Image\" class=\"img-responsive lazyload\" src=\"data:image\/svg+xml;base64,PHN2ZyB3aWR0aD0iMSIgaGVpZ2h0PSIxIiB4bWxucz0iaHR0cDovL3d3dy53My5vcmcvMjAwMC9zdmciPjwvc3ZnPg==\" style=\"--smush-placeholder-width: 800px; --smush-placeholder-aspect-ratio: 800\/450;\" \/><\/p>\n<div class=\"media__overlay\">\n<div class=\"row middle-xs\">\n<div class=\"col-xs-12 col-sm-4\">\n<div class=\"media__title\">Musicien concentr\u00e9<\/div>\n<\/p><\/div>\n<div class=\"col-xs-12 col-sm-4\"><\/div>\n<div class=\"col-xs-12 col-sm-4\">\n<div class=\"media__share text-right\">\n                <a href=\"https:\/\/euneighbours.eu\/sites\/default\/files\/2018-08\/MAZAYA%20UE%20GIF%203.gif\" title=\"Musicien concentr\u00e9\" data-colorbox-gallery=\"gallery-image_block-1002-GK_Ag-rU3e0\" class=\"colorbox media__fullscreen\" data-cbox-img-attrs=\"{\"alt\":\"Musicien concentr\u00e9\"}\"><br \/>\n          <i class=\"icon icon--fullscreen color--global-hover\"><\/i><br \/>\n        <\/a>\n      <\/div>\n<\/p><\/div>\n<\/p><\/div>\n<\/div><\/div>\n<\/p><\/div>\n<div data-quickedit-field-id=\"paragraph\/1002\/field_para_body\/fr\/default\" class=\"node__text\">\n<p style=\"margin-top:.1pt; margin-right:0cm; margin-bottom:.1pt; margin-left:0cm; margin:0cm 0cm 10pt\"><span style=\"font-size:12pt\"><span style=\"font-family:Cambria,serif\"><b><span lang=\"FR\" style=\"font-family:\"Times New Roman\",serif\" xml_lang=\"FR\"><span style=\"color:black\">Une formation d\u2019\u00e9lite<\/span><\/span><\/b><\/span><\/span><\/p>\n<p style=\"margin-top:.1pt; margin-right:0cm; margin-bottom:.1pt; margin-left:0cm; margin:0cm 0cm 10pt\">\u00a0<\/p>\n<p style=\"margin-top:.1pt; margin-right:0cm; margin-bottom:.1pt; margin-left:0cm; margin:0cm 0cm 10pt\"><span style=\"font-size:12pt\"><span style=\"font-family:Cambria,serif\"><span lang=\"FR\" style=\"font-family:\"Times New Roman\",serif\" xml_lang=\"FR\"><span style=\"color:black\">Bienvenue \u00e0 l\u2019\u00e9cole Mazaya, un projet port\u00e9 par la Fondation T\u00e9nor pour la culture avec l\u2019appui financier de l\u2019UE.<\/span><\/span><\/span><\/span><\/p>\n<p style=\"margin-top:.1pt; margin-right:0cm; margin-bottom:.1pt; margin-left:0cm; margin:0cm 0cm 10pt\"><span style=\"font-size:12pt\"><span style=\"font-family:Cambria,serif\"><span lang=\"FR\" style=\"font-family:\"Times New Roman\",serif\" xml_lang=\"FR\"><span style=\"color:black\">Depuis sa cr\u00e9ation en 2007, la fondation T\u00e9nor qui \u0153uvre pour la d\u00e9mocratisation de la musique classique au Maroc, s\u2019est engag\u00e9e dans plusieurs projets culturels d\u2019envergure. <\/span><\/span><\/span><\/span><\/p>\n<p style=\"margin-top:.1pt; margin-right:0cm; margin-bottom:.1pt; margin-left:0cm; margin:0cm 0cm 10pt\">\u00a0<\/p>\n<p style=\"margin-top:.1pt; margin-right:0cm; margin-bottom:.1pt; margin-left:0cm; margin:0cm 0cm 10pt\"><span style=\"font-size:12pt\"><span style=\"font-family:Cambria,serif\"><span lang=\"FR\" style=\"font-family:\"Times New Roman\",serif\" xml_lang=\"FR\"><span style=\"color:black\">\u00ab\u00a0<i>L\u2019\u00e9cole Mazaya est un produit social qui a beaucoup de sens pour nous. Il r\u00e9pond tout d\u2019abord \u00e0 notre volont\u00e9 de rendre ses lettres de noblesse au m\u00e9tier de musicien. Ensuite, ce projet offre la possibilit\u00e9 d\u2019une insertion socioprofessionnelle en tant que musicien form\u00e9 \u00e0 des enfants issus de quartiers d\u00e9favoris\u00e9s. <\/i>\u00bb, lance d\u2019embl\u00e9e Dina Bensa\u00efd, directrice g\u00e9n\u00e9rale de la Fondation T\u00e9nor, et d\u2019ajouter\u00a0: \u00ab\u00a0<i>Apr\u00e8s six ans d\u2019activit\u00e9s, nous disposons aujourd\u2019hui d\u2019un groupe de 70 enfants qui auront tous la possibilit\u00e9 de gagner leur vie gr\u00e2ce \u00e0 leur instrument de musique. Apr\u00e8s un cycle central de 5 ans, l\u2019\u00e9l\u00e8ve passe \u00e0 un cycle sup\u00e9rieur de trois ans suite \u00e0 un concours s\u00e9lectif. A la fin de cette p\u00e9riode et pendant deux ans, il est accompagn\u00e9 pour int\u00e9grer un orchestre. Aujourd\u2019hui, 25 musiciens de Mazaya sont ins\u00e9r\u00e9s dans un orchestre classique.\u00a0<\/i>\u00bb Tous les instruments de l\u2019orchestre classique sont enseign\u00e9s \u00e0 Mazaya\u00a0: les cordes (violon, violoncelle, alto et contrebasse), les instruments \u00e0 vent (basson, clarinette, fl\u00fbte) et les instruments \u00e0 cuivre (trompette, trombone). Aux c\u00f4t\u00e9s de\u00a0l\u2019enseignement technique et artistique, les \u00e9l\u00e8ves de Mazaya suivent des cours en arabe, fran\u00e7ais, math\u00e9matiques\u2026 ils suivent \u00e9galement des cours de culture g\u00e9n\u00e9rale sur la musique. Quant \u00e0 l\u2019apprentissage des instruments, le corps professoral est compos\u00e9 de musiciens de l\u2019Orchestre philarmonique du Maroc. \u00ab\u00a0<i>Les enfants sont suivis par une \u00e9quipe p\u00e9dagogique avec un travail individualis\u00e9. On leur assure la formation musicale mais aussi celle pour la chorale et la formation technique pour le travail d\u2019orchestre\u00a0<\/i>\u00bb, assure M. Gibril Bennani, chef d\u2019orchestre Mazaya.<\/span><\/span><\/span><\/span><\/p>\n<p style=\"margin-top:.1pt; margin-right:0cm; margin-bottom:.1pt; margin-left:0cm; margin:0cm 0cm 10pt\">\u00a0<\/p>\n<p style=\"margin-top:.1pt; margin-right:0cm; margin-bottom:.1pt; margin-left:0cm; margin:0cm 0cm 10pt\"><span style=\"font-size:12pt\"><span style=\"font-family:Cambria,serif\"><span lang=\"FR\" style=\"font-family:\"Times New Roman\",serif\" xml_lang=\"FR\"><span style=\"color:black\">Afin de s\u00e9lectionner les futurs \u00e9l\u00e8ves de Mazaya, une \u00e9quipe proc\u00e8de \u00e0 des actions de prospection dans les quartiers pr\u00e9caires de Rabat, Sal\u00e9 et Temara. \u00ab\u00a0<i>Nous op\u00e9rons avec la technique du porte-\u00e0-porte pour identifier d\u2019\u00e9ventuels candidats, des enfants qui ont abandonn\u00e9 l\u2019\u00e9cole ou n\u2019ont jamais \u00e9t\u00e9 dans un \u00e9tablissement scolaire. A Mazaya, le choix<s> <\/s>se fait via un test de chant et une inspection de l\u2019oreille musicale. L\u2019\u00e9cole est bien \u00e9videmment gratuite.\u00a0<\/i>\u00bb, affirme Mme Meriem Amanna, responsable administrative chez Mazaya.<\/span><\/span><\/span><\/span><\/p>\n<\/div>\n<div class=\"node_view\"><\/div>\n<\/p><\/div>\n<div data-quickedit-entity-id=\"paragraph\/1003\" class=\"paragraph paragraph--type--image-block paragraph--view-mode--default\">\n<div data-quickedit-field-id=\"paragraph\/1003\/field_para_introduction\/fr\/default\" class=\"node__text\">\n<p style=\"margin-top:.1pt; margin-right:0cm; margin-bottom:.1pt; margin-left:0cm; margin:0cm 0cm 10pt\"><span style=\"font-size:12pt\"><span style=\"font-family:Cambria,serif\"><b><span lang=\"FR\" style=\"font-family:\"Times New Roman\",serif\" xml_lang=\"FR\"><span style=\"color:black\">Enfants et parents satisfaits<\/span><\/span><\/b><\/span><\/span><\/p>\n<p style=\"margin-top:.1pt; margin-right:0cm; margin-bottom:.1pt; margin-left:0cm; margin:0cm 0cm 10pt\">\u00a0<\/p>\n<p style=\"margin-top:.1pt; margin-right:0cm; margin-bottom:.1pt; margin-left:0cm; margin:0cm 0cm 10pt\"><span style=\"font-size:12pt\"><span style=\"font-family:Cambria,serif\"><span lang=\"FR\" style=\"font-family:\"Times New Roman\",serif\" xml_lang=\"FR\"><span style=\"color:black\">Sur place, les enfants en costume de circonstance, affichent une fiert\u00e9 certaine d\u2019\u00eatre l\u00e0 et de jouer de leur instrument devant leurs familles enthousiastes. Walid est un peu la star du groupe. Un des plus anciens \u00e9galement puisqu\u2019il fait partie de la premi\u00e8re promotion de Mazaya. \u00ab\u00a0<i>Cela fait cinq ans que j\u2019apprends \u00e0 jouer la contrebasse \u00e0 Mazaya. C\u2019est cet instrument qui m\u2019a sauv\u00e9 la vie. La musique m\u2019a transform\u00e9 et m\u2019a apais\u00e9.<\/i>\u00a0\u00bb, nous explique Walid. A 18 ans, il int\u00e9grera l\u2019Orchestre philarmonique du Maroc\u00a0: un r\u00eave pour tous ces enfants qui veulent faire de la musique leur m\u00e9tier d\u2019avenir. C\u2019est \u00e9galement le cas d\u2019Abdessamad, 16 ans, originaire de Sal\u00e9. Abdessamad est \u00e0 sa deuxi\u00e8me ann\u00e9e de violoncelle\u00a0: \u00ab\u00a0<i>Mazaya m\u2019a tout donn\u00e9. Apr\u00e8s avoir quitt\u00e9 l\u2019\u00e9cole, je croyais que je n\u2019avais plus d\u2019avenir. Aujourd\u2019hui, je sais ce que je veux\u00a0: devenir musicien professionnel.\u00a0<\/i>\u00bb <\/span><\/span><\/span><\/span><\/p>\n<p style=\"margin-top:.1pt; margin-right:0cm; margin-bottom:.1pt; margin-left:0cm; margin:0cm 0cm 10pt\"><span style=\"font-size:12pt\"><span style=\"font-family:Cambria,serif\"><span lang=\"FR\" style=\"font-family:\"Times New Roman\",serif\" xml_lang=\"FR\"><span style=\"color:black\">Pour leur part, les parents, venus admirer la prestation de leurs enfants, sont contents de voir leurs progr\u00e8s. Kawtar Nour est la m\u00e8re de deux \u00e9l\u00e8ves de Mazaya\u00a0: Oussama qui apprend le basson et Assia qui a choisi le violoncelle. \u00ab\u00a0<i>Mes deux enfants avaient abandonn\u00e9 l\u2019\u00e9cole. J\u2019ai eu la chance de prendre connaissance du projet Mazaya. La musique les a m\u00e9tamorphos\u00e9. Assia n\u2019aimait pas l\u2019\u00e9cole. Aujourd\u2019hui, elle suit tous ses cours avec plaisir. Elle est maintenant l\u2019une des meilleures \u00e9l\u00e8ves de sa classe, m\u00eame son sourire a chang\u00e9. J\u2019esp\u00e8re qu\u2019ils deviendront de grands musiciens et qu\u2019ils r\u00e9ussiront leur vie.\u00a0<\/i>\u00bb, <s>se<\/s> confie Mme Nour.<i> <\/i><\/span><\/span><\/span><\/span><\/p>\n<p style=\"margin-top:.1pt; margin-right:0cm; margin-bottom:.1pt; margin-left:0cm; margin:0cm 0cm 10pt\"><span style=\"font-size:12pt\"><span style=\"font-family:Cambria,serif\"><span lang=\"FR\" style=\"font-family:\"Times New Roman\",serif\" xml_lang=\"FR\"><span style=\"color:black\">Farah Boucha\u00efb est pour sa part, le p\u00e8re d\u2019Abdelkader qui s\u2019exerce au cor. Issu du quartier populaire Takadoum de Rabat, Abdelkader avait abandonn\u00e9 ses \u00e9tudes et \u00e9tait un enfant agit\u00e9. \u00ab\u00a0<i>Mazaya l\u2019a compl\u00e8tement chang\u00e9. Aujourd\u2019hui, il sait qu\u2019au bout de cette formation, il aura un vrai m\u00e9tier et un travail\u00a0<\/i>\u00bb, conclut M. Boucha\u00efb avec \u00e9motion.<\/span><\/span><\/span><\/span><\/p>\n<\/div>\n<div data-quickedit-field-id=\"paragraph\/1003\/field_para_image\/fr\/default\" class=\"node__media node__media--carousel node__media--right\">\n<div class=\"node__media-container\">\n              <img decoding=\"async\" data-src=\"https:\/\/eumedbridge.eu\/wp-content\/uploads\/2022\/08\/MAZAYA-UE-GIF-1.gif\" width=\"800\" height=\"450\" alt=\"R\u00e9p\u00e9tition\" typeof=\"foaf:Image\" class=\"img-responsive lazyload\" src=\"data:image\/svg+xml;base64,PHN2ZyB3aWR0aD0iMSIgaGVpZ2h0PSIxIiB4bWxucz0iaHR0cDovL3d3dy53My5vcmcvMjAwMC9zdmciPjwvc3ZnPg==\" style=\"--smush-placeholder-width: 800px; --smush-placeholder-aspect-ratio: 800\/450;\" \/><\/p>\n<div class=\"media__overlay\">\n<div class=\"row middle-xs\">\n<div class=\"col-xs-12 col-sm-4\">\n<div class=\"media__title\">R\u00e9p\u00e9tition<\/div>\n<\/p><\/div>\n<div class=\"col-xs-12 col-sm-4\"><\/div>\n<div class=\"col-xs-12 col-sm-4\">\n<div class=\"media__share text-right\">\n                <a href=\"https:\/\/euneighbours.eu\/sites\/default\/files\/2018-08\/MAZAYA%20UE%20GIF%201.gif\" title=\"R\u00e9p\u00e9tition\" data-colorbox-gallery=\"gallery-image_block-1003-GK_Ag-rU3e0\" class=\"colorbox media__fullscreen\" data-cbox-img-attrs=\"{\"alt\":\"R\u00e9p\u00e9tition\"}\"><br \/>\n          <i class=\"icon icon--fullscreen color--global-hover\"><\/i><br \/>\n        <\/a>\n      <\/div>\n<\/p><\/div>\n<\/p><\/div>\n<\/div><\/div>\n<div class=\"node__media-container\">\n              <img decoding=\"async\" data-src=\"https:\/\/eumedbridge.eu\/wp-content\/uploads\/2022\/08\/Mazaya-UE-5_0.jpg\" width=\"800\" height=\"450\" alt=\"Pendant le concert de Mazaya\" typeof=\"foaf:Image\" class=\"img-responsive lazyload\" src=\"data:image\/svg+xml;base64,PHN2ZyB3aWR0aD0iMSIgaGVpZ2h0PSIxIiB4bWxucz0iaHR0cDovL3d3dy53My5vcmcvMjAwMC9zdmciPjwvc3ZnPg==\" style=\"--smush-placeholder-width: 800px; --smush-placeholder-aspect-ratio: 800\/450;\" \/><\/p>\n<div class=\"media__overlay\">\n<div class=\"row middle-xs\">\n<div class=\"col-xs-12 col-sm-4\">\n<div class=\"media__title\">Pendant le concert de Mazaya<\/div>\n<\/p><\/div>\n<div class=\"col-xs-12 col-sm-4\"><\/div>\n<div class=\"col-xs-12 col-sm-4\">\n<div class=\"media__share text-right\">\n                <a href=\"https:\/\/euneighbours.eu\/sites\/default\/files\/2018-08\/Mazaya%20-%20UE%205_0.jpg\" title=\"Pendant le concert de Mazaya\" data-colorbox-gallery=\"gallery-image_block-1003-GK_Ag-rU3e0\" class=\"colorbox media__fullscreen\" data-cbox-img-attrs=\"{\"alt\":\"Pendant le concert de Mazaya\"}\"><br \/>\n          <i class=\"icon icon--fullscreen color--global-hover\"><\/i><br \/>\n        <\/a>\n      <\/div>\n<\/p><\/div>\n<\/p><\/div>\n<\/div><\/div>\n<div class=\"node__media-container\">\n              <img decoding=\"async\" data-src=\"https:\/\/eumedbridge.eu\/wp-content\/uploads\/2022\/08\/MAZAYA-UE-GIF-2.gif\" width=\"800\" height=\"450\" alt=\"Pendant le concert de Mazaya\" typeof=\"foaf:Image\" class=\"img-responsive lazyload\" src=\"data:image\/svg+xml;base64,PHN2ZyB3aWR0aD0iMSIgaGVpZ2h0PSIxIiB4bWxucz0iaHR0cDovL3d3dy53My5vcmcvMjAwMC9zdmciPjwvc3ZnPg==\" style=\"--smush-placeholder-width: 800px; --smush-placeholder-aspect-ratio: 800\/450;\" \/><\/p>\n<div class=\"media__overlay\">\n<div class=\"row middle-xs\">\n<div class=\"col-xs-12 col-sm-4\">\n<div class=\"media__title\">Pendant le concert de Mazaya<\/div>\n<\/p><\/div>\n<div class=\"col-xs-12 col-sm-4\"><\/div>\n<div class=\"col-xs-12 col-sm-4\">\n<div class=\"media__share text-right\">\n                <a href=\"https:\/\/euneighbours.eu\/sites\/default\/files\/2018-08\/MAZAYA%20UE%20GIF%202.gif\" title=\"Pendant le concert de Mazaya\" data-colorbox-gallery=\"gallery-image_block-1003-GK_Ag-rU3e0\" class=\"colorbox media__fullscreen\" data-cbox-img-attrs=\"{\"alt\":\"Pendant le concert de Mazaya\"}\"><br \/>\n          <i class=\"icon icon--fullscreen color--global-hover\"><\/i><br \/>\n        <\/a>\n      <\/div>\n<\/p><\/div>\n<\/p><\/div>\n<\/div><\/div>\n<div class=\"node__media-container\">\n              <img decoding=\"async\" data-src=\"https:\/\/eumedbridge.eu\/wp-content\/uploads\/2022\/08\/MAZAYA-UE-GIF-4.gif\" width=\"800\" height=\"450\" alt=\"L&#039;affiche du concert de fin d&#039;ann\u00e9e de Mazaya\" typeof=\"foaf:Image\" class=\"img-responsive lazyload\" src=\"data:image\/svg+xml;base64,PHN2ZyB3aWR0aD0iMSIgaGVpZ2h0PSIxIiB4bWxucz0iaHR0cDovL3d3dy53My5vcmcvMjAwMC9zdmciPjwvc3ZnPg==\" style=\"--smush-placeholder-width: 800px; --smush-placeholder-aspect-ratio: 800\/450;\" \/><\/p>\n<div class=\"media__overlay\">\n<div class=\"row middle-xs\">\n<div class=\"col-xs-12 col-sm-4\">\n<div class=\"media__title\">L&#039;affiche du concert de fin d&#039;ann\u00e9e de Mazaya<\/div>\n<\/p><\/div>\n<div class=\"col-xs-12 col-sm-4\"><\/div>\n<div class=\"col-xs-12 col-sm-4\">\n<div class=\"media__share text-right\">\n                <a href=\"https:\/\/euneighbours.eu\/sites\/default\/files\/2018-08\/MAZAYA%20UE%20GIF%204.gif\" title=\"L&#039;affiche du concert de fin d&#039;ann\u00e9e de Mazaya\" data-colorbox-gallery=\"gallery-image_block-1003-GK_Ag-rU3e0\" class=\"colorbox media__fullscreen\" data-cbox-img-attrs=\"{\"alt\":\"L&#039;affiche du concert de fin d&#039;ann\u00e9e de Mazaya\"}\"><br \/>\n          <i class=\"icon icon--fullscreen color--global-hover\"><\/i><br \/>\n        <\/a>\n      <\/div>\n<\/p><\/div>\n<\/p><\/div>\n<\/div><\/div>\n<\/p><\/div>\n<div data-quickedit-field-id=\"paragraph\/1003\/field_para_body\/fr\/default\" class=\"node__text\">\n<p style=\"margin-bottom:.0001pt; margin:0cm 0cm 10pt\"><span style=\"font-size:12pt\"><span style=\"font-family:Cambria,serif\"><span lang=\"FR-BE\" style=\"font-family:\"Times New Roman\",serif\" xml_lang=\"FR-BE\"><span style=\"color:black\">L&rsquo;union europ\u00e9enne accompagne le programme social Mazaya pour les enfants depuis mi-d\u00e9cembre 2015, et ce sur une p\u00e9riode de trois ans (15\/12\/2015-15\/12\/2018), \u00e0 travers un don de 5,5 millions de dirhams (500 000 euros) sur l&rsquo;ensemble de la p\u00e9riode. Concr\u00e8tement, l&rsquo;appui de l&rsquo;UE est venu soutenir le financement de la prise en charge de la deuxi\u00e8me promotion du programme (transport scolaire, achat d&rsquo;instruments de musique et d&rsquo;\u00e9quipements, corps professoral\u2026).<\/span><\/span><span lang=\"FR\" style=\"font-family:\"Times New Roman\",serif\" xml_lang=\"FR\"><span style=\"color:black\"> \u00ab\u00a0<\/span><\/span><i><span lang=\"FR-BE\" style=\"font-family:\"Times New Roman\",serif\" xml_lang=\"FR-BE\"><span style=\"color:black\">IL y a d\u2019une part cette volont\u00e9 de l&rsquo;U.E au Maroc d&rsquo;appuyer les diff\u00e9rentes strates de la soci\u00e9t\u00e9 marocaine dans l&rsquo;\u00e9ducation et la formation professionnelle. <\/span><\/span><\/i><i><span lang=\"FR\" style=\"background:white\" xml_lang=\"FR\"><span style=\"font-family:\"Times New Roman\",serif\"><span style=\"color:black\">De l&rsquo;Etat, en passant par le secteur priv\u00e9 et la soci\u00e9t\u00e9 civile, nous favorisons une approche int\u00e9gr\u00e9e entre et envers les diff\u00e9rents acteurs du syst\u00e8me. <\/span><\/span><\/span><\/i><i><span lang=\"FR-BE\" style=\"font-family:\"Times New Roman\",serif\" xml_lang=\"FR-BE\"><span style=\"color:black\">La soci\u00e9t\u00e9 civile constitue \u00e0 ce titre un acteur important \u00e0 la fois pour la dynamique globale de la soci\u00e9t\u00e9 marocaine mais aussi en tant que force porteuse d&rsquo;initiatives cr\u00e9atives et cr\u00e9atrices d&rsquo;opportunit\u00e9s nouvelles. D\u2019autre part, l&rsquo;U.E accompagne la d\u00e9clinaison de la strat\u00e9gie nationale de formation professionnelle \u00e0 horizon 2021 par un appui \u00e0 l&rsquo;Etat et aussi par le soutien d&rsquo;une offre en formation professionnelle adapt\u00e9e au besoin des r\u00e9gions et des march\u00e9s <\/span><\/span><\/i><span lang=\"FR-BE\" style=\"font-family:\"Times New Roman\",serif\" xml_lang=\"FR-BE\"><span style=\"color:black\">\u00bb, <\/span><\/span><span lang=\"FR\" style=\"font-family:\"Times New Roman\",serif\" xml_lang=\"FR\"><span style=\"color:black\">t\u00e9moigne<\/span><\/span> <span lang=\"FR-BE\" style=\"font-family:\"Times New Roman\",serif\" xml_lang=\"FR-BE\"><span style=\"color:black\">la D\u00e9l\u00e9gation de l\u2019U.E \u00e0 Rabat.<\/span><\/span><\/span><\/span><\/p>\n<p style=\"margin-bottom:.0001pt; margin:0cm 0cm 10pt\"><span style=\"font-size:12pt\"><span style=\"font-family:Cambria,serif\">\u00a0<\/span><\/span><\/p>\n<p style=\"margin-bottom:.0001pt; margin:0cm 0cm 10pt\"><span style=\"font-size:12pt\"><span style=\"font-family:Cambria,serif\"><span lang=\"FR-BE\" style=\"font-family:\"Times New Roman\",serif\" xml_lang=\"FR-BE\"><span style=\"color:black\">\u00ab\u00a0<i>L&rsquo;Union europ\u00e9enne croit aussi en la force du capital humain pour le d\u00e9veloppement du pays et en une chance pour tous, c&rsquo;est pourquoi un projet tel que Mazaya, porteur d&rsquo;espoir pour des jeunes en d\u00e9crochage scolaire et provenant de milieux parfois difficiles, a capt\u00e9 notre attention. On dit que la musique adoucit les m\u0153urs, et ce projet illustre bien ce propos, en apportant \u00e0 tous ces jeunes la possibilit\u00e9 d&rsquo;une formation musicale, coupl\u00e9e \u00e0 une formation professionnelle, le tout dans un cadre d&rsquo;accompagnement social et de sant\u00e9 des enfants\u00a0<\/i>\u00bb, nous d\u00e9clare Mme Claudia Wiedey, Ambassadeur de l\u2019Union europ\u00e9enne au Maroc.<\/span><\/span><\/span><\/span><\/p>\n<p style=\"margin-top:.1pt; margin-right:0cm; margin-bottom:.1pt; margin-left:0cm; margin:0cm 0cm 10pt\">\u00a0<\/p>\n<p style=\"margin-top:.1pt; margin-right:0cm; margin-bottom:.1pt; margin-left:0cm; margin:0cm 0cm 10pt\"><span style=\"font-size:12pt\"><span style=\"font-family:Cambria,serif\"><span lang=\"FR\" style=\"font-family:\"Times New Roman\",serif\" xml_lang=\"FR\"><span style=\"color:black\">Gr\u00e2ce au financement de l\u2019UE et la Fondation T\u00e9nor, la vie de dizaines d\u2019enfants a pris un tournant positif palpable. D\u00e9sormais ils envisagent un avenir tout en musique. <\/span><\/span><\/span><\/span><\/p>\n<p style=\"margin-bottom:.0001pt; margin:0cm 0cm 10pt\">\u00a0<\/p>\n<p style=\"margin-bottom:.0001pt; margin:0cm 0cm 10pt\"><meta charset=\"utf-8\" \/><b id=\"docs-internal-guid-49cd9f2b-7fff-525e-48d5-93367fe74f66\"><a href=\"https:\/\/www.youtube.com\/watch?v=bS4ZRYgrSuE&#038;feature=youtu.be\">Lien Youtube<\/a><\/b><\/p>\n<p style=\"margin-bottom:.0001pt; margin:0cm 0cm 10pt\"><meta charset=\"utf-8\" \/><b id=\"docs-internal-guid-dd3e0101-7fff-b966-47e3-b1a82ffb6d35\"><a href=\"https:\/\/www.facebook.com\/euneighbours\/videos\/886746728187494\/\">Lien Facebook<\/a><\/b><\/p>\n<p><meta charset=\"utf-8\" \/><b id=\"docs-internal-guid-40f5743e-7fff-6d73-fb81-e02caa0ca664\"><a href=\"https:\/\/www.flickr.com\/photos\/euneighbours-south\/albums\/72157693738938705\">Photos<\/a><\/b><b><a href=\"https:\/\/www.flickr.com\/photos\/euneighbours-south\/albums\/72157693738938705\">Flickr<\/a><\/b><\/p>\n<p>\u00a0<\/p>\n<p>\u00a0<\/p>\n<\/div>\n<div class=\"node_view\"><\/div>\n<\/p><\/div>\n","protected":false},"featured_media":0,"parent":0,"template":"","story_category":[],"country":[1953],"special_action":[],"custom_tag":[1874,2312,2315,1970,1897,1870],"class_list":["post-204076","story","type-story","status-publish","hentry","country-maroc","custom_tag-culture-fr","custom_tag-developpement-durable","custom_tag-emploi-et-entrpreuneuriat","custom_tag-jeunesse","custom_tag-medias","custom_tag-societe-civile"],"acf":[],"yoast_head":"<!-- This site is optimized with the Yoast SEO plugin v26.5 - https:\/\/yoast.com\/wordpress\/plugins\/seo\/ -->\n<title>Mazaya, une \u00e9cole tout en musique - Voisins de l&#039;UE<\/title>\n<meta name=\"robots\" content=\"index, follow, max-snippet:-1, max-image-preview:large, max-video-preview:-1\" \/>\n<link rel=\"canonical\" href=\"https:\/\/www.eumedbridge.eu\/fr\/story\/mazaya-une-ecole-tout-en-musique\/\" \/>\n<meta property=\"og:locale\" content=\"fr_FR\" \/>\n<meta property=\"og:type\" content=\"article\" \/>\n<meta property=\"og:title\" content=\"Mazaya, une \u00e9cole tout en musique - Voisins de l&#039;UE\" \/>\n<meta property=\"og:description\" content=\"Depuis 2012, le projet Mazaya dispense \u00e0 des enfants \u00e9lev\u00e9s dans des conditions d\u00e9favorables et en rupture scolaire, une double formation combinant \u00e9ducation scolaire et cursus musical professionnel. Financ\u00e9 par l\u2019UE, ce projet pr\u00e9sente une double vocation\u00a0: sociale et culturelle. Dimanche 24 juin, Auditorium de l\u2019\u00c9cole internationale de musique et de danse (EIMD), Rabat. \u00a0 [&hellip;]\" \/>\n<meta property=\"og:url\" content=\"https:\/\/www.eumedbridge.eu\/fr\/story\/mazaya-une-ecole-tout-en-musique\/\" \/>\n<meta property=\"og:site_name\" content=\"Voisins de l&#039;UE\" \/>\n<meta property=\"article:publisher\" content=\"https:\/\/www.facebook.com\/eumedbridge\/\" \/>\n<meta property=\"article:modified_time\" content=\"2022-08-17T13:30:51+00:00\" \/>\n<meta property=\"og:image\" content=\"https:\/\/www.eumedbridge.eu\/wp-content\/uploads\/2022\/05\/Mazaya-UE-6-scaled.jpg\" \/>\n\t<meta property=\"og:image:width\" content=\"2560\" \/>\n\t<meta property=\"og:image:height\" content=\"1049\" \/>\n\t<meta property=\"og:image:type\" content=\"image\/jpeg\" \/>\n<meta name=\"twitter:card\" content=\"summary_large_image\" \/>\n<meta name=\"twitter:site\" content=\"@eumedbridge\" \/>\n<meta name=\"twitter:label1\" content=\"Dur\u00e9e de lecture estim\u00e9e\" \/>\n\t<meta name=\"twitter:data1\" content=\"7 minutes\" \/>\n<script type=\"application\/ld+json\" class=\"yoast-schema-graph\">{\"@context\":\"https:\/\/schema.org\",\"@graph\":[{\"@type\":\"WebPage\",\"@id\":\"https:\/\/www.eumedbridge.eu\/fr\/story\/mazaya-une-ecole-tout-en-musique\/\",\"url\":\"https:\/\/www.eumedbridge.eu\/fr\/story\/mazaya-une-ecole-tout-en-musique\/\",\"name\":\"Mazaya, une \u00e9cole tout en musique - Voisins de l'UE\",\"isPartOf\":{\"@id\":\"https:\/\/www.eumedbridge.eu\/#website\"},\"primaryImageOfPage\":{\"@id\":\"https:\/\/www.eumedbridge.eu\/fr\/story\/mazaya-une-ecole-tout-en-musique\/#primaryimage\"},\"image\":{\"@id\":\"https:\/\/www.eumedbridge.eu\/fr\/story\/mazaya-une-ecole-tout-en-musique\/#primaryimage\"},\"thumbnailUrl\":\"https:\/\/eumedbridge.eu\/wp-content\/uploads\/2022\/08\/Mazaya-UE-4.jpg\",\"datePublished\":\"2018-08-13T21:00:00+00:00\",\"dateModified\":\"2022-08-17T13:30:51+00:00\",\"breadcrumb\":{\"@id\":\"https:\/\/www.eumedbridge.eu\/fr\/story\/mazaya-une-ecole-tout-en-musique\/#breadcrumb\"},\"inLanguage\":\"fr-FR\",\"potentialAction\":[{\"@type\":\"ReadAction\",\"target\":[\"https:\/\/www.eumedbridge.eu\/fr\/story\/mazaya-une-ecole-tout-en-musique\/\"]}]},{\"@type\":\"ImageObject\",\"inLanguage\":\"fr-FR\",\"@id\":\"https:\/\/www.eumedbridge.eu\/fr\/story\/mazaya-une-ecole-tout-en-musique\/#primaryimage\",\"url\":\"https:\/\/eumedbridge.eu\/wp-content\/uploads\/2022\/08\/Mazaya-UE-4.jpg\",\"contentUrl\":\"https:\/\/eumedbridge.eu\/wp-content\/uploads\/2022\/08\/Mazaya-UE-4.jpg\"},{\"@type\":\"BreadcrumbList\",\"@id\":\"https:\/\/www.eumedbridge.eu\/fr\/story\/mazaya-une-ecole-tout-en-musique\/#breadcrumb\",\"itemListElement\":[{\"@type\":\"ListItem\",\"position\":1,\"name\":\"Home\",\"item\":\"https:\/\/www.eumedbridge.eu\/fr\/home-page\/\"},{\"@type\":\"ListItem\",\"position\":2,\"name\":\"Histoires\",\"item\":\"https:\/\/www.eumedbridge.eu\/fr\/story\/\"},{\"@type\":\"ListItem\",\"position\":3,\"name\":\"Mazaya, une \u00e9cole tout en musique\"}]},{\"@type\":\"WebSite\",\"@id\":\"https:\/\/www.eumedbridge.eu\/#website\",\"url\":\"https:\/\/www.eumedbridge.eu\/\",\"name\":\"EU Medbridge\",\"description\":\"\",\"publisher\":{\"@id\":\"https:\/\/www.eumedbridge.eu\/#organization\"},\"potentialAction\":[{\"@type\":\"SearchAction\",\"target\":{\"@type\":\"EntryPoint\",\"urlTemplate\":\"https:\/\/www.eumedbridge.eu\/?s={search_term_string}\"},\"query-input\":{\"@type\":\"PropertyValueSpecification\",\"valueRequired\":true,\"valueName\":\"search_term_string\"}}],\"inLanguage\":\"fr-FR\"},{\"@type\":\"Organization\",\"@id\":\"https:\/\/www.eumedbridge.eu\/#organization\",\"name\":\"EU Medbridge\",\"url\":\"https:\/\/www.eumedbridge.eu\/\",\"logo\":{\"@type\":\"ImageObject\",\"inLanguage\":\"fr-FR\",\"@id\":\"https:\/\/www.eumedbridge.eu\/#\/schema\/logo\/image\/\",\"url\":\"https:\/\/www.eumedbridge.eu\/wp-content\/uploads\/2021\/12\/Logo.png\",\"contentUrl\":\"https:\/\/www.eumedbridge.eu\/wp-content\/uploads\/2021\/12\/Logo.png\",\"width\":325,\"height\":114,\"caption\":\"EU Medbridge\"},\"image\":{\"@id\":\"https:\/\/www.eumedbridge.eu\/#\/schema\/logo\/image\/\"},\"sameAs\":[\"https:\/\/www.facebook.com\/eumedbridge\/\",\"https:\/\/x.com\/eumedbridge\",\"https:\/\/www.linkedin.com\/company\/eumedbridge\",\"https:\/\/www.youtube.com\/@eumedbridge\",\"https:\/\/www.instagram.com\/eumedbridge\",\"https:\/\/www.flickr.com\/photos\/euneighbours-south\/\"]}]}<\/script>\n<!-- \/ Yoast SEO plugin. -->","yoast_head_json":{"title":"Mazaya, une \u00e9cole tout en musique - Voisins de l'UE","robots":{"index":"index","follow":"follow","max-snippet":"max-snippet:-1","max-image-preview":"max-image-preview:large","max-video-preview":"max-video-preview:-1"},"canonical":"https:\/\/www.eumedbridge.eu\/fr\/story\/mazaya-une-ecole-tout-en-musique\/","og_locale":"fr_FR","og_type":"article","og_title":"Mazaya, une \u00e9cole tout en musique - Voisins de l'UE","og_description":"Depuis 2012, le projet Mazaya dispense \u00e0 des enfants \u00e9lev\u00e9s dans des conditions d\u00e9favorables et en rupture scolaire, une double formation combinant \u00e9ducation scolaire et cursus musical professionnel. Financ\u00e9 par l\u2019UE, ce projet pr\u00e9sente une double vocation\u00a0: sociale et culturelle. Dimanche 24 juin, Auditorium de l\u2019\u00c9cole internationale de musique et de danse (EIMD), Rabat. \u00a0 [&hellip;]","og_url":"https:\/\/www.eumedbridge.eu\/fr\/story\/mazaya-une-ecole-tout-en-musique\/","og_site_name":"Voisins de l'UE","article_publisher":"https:\/\/www.facebook.com\/eumedbridge\/","article_modified_time":"2022-08-17T13:30:51+00:00","og_image":[{"width":2560,"height":1049,"url":"https:\/\/www.eumedbridge.eu\/wp-content\/uploads\/2022\/05\/Mazaya-UE-6-scaled.jpg","type":"image\/jpeg"}],"twitter_card":"summary_large_image","twitter_site":"@eumedbridge","twitter_misc":{"Dur\u00e9e de lecture estim\u00e9e":"7 minutes"},"schema":{"@context":"https:\/\/schema.org","@graph":[{"@type":"WebPage","@id":"https:\/\/www.eumedbridge.eu\/fr\/story\/mazaya-une-ecole-tout-en-musique\/","url":"https:\/\/www.eumedbridge.eu\/fr\/story\/mazaya-une-ecole-tout-en-musique\/","name":"Mazaya, une \u00e9cole tout en musique - Voisins de l'UE","isPartOf":{"@id":"https:\/\/www.eumedbridge.eu\/#website"},"primaryImageOfPage":{"@id":"https:\/\/www.eumedbridge.eu\/fr\/story\/mazaya-une-ecole-tout-en-musique\/#primaryimage"},"image":{"@id":"https:\/\/www.eumedbridge.eu\/fr\/story\/mazaya-une-ecole-tout-en-musique\/#primaryimage"},"thumbnailUrl":"https:\/\/eumedbridge.eu\/wp-content\/uploads\/2022\/08\/Mazaya-UE-4.jpg","datePublished":"2018-08-13T21:00:00+00:00","dateModified":"2022-08-17T13:30:51+00:00","breadcrumb":{"@id":"https:\/\/www.eumedbridge.eu\/fr\/story\/mazaya-une-ecole-tout-en-musique\/#breadcrumb"},"inLanguage":"fr-FR","potentialAction":[{"@type":"ReadAction","target":["https:\/\/www.eumedbridge.eu\/fr\/story\/mazaya-une-ecole-tout-en-musique\/"]}]},{"@type":"ImageObject","inLanguage":"fr-FR","@id":"https:\/\/www.eumedbridge.eu\/fr\/story\/mazaya-une-ecole-tout-en-musique\/#primaryimage","url":"https:\/\/eumedbridge.eu\/wp-content\/uploads\/2022\/08\/Mazaya-UE-4.jpg","contentUrl":"https:\/\/eumedbridge.eu\/wp-content\/uploads\/2022\/08\/Mazaya-UE-4.jpg"},{"@type":"BreadcrumbList","@id":"https:\/\/www.eumedbridge.eu\/fr\/story\/mazaya-une-ecole-tout-en-musique\/#breadcrumb","itemListElement":[{"@type":"ListItem","position":1,"name":"Home","item":"https:\/\/www.eumedbridge.eu\/fr\/home-page\/"},{"@type":"ListItem","position":2,"name":"Histoires","item":"https:\/\/www.eumedbridge.eu\/fr\/story\/"},{"@type":"ListItem","position":3,"name":"Mazaya, une \u00e9cole tout en musique"}]},{"@type":"WebSite","@id":"https:\/\/www.eumedbridge.eu\/#website","url":"https:\/\/www.eumedbridge.eu\/","name":"EU Medbridge","description":"","publisher":{"@id":"https:\/\/www.eumedbridge.eu\/#organization"},"potentialAction":[{"@type":"SearchAction","target":{"@type":"EntryPoint","urlTemplate":"https:\/\/www.eumedbridge.eu\/?s={search_term_string}"},"query-input":{"@type":"PropertyValueSpecification","valueRequired":true,"valueName":"search_term_string"}}],"inLanguage":"fr-FR"},{"@type":"Organization","@id":"https:\/\/www.eumedbridge.eu\/#organization","name":"EU Medbridge","url":"https:\/\/www.eumedbridge.eu\/","logo":{"@type":"ImageObject","inLanguage":"fr-FR","@id":"https:\/\/www.eumedbridge.eu\/#\/schema\/logo\/image\/","url":"https:\/\/www.eumedbridge.eu\/wp-content\/uploads\/2021\/12\/Logo.png","contentUrl":"https:\/\/www.eumedbridge.eu\/wp-content\/uploads\/2021\/12\/Logo.png","width":325,"height":114,"caption":"EU Medbridge"},"image":{"@id":"https:\/\/www.eumedbridge.eu\/#\/schema\/logo\/image\/"},"sameAs":["https:\/\/www.facebook.com\/eumedbridge\/","https:\/\/x.com\/eumedbridge","https:\/\/www.linkedin.com\/company\/eumedbridge","https:\/\/www.youtube.com\/@eumedbridge","https:\/\/www.instagram.com\/eumedbridge","https:\/\/www.flickr.com\/photos\/euneighbours-south\/"]}]}},"_links":{"self":[{"href":"https:\/\/www.eumedbridge.eu\/fr\/wp-json\/wp\/v2\/story\/204076","targetHints":{"allow":["GET"]}}],"collection":[{"href":"https:\/\/www.eumedbridge.eu\/fr\/wp-json\/wp\/v2\/story"}],"about":[{"href":"https:\/\/www.eumedbridge.eu\/fr\/wp-json\/wp\/v2\/types\/story"}],"wp:attachment":[{"href":"https:\/\/www.eumedbridge.eu\/fr\/wp-json\/wp\/v2\/media?parent=204076"}],"wp:term":[{"taxonomy":"story_category","embeddable":true,"href":"https:\/\/www.eumedbridge.eu\/fr\/wp-json\/wp\/v2\/story_category?post=204076"},{"taxonomy":"country","embeddable":true,"href":"https:\/\/www.eumedbridge.eu\/fr\/wp-json\/wp\/v2\/country?post=204076"},{"taxonomy":"special_action","embeddable":true,"href":"https:\/\/www.eumedbridge.eu\/fr\/wp-json\/wp\/v2\/special_action?post=204076"},{"taxonomy":"custom_tag","embeddable":true,"href":"https:\/\/www.eumedbridge.eu\/fr\/wp-json\/wp\/v2\/custom_tag?post=204076"}],"curies":[{"name":"wp","href":"https:\/\/api.w.org\/{rel}","templated":true}]}}