{"id":204087,"date":"2018-01-29T00:00:00","date_gmt":"2018-01-28T22:00:00","guid":{"rendered":"https:\/\/eumedbridge.eu\/story\/marrakech-entrepreneurs-sociaux-moments-dechange-et-de-reflexion\/"},"modified":"2022-08-17T16:31:04","modified_gmt":"2022-08-17T13:31:04","slug":"marrakech-entrepreneurs-sociaux-moments-dechange-et-de-reflexion","status":"publish","type":"story","link":"https:\/\/www.eumedbridge.eu\/fr\/story\/marrakech-entrepreneurs-sociaux-moments-dechange-et-de-reflexion\/","title":{"rendered":"Marrakech : Entrepreneurs sociaux\u2026 moments d\u2019\u00e9change et de r\u00e9flexion."},"content":{"rendered":"<blockquote>\n<p>Pendant quatre jours, \u00e0 Marrakech, s\u2019est tenu un bootcamp de l\u2019entreprenariat social, auquel ont particip\u00e9 des jeunes de Tunisie, d\u2019Alg\u00e9rie et du Maroc, avec l\u2019encadrement d\u2019experts internationaux. Ce bootcamp est le troisi\u00e8me apr\u00e8s deux autres tenus en Tunisie et en Alg\u00e9rie. Il est organis\u00e9 dans le cadre du programme SEED Euro-Med, un programme d\u2019\u00e9change financ\u00e9 par l\u2019Union europ\u00e9enne pour soutenir les entrepreneurs sociaux \u00e0 travers l\u2019apprentissage mutuel et le dialogue interculturel.<\/p>\n<p>Le programme SEED Euro-Med, mis en \u0153uvre par cinq ONGs install\u00e9es \u00e0 Londres, Paris, Alger, Tunis et Rabat, offre aux nouveaux entrepreneurs la possibilit\u00e9 d\u2019acqu\u00e9rir ou d\u2019\u00e9changer des connaissances et des id\u00e9es entrepreneuriales avec un entrepreneur social exp\u00e9riment\u00e9, et aupr\u00e8s duquel ils s\u00e9journent d\u2019un \u00e0 trois mois. Ils sont indemnis\u00e9s d\u2019un montant mensuel variant de 850 \u00e0 1100 euros, plus la prise en charge des billets d\u2019avions.<\/p>\n<\/blockquote>\n<div data-quickedit-entity-id=\"paragraph\/491\" class=\"paragraph paragraph--type--image-block paragraph--view-mode--default\">\n<div data-quickedit-field-id=\"paragraph\/491\/field_para_image\/fr\/default\" class=\"node__media node__media--carousel node__media--right\">\n<div class=\"node__media-container\">\n              <img decoding=\"async\" data-src=\"https:\/\/eumedbridge.eu\/wp-content\/uploads\/2022\/08\/IMG_1559-Haka-Group-photo_1.jpg\" width=\"800\" height=\"450\" alt=\"Le groupe Haka\" typeof=\"foaf:Image\" class=\"img-responsive lazyload\" src=\"data:image\/svg+xml;base64,PHN2ZyB3aWR0aD0iMSIgaGVpZ2h0PSIxIiB4bWxucz0iaHR0cDovL3d3dy53My5vcmcvMjAwMC9zdmciPjwvc3ZnPg==\" style=\"--smush-placeholder-width: 800px; --smush-placeholder-aspect-ratio: 800\/450;\" \/><\/p>\n<div class=\"media__overlay\">\n<div class=\"row middle-xs\">\n<div class=\"col-xs-12 col-sm-10\">\n<div class=\"media__title\">Le groupe Haka<\/div>\n<\/p><\/div>\n<div class=\"col-xs-12 col-sm-2\">\n<div class=\"media__share text-right\">\n                <a href=\"https:\/\/euneighbours.eu\/sites\/default\/files\/2018-01\/IMG_1559%20Haka%20Group%20photo_1.JPG\" title=\"Le groupe Haka\" data-colorbox-gallery=\"gallery-image_block-491-GK_Ag-rU3e0\" class=\"colorbox media__fullscreen\" data-cbox-img-attrs=\"{\"alt\":\"Le groupe Haka\"}\"><br \/>\n          <i class=\"icon icon--fullscreen color--global-hover\"><\/i><br \/>\n        <\/a>\n      <\/div>\n<\/p><\/div>\n<\/p><\/div>\n<\/div><\/div>\n<\/p><\/div>\n<div data-quickedit-field-id=\"paragraph\/491\/field_para_body\/fr\/default\" class=\"node__text\">\n<p>Le programme a pu organiser des op\u00e9rations d\u2019\u00e9change entre les entrepreneurs sociaux aussi bien au Maroc qu\u2019en Alg\u00e9rie, en Tunisie, en Italie, en Gr\u00e8ce ou en Grande-Bretagne.<\/p>\n<p>Les participants au bootcamp de Marrakech sont de nouveaux entrepreneurs sociaux. D\u2019autres ont d\u00e9j\u00e0 d\u00e9velopp\u00e9 une id\u00e9e d\u2019entreprise. L\u2019ensemble des participants \u00e9taient pr\u00e9sents afin d\u2019approfondir leurs connaissances et leur savoir-faire sur l\u2019entreprise sociale.<\/p>\n<p>Cette activit\u00e9 a fourni aux participants l\u2019occasion de se familiariser avec le processus de la cr\u00e9ation et de la gestion de l\u2019entreprise sociale. Ce processus se compose de dix \u00e9tapes : de l\u2019identification du probl\u00e8me jusqu&rsquo;\u00e0 la d\u00e9finition puis la mise en place d\u2019une solution durable sous la forme d\u2019une entreprise sociale.<\/p>\n<p>Durant le bootcamp, ce th\u00e8me a fait l\u2019objet de longues discussions entre les participants et les experts pr\u00e9sents. Au cours de l\u2019une des pauses, les participants \u00e9changent avec Vera Borsboom, la directrice du programme \u00e0 Londres. Selon elle, \u00ab l\u2019essentiel pour l\u2019entreprise sociale n\u2019est pas le profit mais le fait de participer \u00e0 traiter un probl\u00e8me soci\u00e9tal. Cependant, pour r\u00e9aliser cela et pour garantir la p\u00e9rennit\u00e9, l\u2019entreprise sociale se doit de savoir comment r\u00e9aliser aussi des profits. \u00bb Et pour expliquer davantage : \u00ab Il faut maximiser le volet social par rapport au volet commercial \u00bb, ajoute Vera.<\/p>\n<p>Najib, un participant de Tunisie n\u2019a pas d\u2019entreprise au sens juridique du terme mais son exp\u00e9rience personnelle l\u2019a pouss\u00e9 \u00e0 venir au bootcamp afin d\u2019apprendre comment cr\u00e9er et g\u00e9rer avec succ\u00e8s sa future entreprise sociale. Actuellement Najib travaille en collaboration avec cinq femmes au sein d\u2019un groupe qui se fait appeler \u2018Tilli Tanit\u2019 (ce qui signifie \u2018L\u2019ombre de la reine\u2019 en amazigh) et qui produit des v\u00eatements traditionnels avec de la broderie en fil de soie ou de d\u2019argent.<\/p>\n<p>Avec beaucoup de passion et d\u2019\u00e9motions vives, Najib trace le parcours qui l\u2019a conduit \u00e0 cr\u00e9er le groupe \u2018Tilli Tanit\u2019 : \u00ab Au travail de la mer, mon p\u00e8re avait joint l\u2019agriculture dans la r\u00e9gion d\u2019El Mehdia sur la c\u00f4te tunisienne. Il d\u00e9sirait que je partage avec lui son m\u00e9tier. Mais moi, j\u2019\u00e9tais passionn\u00e9, depuis mon enfance, par l\u2019art et le travail de la broderie de ma m\u00e8re \u00bb, nous raconte Najib. Ce qui a mis son p\u00e8re en col\u00e8re. Apres avoir r\u00e9ussi son baccalaur\u00e9at, il a \u00e9tudi\u00e9 pendant trois ans, dans un institut de textile.<\/p>\n<p>\u00ab Apres cela, la r\u00e9volution de 2011 a \u00e9clat\u00e9 et les portes se sont ouvertes \u00bb, dit Najib avec fiert\u00e9. Najib a ralli\u00e9 la capitale et a vu de pr\u00e8s le mouvement social. Apres cela, il retourne de nouveau \u00e0 El Mehdia o\u00f9 il a rencontr\u00e9 les cinq brodeuses.<\/p>\n<p>\u00ab Apr\u00e8s quatre jours au bootcamp, j\u2019ai maintenant une vision claire du processus \u00e0 suivre pour cr\u00e9er et g\u00e9rer mon entreprise sociale avec mes cinq partenaires \u00bb, conclut Najib avec satisfaction.<\/p>\n<p>Kamal, le coordinateur du programme en Alg\u00e9rie, a accumul\u00e9 une exp\u00e9rience dans l\u2019action avec les entrepreneurs sociaux. Il met l\u2019accent sur l\u2019importance du programme SEED Euro-Med. \u00ab Un tel projet contribue \u00e0 l\u2019appui de la s\u00e9curit\u00e9 et de la stabilit\u00e9 dans la r\u00e9gion du Maghreb. L\u2019entreprise sociale constitue un moyen efficace pour int\u00e9grer des femmes dans des situations difficiles, des handicap\u00e9s, des personnes \u00e2g\u00e9es et des enfants\u2026 \u00bb, observe Kamal.<\/p>\n<p>\u00ab Le bootcamp de Marrakech, rench\u00e9rit Kamal, nous a permis de consolider ce que nous avons fait durant trois ans dans l\u2019encadrement et l\u2019accompagnement des nouveaux entrepreneurs sociaux. \u00bb<\/p>\n<p>Un autre participant, Younes, un jeune ing\u00e9nieur en g\u00e9nie civil, ambitionne de cr\u00e9er sa propre entreprise sociale. Il poss\u00e8de d\u00e9j\u00e0 une exp\u00e9rience au sein d\u2019une association \u00e0 vocation sociale.<\/p>\n<p>\u00ab Mon histoire commence alors que j\u2019\u00e9tais \u00e9tudiant \u00e0 l\u2019\u00e9cole des ing\u00e9nieurs \u00e0 Casablanca, j\u2019ai \u00e9labor\u00e9 un concept pour attaquer l\u2019habitat insalubre \u00bb, nous dit Younes. \u00ab Moi et l\u2019un de mes amis avons essay\u00e9 de concr\u00e9tiser notre concept de construire \u00e0 90% \u00e0 partir de l\u2019argile et \u00e0 10% du ciment. Nos tentatives ont \u00e9chou\u00e9, mais apr\u00e8s de gros efforts nous avons r\u00e9ussi \u00e0 r\u00e9aliser deux constructions. Nous pensons maintenant \u00e0 cr\u00e9er notre entreprise. Le bootcamp de Marrakech m\u2019a aid\u00e9 \u00e0 ma\u00eetriser le processus de la cr\u00e9ation d\u2019une entreprise sociale \u00bb, a conclu Younes.<\/p>\n<p>A la fin du bootcamp, les participants ont pr\u00e9sent\u00e9 leurs projets devant les experts. Ils sont conscients des difficult\u00e9s auxquelles ils devront faire face, mais arm\u00e9s pour s\u2019engager dans l\u2019aventure. Ces m\u00eames difficult\u00e9s que \u00ab l\u2019on peut d\u00e9passer si les efforts des pouvoirs publics, des \u00e9lus, des acteurs \u00e9conomiques, et de la soci\u00e9t\u00e9 civile se conjuguaient \u00bb selon Wiaam, la coordinatrice du projet au Maroc.<\/p>\n<\/div>\n<div class=\"node_view\"><\/div>\n<\/p><\/div>\n","protected":false},"featured_media":0,"parent":0,"template":"","story_category":[],"country":[1953],"special_action":[],"custom_tag":[2312,2315,1970],"class_list":["post-204087","story","type-story","status-publish","hentry","country-maroc","custom_tag-developpement-durable","custom_tag-emploi-et-entrpreuneuriat","custom_tag-jeunesse"],"acf":[],"yoast_head":"<!-- This site is optimized with the Yoast SEO plugin v26.5 - https:\/\/yoast.com\/wordpress\/plugins\/seo\/ -->\n<title>Marrakech : Entrepreneurs sociaux\u2026 moments d\u2019\u00e9change et de r\u00e9flexion. - Voisins de l&#039;UE<\/title>\n<meta name=\"robots\" content=\"index, follow, max-snippet:-1, max-image-preview:large, max-video-preview:-1\" \/>\n<link rel=\"canonical\" href=\"https:\/\/www.eumedbridge.eu\/fr\/story\/marrakech-entrepreneurs-sociaux-moments-dechange-et-de-reflexion\/\" \/>\n<meta property=\"og:locale\" content=\"fr_FR\" \/>\n<meta property=\"og:type\" content=\"article\" \/>\n<meta property=\"og:title\" content=\"Marrakech : Entrepreneurs sociaux\u2026 moments d\u2019\u00e9change et de r\u00e9flexion. - Voisins de l&#039;UE\" \/>\n<meta property=\"og:description\" content=\"Pendant quatre jours, \u00e0 Marrakech, s\u2019est tenu un bootcamp de l\u2019entreprenariat social, auquel ont particip\u00e9 des jeunes de Tunisie, d\u2019Alg\u00e9rie et du Maroc, avec l\u2019encadrement d\u2019experts internationaux. Ce bootcamp est le troisi\u00e8me apr\u00e8s deux autres tenus en Tunisie et en Alg\u00e9rie. Il est organis\u00e9 dans le cadre du programme SEED Euro-Med, un programme d\u2019\u00e9change financ\u00e9 [&hellip;]\" \/>\n<meta property=\"og:url\" content=\"https:\/\/www.eumedbridge.eu\/fr\/story\/marrakech-entrepreneurs-sociaux-moments-dechange-et-de-reflexion\/\" \/>\n<meta property=\"og:site_name\" content=\"Voisins de l&#039;UE\" \/>\n<meta property=\"article:publisher\" content=\"https:\/\/www.facebook.com\/eumedbridge\/\" \/>\n<meta property=\"article:modified_time\" content=\"2022-08-17T13:31:04+00:00\" \/>\n<meta property=\"og:image\" content=\"https:\/\/www.eumedbridge.eu\/wp-content\/uploads\/2022\/05\/IMG_1559-Haka-Group-photo_0-scaled.jpg\" \/>\n\t<meta property=\"og:image:width\" content=\"2560\" \/>\n\t<meta property=\"og:image:height\" content=\"1570\" \/>\n\t<meta property=\"og:image:type\" content=\"image\/jpeg\" \/>\n<meta name=\"twitter:card\" content=\"summary_large_image\" \/>\n<meta name=\"twitter:site\" content=\"@eumedbridge\" \/>\n<meta name=\"twitter:label1\" content=\"Dur\u00e9e de lecture estim\u00e9e\" \/>\n\t<meta name=\"twitter:data1\" content=\"5 minutes\" \/>\n<script type=\"application\/ld+json\" class=\"yoast-schema-graph\">{\"@context\":\"https:\/\/schema.org\",\"@graph\":[{\"@type\":\"WebPage\",\"@id\":\"https:\/\/www.eumedbridge.eu\/fr\/story\/marrakech-entrepreneurs-sociaux-moments-dechange-et-de-reflexion\/\",\"url\":\"https:\/\/www.eumedbridge.eu\/fr\/story\/marrakech-entrepreneurs-sociaux-moments-dechange-et-de-reflexion\/\",\"name\":\"Marrakech : Entrepreneurs sociaux\u2026 moments d\u2019\u00e9change et de r\u00e9flexion. - Voisins de l'UE\",\"isPartOf\":{\"@id\":\"https:\/\/www.eumedbridge.eu\/#website\"},\"primaryImageOfPage\":{\"@id\":\"https:\/\/www.eumedbridge.eu\/fr\/story\/marrakech-entrepreneurs-sociaux-moments-dechange-et-de-reflexion\/#primaryimage\"},\"image\":{\"@id\":\"https:\/\/www.eumedbridge.eu\/fr\/story\/marrakech-entrepreneurs-sociaux-moments-dechange-et-de-reflexion\/#primaryimage\"},\"thumbnailUrl\":\"https:\/\/eumedbridge.eu\/wp-content\/uploads\/2022\/08\/IMG_1559-Haka-Group-photo_1.jpg\",\"datePublished\":\"2018-01-28T22:00:00+00:00\",\"dateModified\":\"2022-08-17T13:31:04+00:00\",\"breadcrumb\":{\"@id\":\"https:\/\/www.eumedbridge.eu\/fr\/story\/marrakech-entrepreneurs-sociaux-moments-dechange-et-de-reflexion\/#breadcrumb\"},\"inLanguage\":\"fr-FR\",\"potentialAction\":[{\"@type\":\"ReadAction\",\"target\":[\"https:\/\/www.eumedbridge.eu\/fr\/story\/marrakech-entrepreneurs-sociaux-moments-dechange-et-de-reflexion\/\"]}]},{\"@type\":\"ImageObject\",\"inLanguage\":\"fr-FR\",\"@id\":\"https:\/\/www.eumedbridge.eu\/fr\/story\/marrakech-entrepreneurs-sociaux-moments-dechange-et-de-reflexion\/#primaryimage\",\"url\":\"https:\/\/eumedbridge.eu\/wp-content\/uploads\/2022\/08\/IMG_1559-Haka-Group-photo_1.jpg\",\"contentUrl\":\"https:\/\/eumedbridge.eu\/wp-content\/uploads\/2022\/08\/IMG_1559-Haka-Group-photo_1.jpg\"},{\"@type\":\"BreadcrumbList\",\"@id\":\"https:\/\/www.eumedbridge.eu\/fr\/story\/marrakech-entrepreneurs-sociaux-moments-dechange-et-de-reflexion\/#breadcrumb\",\"itemListElement\":[{\"@type\":\"ListItem\",\"position\":1,\"name\":\"Home\",\"item\":\"https:\/\/www.eumedbridge.eu\/fr\/home-page\/\"},{\"@type\":\"ListItem\",\"position\":2,\"name\":\"Histoires\",\"item\":\"https:\/\/www.eumedbridge.eu\/fr\/story\/\"},{\"@type\":\"ListItem\",\"position\":3,\"name\":\"Marrakech : Entrepreneurs sociaux\u2026 moments d\u2019\u00e9change et de r\u00e9flexion.\"}]},{\"@type\":\"WebSite\",\"@id\":\"https:\/\/www.eumedbridge.eu\/#website\",\"url\":\"https:\/\/www.eumedbridge.eu\/\",\"name\":\"EU Medbridge\",\"description\":\"\",\"publisher\":{\"@id\":\"https:\/\/www.eumedbridge.eu\/#organization\"},\"potentialAction\":[{\"@type\":\"SearchAction\",\"target\":{\"@type\":\"EntryPoint\",\"urlTemplate\":\"https:\/\/www.eumedbridge.eu\/?s={search_term_string}\"},\"query-input\":{\"@type\":\"PropertyValueSpecification\",\"valueRequired\":true,\"valueName\":\"search_term_string\"}}],\"inLanguage\":\"fr-FR\"},{\"@type\":\"Organization\",\"@id\":\"https:\/\/www.eumedbridge.eu\/#organization\",\"name\":\"EU Medbridge\",\"url\":\"https:\/\/www.eumedbridge.eu\/\",\"logo\":{\"@type\":\"ImageObject\",\"inLanguage\":\"fr-FR\",\"@id\":\"https:\/\/www.eumedbridge.eu\/#\/schema\/logo\/image\/\",\"url\":\"https:\/\/www.eumedbridge.eu\/wp-content\/uploads\/2021\/12\/Logo.png\",\"contentUrl\":\"https:\/\/www.eumedbridge.eu\/wp-content\/uploads\/2021\/12\/Logo.png\",\"width\":325,\"height\":114,\"caption\":\"EU Medbridge\"},\"image\":{\"@id\":\"https:\/\/www.eumedbridge.eu\/#\/schema\/logo\/image\/\"},\"sameAs\":[\"https:\/\/www.facebook.com\/eumedbridge\/\",\"https:\/\/x.com\/eumedbridge\",\"https:\/\/www.linkedin.com\/company\/eumedbridge\",\"https:\/\/www.youtube.com\/@eumedbridge\",\"https:\/\/www.instagram.com\/eumedbridge\",\"https:\/\/www.flickr.com\/photos\/euneighbours-south\/\"]}]}<\/script>\n<!-- \/ Yoast SEO plugin. -->","yoast_head_json":{"title":"Marrakech : Entrepreneurs sociaux\u2026 moments d\u2019\u00e9change et de r\u00e9flexion. - Voisins de l'UE","robots":{"index":"index","follow":"follow","max-snippet":"max-snippet:-1","max-image-preview":"max-image-preview:large","max-video-preview":"max-video-preview:-1"},"canonical":"https:\/\/www.eumedbridge.eu\/fr\/story\/marrakech-entrepreneurs-sociaux-moments-dechange-et-de-reflexion\/","og_locale":"fr_FR","og_type":"article","og_title":"Marrakech : Entrepreneurs sociaux\u2026 moments d\u2019\u00e9change et de r\u00e9flexion. - Voisins de l'UE","og_description":"Pendant quatre jours, \u00e0 Marrakech, s\u2019est tenu un bootcamp de l\u2019entreprenariat social, auquel ont particip\u00e9 des jeunes de Tunisie, d\u2019Alg\u00e9rie et du Maroc, avec l\u2019encadrement d\u2019experts internationaux. Ce bootcamp est le troisi\u00e8me apr\u00e8s deux autres tenus en Tunisie et en Alg\u00e9rie. Il est organis\u00e9 dans le cadre du programme SEED Euro-Med, un programme d\u2019\u00e9change financ\u00e9 [&hellip;]","og_url":"https:\/\/www.eumedbridge.eu\/fr\/story\/marrakech-entrepreneurs-sociaux-moments-dechange-et-de-reflexion\/","og_site_name":"Voisins de l'UE","article_publisher":"https:\/\/www.facebook.com\/eumedbridge\/","article_modified_time":"2022-08-17T13:31:04+00:00","og_image":[{"width":2560,"height":1570,"url":"https:\/\/www.eumedbridge.eu\/wp-content\/uploads\/2022\/05\/IMG_1559-Haka-Group-photo_0-scaled.jpg","type":"image\/jpeg"}],"twitter_card":"summary_large_image","twitter_site":"@eumedbridge","twitter_misc":{"Dur\u00e9e de lecture estim\u00e9e":"5 minutes"},"schema":{"@context":"https:\/\/schema.org","@graph":[{"@type":"WebPage","@id":"https:\/\/www.eumedbridge.eu\/fr\/story\/marrakech-entrepreneurs-sociaux-moments-dechange-et-de-reflexion\/","url":"https:\/\/www.eumedbridge.eu\/fr\/story\/marrakech-entrepreneurs-sociaux-moments-dechange-et-de-reflexion\/","name":"Marrakech : Entrepreneurs sociaux\u2026 moments d\u2019\u00e9change et de r\u00e9flexion. - Voisins de l'UE","isPartOf":{"@id":"https:\/\/www.eumedbridge.eu\/#website"},"primaryImageOfPage":{"@id":"https:\/\/www.eumedbridge.eu\/fr\/story\/marrakech-entrepreneurs-sociaux-moments-dechange-et-de-reflexion\/#primaryimage"},"image":{"@id":"https:\/\/www.eumedbridge.eu\/fr\/story\/marrakech-entrepreneurs-sociaux-moments-dechange-et-de-reflexion\/#primaryimage"},"thumbnailUrl":"https:\/\/eumedbridge.eu\/wp-content\/uploads\/2022\/08\/IMG_1559-Haka-Group-photo_1.jpg","datePublished":"2018-01-28T22:00:00+00:00","dateModified":"2022-08-17T13:31:04+00:00","breadcrumb":{"@id":"https:\/\/www.eumedbridge.eu\/fr\/story\/marrakech-entrepreneurs-sociaux-moments-dechange-et-de-reflexion\/#breadcrumb"},"inLanguage":"fr-FR","potentialAction":[{"@type":"ReadAction","target":["https:\/\/www.eumedbridge.eu\/fr\/story\/marrakech-entrepreneurs-sociaux-moments-dechange-et-de-reflexion\/"]}]},{"@type":"ImageObject","inLanguage":"fr-FR","@id":"https:\/\/www.eumedbridge.eu\/fr\/story\/marrakech-entrepreneurs-sociaux-moments-dechange-et-de-reflexion\/#primaryimage","url":"https:\/\/eumedbridge.eu\/wp-content\/uploads\/2022\/08\/IMG_1559-Haka-Group-photo_1.jpg","contentUrl":"https:\/\/eumedbridge.eu\/wp-content\/uploads\/2022\/08\/IMG_1559-Haka-Group-photo_1.jpg"},{"@type":"BreadcrumbList","@id":"https:\/\/www.eumedbridge.eu\/fr\/story\/marrakech-entrepreneurs-sociaux-moments-dechange-et-de-reflexion\/#breadcrumb","itemListElement":[{"@type":"ListItem","position":1,"name":"Home","item":"https:\/\/www.eumedbridge.eu\/fr\/home-page\/"},{"@type":"ListItem","position":2,"name":"Histoires","item":"https:\/\/www.eumedbridge.eu\/fr\/story\/"},{"@type":"ListItem","position":3,"name":"Marrakech : Entrepreneurs sociaux\u2026 moments d\u2019\u00e9change et de r\u00e9flexion."}]},{"@type":"WebSite","@id":"https:\/\/www.eumedbridge.eu\/#website","url":"https:\/\/www.eumedbridge.eu\/","name":"EU Medbridge","description":"","publisher":{"@id":"https:\/\/www.eumedbridge.eu\/#organization"},"potentialAction":[{"@type":"SearchAction","target":{"@type":"EntryPoint","urlTemplate":"https:\/\/www.eumedbridge.eu\/?s={search_term_string}"},"query-input":{"@type":"PropertyValueSpecification","valueRequired":true,"valueName":"search_term_string"}}],"inLanguage":"fr-FR"},{"@type":"Organization","@id":"https:\/\/www.eumedbridge.eu\/#organization","name":"EU Medbridge","url":"https:\/\/www.eumedbridge.eu\/","logo":{"@type":"ImageObject","inLanguage":"fr-FR","@id":"https:\/\/www.eumedbridge.eu\/#\/schema\/logo\/image\/","url":"https:\/\/www.eumedbridge.eu\/wp-content\/uploads\/2021\/12\/Logo.png","contentUrl":"https:\/\/www.eumedbridge.eu\/wp-content\/uploads\/2021\/12\/Logo.png","width":325,"height":114,"caption":"EU Medbridge"},"image":{"@id":"https:\/\/www.eumedbridge.eu\/#\/schema\/logo\/image\/"},"sameAs":["https:\/\/www.facebook.com\/eumedbridge\/","https:\/\/x.com\/eumedbridge","https:\/\/www.linkedin.com\/company\/eumedbridge","https:\/\/www.youtube.com\/@eumedbridge","https:\/\/www.instagram.com\/eumedbridge","https:\/\/www.flickr.com\/photos\/euneighbours-south\/"]}]}},"_links":{"self":[{"href":"https:\/\/www.eumedbridge.eu\/fr\/wp-json\/wp\/v2\/story\/204087","targetHints":{"allow":["GET"]}}],"collection":[{"href":"https:\/\/www.eumedbridge.eu\/fr\/wp-json\/wp\/v2\/story"}],"about":[{"href":"https:\/\/www.eumedbridge.eu\/fr\/wp-json\/wp\/v2\/types\/story"}],"wp:attachment":[{"href":"https:\/\/www.eumedbridge.eu\/fr\/wp-json\/wp\/v2\/media?parent=204087"}],"wp:term":[{"taxonomy":"story_category","embeddable":true,"href":"https:\/\/www.eumedbridge.eu\/fr\/wp-json\/wp\/v2\/story_category?post=204087"},{"taxonomy":"country","embeddable":true,"href":"https:\/\/www.eumedbridge.eu\/fr\/wp-json\/wp\/v2\/country?post=204087"},{"taxonomy":"special_action","embeddable":true,"href":"https:\/\/www.eumedbridge.eu\/fr\/wp-json\/wp\/v2\/special_action?post=204087"},{"taxonomy":"custom_tag","embeddable":true,"href":"https:\/\/www.eumedbridge.eu\/fr\/wp-json\/wp\/v2\/custom_tag?post=204087"}],"curies":[{"name":"wp","href":"https:\/\/api.w.org\/{rel}","templated":true}]}}