{"id":204098,"date":"2017-12-18T00:00:00","date_gmt":"2017-12-17T22:00:00","guid":{"rendered":"https:\/\/eumedbridge.eu\/story\/hayati-donner-du-reve-travers-un-objectif\/"},"modified":"2022-08-17T16:31:13","modified_gmt":"2022-08-17T13:31:13","slug":"hayati-donner-du-reve-travers-un-objectif","status":"publish","type":"story","link":"https:\/\/www.eumedbridge.eu\/fr\/story\/hayati-donner-du-reve-travers-un-objectif\/","title":{"rendered":"Hayati : donner du r\u00eave \u00e0 travers un objectif"},"content":{"rendered":"<blockquote>\n<p><span lang=\"FR\" xml_lang=\"FR\" xml_lang=\"FR\"><span>Le programme photo Hayati d\u00e9signe un nouveau projet \u00e9ducatif destin\u00e9 \u00e0 promouvoir la cohabitation et l\u2019estime de soi parmi les enfants des \u00e9coles publiques jordaniennes qui accueillent actuellement des milliers de r\u00e9fugi\u00e9s. Dans le cadre de cette initiative financ\u00e9e par l\u2019UE, 60 000 photos ont \u00e9t\u00e9 prises par 500 enfants, dont certaines sont devenues de v\u00e9ritables \u0153uvres d\u2019art et figureront dans un ouvrage sp\u00e9cial expos\u00e9 au Jordan Museum.<\/span><\/span><\/p>\n<\/blockquote>\n<div data-quickedit-entity-id=\"paragraph\/455\" class=\"paragraph paragraph--type--image-block paragraph--view-mode--default\">\n<div data-quickedit-field-id=\"paragraph\/455\/field_para_image\/fr\/default\" class=\"node__media node__media--carousel node__media--right\">\n<div class=\"node__media-container\">\n              <img decoding=\"async\" data-src=\"https:\/\/eumedbridge.eu\/wp-content\/uploads\/2022\/08\/34639978660_13a8122a4a_o.jpg\" width=\"800\" height=\"450\" alt=\"Des \u00e9l\u00e8ves de l\u2019\u00e9cole primaire Kufr Yoba pour filles, \u00e0 Irbid, apprennent le principe du cadrage\" typeof=\"foaf:Image\" class=\"img-responsive lazyload\" src=\"data:image\/svg+xml;base64,PHN2ZyB3aWR0aD0iMSIgaGVpZ2h0PSIxIiB4bWxucz0iaHR0cDovL3d3dy53My5vcmcvMjAwMC9zdmciPjwvc3ZnPg==\" style=\"--smush-placeholder-width: 800px; --smush-placeholder-aspect-ratio: 800\/450;\" \/><\/p>\n<div class=\"media__overlay\">\n<div class=\"row middle-xs\">\n<div class=\"col-xs-12 col-sm-10\">\n<div class=\"media__title\">Des \u00e9l\u00e8ves de l\u2019\u00e9cole primaire Kufr Yoba pour filles, \u00e0 Irbid, apprennent le\u2026<\/div>\n<\/p><\/div>\n<div class=\"col-xs-12 col-sm-2\">\n<div class=\"media__share text-right\">\n                <a href=\"https:\/\/euneighbours.eu\/sites\/default\/files\/2017-12\/34639978660_13a8122a4a_o.jpg\" title=\"Des \u00e9l\u00e8ves de l\u2019\u00e9cole primaire Kufr Yoba pour filles, \u00e0 Irbid, apprennent le principe du cadrage\" data-colorbox-gallery=\"gallery-image_block-455-GK_Ag-rU3e0\" class=\"colorbox media__fullscreen\" data-cbox-img-attrs=\"{\"alt\":\"Des \u00e9l\u00e8ves de l\u2019\u00e9cole primaire Kufr Yoba pour filles, \u00e0 Irbid, apprennent le principe du cadrage\"}\"><br \/>\n          <i class=\"icon icon--fullscreen color--global-hover\"><\/i><br \/>\n        <\/a>\n      <\/div>\n<\/p><\/div>\n<\/p><\/div>\n<\/div><\/div>\n<\/p><\/div>\n<div data-quickedit-field-id=\"paragraph\/455\/field_para_body\/fr\/default\" class=\"node__text\">\n<p><em><span lang=\"FR\" xml_lang=\"FR\" xml_lang=\"FR\"><span>\u00ab La photographie m\u2019a appris \u00e0 regarder le monde avec un \u0153il neuf \u00bb<\/span><\/span><\/em><span lang=\"FR\" xml_lang=\"FR\" xml_lang=\"FR\"><span>, explique Fatima Nezar, une jeune Syrienne de 14 ans, \u00e9l\u00e8ve de l\u2019\u00e9cole \u00e9l\u00e9mentaire d\u2019Um Mani\u2019a dans le district dens\u00e9ment peupl\u00e9 de Sweileh, au nord d\u2019Amman.<\/span><\/span><\/p>\n<p><span lang=\"FR\" xml_lang=\"FR\" xml_lang=\"FR\"><span>Le tableau n\u2019a jamais \u00e9t\u00e9 idyllique pour cette fr\u00eale jeune fille. Arriv\u00e9e en Jordanie il y a plusieurs ann\u00e9es depuis Douma, un district d\u00e9chir\u00e9 par la guerre pr\u00e8s de Damas, Fatima aspirait \u00e0 trouver le sens de la normalit\u00e9, une vie sans peur, mais remplie de moments de bonheur. Le bruit des bombes, des sir\u00e8nes et des attaques \u00e0 l\u2019arme \u00e0 feu r\u00e9sonne encore \u00e0 ses oreilles.<\/span><\/span><\/p>\n<p><span lang=\"FR\" xml_lang=\"FR\" xml_lang=\"FR\"><span>\u00c0 son arriv\u00e9e dans sa nouvelle maison dans le district peupl\u00e9 de Sweileh, la jeune fille a d\u00fb faire face \u00e0 l\u2019accueil hostile de ses camarades \u2014 <em>\u00ab Personne ne voulait \u00eatre ami avec moi ni avec les autres enfants syriens \u00bb, <\/em>se souvient-elle.<\/span><\/span><\/p>\n<p><span lang=\"FR\" xml_lang=\"FR\" xml_lang=\"FR\"><span>Mais le pire est \u00e0 pr\u00e9sent derri\u00e8re elle, dit-elle, en expliquant fi\u00e8rement les nouvelles connaissances en photographie qu\u2019elle a acquises gr\u00e2ce au projet Hayati, qui signifie \u00ab Ma vie \u00bb en arabe.<\/span><\/span><\/p>\n<p><span lang=\"FR\" xml_lang=\"FR\" xml_lang=\"FR\"><span>La vie de Fatima a pris un tournant positif depuis qu\u2019elle a rejoint d\u2019autres enfants dans ce programme \u00e9ducatif financ\u00e9 par l\u2019UE, et mis en place par l\u2019organisation Madrasati, une branche du Minist\u00e8re de l\u2019\u00c9ducation, avec le soutien de l\u2019UNICEF et du Mus\u00e9e des Enfants.<\/span><\/span><\/p>\n<p><span lang=\"FR\" xml_lang=\"FR\" xml_lang=\"FR\"><span>Fatima se sent plus impliqu\u00e9e, plus confiante et en paix avec son nouvel environnement, elle est r\u00e9serv\u00e9e et apparemment heureuse.<\/span><\/span><\/p>\n<p><span lang=\"FR\" xml_lang=\"FR\" xml_lang=\"FR\"><span>Sa compatriote syrienne, Reyam Al Assery a rejoint le cours par curiosit\u00e9, et elle a finalement appris bien plus de choses sur son environnement que ce qu\u2019elle <em>\u00ab aurait pu imaginer \u00bb<\/em>.<\/span><\/span><\/p>\n<p><em><span lang=\"FR\" xml_lang=\"FR\" xml_lang=\"FR\"><span>\u00ab J\u2019aime prendre des photos d\u2019enfants qui jouent dans la rue, de la vie quotidienne et surtout de beaux paysages naturels \u00bb, <\/span><\/span><\/em><span lang=\"FR\" xml_lang=\"FR\" xml_lang=\"FR\"><span>explique-t-elle.<\/span><\/span><\/p>\n<p><em><span lang=\"FR\" xml_lang=\"FR\" xml_lang=\"FR\"><span>\u00ab Avant je ne me souciais pas trop de mon environnement, mais maintenant je fais attention \u00e0 tout ce qui m\u2019entoure \u00bb.<\/span><\/span><\/em><\/p>\n<p>\u00a0<\/p>\n<p><strong><span lang=\"FR\" xml_lang=\"FR\" xml_lang=\"FR\"><span>L\u2019UE soutient l\u2019\u00e9ducation<\/span><\/span><\/strong><\/p>\n<p><span lang=\"FR\" xml_lang=\"FR\" xml_lang=\"FR\"><span>Les deux jeunes Syriennes figurent parmi les 500 \u00e9l\u00e8ves des \u00e9coles publiques qui ont b\u00e9n\u00e9fici\u00e9 du programme mis sur pied dans le contexte d\u2019une premi\u00e8re exp\u00e9rience pilote r\u00e9ussie, le livre photo Aya, qui avait impliqu\u00e9 50 enfants issus des deux communaut\u00e9s. <\/span><\/span><\/p>\n<p><span lang=\"FR\" xml_lang=\"FR\" xml_lang=\"FR\"><span>Depuis le d\u00e9but de la crise syrienne en 2011, plus de 160 000 enfants syriens ont \u00e9t\u00e9 inscrits dans des \u00e9coles publiques locales. Dans un pays qui doit faire face \u00e0 une p\u00e9nurie de ressources naturelles et \u00e0 une \u00e9conomie en difficult\u00e9, l\u2019arriv\u00e9e des r\u00e9fugi\u00e9s a impos\u00e9 de s\u00e9rieux d\u00e9fis tant aux autorit\u00e9s qu\u2019aux communaut\u00e9s locales.<\/span><\/span><\/p>\n<p><span lang=\"FR\" xml_lang=\"FR\" xml_lang=\"FR\"><span>Selon la D\u00e9l\u00e9gation de l\u2019Union europ\u00e9enne \u00e0 Amman, le Fonds r\u00e9gional d\u2019affectation sp\u00e9ciale de l\u2019UE en r\u00e9ponse \u00e0 la crise syrienne, le Fonds \u00ab Madad \u00bb, est l\u2019un des instruments cl\u00e9s gr\u00e2ce auquel l\u2019UE met en place son aide \u00e0 la Jordanie. Ainsi, l\u2019UE fournit, via le Fonds Madad, 250 cours de Masters aux Jordaniens s\u00e9lectionn\u00e9s par des groupes caritatifs, comme le Fonds Zakat et Tkiyet Um Ali.<\/span><\/span><\/p>\n<p><em><span lang=\"FR\" xml_lang=\"FR\" xml_lang=\"FR\"><span>\u00a0\u00ab Ce projet est un pont pour aider les enfants \u00e0 mieux se comprendre les uns les autres \u00bb<\/span><\/span><\/em><span lang=\"FR\" xml_lang=\"FR\" xml_lang=\"FR\"><span>, explique Job Arts, Attach\u00e9 et Directeur du Programme pour l\u2019\u00c9ducation et la Coop\u00e9ration en faveur de la jeunesse \u00e0 la D\u00e9l\u00e9gation de l\u2019Union europ\u00e9enne.<\/span><\/span><\/p>\n<p><em><span lang=\"FR\" xml_lang=\"FR\" xml_lang=\"FR\"><span>\u00ab Nous aimerions promouvoir cette initiative pour d\u2019autres pays dans la r\u00e9gion, mais aussi en Europe o\u00f9 de nombreux r\u00e9fugi\u00e9s syriens se sont install\u00e9s, en particulier en Allemagne et en Su\u00e8de. \u00bb<\/span><\/span><\/em><\/p>\n<p><span lang=\"FR\" xml_lang=\"FR\" xml_lang=\"FR\"><span>Dans le cadre du projet Hayati, des enfants issus de 12 gouvernorats \u00e0 travers toute la Jordanie ont pris plus de 60 000 photos sur des sujets tr\u00e8s divers, de la vie quotidienne \u00e0 l\u2019\u00e9cole et dans la rue aux sc\u00e8nes de la vie avec ses agriculteurs et ses vendeurs, en passant par leurs hobbies et leurs r\u00eaves.<\/span><\/span><\/p>\n<p><em><span lang=\"FR\" xml_lang=\"FR\" xml_lang=\"FR\"><span>\u00ab Nous avons remarqu\u00e9 que les enfants, les enseignants et les parents sont enthousiastes \u00e0 propos du projet Hayati. Cet enthousiasme est peut-\u00eatre d\u00fb \u00e0 l\u2019absence d\u2019activit\u00e9s extrascolaires, en particulier dans le domaine de la photographie. Nous sommes actuellement en pourparlers avec le Mus\u00e9e des Enfants pour \u00e9tendre l\u2019exposition dans toute la Jordanie \u00bb, <\/span><\/span><\/em><span lang=\"FR\" xml_lang=\"FR\" xml_lang=\"FR\"><span>ajoute Arts.<\/span><\/span><\/p>\n<p><span lang=\"FR\" xml_lang=\"FR\" xml_lang=\"FR\"><span>Depuis que le conflit a \u00e9clat\u00e9 en Syrie, l\u2019UE est fortement d\u00e9termin\u00e9e \u00e0 s\u2019engager dans la campagne \u00ab No Lost Generation \u00bb et a soutenu l\u2019UNICEF et le Minist\u00e8re de l\u2019\u00c9ducation avec plus de 150 millions d\u2019euros.<\/span><\/span><\/p>\n<p><span lang=\"FR\" xml_lang=\"FR\" xml_lang=\"FR\"><span>Toutefois, en d\u00e9pit de cette importante contribution de l\u2019UE pour promouvoir la qualit\u00e9 et r\u00e9duire les taux de d\u00e9crochage scolaire, <em>\u00ab les progr\u00e8s sont lents \u00bb<\/em>, r\u00e9v\u00e8lent les responsables de la D\u00e9l\u00e9gation de l\u2019Union europ\u00e9enne.<\/span><\/span><\/p>\n<p><span lang=\"FR\" xml_lang=\"FR\" xml_lang=\"FR\"><span>L\u2019extr\u00eame pauvret\u00e9 des r\u00e9fugi\u00e9s et des communaut\u00e9s locales a favoris\u00e9 un taux \u00e9lev\u00e9 de d\u00e9crochage scolaire, particuli\u00e8rement dans la communaut\u00e9 syrienne.<\/span><\/span><\/p>\n<p>\u00a0<\/p>\n<p><strong><span lang=\"FR\" xml_lang=\"FR\" xml_lang=\"FR\"><span>Des enfants universels<\/span><\/span><\/strong><\/p>\n<p><span lang=\"FR\" xml_lang=\"FR\" xml_lang=\"FR\"><span>Ces derni\u00e8res d\u00e9cennies, la Jordanie a vu des vagues massives de r\u00e9fugi\u00e9s passer ses fronti\u00e8res, avec entre autres des Palestiniens, Irakiens, Syriens, Y\u00e9m\u00e9nites et Soudanais, imposant un s\u00e9rieux d\u00e9fi aux \u00e9ducateurs, qui tentent de promouvoir la tol\u00e9rance et la cohabitation.<\/span><\/span><\/p>\n<p><span lang=\"FR\" xml_lang=\"FR\" xml_lang=\"FR\"><span>Saher Fayadh, le directeur de l\u2019\u00e9cole Um Mani\u2019a o\u00f9 l\u2019atelier a \u00e9t\u00e9 organis\u00e9, a d\u00e9clar\u00e9 que le projet Hayati avait r\u00e9ussi son premier test haut la main.<\/span><\/span><\/p>\n<p><em><span lang=\"FR\" xml_lang=\"FR\" xml_lang=\"FR\"><span>\u00ab Hayati a donn\u00e9 des valeurs aux enfants, des valeurs qui leur permettent de vivre ensemble, de devenir des enfants universels, de se lib\u00e9rer de la peur des autres, de coop\u00e9rer et d\u00e9couvrir les droits de l\u2019homme par eux-m\u00eames, et de devenir productifs. \u00bb<\/span><\/span><\/em><\/p>\n<p><em><span lang=\"FR\" xml_lang=\"FR\" xml_lang=\"FR\"><span>\u00ab Ce projet a aid\u00e9 les enfants \u00e0 se pr\u00e9parer \u00e0 la vie, leur a inculqu\u00e9 des aptitudes de communication, les a pr\u00e9par\u00e9s au futur et a construit leur confiance en eux, \u00bb<\/span><\/span><\/em><span lang=\"FR\" xml_lang=\"FR\" xml_lang=\"FR\"><span> explique Fayadh.<\/span><\/span><\/p>\n<p><span lang=\"FR\" xml_lang=\"FR\" xml_lang=\"FR\"><span>Le photographe formateur Khalid Umran s\u2019est dit \u00e9tonn\u00e9 par les aptitudes des enfants.<\/span><\/span><\/p>\n<p><em><span lang=\"FR\" xml_lang=\"FR\" xml_lang=\"FR\"><span>\u00ab Les \u00e9l\u00e8ves de ma classe ont un int\u00e9r\u00eat commun pour la photographie, ce qui a permis de cr\u00e9er une ambiance fraternelle entre les enfants jordaniens et syriens. \u00bb<\/span><\/span><\/em><\/p>\n<p><span lang=\"FR\" xml_lang=\"FR\" xml_lang=\"FR\"><span>Le r\u00e9sultat du projet Hayati se concr\u00e9tise dans l\u2019attitude confiante de Jenan Barakat, une \u00e9l\u00e8ve de 8e ann\u00e9e qui parle comme une star de cin\u00e9ma.<\/span><\/span><\/p>\n<p><span lang=\"FR\" xml_lang=\"FR\" xml_lang=\"FR\"><span>Jeune fille dynamique et toujours souriante, Barakat s\u2019exprime avec facilit\u00e9 et affiche un degr\u00e9 \u00e9lev\u00e9 d\u2019estime de soi quand elle relate son exp\u00e9rience du cours.<\/span><\/span><\/p>\n<p><em><span lang=\"FR\" xml_lang=\"FR\" xml_lang=\"FR\"><span>\u00a0\u00ab J\u2019emporte l\u2019appareil photo partout avec moi. Je prends des photos de toutes sortes de choses, petites ou grandes. Le feed-back de mon formateur \u00e9tait excellent, ce qui m\u2019a rendue fi\u00e8re de moi. \u00bb<\/span><\/span><\/em><\/p>\n<p><span lang=\"FR\" xml_lang=\"FR\" xml_lang=\"FR\"><span>Elle se souvient que certaines personnes ont essay\u00e9 de la d\u00e9courager de poursuivre ses cours de photo, mais elle <em>\u00ab les a ignor\u00e9es \u00bb<\/em>.<\/span><\/span><\/p>\n<p><span lang=\"FR\" xml_lang=\"FR\" xml_lang=\"FR\"><span>Barakat veut en apprendre davantage sur la photographie et peut-\u00eatre devenir photographe professionnelle.<\/span><\/span><\/p>\n<p><span lang=\"FR\" xml_lang=\"FR\" xml_lang=\"FR\"><span>Pour l\u2019instant, elle savoure la libert\u00e9 que la photo lui a apport\u00e9e. <em>\u00ab J\u2019ai commenc\u00e9 \u00e0 aimer la photographie. Ma confiance en moi s\u2019est renforc\u00e9e, je me suis fait de nouveaux amis \u00bb, <\/em>raconte-t-elle en partageant les rires de Fatima et d\u2019autres enfants.<\/span><\/span><\/p>\n<\/div>\n<div class=\"node_view\"><\/div>\n<\/p><\/div>\n","protected":false},"featured_media":0,"parent":0,"template":"","story_category":[],"country":[2124],"special_action":[],"custom_tag":[1874,2312,1970,1897,1870],"class_list":["post-204098","story","type-story","status-publish","hentry","country-jordanie","custom_tag-culture-fr","custom_tag-developpement-durable","custom_tag-jeunesse","custom_tag-medias","custom_tag-societe-civile"],"acf":[],"yoast_head":"<!-- This site is optimized with the Yoast SEO plugin v26.5 - https:\/\/yoast.com\/wordpress\/plugins\/seo\/ -->\n<title>Hayati : donner du r\u00eave \u00e0 travers un objectif - Voisins de l&#039;UE<\/title>\n<meta name=\"robots\" content=\"index, follow, max-snippet:-1, max-image-preview:large, max-video-preview:-1\" \/>\n<link rel=\"canonical\" href=\"https:\/\/www.eumedbridge.eu\/fr\/story\/hayati-donner-du-reve-travers-un-objectif\/\" \/>\n<meta property=\"og:locale\" content=\"fr_FR\" \/>\n<meta property=\"og:type\" content=\"article\" \/>\n<meta property=\"og:title\" content=\"Hayati : donner du r\u00eave \u00e0 travers un objectif - Voisins de l&#039;UE\" \/>\n<meta property=\"og:description\" content=\"Le programme photo Hayati d\u00e9signe un nouveau projet \u00e9ducatif destin\u00e9 \u00e0 promouvoir la cohabitation et l\u2019estime de soi parmi les enfants des \u00e9coles publiques jordaniennes qui accueillent actuellement des milliers de r\u00e9fugi\u00e9s. Dans le cadre de cette initiative financ\u00e9e par l\u2019UE, 60 000 photos ont \u00e9t\u00e9 prises par 500 enfants, dont certaines sont devenues de [&hellip;]\" \/>\n<meta property=\"og:url\" content=\"https:\/\/www.eumedbridge.eu\/fr\/story\/hayati-donner-du-reve-travers-un-objectif\/\" \/>\n<meta property=\"og:site_name\" content=\"Voisins de l&#039;UE\" \/>\n<meta property=\"article:publisher\" content=\"https:\/\/www.facebook.com\/eumedbridge\/\" \/>\n<meta property=\"article:modified_time\" content=\"2022-08-17T13:31:13+00:00\" \/>\n<meta property=\"og:image\" content=\"https:\/\/www.eumedbridge.eu\/wp-content\/uploads\/2022\/05\/34639978660_13a8122a4a_o_1-scaled.jpg\" \/>\n\t<meta property=\"og:image:width\" content=\"2560\" \/>\n\t<meta property=\"og:image:height\" content=\"1707\" \/>\n\t<meta property=\"og:image:type\" content=\"image\/jpeg\" \/>\n<meta name=\"twitter:card\" content=\"summary_large_image\" \/>\n<meta name=\"twitter:site\" content=\"@eumedbridge\" \/>\n<meta name=\"twitter:label1\" content=\"Dur\u00e9e de lecture estim\u00e9e\" \/>\n\t<meta name=\"twitter:data1\" content=\"7 minutes\" \/>\n<script type=\"application\/ld+json\" class=\"yoast-schema-graph\">{\"@context\":\"https:\/\/schema.org\",\"@graph\":[{\"@type\":\"WebPage\",\"@id\":\"https:\/\/www.eumedbridge.eu\/fr\/story\/hayati-donner-du-reve-travers-un-objectif\/\",\"url\":\"https:\/\/www.eumedbridge.eu\/fr\/story\/hayati-donner-du-reve-travers-un-objectif\/\",\"name\":\"Hayati : donner du r\u00eave \u00e0 travers un objectif - Voisins de l'UE\",\"isPartOf\":{\"@id\":\"https:\/\/www.eumedbridge.eu\/#website\"},\"primaryImageOfPage\":{\"@id\":\"https:\/\/www.eumedbridge.eu\/fr\/story\/hayati-donner-du-reve-travers-un-objectif\/#primaryimage\"},\"image\":{\"@id\":\"https:\/\/www.eumedbridge.eu\/fr\/story\/hayati-donner-du-reve-travers-un-objectif\/#primaryimage\"},\"thumbnailUrl\":\"https:\/\/eumedbridge.eu\/wp-content\/uploads\/2022\/08\/34639978660_13a8122a4a_o.jpg\",\"datePublished\":\"2017-12-17T22:00:00+00:00\",\"dateModified\":\"2022-08-17T13:31:13+00:00\",\"breadcrumb\":{\"@id\":\"https:\/\/www.eumedbridge.eu\/fr\/story\/hayati-donner-du-reve-travers-un-objectif\/#breadcrumb\"},\"inLanguage\":\"fr-FR\",\"potentialAction\":[{\"@type\":\"ReadAction\",\"target\":[\"https:\/\/www.eumedbridge.eu\/fr\/story\/hayati-donner-du-reve-travers-un-objectif\/\"]}]},{\"@type\":\"ImageObject\",\"inLanguage\":\"fr-FR\",\"@id\":\"https:\/\/www.eumedbridge.eu\/fr\/story\/hayati-donner-du-reve-travers-un-objectif\/#primaryimage\",\"url\":\"https:\/\/eumedbridge.eu\/wp-content\/uploads\/2022\/08\/34639978660_13a8122a4a_o.jpg\",\"contentUrl\":\"https:\/\/eumedbridge.eu\/wp-content\/uploads\/2022\/08\/34639978660_13a8122a4a_o.jpg\"},{\"@type\":\"BreadcrumbList\",\"@id\":\"https:\/\/www.eumedbridge.eu\/fr\/story\/hayati-donner-du-reve-travers-un-objectif\/#breadcrumb\",\"itemListElement\":[{\"@type\":\"ListItem\",\"position\":1,\"name\":\"Home\",\"item\":\"https:\/\/www.eumedbridge.eu\/fr\/home-page\/\"},{\"@type\":\"ListItem\",\"position\":2,\"name\":\"Histoires\",\"item\":\"https:\/\/www.eumedbridge.eu\/fr\/story\/\"},{\"@type\":\"ListItem\",\"position\":3,\"name\":\"Hayati : donner du r\u00eave \u00e0 travers un objectif\"}]},{\"@type\":\"WebSite\",\"@id\":\"https:\/\/www.eumedbridge.eu\/#website\",\"url\":\"https:\/\/www.eumedbridge.eu\/\",\"name\":\"EU Medbridge\",\"description\":\"\",\"publisher\":{\"@id\":\"https:\/\/www.eumedbridge.eu\/#organization\"},\"potentialAction\":[{\"@type\":\"SearchAction\",\"target\":{\"@type\":\"EntryPoint\",\"urlTemplate\":\"https:\/\/www.eumedbridge.eu\/?s={search_term_string}\"},\"query-input\":{\"@type\":\"PropertyValueSpecification\",\"valueRequired\":true,\"valueName\":\"search_term_string\"}}],\"inLanguage\":\"fr-FR\"},{\"@type\":\"Organization\",\"@id\":\"https:\/\/www.eumedbridge.eu\/#organization\",\"name\":\"EU Medbridge\",\"url\":\"https:\/\/www.eumedbridge.eu\/\",\"logo\":{\"@type\":\"ImageObject\",\"inLanguage\":\"fr-FR\",\"@id\":\"https:\/\/www.eumedbridge.eu\/#\/schema\/logo\/image\/\",\"url\":\"https:\/\/www.eumedbridge.eu\/wp-content\/uploads\/2021\/12\/Logo.png\",\"contentUrl\":\"https:\/\/www.eumedbridge.eu\/wp-content\/uploads\/2021\/12\/Logo.png\",\"width\":325,\"height\":114,\"caption\":\"EU Medbridge\"},\"image\":{\"@id\":\"https:\/\/www.eumedbridge.eu\/#\/schema\/logo\/image\/\"},\"sameAs\":[\"https:\/\/www.facebook.com\/eumedbridge\/\",\"https:\/\/x.com\/eumedbridge\",\"https:\/\/www.linkedin.com\/company\/eumedbridge\",\"https:\/\/www.youtube.com\/@eumedbridge\",\"https:\/\/www.instagram.com\/eumedbridge\",\"https:\/\/www.flickr.com\/photos\/euneighbours-south\/\"]}]}<\/script>\n<!-- \/ Yoast SEO plugin. -->","yoast_head_json":{"title":"Hayati : donner du r\u00eave \u00e0 travers un objectif - Voisins de l'UE","robots":{"index":"index","follow":"follow","max-snippet":"max-snippet:-1","max-image-preview":"max-image-preview:large","max-video-preview":"max-video-preview:-1"},"canonical":"https:\/\/www.eumedbridge.eu\/fr\/story\/hayati-donner-du-reve-travers-un-objectif\/","og_locale":"fr_FR","og_type":"article","og_title":"Hayati : donner du r\u00eave \u00e0 travers un objectif - Voisins de l'UE","og_description":"Le programme photo Hayati d\u00e9signe un nouveau projet \u00e9ducatif destin\u00e9 \u00e0 promouvoir la cohabitation et l\u2019estime de soi parmi les enfants des \u00e9coles publiques jordaniennes qui accueillent actuellement des milliers de r\u00e9fugi\u00e9s. Dans le cadre de cette initiative financ\u00e9e par l\u2019UE, 60 000 photos ont \u00e9t\u00e9 prises par 500 enfants, dont certaines sont devenues de [&hellip;]","og_url":"https:\/\/www.eumedbridge.eu\/fr\/story\/hayati-donner-du-reve-travers-un-objectif\/","og_site_name":"Voisins de l'UE","article_publisher":"https:\/\/www.facebook.com\/eumedbridge\/","article_modified_time":"2022-08-17T13:31:13+00:00","og_image":[{"width":2560,"height":1707,"url":"https:\/\/www.eumedbridge.eu\/wp-content\/uploads\/2022\/05\/34639978660_13a8122a4a_o_1-scaled.jpg","type":"image\/jpeg"}],"twitter_card":"summary_large_image","twitter_site":"@eumedbridge","twitter_misc":{"Dur\u00e9e de lecture estim\u00e9e":"7 minutes"},"schema":{"@context":"https:\/\/schema.org","@graph":[{"@type":"WebPage","@id":"https:\/\/www.eumedbridge.eu\/fr\/story\/hayati-donner-du-reve-travers-un-objectif\/","url":"https:\/\/www.eumedbridge.eu\/fr\/story\/hayati-donner-du-reve-travers-un-objectif\/","name":"Hayati : donner du r\u00eave \u00e0 travers un objectif - Voisins de l'UE","isPartOf":{"@id":"https:\/\/www.eumedbridge.eu\/#website"},"primaryImageOfPage":{"@id":"https:\/\/www.eumedbridge.eu\/fr\/story\/hayati-donner-du-reve-travers-un-objectif\/#primaryimage"},"image":{"@id":"https:\/\/www.eumedbridge.eu\/fr\/story\/hayati-donner-du-reve-travers-un-objectif\/#primaryimage"},"thumbnailUrl":"https:\/\/eumedbridge.eu\/wp-content\/uploads\/2022\/08\/34639978660_13a8122a4a_o.jpg","datePublished":"2017-12-17T22:00:00+00:00","dateModified":"2022-08-17T13:31:13+00:00","breadcrumb":{"@id":"https:\/\/www.eumedbridge.eu\/fr\/story\/hayati-donner-du-reve-travers-un-objectif\/#breadcrumb"},"inLanguage":"fr-FR","potentialAction":[{"@type":"ReadAction","target":["https:\/\/www.eumedbridge.eu\/fr\/story\/hayati-donner-du-reve-travers-un-objectif\/"]}]},{"@type":"ImageObject","inLanguage":"fr-FR","@id":"https:\/\/www.eumedbridge.eu\/fr\/story\/hayati-donner-du-reve-travers-un-objectif\/#primaryimage","url":"https:\/\/eumedbridge.eu\/wp-content\/uploads\/2022\/08\/34639978660_13a8122a4a_o.jpg","contentUrl":"https:\/\/eumedbridge.eu\/wp-content\/uploads\/2022\/08\/34639978660_13a8122a4a_o.jpg"},{"@type":"BreadcrumbList","@id":"https:\/\/www.eumedbridge.eu\/fr\/story\/hayati-donner-du-reve-travers-un-objectif\/#breadcrumb","itemListElement":[{"@type":"ListItem","position":1,"name":"Home","item":"https:\/\/www.eumedbridge.eu\/fr\/home-page\/"},{"@type":"ListItem","position":2,"name":"Histoires","item":"https:\/\/www.eumedbridge.eu\/fr\/story\/"},{"@type":"ListItem","position":3,"name":"Hayati : donner du r\u00eave \u00e0 travers un objectif"}]},{"@type":"WebSite","@id":"https:\/\/www.eumedbridge.eu\/#website","url":"https:\/\/www.eumedbridge.eu\/","name":"EU Medbridge","description":"","publisher":{"@id":"https:\/\/www.eumedbridge.eu\/#organization"},"potentialAction":[{"@type":"SearchAction","target":{"@type":"EntryPoint","urlTemplate":"https:\/\/www.eumedbridge.eu\/?s={search_term_string}"},"query-input":{"@type":"PropertyValueSpecification","valueRequired":true,"valueName":"search_term_string"}}],"inLanguage":"fr-FR"},{"@type":"Organization","@id":"https:\/\/www.eumedbridge.eu\/#organization","name":"EU Medbridge","url":"https:\/\/www.eumedbridge.eu\/","logo":{"@type":"ImageObject","inLanguage":"fr-FR","@id":"https:\/\/www.eumedbridge.eu\/#\/schema\/logo\/image\/","url":"https:\/\/www.eumedbridge.eu\/wp-content\/uploads\/2021\/12\/Logo.png","contentUrl":"https:\/\/www.eumedbridge.eu\/wp-content\/uploads\/2021\/12\/Logo.png","width":325,"height":114,"caption":"EU Medbridge"},"image":{"@id":"https:\/\/www.eumedbridge.eu\/#\/schema\/logo\/image\/"},"sameAs":["https:\/\/www.facebook.com\/eumedbridge\/","https:\/\/x.com\/eumedbridge","https:\/\/www.linkedin.com\/company\/eumedbridge","https:\/\/www.youtube.com\/@eumedbridge","https:\/\/www.instagram.com\/eumedbridge","https:\/\/www.flickr.com\/photos\/euneighbours-south\/"]}]}},"_links":{"self":[{"href":"https:\/\/www.eumedbridge.eu\/fr\/wp-json\/wp\/v2\/story\/204098","targetHints":{"allow":["GET"]}}],"collection":[{"href":"https:\/\/www.eumedbridge.eu\/fr\/wp-json\/wp\/v2\/story"}],"about":[{"href":"https:\/\/www.eumedbridge.eu\/fr\/wp-json\/wp\/v2\/types\/story"}],"wp:attachment":[{"href":"https:\/\/www.eumedbridge.eu\/fr\/wp-json\/wp\/v2\/media?parent=204098"}],"wp:term":[{"taxonomy":"story_category","embeddable":true,"href":"https:\/\/www.eumedbridge.eu\/fr\/wp-json\/wp\/v2\/story_category?post=204098"},{"taxonomy":"country","embeddable":true,"href":"https:\/\/www.eumedbridge.eu\/fr\/wp-json\/wp\/v2\/country?post=204098"},{"taxonomy":"special_action","embeddable":true,"href":"https:\/\/www.eumedbridge.eu\/fr\/wp-json\/wp\/v2\/special_action?post=204098"},{"taxonomy":"custom_tag","embeddable":true,"href":"https:\/\/www.eumedbridge.eu\/fr\/wp-json\/wp\/v2\/custom_tag?post=204098"}],"curies":[{"name":"wp","href":"https:\/\/api.w.org\/{rel}","templated":true}]}}