{"id":204100,"date":"2017-08-09T00:00:00","date_gmt":"2017-08-08T21:00:00","guid":{"rendered":"https:\/\/eumedbridge.eu\/story\/de-nouveaux-horizons-pour-le-secteur-de-la-sante-en-libye\/"},"modified":"2022-08-17T16:31:17","modified_gmt":"2022-08-17T13:31:17","slug":"de-nouveaux-horizons-pour-le-secteur-de-la-sante-en-libye","status":"publish","type":"story","link":"https:\/\/www.eumedbridge.eu\/fr\/story\/de-nouveaux-horizons-pour-le-secteur-de-la-sante-en-libye\/","title":{"rendered":"De nouveaux horizons pour le secteur de la sant\u00e9 en Libye"},"content":{"rendered":"<blockquote>\n<p>Les six ann\u00e9es de conflit arm\u00e9 et d&rsquo;instabilit\u00e9 politique ont eu des r\u00e9percussions dans quasiment toutes les r\u00e9gions de la Libye et fait des milliers de victimes et de bless\u00e9s. Au-del\u00e0 de ces victimes imm\u00e9diates, l&rsquo;ins\u00e9curit\u00e9 et les violences persistantes ont perturb\u00e9 l&rsquo;acc\u00e8s aux services publics et ont eu un impact dramatique sur les \u00e9tablissements publics de sant\u00e9.<\/p>\n<\/blockquote>\n<div data-quickedit-entity-id=\"paragraph\/217\" class=\"paragraph paragraph--type--image-block paragraph--view-mode--default\">\n<div data-quickedit-field-id=\"paragraph\/217\/field_para_image\/fr\/default\" class=\"node__media node__media--carousel node__media--right\">\n<div class=\"node__media-container\">\n              <img decoding=\"async\" data-src=\"https:\/\/eumedbridge.eu\/wp-content\/uploads\/2022\/08\/33839314001_47a2bfaae3_o.jpg\" width=\"800\" height=\"450\" alt=\"Salem Shenaisheh\" typeof=\"foaf:Image\" class=\"img-responsive lazyload\" src=\"data:image\/svg+xml;base64,PHN2ZyB3aWR0aD0iMSIgaGVpZ2h0PSIxIiB4bWxucz0iaHR0cDovL3d3dy53My5vcmcvMjAwMC9zdmciPjwvc3ZnPg==\" style=\"--smush-placeholder-width: 800px; --smush-placeholder-aspect-ratio: 800\/450;\" \/><\/p>\n<div class=\"media__overlay\">\n<div class=\"row middle-xs\">\n<div class=\"col-xs-12 col-sm-10\">\n<div class=\"media__title\">Salem Shenaisheh<\/div>\n<\/p><\/div>\n<div class=\"col-xs-12 col-sm-2\">\n<div class=\"media__share text-right\">\n                <a href=\"https:\/\/euneighbours.eu\/sites\/default\/files\/2017-08\/33839314001_47a2bfaae3_o.jpg\" title=\"Salem Shenaisheh\" data-colorbox-gallery=\"gallery-image_block-217-GK_Ag-rU3e0\" class=\"colorbox media__fullscreen\" data-cbox-img-attrs=\"{\"alt\":\"Salem Shenaisheh\"}\"><br \/>\n          <i class=\"icon icon--fullscreen color--global-hover\"><\/i><br \/>\n        <\/a>\n      <\/div>\n<\/p><\/div>\n<\/p><\/div>\n<\/div><\/div>\n<\/p><\/div>\n<div data-quickedit-field-id=\"paragraph\/217\/field_para_body\/fr\/default\" class=\"node__text\">\n<p>Selon le Plan d&rsquo;intervention 2017 pour la Libye,\u00a0\u00e9labor\u00e9 par l&rsquo;Organisation mondiale de la Sant\u00e9 (OMS), environ 1,3 million de personnes ont un acc\u00e8s limit\u00e9 aux services et ressources li\u00e9s aux soins de sant\u00e9. Sur les 98 h\u00f4pitaux \u00e9valu\u00e9s par l&rsquo;OMS, 43 sont partiellement fonctionnels ou ont cess\u00e9 de fonctionner en raison d&rsquo;une grave p\u00e9nurie de m\u00e9dicaments vitaux, de fournitures m\u00e9dicales, de mat\u00e9riel m\u00e9dical et de ressources humaines. Ces p\u00e9nuries sont plus prononc\u00e9es au niveau des soins de sant\u00e9 primaires, selon l&rsquo;OMS\u202f:\u00a0\u00ab\u202f<em>De ce fait, les h\u00f4pitaux r\u00e9f\u00e9rents et tertiaires sont surcharg\u00e9s de patients atteints de pathologies courantes et sont incapables de r\u00e9pondre \u00e0 la demande<\/em>\u202f\u00bb.\u00a0\u00a0<\/p>\n<p>C&rsquo;est le d\u00e9fi que l&rsquo;UE tente de relever en soutenant la Libye dans ses efforts visant \u00e0 am\u00e9liorer l&rsquo;efficience, l&rsquo;efficacit\u00e9 et la qualit\u00e9 des prestations de soins de sant\u00e9 dans tout le pays \u00e0 travers une s\u00e9rie de programmes repr\u00e9sentant pr\u00e8s de 15\u202fmillions d&rsquo;euros.\u00a0<\/p>\n<p>Ces programmes ont \u00e9t\u00e9 au centre des d\u00e9bats men\u00e9s \u00e0 Tunis les 5 et 6 avril derniers \u00e0 l&rsquo;occasion d&rsquo;une rencontre entre repr\u00e9sentants de la Libye et de l&rsquo;UE pour discuter de l&rsquo;am\u00e9lioration des soins de sant\u00e9 primaires, des soins de sant\u00e9 maternelle et infantile, des services de soutien psychologique, des soins de sant\u00e9 mentale et de la gestion des maladies non transmissibles.\u00a0<\/p>\n<p>M\u00e9decins, sp\u00e9cialistes et \u00e9tudiants en m\u00e9decine ont eu la possibilit\u00e9 d&rsquo;exprimer leur opinion et de discuter de leur vision \u00e0 travers des pr\u00e9sentations sur les d\u00e9fis et les solutions propos\u00e9es pour am\u00e9liorer les prestations de sant\u00e9 en Libye.\u00a0\u00a0<\/p>\n<p><strong>Soins de sant\u00e9 primaires, sant\u00e9 maternelle et n\u00e9onatale\u00a0<\/strong><\/p>\n<p>Salem\u00a0Shenisheh, l&rsquo;un des jeunes m\u00e9decins ayant particip\u00e9 \u00e0 cette r\u00e9union, pr\u00e9pare actuellement son doctorat et fait partie des b\u00e9n\u00e9ficiaires d&rsquo;un programme de r\u00e9forme du secteur de la sant\u00e9 \u00e9labor\u00e9 par l&rsquo;UE, en particulier d&rsquo;un projet \u00e9tal\u00e9 sur quatre ans visant \u00e0 renforcer la planification strat\u00e9gique, le financement et la gestion des prestations de services de sant\u00e9, ainsi que les ressources humaines, via des r\u00e9formes cibl\u00e9es.\u00a0<\/p>\n<p>\u00ab\u202f<em>Ce projet nous aidera \u00e0 am\u00e9liorer nos performances quotidiennes en tant que m\u00e9decins et \u00e0 approfondir nos connaissances, ce qui sera profitable pour l&rsquo;ensemble de la soci\u00e9t\u00e9<\/em>\u202f\u00bb, a soulign\u00e9 le Dr\u00a0Shenisheh.\u00a0<\/p>\n<p>Salem\u00a0Shenisheh\u00a0a fait part de son enthousiasme par rapport \u00e0 ce projet, expliquant que cela lui a donn\u00e9 l&rsquo;opportunit\u00e9, en tant que m\u00e9decin et \u00e9tudiant, de participer \u00e0 l&rsquo;am\u00e9lioration des performances du secteur de la sant\u00e9. En mettant en relation diff\u00e9rents b\u00e9n\u00e9ficiaires et le minist\u00e8re de la Sant\u00e9, le projet est en mesure de fixer des priorit\u00e9s et de d\u00e9finir des plans qui seront mis en \u0153uvre dans un avenir proche pour que les services de sant\u00e9 puissent \u00eatre accessibles \u00e0 tous les citoyens libyens.\u00a0<\/p>\n<p>De nombreuses vies humaines pourraient \u00eatre sauv\u00e9es en am\u00e9liorant la qualit\u00e9 des soins maternels et n\u00e9onatals et la qualit\u00e9 des services gr\u00e2ce \u00e0 une formation de formateurs, comme l&rsquo;a expliqu\u00e9 le Dr Suhair\u00a0Bek\u00a0Derna, pr\u00e9sidente du Groupe de travail sur la sant\u00e9 maternelle du minist\u00e8re de la Sant\u00e9. Le Dr.\u00a0Muneera\u00a0Aldughri, en charge des questions li\u00e9es \u00e0 la sant\u00e9 maternelle et infantile au sein de la Direction\u00a0g\u00e9n\u00e9rale des soins de sant\u00e9 primaires, a par ailleurs ajout\u00e9 que le fait de se concentrer sur la sant\u00e9 des m\u00e8res et des enfants permettrait de limiter le nombre de d\u00e9c\u00e8s et d&rsquo;am\u00e9liorer les soins dans tous les autres secteurs de la sant\u00e9.\u00a0\u00ab\u202f<em>Nous pourrons fournir des m\u00e9dicaments et des produits de sant\u00e9 dans les centres de sant\u00e9 primaires et am\u00e9liorer la qualit\u00e9 des services fournis par les m\u00e9decins et les infirmi\u00e8res gr\u00e2ce \u00e0 la formation et au renforcement des capacit\u00e9s, afin d&rsquo;offrir des services de meilleure qualit\u00e9 aux Libyens\u202f<\/em>\u00bb,\u00a0a-t-elle d\u00e9clar\u00e9.\u00a0\u00a0<\/p>\n<p>Un autre projet actuellement mis en \u0153uvre par l&rsquo;OMS concerne le renforcement du Syst\u00e8me d&rsquo;information sanitaire et l&rsquo;am\u00e9lioration de la gestion de la cha\u00eene d&rsquo;approvisionnement en m\u00e9dicaments. Il vise \u00e0 maintenir des services de sant\u00e9 de haute qualit\u00e9 en Libye. \u00c0 travers ce projet, l&rsquo;Union europ\u00e9enne r\u00e9habilitera les entrep\u00f4ts de stockage de m\u00e9dicaments dans l&rsquo;ensemble du pays afin que les praticiens et les patients puissent acc\u00e9der rapidement aux traitements, selon Bettina\u00a0Muscheidt, chef de la d\u00e9l\u00e9gation de l&rsquo;UE en Libye.\u00a0<\/p>\n<p><strong>Services de soutien psychologique et sant\u00e9 mentale\u00a0\u00a0<\/strong><\/p>\n<p>En ce qui concerne les services de soutien psychologique et la sant\u00e9 mentale, Khaled\u00a0Hamidi, directeur g\u00e9n\u00e9ral de l&rsquo;ONG \u00c9quipe de soutien psychologique, a expliqu\u00e9 pour sa part qu&rsquo;il\u00a0\u00e9tait\u00a0important\u00a0d&rsquo;accorder plus d&rsquo;attention \u00e0 ces questions, estimant que l&rsquo;augmentation des conflits arm\u00e9s en Libye a port\u00e9 atteinte \u00e0 la sant\u00e9 psychologique des Libyens.\u00a0<\/p>\n<p>En 2011, il n&rsquo;y avait que 12 psychiatres dans toute la Libye, selon M.\u00a0Hamidi, et ce \u00e0 un moment o\u00f9 la population \u00e9tait confront\u00e9e \u00e0 une flamb\u00e9e de violence, ce\u00a0qui a men\u00e9 \u00e0 une forte augmentation\u00a0des cas de\u00a0d\u00e9pression, de troubles de stress post-traumatiques et de traumatismes. En fait, ce secteur fait face \u00e0 une grave p\u00e9nurie de structures sanitaires, de m\u00e9dicaments et de ressources humaines. Environ un pour cent, voire moins, des d\u00e9penses totales de sant\u00e9 sont consacr\u00e9es \u00e0 ce secteur. Par cons\u00e9quent, il est n\u00e9cessaire d&rsquo;agir et d&rsquo;adopter une approche multisectorielle de la sant\u00e9 mentale et du soutien psychosocial en Libye, selon le Dr\u00a0Amjad\u00a0Shagroni, point focal pour les questions de sant\u00e9 mentale au Centre national de contr\u00f4le des maladies.\u00a0<\/p>\n<p>L&rsquo;UE a un r\u00f4le crucial \u00e0 jouer dans la pr\u00e9servation de la sant\u00e9 mentale et du bien-\u00eatre pour que ces difficult\u00e9s puissent \u00eatre surmont\u00e9es.\u00a0\u00ab\u202fLe conflit a engendr\u00e9 des traumatismes\u202f\u00bb,\u00a0a indiqu\u00e9 Bettina\u00a0Muscheidt.\u00a0\u00ab\u202f<em>Et la seule mani\u00e8re de les traiter est d&rsquo;am\u00e9liorer les services li\u00e9s aux soins de sant\u00e9 mentale et aux soins psychosociaux<\/em>\u202f\u00bb.\u00a0<\/p>\n<p><strong>Gestion des maladies non transmissibles\u00a0<\/strong><\/p>\n<p>S&rsquo;agissant des maladies non transmissibles, le cancer est la troisi\u00e8me cause de d\u00e9c\u00e8s en Libye. En 2016, 6\u202f000 cas ont \u00e9t\u00e9 diagnostiqu\u00e9s, selon le Dr Ismail\u00a0Siala. Deux facteurs jouent un r\u00f4le majeur dans le nombre important de d\u00e9c\u00e8s dus au cancer, \u00e0 savoir le diagnostic tardif et les changements de mode de vie li\u00e9s \u00e0 une activit\u00e9 physique limit\u00e9e et \u00e0\u00a0la\u00a0prise de poids. La solution \u00e0 ce probl\u00e8me r\u00e9side dans le d\u00e9pistage et le diagnostic pr\u00e9coces, l&rsquo;efficacit\u00e9 des traitements, le respect des normes et des protocoles et la disponibilit\u00e9 des m\u00e9dicaments anticanc\u00e9reux.\u00a0Par ailleurs, pr\u00e8s de 45\u202f% des d\u00e9c\u00e8s en Libye sont li\u00e9s \u00e0 des maladies cardiovasculaires. Par cons\u00e9quent, l&rsquo;am\u00e9lioration des services de sant\u00e9 pourrait permettre de rehausser la qualit\u00e9 de vie des citoyens.\u00a0<\/p>\n<p>En ce qui concerne le soutien de l&rsquo;UE et les projets en cours, l&rsquo;objectif global est d&rsquo;am\u00e9liorer l&rsquo;efficience, l&rsquo;efficacit\u00e9 et la qualit\u00e9 des prestations de services de sant\u00e9 en Libye.\u00a0<\/p>\n<p>\u00ab\u00a0<em>En tant qu&rsquo;Union\u00a0europ\u00e9enne\u00a0nous\u00a0veillerons\u00a0\u00e0 ce qu&rsquo;il n&rsquo;y ait pas d&rsquo;intervention sanitaire en dehors des m\u00e9canismes de coordination dirig\u00e9s par le minist\u00e8re de la Sant\u00e9 en Libye.\u00a0Au niveau de la copr\u00e9sidence du Comit\u00e9 sectoriel de la sant\u00e9, nous continuerons \u00e0 renforcer la coordination et \u00e0 mener, avec nos homologues libyens, un dialogue constructif cr\u00e9ant des\u00a0synergies entre les diff\u00e9rentes plates-formes de coordination mises en place en Tunisie et en Libye\u202f<\/em>\u00bb.\u00a0<\/p>\n<p>\u00a0<\/p>\n<p>Texte de Racha Haffar\u00a0<\/p>\n<p>Photos de Mohamed\u00a0Messara<\/p>\n<\/div>\n<div class=\"node_view\"><\/div>\n<\/p><\/div>\n","protected":false},"featured_media":0,"parent":0,"template":"","story_category":[],"country":[1951],"special_action":[],"custom_tag":[2312],"class_list":["post-204100","story","type-story","status-publish","hentry","country-libye","custom_tag-developpement-durable"],"acf":[],"yoast_head":"<!-- This site is optimized with the Yoast SEO plugin v26.5 - https:\/\/yoast.com\/wordpress\/plugins\/seo\/ -->\n<title>De nouveaux horizons pour le secteur de la sant\u00e9 en Libye - Voisins de l&#039;UE<\/title>\n<meta name=\"robots\" content=\"index, follow, max-snippet:-1, max-image-preview:large, max-video-preview:-1\" \/>\n<link rel=\"canonical\" href=\"https:\/\/www.eumedbridge.eu\/fr\/story\/de-nouveaux-horizons-pour-le-secteur-de-la-sante-en-libye\/\" \/>\n<meta property=\"og:locale\" content=\"fr_FR\" \/>\n<meta property=\"og:type\" content=\"article\" \/>\n<meta property=\"og:title\" content=\"De nouveaux horizons pour le secteur de la sant\u00e9 en Libye - Voisins de l&#039;UE\" \/>\n<meta property=\"og:description\" content=\"Les six ann\u00e9es de conflit arm\u00e9 et d&rsquo;instabilit\u00e9 politique ont eu des r\u00e9percussions dans quasiment toutes les r\u00e9gions de la Libye et fait des milliers de victimes et de bless\u00e9s. Au-del\u00e0 de ces victimes imm\u00e9diates, l&rsquo;ins\u00e9curit\u00e9 et les violences persistantes ont perturb\u00e9 l&rsquo;acc\u00e8s aux services publics et ont eu un impact dramatique sur les \u00e9tablissements [&hellip;]\" \/>\n<meta property=\"og:url\" content=\"https:\/\/www.eumedbridge.eu\/fr\/story\/de-nouveaux-horizons-pour-le-secteur-de-la-sante-en-libye\/\" \/>\n<meta property=\"og:site_name\" content=\"Voisins de l&#039;UE\" \/>\n<meta property=\"article:publisher\" content=\"https:\/\/www.facebook.com\/eumedbridge\/\" \/>\n<meta property=\"article:modified_time\" content=\"2022-08-17T13:31:17+00:00\" \/>\n<meta property=\"og:image\" content=\"https:\/\/www.eumedbridge.eu\/wp-content\/uploads\/2022\/05\/33839314001_47a2bfaae3_o_1-scaled.jpg\" \/>\n\t<meta property=\"og:image:width\" content=\"2560\" \/>\n\t<meta property=\"og:image:height\" content=\"1854\" \/>\n\t<meta property=\"og:image:type\" content=\"image\/jpeg\" \/>\n<meta name=\"twitter:card\" content=\"summary_large_image\" \/>\n<meta name=\"twitter:site\" content=\"@eumedbridge\" \/>\n<meta name=\"twitter:label1\" content=\"Dur\u00e9e de lecture estim\u00e9e\" \/>\n\t<meta name=\"twitter:data1\" content=\"7 minutes\" \/>\n<script type=\"application\/ld+json\" class=\"yoast-schema-graph\">{\"@context\":\"https:\/\/schema.org\",\"@graph\":[{\"@type\":\"WebPage\",\"@id\":\"https:\/\/www.eumedbridge.eu\/fr\/story\/de-nouveaux-horizons-pour-le-secteur-de-la-sante-en-libye\/\",\"url\":\"https:\/\/www.eumedbridge.eu\/fr\/story\/de-nouveaux-horizons-pour-le-secteur-de-la-sante-en-libye\/\",\"name\":\"De nouveaux horizons pour le secteur de la sant\u00e9 en Libye - Voisins de l'UE\",\"isPartOf\":{\"@id\":\"https:\/\/www.eumedbridge.eu\/#website\"},\"primaryImageOfPage\":{\"@id\":\"https:\/\/www.eumedbridge.eu\/fr\/story\/de-nouveaux-horizons-pour-le-secteur-de-la-sante-en-libye\/#primaryimage\"},\"image\":{\"@id\":\"https:\/\/www.eumedbridge.eu\/fr\/story\/de-nouveaux-horizons-pour-le-secteur-de-la-sante-en-libye\/#primaryimage\"},\"thumbnailUrl\":\"https:\/\/eumedbridge.eu\/wp-content\/uploads\/2022\/08\/33839314001_47a2bfaae3_o.jpg\",\"datePublished\":\"2017-08-08T21:00:00+00:00\",\"dateModified\":\"2022-08-17T13:31:17+00:00\",\"breadcrumb\":{\"@id\":\"https:\/\/www.eumedbridge.eu\/fr\/story\/de-nouveaux-horizons-pour-le-secteur-de-la-sante-en-libye\/#breadcrumb\"},\"inLanguage\":\"fr-FR\",\"potentialAction\":[{\"@type\":\"ReadAction\",\"target\":[\"https:\/\/www.eumedbridge.eu\/fr\/story\/de-nouveaux-horizons-pour-le-secteur-de-la-sante-en-libye\/\"]}]},{\"@type\":\"ImageObject\",\"inLanguage\":\"fr-FR\",\"@id\":\"https:\/\/www.eumedbridge.eu\/fr\/story\/de-nouveaux-horizons-pour-le-secteur-de-la-sante-en-libye\/#primaryimage\",\"url\":\"https:\/\/eumedbridge.eu\/wp-content\/uploads\/2022\/08\/33839314001_47a2bfaae3_o.jpg\",\"contentUrl\":\"https:\/\/eumedbridge.eu\/wp-content\/uploads\/2022\/08\/33839314001_47a2bfaae3_o.jpg\"},{\"@type\":\"BreadcrumbList\",\"@id\":\"https:\/\/www.eumedbridge.eu\/fr\/story\/de-nouveaux-horizons-pour-le-secteur-de-la-sante-en-libye\/#breadcrumb\",\"itemListElement\":[{\"@type\":\"ListItem\",\"position\":1,\"name\":\"Home\",\"item\":\"https:\/\/www.eumedbridge.eu\/fr\/home-page\/\"},{\"@type\":\"ListItem\",\"position\":2,\"name\":\"Histoires\",\"item\":\"https:\/\/www.eumedbridge.eu\/fr\/story\/\"},{\"@type\":\"ListItem\",\"position\":3,\"name\":\"De nouveaux horizons pour le secteur de la sant\u00e9 en Libye\"}]},{\"@type\":\"WebSite\",\"@id\":\"https:\/\/www.eumedbridge.eu\/#website\",\"url\":\"https:\/\/www.eumedbridge.eu\/\",\"name\":\"EU Medbridge\",\"description\":\"\",\"publisher\":{\"@id\":\"https:\/\/www.eumedbridge.eu\/#organization\"},\"potentialAction\":[{\"@type\":\"SearchAction\",\"target\":{\"@type\":\"EntryPoint\",\"urlTemplate\":\"https:\/\/www.eumedbridge.eu\/?s={search_term_string}\"},\"query-input\":{\"@type\":\"PropertyValueSpecification\",\"valueRequired\":true,\"valueName\":\"search_term_string\"}}],\"inLanguage\":\"fr-FR\"},{\"@type\":\"Organization\",\"@id\":\"https:\/\/www.eumedbridge.eu\/#organization\",\"name\":\"EU Medbridge\",\"url\":\"https:\/\/www.eumedbridge.eu\/\",\"logo\":{\"@type\":\"ImageObject\",\"inLanguage\":\"fr-FR\",\"@id\":\"https:\/\/www.eumedbridge.eu\/#\/schema\/logo\/image\/\",\"url\":\"https:\/\/www.eumedbridge.eu\/wp-content\/uploads\/2021\/12\/Logo.png\",\"contentUrl\":\"https:\/\/www.eumedbridge.eu\/wp-content\/uploads\/2021\/12\/Logo.png\",\"width\":325,\"height\":114,\"caption\":\"EU Medbridge\"},\"image\":{\"@id\":\"https:\/\/www.eumedbridge.eu\/#\/schema\/logo\/image\/\"},\"sameAs\":[\"https:\/\/www.facebook.com\/eumedbridge\/\",\"https:\/\/x.com\/eumedbridge\",\"https:\/\/www.linkedin.com\/company\/eumedbridge\",\"https:\/\/www.youtube.com\/@eumedbridge\",\"https:\/\/www.instagram.com\/eumedbridge\",\"https:\/\/www.flickr.com\/photos\/euneighbours-south\/\"]}]}<\/script>\n<!-- \/ Yoast SEO plugin. -->","yoast_head_json":{"title":"De nouveaux horizons pour le secteur de la sant\u00e9 en Libye - Voisins de l'UE","robots":{"index":"index","follow":"follow","max-snippet":"max-snippet:-1","max-image-preview":"max-image-preview:large","max-video-preview":"max-video-preview:-1"},"canonical":"https:\/\/www.eumedbridge.eu\/fr\/story\/de-nouveaux-horizons-pour-le-secteur-de-la-sante-en-libye\/","og_locale":"fr_FR","og_type":"article","og_title":"De nouveaux horizons pour le secteur de la sant\u00e9 en Libye - Voisins de l'UE","og_description":"Les six ann\u00e9es de conflit arm\u00e9 et d&rsquo;instabilit\u00e9 politique ont eu des r\u00e9percussions dans quasiment toutes les r\u00e9gions de la Libye et fait des milliers de victimes et de bless\u00e9s. Au-del\u00e0 de ces victimes imm\u00e9diates, l&rsquo;ins\u00e9curit\u00e9 et les violences persistantes ont perturb\u00e9 l&rsquo;acc\u00e8s aux services publics et ont eu un impact dramatique sur les \u00e9tablissements [&hellip;]","og_url":"https:\/\/www.eumedbridge.eu\/fr\/story\/de-nouveaux-horizons-pour-le-secteur-de-la-sante-en-libye\/","og_site_name":"Voisins de l'UE","article_publisher":"https:\/\/www.facebook.com\/eumedbridge\/","article_modified_time":"2022-08-17T13:31:17+00:00","og_image":[{"width":2560,"height":1854,"url":"https:\/\/www.eumedbridge.eu\/wp-content\/uploads\/2022\/05\/33839314001_47a2bfaae3_o_1-scaled.jpg","type":"image\/jpeg"}],"twitter_card":"summary_large_image","twitter_site":"@eumedbridge","twitter_misc":{"Dur\u00e9e de lecture estim\u00e9e":"7 minutes"},"schema":{"@context":"https:\/\/schema.org","@graph":[{"@type":"WebPage","@id":"https:\/\/www.eumedbridge.eu\/fr\/story\/de-nouveaux-horizons-pour-le-secteur-de-la-sante-en-libye\/","url":"https:\/\/www.eumedbridge.eu\/fr\/story\/de-nouveaux-horizons-pour-le-secteur-de-la-sante-en-libye\/","name":"De nouveaux horizons pour le secteur de la sant\u00e9 en Libye - Voisins de l'UE","isPartOf":{"@id":"https:\/\/www.eumedbridge.eu\/#website"},"primaryImageOfPage":{"@id":"https:\/\/www.eumedbridge.eu\/fr\/story\/de-nouveaux-horizons-pour-le-secteur-de-la-sante-en-libye\/#primaryimage"},"image":{"@id":"https:\/\/www.eumedbridge.eu\/fr\/story\/de-nouveaux-horizons-pour-le-secteur-de-la-sante-en-libye\/#primaryimage"},"thumbnailUrl":"https:\/\/eumedbridge.eu\/wp-content\/uploads\/2022\/08\/33839314001_47a2bfaae3_o.jpg","datePublished":"2017-08-08T21:00:00+00:00","dateModified":"2022-08-17T13:31:17+00:00","breadcrumb":{"@id":"https:\/\/www.eumedbridge.eu\/fr\/story\/de-nouveaux-horizons-pour-le-secteur-de-la-sante-en-libye\/#breadcrumb"},"inLanguage":"fr-FR","potentialAction":[{"@type":"ReadAction","target":["https:\/\/www.eumedbridge.eu\/fr\/story\/de-nouveaux-horizons-pour-le-secteur-de-la-sante-en-libye\/"]}]},{"@type":"ImageObject","inLanguage":"fr-FR","@id":"https:\/\/www.eumedbridge.eu\/fr\/story\/de-nouveaux-horizons-pour-le-secteur-de-la-sante-en-libye\/#primaryimage","url":"https:\/\/eumedbridge.eu\/wp-content\/uploads\/2022\/08\/33839314001_47a2bfaae3_o.jpg","contentUrl":"https:\/\/eumedbridge.eu\/wp-content\/uploads\/2022\/08\/33839314001_47a2bfaae3_o.jpg"},{"@type":"BreadcrumbList","@id":"https:\/\/www.eumedbridge.eu\/fr\/story\/de-nouveaux-horizons-pour-le-secteur-de-la-sante-en-libye\/#breadcrumb","itemListElement":[{"@type":"ListItem","position":1,"name":"Home","item":"https:\/\/www.eumedbridge.eu\/fr\/home-page\/"},{"@type":"ListItem","position":2,"name":"Histoires","item":"https:\/\/www.eumedbridge.eu\/fr\/story\/"},{"@type":"ListItem","position":3,"name":"De nouveaux horizons pour le secteur de la sant\u00e9 en Libye"}]},{"@type":"WebSite","@id":"https:\/\/www.eumedbridge.eu\/#website","url":"https:\/\/www.eumedbridge.eu\/","name":"EU Medbridge","description":"","publisher":{"@id":"https:\/\/www.eumedbridge.eu\/#organization"},"potentialAction":[{"@type":"SearchAction","target":{"@type":"EntryPoint","urlTemplate":"https:\/\/www.eumedbridge.eu\/?s={search_term_string}"},"query-input":{"@type":"PropertyValueSpecification","valueRequired":true,"valueName":"search_term_string"}}],"inLanguage":"fr-FR"},{"@type":"Organization","@id":"https:\/\/www.eumedbridge.eu\/#organization","name":"EU Medbridge","url":"https:\/\/www.eumedbridge.eu\/","logo":{"@type":"ImageObject","inLanguage":"fr-FR","@id":"https:\/\/www.eumedbridge.eu\/#\/schema\/logo\/image\/","url":"https:\/\/www.eumedbridge.eu\/wp-content\/uploads\/2021\/12\/Logo.png","contentUrl":"https:\/\/www.eumedbridge.eu\/wp-content\/uploads\/2021\/12\/Logo.png","width":325,"height":114,"caption":"EU Medbridge"},"image":{"@id":"https:\/\/www.eumedbridge.eu\/#\/schema\/logo\/image\/"},"sameAs":["https:\/\/www.facebook.com\/eumedbridge\/","https:\/\/x.com\/eumedbridge","https:\/\/www.linkedin.com\/company\/eumedbridge","https:\/\/www.youtube.com\/@eumedbridge","https:\/\/www.instagram.com\/eumedbridge","https:\/\/www.flickr.com\/photos\/euneighbours-south\/"]}]}},"_links":{"self":[{"href":"https:\/\/www.eumedbridge.eu\/fr\/wp-json\/wp\/v2\/story\/204100","targetHints":{"allow":["GET"]}}],"collection":[{"href":"https:\/\/www.eumedbridge.eu\/fr\/wp-json\/wp\/v2\/story"}],"about":[{"href":"https:\/\/www.eumedbridge.eu\/fr\/wp-json\/wp\/v2\/types\/story"}],"wp:attachment":[{"href":"https:\/\/www.eumedbridge.eu\/fr\/wp-json\/wp\/v2\/media?parent=204100"}],"wp:term":[{"taxonomy":"story_category","embeddable":true,"href":"https:\/\/www.eumedbridge.eu\/fr\/wp-json\/wp\/v2\/story_category?post=204100"},{"taxonomy":"country","embeddable":true,"href":"https:\/\/www.eumedbridge.eu\/fr\/wp-json\/wp\/v2\/country?post=204100"},{"taxonomy":"special_action","embeddable":true,"href":"https:\/\/www.eumedbridge.eu\/fr\/wp-json\/wp\/v2\/special_action?post=204100"},{"taxonomy":"custom_tag","embeddable":true,"href":"https:\/\/www.eumedbridge.eu\/fr\/wp-json\/wp\/v2\/custom_tag?post=204100"}],"curies":[{"name":"wp","href":"https:\/\/api.w.org\/{rel}","templated":true}]}}